{"id":72342,"date":"2013-06-13T14:38:53","date_gmt":"2013-06-13T13:38:53","guid":{"rendered":"http:\/\/www.visit-ulcinj.com\/blog\/?p=72342"},"modified":"2013-06-14T17:43:45","modified_gmt":"2013-06-14T16:43:45","slug":"udsh-akuzon-afaristet-ti-falenderohen-cungut","status":"publish","type":"post","link":"https:\/\/www.visit-ulcinj.com\/blog\/2013\/06\/13\/udsh-akuzon-afaristet-ti-falenderohen-cungut\/","title":{"rendered":"UDSH akuzon: Afarist\u00ebt ti \u201cFal\u00ebnderohen\u201d Cungut"},"content":{"rendered":"<p><a href=\"http:\/\/www.visit-ulcinj.com\/blog\/wp-content\/uploads\/2013\/06\/inspekcija-ne-Ulqin.jpg\"><img loading=\"lazy\" class=\"alignleft  wp-image-72343\" alt=\"inspekcija ne Ulqin\" src=\"http:\/\/www.visit-ulcinj.com\/blog\/wp-content\/uploads\/2013\/06\/inspekcija-ne-Ulqin.jpg\" width=\"508\" height=\"360\" \/><\/a>Unioni Demokratik i Shqiptar\u00ebve ka vler\u00ebsuar q\u00eb tash 45 dit\u00eb Ulqini ballafaqohet me \u201cinvadim t\u00eb madh t\u00eb organeve inspektuese dhe t\u00eb sjelljes s\u00eb tyre jokorrekte\u201d.\u201dP\u00ebr momentin numri i inspektor\u00ebve \u00ebsht\u00eb m\u00eb i madh se sa numri i turist\u00ebve, dhe pothuajse nuk ekziston objekt i cili nuk \u00ebsht\u00eb i d\u00ebnuar, nj\u00eb pjes\u00eb edhe n\u00eb disa aspekte \u201d, thuhet n\u00eb kumtes\u00ebn e k\u00ebsaj partie opozitare.<\/p>\n<p>Theksohet q\u00eb UDSH \u00ebsht\u00eb p\u00ebr respektim t\u00eb ligjit. \u201cMir\u00ebpo, n\u00ebse mang\u00ebsit\u00eb ekzistojn\u00eb, duhet t\u00eb ju jepet mund\u00ebsi ti largojn\u00eb. M\u00eb tragjike \u00ebsht\u00eb q\u00eb inspekcionet lavd\u00ebrohen n\u00eb t\u00eb madhe me raportet e veta dhe parat q\u00eb i mblodh\u00ebn duke d\u00ebnuar t\u00eb gjith\u00eb dhe gjith\u00e7ka. Efikasiteti i pun\u00ebs s\u00eb tyre, p\u00ebr fat t\u00eb keq, matet me numrin e d\u00ebnimeve t\u00eb shkruara dhe vler\u00ebn e tyre dhe \u00e7do gj\u00eb arsyetohet me aksionin e shuarjes s\u00eb ekonomis\u00eb informale, krijimin e tregut t\u00eb rregullt dhe mbrojtjen e konsumatorit n\u00eb t\u00eb gjitha sh\u00ebrbimet\u201d, thuhet n\u00eb kumtes\u00eb.<\/p>\n<p>N\u00eb UDSH mendojn\u00eb q\u00eb nj\u00eb nga arsyet p\u00ebr sjellje t\u00eb till\u00eb \u201csigurisht \u00ebsht\u00eb premtimi q\u00eb kryetari i komun\u00ebs \u00a0i dha drejtorit n\u00eb Drejtorin\u00eb e pun\u00ebve inspektuese gjat\u00eb vizit\u00ebs s\u00eb tij Ulqinit\u201d.\u201dPrandaj, afarist\u00ebt e Ulqinit, nj\u00eb \u201cfal\u00ebnderim t\u00eb ve\u00e7ant\u00eb\u201d ja kan\u00eb borxh, para s\u00eb gjithash, Nazif Cungut. Sepse, ai jo vet\u00ebm q\u00eb ju ka hap der\u00ebn, por edhe \u00ebsht\u00eb p\u00ebrkujdesur mir\u00eb q\u00eb afarist\u00ebt dhe sip\u00ebrmarr\u00ebsit n\u00eb komun\u00ebn \u00a0Ulqinit edhe sikur t\u00eb donin n\u00eb k\u00ebt\u00eb periudh\u00eb nuk do t\u00eb kishin mund\u00ebsi ta kompletojn\u00eb t\u00eb gjith\u00eb dokumentacionin. E kur b\u00ebhet fjal\u00eb p\u00ebr biznes, kjo \u00ebsht\u00eb e drejt\u00eb ekskluzive e tij dhe e nj\u00eb grupi t\u00eb vog\u00ebl njer\u00ebzish rreth tij\u201d pohojn\u00eb n\u00eb k\u00ebt\u00eb parti.<\/p>\n<p>N\u00eb kumtes\u00eb shtohet q\u00eb duhet t\u00eb ekzistoj koordinimi dhe bashk\u00ebpunimi, por kjo duhet t\u00eb funksionoj n\u00eb baza t\u00eb reciprocitetit. \u201cKjo do t\u00eb thot\u00eb q\u00eb fajin p\u00ebr pa sakt\u00ebsi t\u00eb afarist\u00ebve, para s\u00eb gjithash duhet ta marr\u00eb ekzekutivi n\u00eb Komun\u00ebn e Ulqinit dhe T\u00eb Mirat Detare, p\u00ebr mos pun\u00ebn dhe vonesat e tyre, e pastaj mund t\u00eb faj\u00ebsohen afarist\u00ebt. Mir\u00ebpo n\u00eb Ulqin fjal\u00eb p\u00ebr fjal\u00eb p\u00ebrdoret proverba:\u201d Peshku nuk pastrohet nga koka, por nga bishti\u201d, p\u00ebrfundon kumtes\u00ebn UDSH.<\/p>\n<p>&nbsp;<\/p>\n<p><strong>Sherbimi Informativ i UDSH-s\u00eb<\/strong><\/p>\n","protected":false},"excerpt":{"rendered":"<p>Unioni Demokratik i Shqiptar\u00ebve ka vler\u00ebsuar q\u00eb tash 45 dit\u00eb Ulqini ballafaqohet me \u201cinvadim t\u00eb madh t\u00eb organeve inspektuese dhe t\u00eb sjelljes s\u00eb tyre jokorrekte\u201d.\u201dP\u00ebr momentin numri i inspektor\u00ebve \u00ebsht\u00eb m\u00eb i madh se sa numri i turist\u00ebve, dhe pothuajse nuk ekziston objekt i cili nuk \u00ebsht\u00eb i d\u00ebnuar, nj\u00eb pjes\u00eb edhe n\u00eb disa aspekte [&hellip;]<\/p>\n","protected":false},"author":1,"featured_media":0,"comment_status":"closed","ping_status":"closed","sticky":false,"template":"","format":"standard","meta":{"spay_email":"","jetpack_publicize_message":"","jetpack_is_tweetstorm":false,"jetpack_publicize_feature_enabled":true},"categories":[1,14249],"tags":[],"jetpack_publicize_connections":[],"yoast_head":"<!-- This site is optimized with the Yoast SEO plugin v19.1 - https:\/\/yoast.com\/wordpress\/plugins\/seo\/ -->\n<title>UDSH akuzon: Afarist\u00ebt ti \u201cFal\u00ebnderohen\u201d Cungut - Lajme nga Ulqini<\/title>\n<meta name=\"description\" content=\"Unioni Demokratik i Shqiptar\u00ebve ka vler\u00ebsuar q\u00eb tash 45 dit\u00eb Ulqini ballafaqohet me \u201cinvadim t\u00eb madh t\u00eb organeve inspektuese dhe t\u00eb sjelljes s\u00eb tyre\" \/>\n<meta name=\"robots\" content=\"index, follow, max-snippet:-1, max-image-preview:large, max-video-preview:-1\" \/>\n<link rel=\"canonical\" href=\"https:\/\/www.visit-ulcinj.com\/blog\/2013\/06\/13\/udsh-akuzon-afaristet-ti-falenderohen-cungut\/\" \/>\n<meta property=\"og:locale\" content=\"en_US\" \/>\n<meta property=\"og:type\" content=\"article\" \/>\n<meta property=\"og:title\" content=\"UDSH akuzon: Afarist\u00ebt ti \u201cFal\u00ebnderohen\u201d Cungut - Lajme nga Ulqini\" \/>\n<meta property=\"og:description\" content=\"Unioni Demokratik i Shqiptar\u00ebve ka vler\u00ebsuar q\u00eb tash 45 dit\u00eb Ulqini ballafaqohet me \u201cinvadim t\u00eb madh t\u00eb organeve inspektuese dhe t\u00eb sjelljes s\u00eb tyre\" \/>\n<meta property=\"og:url\" content=\"https:\/\/www.visit-ulcinj.com\/blog\/2013\/06\/13\/udsh-akuzon-afaristet-ti-falenderohen-cungut\/\" \/>\n<meta property=\"og:site_name\" content=\"Lajme nga Ulqini\" \/>\n<meta property=\"article:published_time\" content=\"2013-06-13T13:38:53+00:00\" \/>\n<meta property=\"article:modified_time\" content=\"2013-06-14T16:43:45+00:00\" \/>\n<meta property=\"og:image\" content=\"http:\/\/www.visit-ulcinj.com\/blog\/wp-content\/uploads\/2013\/06\/inspekcija-ne-Ulqin.jpg\" \/>\n<meta name=\"twitter:label1\" content=\"Written by\" \/>\n\t<meta name=\"twitter:data1\" content=\"ulqini\" \/>\n\t<meta name=\"twitter:label2\" content=\"Est. reading time\" \/>\n\t<meta name=\"twitter:data2\" content=\"2 minutes\" \/>\n<script type=\"application\/ld+json\" class=\"yoast-schema-graph\">{\"@context\":\"https:\/\/schema.org\",\"@graph\":[{\"@type\":\"WebSite\",\"@id\":\"https:\/\/www.visit-ulcinj.com\/blog\/#website\",\"url\":\"https:\/\/www.visit-ulcinj.com\/blog\/\",\"name\":\"Lajme nga Ulqini\",\"description\":\"Lajme,Vijesti,Ulqini,Ulqin,Crna Gora,Mali i Zi\",\"potentialAction\":[{\"@type\":\"SearchAction\",\"target\":{\"@type\":\"EntryPoint\",\"urlTemplate\":\"https:\/\/www.visit-ulcinj.com\/blog\/?s={search_term_string}\"},\"query-input\":\"required name=search_term_string\"}],\"inLanguage\":\"en-US\"},{\"@type\":\"ImageObject\",\"inLanguage\":\"en-US\",\"@id\":\"https:\/\/www.visit-ulcinj.com\/blog\/2013\/06\/13\/udsh-akuzon-afaristet-ti-falenderohen-cungut\/#primaryimage\",\"url\":\"https:\/\/www.visit-ulcinj.com\/blog\/wp-content\/uploads\/2013\/06\/inspekcija-ne-Ulqin.jpg\",\"contentUrl\":\"https:\/\/www.visit-ulcinj.com\/blog\/wp-content\/uploads\/2013\/06\/inspekcija-ne-Ulqin.jpg\",\"width\":660,\"height\":410},{\"@type\":\"WebPage\",\"@id\":\"https:\/\/www.visit-ulcinj.com\/blog\/2013\/06\/13\/udsh-akuzon-afaristet-ti-falenderohen-cungut\/#webpage\",\"url\":\"https:\/\/www.visit-ulcinj.com\/blog\/2013\/06\/13\/udsh-akuzon-afaristet-ti-falenderohen-cungut\/\",\"name\":\"UDSH akuzon: Afarist\u00ebt ti \u201cFal\u00ebnderohen\u201d Cungut - Lajme nga Ulqini\",\"isPartOf\":{\"@id\":\"https:\/\/www.visit-ulcinj.com\/blog\/#website\"},\"primaryImageOfPage\":{\"@id\":\"https:\/\/www.visit-ulcinj.com\/blog\/2013\/06\/13\/udsh-akuzon-afaristet-ti-falenderohen-cungut\/#primaryimage\"},\"datePublished\":\"2013-06-13T13:38:53+00:00\",\"dateModified\":\"2013-06-14T16:43:45+00:00\",\"author\":{\"@id\":\"https:\/\/www.visit-ulcinj.com\/blog\/#\/schema\/person\/dcab619c614d3038751c63bc2aadc06d\"},\"description\":\"Unioni Demokratik i Shqiptar\u00ebve ka vler\u00ebsuar q\u00eb tash 45 dit\u00eb Ulqini ballafaqohet me \u201cinvadim t\u00eb madh t\u00eb organeve inspektuese dhe t\u00eb sjelljes s\u00eb tyre\",\"breadcrumb\":{\"@id\":\"https:\/\/www.visit-ulcinj.com\/blog\/2013\/06\/13\/udsh-akuzon-afaristet-ti-falenderohen-cungut\/#breadcrumb\"},\"inLanguage\":\"en-US\",\"potentialAction\":[{\"@type\":\"ReadAction\",\"target\":[\"https:\/\/www.visit-ulcinj.com\/blog\/2013\/06\/13\/udsh-akuzon-afaristet-ti-falenderohen-cungut\/\"]}]},{\"@type\":\"BreadcrumbList\",\"@id\":\"https:\/\/www.visit-ulcinj.com\/blog\/2013\/06\/13\/udsh-akuzon-afaristet-ti-falenderohen-cungut\/#breadcrumb\",\"itemListElement\":[{\"@type\":\"ListItem\",\"position\":1,\"name\":\"UDSH akuzon: Afarist\u00ebt ti \u201cFal\u00ebnderohen\u201d Cungut\"}]},{\"@type\":\"Person\",\"@id\":\"https:\/\/www.visit-ulcinj.com\/blog\/#\/schema\/person\/dcab619c614d3038751c63bc2aadc06d\",\"name\":\"ulqini\",\"sameAs\":[\"http:\/\/www.visit-ulcinj.com\"],\"url\":\"https:\/\/www.visit-ulcinj.com\/blog\/author\/admin\/\"}]}<\/script>\n<!-- \/ Yoast SEO plugin. -->","yoast_head_json":{"title":"UDSH akuzon: Afarist\u00ebt ti \u201cFal\u00ebnderohen\u201d Cungut - Lajme nga Ulqini","description":"Unioni Demokratik i Shqiptar\u00ebve ka vler\u00ebsuar q\u00eb tash 45 dit\u00eb Ulqini ballafaqohet me \u201cinvadim t\u00eb madh t\u00eb organeve inspektuese dhe t\u00eb sjelljes s\u00eb tyre","robots":{"index":"index","follow":"follow","max-snippet":"max-snippet:-1","max-image-preview":"max-image-preview:large","max-video-preview":"max-video-preview:-1"},"canonical":"https:\/\/www.visit-ulcinj.com\/blog\/2013\/06\/13\/udsh-akuzon-afaristet-ti-falenderohen-cungut\/","og_locale":"en_US","og_type":"article","og_title":"UDSH akuzon: Afarist\u00ebt ti \u201cFal\u00ebnderohen\u201d Cungut - Lajme nga Ulqini","og_description":"Unioni Demokratik i Shqiptar\u00ebve ka vler\u00ebsuar q\u00eb tash 45 dit\u00eb Ulqini ballafaqohet me \u201cinvadim t\u00eb madh t\u00eb organeve inspektuese dhe t\u00eb sjelljes s\u00eb tyre","og_url":"https:\/\/www.visit-ulcinj.com\/blog\/2013\/06\/13\/udsh-akuzon-afaristet-ti-falenderohen-cungut\/","og_site_name":"Lajme nga Ulqini","article_published_time":"2013-06-13T13:38:53+00:00","article_modified_time":"2013-06-14T16:43:45+00:00","og_image":[{"url":"http:\/\/www.visit-ulcinj.com\/blog\/wp-content\/uploads\/2013\/06\/inspekcija-ne-Ulqin.jpg"}],"twitter_misc":{"Written by":"ulqini","Est. reading time":"2 minutes"},"schema":{"@context":"https:\/\/schema.org","@graph":[{"@type":"WebSite","@id":"https:\/\/www.visit-ulcinj.com\/blog\/#website","url":"https:\/\/www.visit-ulcinj.com\/blog\/","name":"Lajme nga Ulqini","description":"Lajme,Vijesti,Ulqini,Ulqin,Crna Gora,Mali i Zi","potentialAction":[{"@type":"SearchAction","target":{"@type":"EntryPoint","urlTemplate":"https:\/\/www.visit-ulcinj.com\/blog\/?s={search_term_string}"},"query-input":"required name=search_term_string"}],"inLanguage":"en-US"},{"@type":"ImageObject","inLanguage":"en-US","@id":"https:\/\/www.visit-ulcinj.com\/blog\/2013\/06\/13\/udsh-akuzon-afaristet-ti-falenderohen-cungut\/#primaryimage","url":"https:\/\/www.visit-ulcinj.com\/blog\/wp-content\/uploads\/2013\/06\/inspekcija-ne-Ulqin.jpg","contentUrl":"https:\/\/www.visit-ulcinj.com\/blog\/wp-content\/uploads\/2013\/06\/inspekcija-ne-Ulqin.jpg","width":660,"height":410},{"@type":"WebPage","@id":"https:\/\/www.visit-ulcinj.com\/blog\/2013\/06\/13\/udsh-akuzon-afaristet-ti-falenderohen-cungut\/#webpage","url":"https:\/\/www.visit-ulcinj.com\/blog\/2013\/06\/13\/udsh-akuzon-afaristet-ti-falenderohen-cungut\/","name":"UDSH akuzon: Afarist\u00ebt ti \u201cFal\u00ebnderohen\u201d Cungut - Lajme nga Ulqini","isPartOf":{"@id":"https:\/\/www.visit-ulcinj.com\/blog\/#website"},"primaryImageOfPage":{"@id":"https:\/\/www.visit-ulcinj.com\/blog\/2013\/06\/13\/udsh-akuzon-afaristet-ti-falenderohen-cungut\/#primaryimage"},"datePublished":"2013-06-13T13:38:53+00:00","dateModified":"2013-06-14T16:43:45+00:00","author":{"@id":"https:\/\/www.visit-ulcinj.com\/blog\/#\/schema\/person\/dcab619c614d3038751c63bc2aadc06d"},"description":"Unioni Demokratik i Shqiptar\u00ebve ka vler\u00ebsuar q\u00eb tash 45 dit\u00eb Ulqini ballafaqohet me \u201cinvadim t\u00eb madh t\u00eb organeve inspektuese dhe t\u00eb sjelljes s\u00eb tyre","breadcrumb":{"@id":"https:\/\/www.visit-ulcinj.com\/blog\/2013\/06\/13\/udsh-akuzon-afaristet-ti-falenderohen-cungut\/#breadcrumb"},"inLanguage":"en-US","potentialAction":[{"@type":"ReadAction","target":["https:\/\/www.visit-ulcinj.com\/blog\/2013\/06\/13\/udsh-akuzon-afaristet-ti-falenderohen-cungut\/"]}]},{"@type":"BreadcrumbList","@id":"https:\/\/www.visit-ulcinj.com\/blog\/2013\/06\/13\/udsh-akuzon-afaristet-ti-falenderohen-cungut\/#breadcrumb","itemListElement":[{"@type":"ListItem","position":1,"name":"UDSH akuzon: Afarist\u00ebt ti \u201cFal\u00ebnderohen\u201d Cungut"}]},{"@type":"Person","@id":"https:\/\/www.visit-ulcinj.com\/blog\/#\/schema\/person\/dcab619c614d3038751c63bc2aadc06d","name":"ulqini","sameAs":["http:\/\/www.visit-ulcinj.com"],"url":"https:\/\/www.visit-ulcinj.com\/blog\/author\/admin\/"}]}},"jetpack_featured_media_url":"","jetpack_sharing_enabled":true,"jetpack_shortlink":"https:\/\/wp.me\/pe6lTn-iOO","_links":{"self":[{"href":"https:\/\/www.visit-ulcinj.com\/blog\/wp-json\/wp\/v2\/posts\/72342"}],"collection":[{"href":"https:\/\/www.visit-ulcinj.com\/blog\/wp-json\/wp\/v2\/posts"}],"about":[{"href":"https:\/\/www.visit-ulcinj.com\/blog\/wp-json\/wp\/v2\/types\/post"}],"author":[{"embeddable":true,"href":"https:\/\/www.visit-ulcinj.com\/blog\/wp-json\/wp\/v2\/users\/1"}],"replies":[{"embeddable":true,"href":"https:\/\/www.visit-ulcinj.com\/blog\/wp-json\/wp\/v2\/comments?post=72342"}],"version-history":[{"count":5,"href":"https:\/\/www.visit-ulcinj.com\/blog\/wp-json\/wp\/v2\/posts\/72342\/revisions"}],"predecessor-version":[{"id":72396,"href":"https:\/\/www.visit-ulcinj.com\/blog\/wp-json\/wp\/v2\/posts\/72342\/revisions\/72396"}],"wp:attachment":[{"href":"https:\/\/www.visit-ulcinj.com\/blog\/wp-json\/wp\/v2\/media?parent=72342"}],"wp:term":[{"taxonomy":"category","embeddable":true,"href":"https:\/\/www.visit-ulcinj.com\/blog\/wp-json\/wp\/v2\/categories?post=72342"},{"taxonomy":"post_tag","embeddable":true,"href":"https:\/\/www.visit-ulcinj.com\/blog\/wp-json\/wp\/v2\/tags?post=72342"}],"curies":[{"name":"wp","href":"https:\/\/api.w.org\/{rel}","templated":true}]}}