{"id":72353,"date":"2013-06-13T15:00:10","date_gmt":"2013-06-13T14:00:10","guid":{"rendered":"http:\/\/www.visit-ulcinj.com\/blog\/?p=72353"},"modified":"2013-06-13T15:00:29","modified_gmt":"2013-06-13T14:00:29","slug":"draga-botim-enciklopedik-per-krajen","status":"publish","type":"post","link":"https:\/\/www.visit-ulcinj.com\/blog\/2013\/06\/13\/draga-botim-enciklopedik-per-krajen\/","title":{"rendered":"Draga: Botim enciklopedik p\u00ebr Kraj\u00ebn"},"content":{"rendered":"<p><strong><a href=\"http:\/\/www.visit-ulcinj.com\/blog\/wp-content\/uploads\/2013\/06\/p\u00ebrurimi-i-librit-Kraja-me-ve\u00e7antit-shestanase.jpg\"><img loading=\"lazy\" class=\"alignleft  wp-image-72323\" alt=\"p\u00ebrurimi i librit Kraja me ve\u00e7antit shestanase\" src=\"http:\/\/www.visit-ulcinj.com\/blog\/wp-content\/uploads\/2013\/06\/p\u00ebrurimi-i-librit-Kraja-me-ve\u00e7antit-shestanase.jpg\" width=\"508\" height=\"360\" \/><\/a>KRAJA ME VE\u00c7ANTIT\u00cb SHESTANASE N\u00cb RRJEDH\u00cbN E SHEKUJVE, Botoi: Shoqata \u201cDom Gjon Buzuku\u201d, Ulqin 2013<\/strong><\/p>\n<p>P\u00ebr Kraj\u00ebn si \u00a0krahin\u00eb t\u00eb ve\u00e7ant\u00eb etnografike\u00a0 nuk ka munguar interesimi i autor\u00ebve t\u00eb ndrysh\u00ebm p\u00ebr t\u00eb shkruar artikuj apo studime nga fahu i tyre profesional. Por, \u00ebsht\u00eb d\u00ebshmi e pa diskutueshme se autor\u00ebt e huaj jo rrall\u00eb her\u00eb \u00e7\u00ebshtjet e trajtuara iu kan\u00eb qasur me subjektiviz\u00ebm, duke ofruar t\u00eb dh\u00ebna jo objektive dhe falsifikuar realitetin e k\u00ebtij mjedisi. Dhe nj\u00eb qasje e till\u00eb vazhdoj deri n\u00eb vitin 1990, koh\u00eb kur ndryshuan rrethanat shoq\u00ebrore me paraqitjen e pluralizmit. Vet\u00ebm pas k\u00ebtij viti \u00a0\u00a0\u00a0me studime dhe artikuj filluan t\u00eb paraqiten\u00a0 edhe studiuesit shqiptar\u00eb, duke dh\u00ebn\u00eb nj\u00eb ndihmes\u00eb n\u00eb hulumtimin e \u00e7\u00ebshtjeve t\u00eb trashigimis\u00eb son\u00eb kulturore dhe historike, p\u00ebr ket\u00eb mjedis.<\/p>\n<p>N\u00eb vazhd\u00ebn e k\u00ebtyre hulumtimeve \u00ebsht\u00eb edhe botimi i librit KRAJA ME VE\u00c7ANTIT\u00cb SHESTANASE N\u00cb RRJEDH\u00cbN E SHEKUJVE botuar nga Shoqata \u201cDom Gjon Buzuku\u201d. Botimi n\u00eb fjal\u00eb paraqet p\u00ebrmbledhjen e kumtesave nga Konferenca shkencore e cila i zhvilloi punimet n\u00eb Ulqin, nga data 7-8 tetor t\u00eb vitit 2011.<\/p>\n<p>N\u00eb k\u00ebt\u00eb botim jan\u00eb paraqitur kumtesat e 29 autor\u00ebve nga Mali i Zi, Shqip\u00ebria , Kosova dhe Kroacia. Var\u00ebsisht prej tem\u00ebs s\u00eb trajtuar n\u00eb ket\u00eb botim paraqit\u00ebn \u00a0t\u00eb dh\u00ebna shum\u00ebdimensionale, duke marr\u00eb p\u00ebrmasat e nj\u00eb enciklopedie shkencore p\u00ebr Kraj\u00ebn, sepse t\u00eb \u00a0dh\u00ebnat e prezantuara kapin nj\u00eb hark kohor prej 25 shekujsh, pra nga antikiteti e deri n\u00eb dit\u00ebt tona.<\/p>\n<p>Botimi\u00a0 kumtesave t\u00eb prezantuara paraqet realizimin final t\u00eb k\u00ebtij projekti, nd\u00ebrsa pjes\u00ebmarrja e autoriteteve shkencore dhe kulturore n\u00eb ket\u00eb konferenc\u00eb d\u00ebshmon\u00a0 qasjen profesionale te studiuesve sipas l\u00ebmive t\u00eb ndryshme shkencore. Duke analizuar emrat e pjes\u00ebmarr\u00ebsve\u00a0 si dhe\u00a0 punimet e publikuara del se kemi t\u00eb b\u00ebjm\u00eb me\u00a0 avancimin e vlerave t\u00eb trashegimis\u00eb kulturore t\u00eb k\u00ebtij mjedisi. Madje nuk e teprojm\u00eb n\u00ebse themi se Kraja paraqet nj\u00eb thesar t\u00eb ve\u00e7ant\u00eb p\u00ebr hulumtime shum\u00ebdimensionale, e sidomos nga fusha e gjuh\u00ebsis\u00eb, folklorit dhe etnologjis\u00eb. \u00a0Ndonse koha e ka b\u00ebr\u00eb t\u00eb vet\u00ebn trashegimia kulturore ende ruan vlerat autentike, \u00a0andaj si e till\u00eb kjo krahin\u00eb vazhdimisht ka qen\u00eb dhe do t\u00eb jet\u00eb motivuese p\u00ebr hulumtuesit e ndrysh\u00ebm.<\/p>\n<p>N\u00ebse n\u00eb t\u00eb kaluar\u00ebn ishin t\u00eb tjeret q\u00eb kan\u00eb\u00a0 hulumtuar dhe publikuar materiale t\u00eb ndryshme nga kjo krahin\u00eb, n\u00eb rrethana t\u00eb reja nuk duhet t\u00eb ket\u00eb tema tabu, andaj trajtimi i \u00e7\u00ebshtjeve duhet t\u00eb bazohet ne faktografi dhe pa pagjykime. Krahina etnografike e Kraj\u00ebs si pjesa m\u00eb per\u00ebndimore e hap\u00ebsir\u00ebs etnogjeografike shqiptare, b\u00ebn pjes\u00eb n\u00eb visaret e kombit shqiptar\u00eb si n\u00eb t\u00eb kaluren por edhe n\u00eb koh\u00ebn ton\u00eb.<\/p>\n<p>Organizimi i Konferenc\u00ebs shkencore dhe botimi i materialeve t\u00eb prezantuara nga nj\u00eb subjekt i shoq\u00ebris\u00eb civile \u00ebsht\u00eb d\u00ebshmi se kur ekziston vullneti tejkalohen t\u00eb gjitha barierat qofshin ata objektive apo subjektive. Botimi paraqet nj\u00eb kontribut m\u00eb vler\u00eb n\u00eb avancimin \u00a0e vlerave t\u00eb p\u00ebrgjithshme shkencore e kulturore p\u00ebr ket\u00eb krahin\u00eb etnografike.<\/p>\n<p>Respekt p\u00ebr stafin organizues por n\u00eb ve\u00e7anti duhet cekur\u00a0 dr.Sim\u00eb Dobrecin\u00a0 i cili ndon\u00ebse n\u00eb mosh\u00eb ka treguar nj\u00eb angazhim t\u00eb ve\u00e7ant\u00eb q\u00eb duhet t\u00eb jet\u00eb model edhe p\u00ebr t\u00eb tjer\u00ebt. Ai ka merita t\u00eb jasht\u00ebzakonshme\u00a0 n\u00eb valorizimin e vlerave t\u00eb p\u00ebrgjithshme kulturore t\u00eb Kraj\u00ebs n\u00eb p\u00ebrgjith\u00ebsi e t\u00eb Shestanit n\u00eb ve\u00e7anti q\u00eb \u00ebsht\u00eb d\u00ebshmuar vite m\u00eb radh\u00eb \u00a0n\u00eb saj\u00eb t\u00eb materialeve\u00a0 t\u00eb botuara n\u00eb revist\u00ebn BUZUKU.<\/p>\n<p>Po ashtu n\u00eb organizimin e k\u00ebsaj Konference shkencore kontribut t\u00eb ve\u00e7ant\u00eb kan\u00eb dh\u00ebn\u00eb edhe studiuesit nga Qendra e Studimeve Albanologjike nga Tirana, t\u00eb cil\u00ebt kan\u00eb qendruar disa dit\u00eb n\u00eb terren duke mbledhur e konsultuar materialin p\u00ebrkat\u00ebs nga fusha e folklorit, etnologjis\u00eb, letersis\u00eb, gjuh\u00ebsis\u00eb dhe historis\u00eb.<\/p>\n<p>Me rastin e prezantimit t\u00eb k\u00ebtij botimi \u00ebsht\u00eb obligim moral t\u00eb shprehim homazhe\u00a0 dhe respektin ton\u00eb edhe p\u00ebr ato persona q\u00eb sot\u00a0 nuk jan\u00eb n\u00eb mesin ton\u00eb por ishin t\u00eb pranish\u00ebm n\u00eb Konferenc\u00eb si G\u00ebzim Uru\u00e7i nga Shkodra dhe\u00a0 Anton Gj.Filipaj i cili ka p\u00ebrkthyer n\u00eb shqip disa studime, t\u00eb k\u00ebtij botimi.<\/p>\n<p>Nuk ka dilem\u00eb se n\u00eb t\u00eb ardhmen ky botim do t\u00eb jet\u00eb referenc\u00eb e domosdoshme kur do t\u00eb trajtohen tema t\u00eb ndryshme qe n\u00eb fokus t\u00eb tyre do t\u00eb ken\u00eb krahin\u00ebn etnografike t\u00eb Kraj\u00ebs, por edhe regjionin m\u00eb gjer\u00eb.<\/p>\n<p>&nbsp;<\/p>\n<p>&nbsp;<\/p>\n<p>Dr.Nail\u00a0 Draga<\/p>\n<p>&nbsp;<\/p>\n<p>(Lexuar m\u00eb rastin e p\u00ebrurimit t\u00eb librit organizuar nga Shoqata \u201cDom Gjon Buzuku\u201d dhe Qendra Kulturore, n\u00eb Ulqin m\u00eb 11.6.2013)<\/p>\n","protected":false},"excerpt":{"rendered":"<p>KRAJA ME VE\u00c7ANTIT\u00cb SHESTANASE N\u00cb RRJEDH\u00cbN E SHEKUJVE, Botoi: Shoqata \u201cDom Gjon Buzuku\u201d, Ulqin 2013 P\u00ebr Kraj\u00ebn si \u00a0krahin\u00eb t\u00eb ve\u00e7ant\u00eb etnografike\u00a0 nuk ka munguar interesimi i autor\u00ebve t\u00eb ndrysh\u00ebm p\u00ebr t\u00eb shkruar artikuj apo studime nga fahu i tyre profesional. Por, \u00ebsht\u00eb d\u00ebshmi e pa diskutueshme se autor\u00ebt e huaj jo rrall\u00eb her\u00eb \u00e7\u00ebshtjet [&hellip;]<\/p>\n","protected":false},"author":1,"featured_media":0,"comment_status":"closed","ping_status":"closed","sticky":false,"template":"","format":"standard","meta":{"spay_email":"","jetpack_publicize_message":"","jetpack_is_tweetstorm":false,"jetpack_publicize_feature_enabled":true},"categories":[4],"tags":[],"jetpack_publicize_connections":[],"yoast_head":"<!-- This site is optimized with the Yoast SEO plugin v19.1 - https:\/\/yoast.com\/wordpress\/plugins\/seo\/ -->\n<title>Draga: Botim enciklopedik p\u00ebr Kraj\u00ebn - Lajme nga Ulqini<\/title>\n<meta name=\"description\" content=\"KRAJA ME VE\u00c7ANTIT\u00cb SHESTANASE N\u00cb RRJEDH\u00cbN E SHEKUJVE, Botoi: Shoqata \u201cDom Gjon Buzuku\u201d, Ulqin 2013 P\u00ebr Kraj\u00ebn si \u00a0krahin\u00eb t\u00eb ve\u00e7ant\u00eb etnografike\u00a0 nuk ka\" \/>\n<meta name=\"robots\" content=\"index, follow, max-snippet:-1, max-image-preview:large, max-video-preview:-1\" \/>\n<link rel=\"canonical\" href=\"https:\/\/www.visit-ulcinj.com\/blog\/2013\/06\/13\/draga-botim-enciklopedik-per-krajen\/\" \/>\n<meta property=\"og:locale\" content=\"en_US\" \/>\n<meta property=\"og:type\" content=\"article\" \/>\n<meta property=\"og:title\" content=\"Draga: Botim enciklopedik p\u00ebr Kraj\u00ebn - Lajme nga Ulqini\" \/>\n<meta property=\"og:description\" content=\"KRAJA ME VE\u00c7ANTIT\u00cb SHESTANASE N\u00cb RRJEDH\u00cbN E SHEKUJVE, Botoi: Shoqata \u201cDom Gjon Buzuku\u201d, Ulqin 2013 P\u00ebr Kraj\u00ebn si \u00a0krahin\u00eb t\u00eb ve\u00e7ant\u00eb etnografike\u00a0 nuk ka\" \/>\n<meta property=\"og:url\" content=\"https:\/\/www.visit-ulcinj.com\/blog\/2013\/06\/13\/draga-botim-enciklopedik-per-krajen\/\" \/>\n<meta property=\"og:site_name\" content=\"Lajme nga Ulqini\" \/>\n<meta property=\"article:published_time\" content=\"2013-06-13T14:00:10+00:00\" \/>\n<meta property=\"article:modified_time\" content=\"2013-06-13T14:00:29+00:00\" \/>\n<meta name=\"twitter:label1\" content=\"Written by\" \/>\n\t<meta name=\"twitter:data1\" content=\"ulqini\" \/>\n\t<meta name=\"twitter:label2\" content=\"Est. reading time\" \/>\n\t<meta name=\"twitter:data2\" content=\"4 minutes\" \/>\n<script type=\"application\/ld+json\" class=\"yoast-schema-graph\">{\"@context\":\"https:\/\/schema.org\",\"@graph\":[{\"@type\":\"WebSite\",\"@id\":\"https:\/\/www.visit-ulcinj.com\/blog\/#website\",\"url\":\"https:\/\/www.visit-ulcinj.com\/blog\/\",\"name\":\"Lajme nga Ulqini\",\"description\":\"Lajme,Vijesti,Ulqini,Ulqin,Crna Gora,Mali i Zi\",\"potentialAction\":[{\"@type\":\"SearchAction\",\"target\":{\"@type\":\"EntryPoint\",\"urlTemplate\":\"https:\/\/www.visit-ulcinj.com\/blog\/?s={search_term_string}\"},\"query-input\":\"required name=search_term_string\"}],\"inLanguage\":\"en-US\"},{\"@type\":\"WebPage\",\"@id\":\"https:\/\/www.visit-ulcinj.com\/blog\/2013\/06\/13\/draga-botim-enciklopedik-per-krajen\/#webpage\",\"url\":\"https:\/\/www.visit-ulcinj.com\/blog\/2013\/06\/13\/draga-botim-enciklopedik-per-krajen\/\",\"name\":\"Draga: Botim enciklopedik p\u00ebr Kraj\u00ebn - Lajme nga Ulqini\",\"isPartOf\":{\"@id\":\"https:\/\/www.visit-ulcinj.com\/blog\/#website\"},\"datePublished\":\"2013-06-13T14:00:10+00:00\",\"dateModified\":\"2013-06-13T14:00:29+00:00\",\"author\":{\"@id\":\"https:\/\/www.visit-ulcinj.com\/blog\/#\/schema\/person\/dcab619c614d3038751c63bc2aadc06d\"},\"description\":\"KRAJA ME VE\u00c7ANTIT\u00cb SHESTANASE N\u00cb RRJEDH\u00cbN E SHEKUJVE, Botoi: Shoqata \u201cDom Gjon Buzuku\u201d, Ulqin 2013 P\u00ebr Kraj\u00ebn si \u00a0krahin\u00eb t\u00eb ve\u00e7ant\u00eb etnografike\u00a0 nuk ka\",\"breadcrumb\":{\"@id\":\"https:\/\/www.visit-ulcinj.com\/blog\/2013\/06\/13\/draga-botim-enciklopedik-per-krajen\/#breadcrumb\"},\"inLanguage\":\"en-US\",\"potentialAction\":[{\"@type\":\"ReadAction\",\"target\":[\"https:\/\/www.visit-ulcinj.com\/blog\/2013\/06\/13\/draga-botim-enciklopedik-per-krajen\/\"]}]},{\"@type\":\"BreadcrumbList\",\"@id\":\"https:\/\/www.visit-ulcinj.com\/blog\/2013\/06\/13\/draga-botim-enciklopedik-per-krajen\/#breadcrumb\",\"itemListElement\":[{\"@type\":\"ListItem\",\"position\":1,\"name\":\"Draga: Botim enciklopedik p\u00ebr Kraj\u00ebn\"}]},{\"@type\":\"Person\",\"@id\":\"https:\/\/www.visit-ulcinj.com\/blog\/#\/schema\/person\/dcab619c614d3038751c63bc2aadc06d\",\"name\":\"ulqini\",\"sameAs\":[\"http:\/\/www.visit-ulcinj.com\"],\"url\":\"https:\/\/www.visit-ulcinj.com\/blog\/author\/admin\/\"}]}<\/script>\n<!-- \/ Yoast SEO plugin. -->","yoast_head_json":{"title":"Draga: Botim enciklopedik p\u00ebr Kraj\u00ebn - Lajme nga Ulqini","description":"KRAJA ME VE\u00c7ANTIT\u00cb SHESTANASE N\u00cb RRJEDH\u00cbN E SHEKUJVE, Botoi: Shoqata \u201cDom Gjon Buzuku\u201d, Ulqin 2013 P\u00ebr Kraj\u00ebn si \u00a0krahin\u00eb t\u00eb ve\u00e7ant\u00eb etnografike\u00a0 nuk ka","robots":{"index":"index","follow":"follow","max-snippet":"max-snippet:-1","max-image-preview":"max-image-preview:large","max-video-preview":"max-video-preview:-1"},"canonical":"https:\/\/www.visit-ulcinj.com\/blog\/2013\/06\/13\/draga-botim-enciklopedik-per-krajen\/","og_locale":"en_US","og_type":"article","og_title":"Draga: Botim enciklopedik p\u00ebr Kraj\u00ebn - Lajme nga Ulqini","og_description":"KRAJA ME VE\u00c7ANTIT\u00cb SHESTANASE N\u00cb RRJEDH\u00cbN E SHEKUJVE, Botoi: Shoqata \u201cDom Gjon Buzuku\u201d, Ulqin 2013 P\u00ebr Kraj\u00ebn si \u00a0krahin\u00eb t\u00eb ve\u00e7ant\u00eb etnografike\u00a0 nuk ka","og_url":"https:\/\/www.visit-ulcinj.com\/blog\/2013\/06\/13\/draga-botim-enciklopedik-per-krajen\/","og_site_name":"Lajme nga Ulqini","article_published_time":"2013-06-13T14:00:10+00:00","article_modified_time":"2013-06-13T14:00:29+00:00","twitter_misc":{"Written by":"ulqini","Est. reading time":"4 minutes"},"schema":{"@context":"https:\/\/schema.org","@graph":[{"@type":"WebSite","@id":"https:\/\/www.visit-ulcinj.com\/blog\/#website","url":"https:\/\/www.visit-ulcinj.com\/blog\/","name":"Lajme nga Ulqini","description":"Lajme,Vijesti,Ulqini,Ulqin,Crna Gora,Mali i Zi","potentialAction":[{"@type":"SearchAction","target":{"@type":"EntryPoint","urlTemplate":"https:\/\/www.visit-ulcinj.com\/blog\/?s={search_term_string}"},"query-input":"required name=search_term_string"}],"inLanguage":"en-US"},{"@type":"WebPage","@id":"https:\/\/www.visit-ulcinj.com\/blog\/2013\/06\/13\/draga-botim-enciklopedik-per-krajen\/#webpage","url":"https:\/\/www.visit-ulcinj.com\/blog\/2013\/06\/13\/draga-botim-enciklopedik-per-krajen\/","name":"Draga: Botim enciklopedik p\u00ebr Kraj\u00ebn - Lajme nga Ulqini","isPartOf":{"@id":"https:\/\/www.visit-ulcinj.com\/blog\/#website"},"datePublished":"2013-06-13T14:00:10+00:00","dateModified":"2013-06-13T14:00:29+00:00","author":{"@id":"https:\/\/www.visit-ulcinj.com\/blog\/#\/schema\/person\/dcab619c614d3038751c63bc2aadc06d"},"description":"KRAJA ME VE\u00c7ANTIT\u00cb SHESTANASE N\u00cb RRJEDH\u00cbN E SHEKUJVE, Botoi: Shoqata \u201cDom Gjon Buzuku\u201d, Ulqin 2013 P\u00ebr Kraj\u00ebn si \u00a0krahin\u00eb t\u00eb ve\u00e7ant\u00eb etnografike\u00a0 nuk ka","breadcrumb":{"@id":"https:\/\/www.visit-ulcinj.com\/blog\/2013\/06\/13\/draga-botim-enciklopedik-per-krajen\/#breadcrumb"},"inLanguage":"en-US","potentialAction":[{"@type":"ReadAction","target":["https:\/\/www.visit-ulcinj.com\/blog\/2013\/06\/13\/draga-botim-enciklopedik-per-krajen\/"]}]},{"@type":"BreadcrumbList","@id":"https:\/\/www.visit-ulcinj.com\/blog\/2013\/06\/13\/draga-botim-enciklopedik-per-krajen\/#breadcrumb","itemListElement":[{"@type":"ListItem","position":1,"name":"Draga: Botim enciklopedik p\u00ebr Kraj\u00ebn"}]},{"@type":"Person","@id":"https:\/\/www.visit-ulcinj.com\/blog\/#\/schema\/person\/dcab619c614d3038751c63bc2aadc06d","name":"ulqini","sameAs":["http:\/\/www.visit-ulcinj.com"],"url":"https:\/\/www.visit-ulcinj.com\/blog\/author\/admin\/"}]}},"jetpack_featured_media_url":"","jetpack_sharing_enabled":true,"jetpack_shortlink":"https:\/\/wp.me\/pe6lTn-iOZ","_links":{"self":[{"href":"https:\/\/www.visit-ulcinj.com\/blog\/wp-json\/wp\/v2\/posts\/72353"}],"collection":[{"href":"https:\/\/www.visit-ulcinj.com\/blog\/wp-json\/wp\/v2\/posts"}],"about":[{"href":"https:\/\/www.visit-ulcinj.com\/blog\/wp-json\/wp\/v2\/types\/post"}],"author":[{"embeddable":true,"href":"https:\/\/www.visit-ulcinj.com\/blog\/wp-json\/wp\/v2\/users\/1"}],"replies":[{"embeddable":true,"href":"https:\/\/www.visit-ulcinj.com\/blog\/wp-json\/wp\/v2\/comments?post=72353"}],"version-history":[{"count":2,"href":"https:\/\/www.visit-ulcinj.com\/blog\/wp-json\/wp\/v2\/posts\/72353\/revisions"}],"predecessor-version":[{"id":72355,"href":"https:\/\/www.visit-ulcinj.com\/blog\/wp-json\/wp\/v2\/posts\/72353\/revisions\/72355"}],"wp:attachment":[{"href":"https:\/\/www.visit-ulcinj.com\/blog\/wp-json\/wp\/v2\/media?parent=72353"}],"wp:term":[{"taxonomy":"category","embeddable":true,"href":"https:\/\/www.visit-ulcinj.com\/blog\/wp-json\/wp\/v2\/categories?post=72353"},{"taxonomy":"post_tag","embeddable":true,"href":"https:\/\/www.visit-ulcinj.com\/blog\/wp-json\/wp\/v2\/tags?post=72353"}],"curies":[{"name":"wp","href":"https:\/\/api.w.org\/{rel}","templated":true}]}}