{"id":72367,"date":"2013-06-14T06:42:30","date_gmt":"2013-06-14T05:42:30","guid":{"rendered":"http:\/\/www.visit-ulcinj.com\/blog\/?p=72367"},"modified":"2013-06-14T06:42:36","modified_gmt":"2013-06-14T05:42:36","slug":"takimi-i-grupit-kordinues-per-percjellen-e-sezones-turistike-2013","status":"publish","type":"post","link":"https:\/\/www.visit-ulcinj.com\/blog\/2013\/06\/14\/takimi-i-grupit-kordinues-per-percjellen-e-sezones-turistike-2013\/","title":{"rendered":"Takimi i grupit kordinues p\u00ebr p\u00ebrcjellen e sezon\u00ebs turistike 2013"},"content":{"rendered":"<p><strong><a href=\"http:\/\/www.visit-ulcinj.com\/blog\/wp-content\/uploads\/2013\/06\/Grupi-Kordinues-i-komunes-se-ulqinit.jpg\"><img loading=\"lazy\" class=\"alignleft  wp-image-72368\" alt=\"Grupi Kordinues i komunes se ulqinit\" src=\"http:\/\/www.visit-ulcinj.com\/blog\/wp-content\/uploads\/2013\/06\/Grupi-Kordinues-i-komunes-se-ulqinit.jpg\" width=\"508\" height=\"360\" \/><\/a>M\u00eb dat\u00eb 12.06.2013 u mbajt takimi i grupit kordinues p\u00ebr p\u00ebrcjellen e sezon\u00ebs turistike 2013<\/strong><\/p>\n<p>N\u00eb komun\u00ebs e Ulqinit u mbajt takimi i rregullt i grupit kordinues p\u00ebr p\u00ebrcjelljen e sezon\u00ebs turistike 2013 ku mor\u00ebn pjes\u00eb p\u00ebrfaq\u00ebsuesit e Komun\u00ebs s\u00eb Ulqinit, Organizat\u00ebs turistike t\u00eb Ulqinit, Policis\u00eb s\u00eb Ulqinit, p\u00ebrfaq\u00ebsues t\u00eb inspeksioneve republikane si dhe p\u00ebrfaq\u00ebsues t\u00eb nd\u00ebrmarrjeve publike t\u00eb Ulqinit. N\u00eb takimin e udh\u00ebhequr nga kryetari i komun\u00ebs z.Nazif Cungu u diskutua lidhur me pregaditjet e organizat\u00ebs turistike p\u00ebr v\u00ebnien n\u00eb funksion t\u00eb qendrave informative n\u00eb qytet t\u00eb cilat sipas drejtorit t\u00eb k\u00ebsaj organizate p\u00ebr nj\u00eb koh\u00eb shum\u00eb t\u00eb shkurt\u00ebr ato do t\u00eb vihen n\u00eb funksion t\u00eb qytetar\u00ebve dhe musafir\u00ebve q\u00eb vizitojn\u00eb qytetin ton\u00eb. U diskutuar edhe lidhur me vjeljen e tak\u00ebs turistike dhe taks\u00ebs s\u00eb banimit ku p\u00ebr k\u00ebt\u00eb \u00e7eshtje do t\u00eb hartohet nj\u00eb plan veprimi n\u00eb m\u00ebnyr\u00eb q\u00eb vjelja e tyre t\u00eb realizohet me efikasitetin e duhur.<br \/>\nPoashtu u diskutua lidhur me \u00e7\u00ebshtje t\u00eb pastertis\u00eb dhe objekteve jofunksionale t\u00eb cilat prishim imazhin e qytetit, ku Nd\u00ebrmarrja p\u00ebr Veprimtari Komunale dhe Policia Komunale e Ulqinit do t\u00eb veprojn\u00eb n\u00eb m\u00ebnyr\u00eb t\u00eb p\u00ebrshpejtuar p\u00ebr pastrimin e k\u00ebtyre objekteve nga hapsirat publike.<br \/>\nN\u00eb k\u00ebt\u00eb takim u diskutua lidhur me lirimin e hapsirave n\u00eb trotuare, parkimeve dhe funksionimin e komunikacionit n\u00eb t\u00ebr\u00eb qytetin.<br \/>\nTakimi i grupit kordinues mbahet \u00e7do t\u00eb merkur\u00eb dhe do t\u00eb diskutohen t\u00eb gjitha \u00e7\u00ebshtjet t\u00eb cilat ndikojn\u00eb n\u00eb mbarvajtjen e sezon\u00ebs turistike.<\/p>\n<p><strong>Op\u0161tina Ulcinj \/ Komuna e Ulqinit<\/strong><br \/>\nTel: +382 30 412 050<br \/>\nFax: +382 30 412 413<br \/>\nAdresa: Bul. Skenderbeu bb, 85360 Ulcinj, MNE<\/p>\n","protected":false},"excerpt":{"rendered":"<p>M\u00eb dat\u00eb 12.06.2013 u mbajt takimi i grupit kordinues p\u00ebr p\u00ebrcjellen e sezon\u00ebs turistike 2013 N\u00eb komun\u00ebs e Ulqinit u mbajt takimi i rregullt i grupit kordinues p\u00ebr p\u00ebrcjelljen e sezon\u00ebs turistike 2013 ku mor\u00ebn pjes\u00eb p\u00ebrfaq\u00ebsuesit e Komun\u00ebs s\u00eb Ulqinit, Organizat\u00ebs turistike t\u00eb Ulqinit, Policis\u00eb s\u00eb Ulqinit, p\u00ebrfaq\u00ebsues t\u00eb inspeksioneve republikane si dhe p\u00ebrfaq\u00ebsues [&hellip;]<\/p>\n","protected":false},"author":1,"featured_media":0,"comment_status":"closed","ping_status":"closed","sticky":false,"template":"","format":"standard","meta":{"spay_email":"","jetpack_publicize_message":"","jetpack_is_tweetstorm":false,"jetpack_publicize_feature_enabled":true},"categories":[15],"tags":[],"jetpack_publicize_connections":[],"yoast_head":"<!-- This site is optimized with the Yoast SEO plugin v19.1 - https:\/\/yoast.com\/wordpress\/plugins\/seo\/ -->\n<title>Takimi i grupit kordinues p\u00ebr p\u00ebrcjellen e sezon\u00ebs turistike 2013 - Lajme nga Ulqini<\/title>\n<meta name=\"description\" content=\"M\u00eb dat\u00eb 12.06.2013 u mbajt takimi i grupit kordinues p\u00ebr p\u00ebrcjellen e sezon\u00ebs turistike 2013 N\u00eb komun\u00ebs e Ulqinit u mbajt takimi i rregullt i grupit\" \/>\n<meta name=\"robots\" content=\"index, follow, max-snippet:-1, max-image-preview:large, max-video-preview:-1\" \/>\n<link rel=\"canonical\" href=\"https:\/\/www.visit-ulcinj.com\/blog\/2013\/06\/14\/takimi-i-grupit-kordinues-per-percjellen-e-sezones-turistike-2013\/\" \/>\n<meta property=\"og:locale\" content=\"en_US\" \/>\n<meta property=\"og:type\" content=\"article\" \/>\n<meta property=\"og:title\" content=\"Takimi i grupit kordinues p\u00ebr p\u00ebrcjellen e sezon\u00ebs turistike 2013 - Lajme nga Ulqini\" \/>\n<meta property=\"og:description\" content=\"M\u00eb dat\u00eb 12.06.2013 u mbajt takimi i grupit kordinues p\u00ebr p\u00ebrcjellen e sezon\u00ebs turistike 2013 N\u00eb komun\u00ebs e Ulqinit u mbajt takimi i rregullt i grupit\" \/>\n<meta property=\"og:url\" content=\"https:\/\/www.visit-ulcinj.com\/blog\/2013\/06\/14\/takimi-i-grupit-kordinues-per-percjellen-e-sezones-turistike-2013\/\" \/>\n<meta property=\"og:site_name\" content=\"Lajme nga Ulqini\" \/>\n<meta property=\"article:published_time\" content=\"2013-06-14T05:42:30+00:00\" \/>\n<meta property=\"article:modified_time\" content=\"2013-06-14T05:42:36+00:00\" \/>\n<meta property=\"og:image\" content=\"http:\/\/www.visit-ulcinj.com\/blog\/wp-content\/uploads\/2013\/06\/Grupi-Kordinues-i-komunes-se-ulqinit.jpg\" \/>\n<meta name=\"twitter:label1\" content=\"Written by\" \/>\n\t<meta name=\"twitter:data1\" content=\"ulqini\" \/>\n\t<meta name=\"twitter:label2\" content=\"Est. reading time\" \/>\n\t<meta name=\"twitter:data2\" content=\"1 minute\" \/>\n<script type=\"application\/ld+json\" class=\"yoast-schema-graph\">{\"@context\":\"https:\/\/schema.org\",\"@graph\":[{\"@type\":\"WebSite\",\"@id\":\"https:\/\/www.visit-ulcinj.com\/blog\/#website\",\"url\":\"https:\/\/www.visit-ulcinj.com\/blog\/\",\"name\":\"Lajme nga Ulqini\",\"description\":\"Lajme,Vijesti,Ulqini,Ulqin,Crna Gora,Mali i Zi\",\"potentialAction\":[{\"@type\":\"SearchAction\",\"target\":{\"@type\":\"EntryPoint\",\"urlTemplate\":\"https:\/\/www.visit-ulcinj.com\/blog\/?s={search_term_string}\"},\"query-input\":\"required name=search_term_string\"}],\"inLanguage\":\"en-US\"},{\"@type\":\"ImageObject\",\"inLanguage\":\"en-US\",\"@id\":\"https:\/\/www.visit-ulcinj.com\/blog\/2013\/06\/14\/takimi-i-grupit-kordinues-per-percjellen-e-sezones-turistike-2013\/#primaryimage\",\"url\":\"https:\/\/www.visit-ulcinj.com\/blog\/wp-content\/uploads\/2013\/06\/Grupi-Kordinues-i-komunes-se-ulqinit.jpg\",\"contentUrl\":\"https:\/\/www.visit-ulcinj.com\/blog\/wp-content\/uploads\/2013\/06\/Grupi-Kordinues-i-komunes-se-ulqinit.jpg\",\"width\":640,\"height\":424},{\"@type\":\"WebPage\",\"@id\":\"https:\/\/www.visit-ulcinj.com\/blog\/2013\/06\/14\/takimi-i-grupit-kordinues-per-percjellen-e-sezones-turistike-2013\/#webpage\",\"url\":\"https:\/\/www.visit-ulcinj.com\/blog\/2013\/06\/14\/takimi-i-grupit-kordinues-per-percjellen-e-sezones-turistike-2013\/\",\"name\":\"Takimi i grupit kordinues p\u00ebr p\u00ebrcjellen e sezon\u00ebs turistike 2013 - Lajme nga Ulqini\",\"isPartOf\":{\"@id\":\"https:\/\/www.visit-ulcinj.com\/blog\/#website\"},\"primaryImageOfPage\":{\"@id\":\"https:\/\/www.visit-ulcinj.com\/blog\/2013\/06\/14\/takimi-i-grupit-kordinues-per-percjellen-e-sezones-turistike-2013\/#primaryimage\"},\"datePublished\":\"2013-06-14T05:42:30+00:00\",\"dateModified\":\"2013-06-14T05:42:36+00:00\",\"author\":{\"@id\":\"https:\/\/www.visit-ulcinj.com\/blog\/#\/schema\/person\/dcab619c614d3038751c63bc2aadc06d\"},\"description\":\"M\u00eb dat\u00eb 12.06.2013 u mbajt takimi i grupit kordinues p\u00ebr p\u00ebrcjellen e sezon\u00ebs turistike 2013 N\u00eb komun\u00ebs e Ulqinit u mbajt takimi i rregullt i grupit\",\"breadcrumb\":{\"@id\":\"https:\/\/www.visit-ulcinj.com\/blog\/2013\/06\/14\/takimi-i-grupit-kordinues-per-percjellen-e-sezones-turistike-2013\/#breadcrumb\"},\"inLanguage\":\"en-US\",\"potentialAction\":[{\"@type\":\"ReadAction\",\"target\":[\"https:\/\/www.visit-ulcinj.com\/blog\/2013\/06\/14\/takimi-i-grupit-kordinues-per-percjellen-e-sezones-turistike-2013\/\"]}]},{\"@type\":\"BreadcrumbList\",\"@id\":\"https:\/\/www.visit-ulcinj.com\/blog\/2013\/06\/14\/takimi-i-grupit-kordinues-per-percjellen-e-sezones-turistike-2013\/#breadcrumb\",\"itemListElement\":[{\"@type\":\"ListItem\",\"position\":1,\"name\":\"Takimi i grupit kordinues p\u00ebr p\u00ebrcjellen e sezon\u00ebs turistike 2013\"}]},{\"@type\":\"Person\",\"@id\":\"https:\/\/www.visit-ulcinj.com\/blog\/#\/schema\/person\/dcab619c614d3038751c63bc2aadc06d\",\"name\":\"ulqini\",\"sameAs\":[\"http:\/\/www.visit-ulcinj.com\"],\"url\":\"https:\/\/www.visit-ulcinj.com\/blog\/author\/admin\/\"}]}<\/script>\n<!-- \/ Yoast SEO plugin. -->","yoast_head_json":{"title":"Takimi i grupit kordinues p\u00ebr p\u00ebrcjellen e sezon\u00ebs turistike 2013 - Lajme nga Ulqini","description":"M\u00eb dat\u00eb 12.06.2013 u mbajt takimi i grupit kordinues p\u00ebr p\u00ebrcjellen e sezon\u00ebs turistike 2013 N\u00eb komun\u00ebs e Ulqinit u mbajt takimi i rregullt i grupit","robots":{"index":"index","follow":"follow","max-snippet":"max-snippet:-1","max-image-preview":"max-image-preview:large","max-video-preview":"max-video-preview:-1"},"canonical":"https:\/\/www.visit-ulcinj.com\/blog\/2013\/06\/14\/takimi-i-grupit-kordinues-per-percjellen-e-sezones-turistike-2013\/","og_locale":"en_US","og_type":"article","og_title":"Takimi i grupit kordinues p\u00ebr p\u00ebrcjellen e sezon\u00ebs turistike 2013 - Lajme nga Ulqini","og_description":"M\u00eb dat\u00eb 12.06.2013 u mbajt takimi i grupit kordinues p\u00ebr p\u00ebrcjellen e sezon\u00ebs turistike 2013 N\u00eb komun\u00ebs e Ulqinit u mbajt takimi i rregullt i grupit","og_url":"https:\/\/www.visit-ulcinj.com\/blog\/2013\/06\/14\/takimi-i-grupit-kordinues-per-percjellen-e-sezones-turistike-2013\/","og_site_name":"Lajme nga Ulqini","article_published_time":"2013-06-14T05:42:30+00:00","article_modified_time":"2013-06-14T05:42:36+00:00","og_image":[{"url":"http:\/\/www.visit-ulcinj.com\/blog\/wp-content\/uploads\/2013\/06\/Grupi-Kordinues-i-komunes-se-ulqinit.jpg"}],"twitter_misc":{"Written by":"ulqini","Est. reading time":"1 minute"},"schema":{"@context":"https:\/\/schema.org","@graph":[{"@type":"WebSite","@id":"https:\/\/www.visit-ulcinj.com\/blog\/#website","url":"https:\/\/www.visit-ulcinj.com\/blog\/","name":"Lajme nga Ulqini","description":"Lajme,Vijesti,Ulqini,Ulqin,Crna Gora,Mali i Zi","potentialAction":[{"@type":"SearchAction","target":{"@type":"EntryPoint","urlTemplate":"https:\/\/www.visit-ulcinj.com\/blog\/?s={search_term_string}"},"query-input":"required name=search_term_string"}],"inLanguage":"en-US"},{"@type":"ImageObject","inLanguage":"en-US","@id":"https:\/\/www.visit-ulcinj.com\/blog\/2013\/06\/14\/takimi-i-grupit-kordinues-per-percjellen-e-sezones-turistike-2013\/#primaryimage","url":"https:\/\/www.visit-ulcinj.com\/blog\/wp-content\/uploads\/2013\/06\/Grupi-Kordinues-i-komunes-se-ulqinit.jpg","contentUrl":"https:\/\/www.visit-ulcinj.com\/blog\/wp-content\/uploads\/2013\/06\/Grupi-Kordinues-i-komunes-se-ulqinit.jpg","width":640,"height":424},{"@type":"WebPage","@id":"https:\/\/www.visit-ulcinj.com\/blog\/2013\/06\/14\/takimi-i-grupit-kordinues-per-percjellen-e-sezones-turistike-2013\/#webpage","url":"https:\/\/www.visit-ulcinj.com\/blog\/2013\/06\/14\/takimi-i-grupit-kordinues-per-percjellen-e-sezones-turistike-2013\/","name":"Takimi i grupit kordinues p\u00ebr p\u00ebrcjellen e sezon\u00ebs turistike 2013 - Lajme nga Ulqini","isPartOf":{"@id":"https:\/\/www.visit-ulcinj.com\/blog\/#website"},"primaryImageOfPage":{"@id":"https:\/\/www.visit-ulcinj.com\/blog\/2013\/06\/14\/takimi-i-grupit-kordinues-per-percjellen-e-sezones-turistike-2013\/#primaryimage"},"datePublished":"2013-06-14T05:42:30+00:00","dateModified":"2013-06-14T05:42:36+00:00","author":{"@id":"https:\/\/www.visit-ulcinj.com\/blog\/#\/schema\/person\/dcab619c614d3038751c63bc2aadc06d"},"description":"M\u00eb dat\u00eb 12.06.2013 u mbajt takimi i grupit kordinues p\u00ebr p\u00ebrcjellen e sezon\u00ebs turistike 2013 N\u00eb komun\u00ebs e Ulqinit u mbajt takimi i rregullt i grupit","breadcrumb":{"@id":"https:\/\/www.visit-ulcinj.com\/blog\/2013\/06\/14\/takimi-i-grupit-kordinues-per-percjellen-e-sezones-turistike-2013\/#breadcrumb"},"inLanguage":"en-US","potentialAction":[{"@type":"ReadAction","target":["https:\/\/www.visit-ulcinj.com\/blog\/2013\/06\/14\/takimi-i-grupit-kordinues-per-percjellen-e-sezones-turistike-2013\/"]}]},{"@type":"BreadcrumbList","@id":"https:\/\/www.visit-ulcinj.com\/blog\/2013\/06\/14\/takimi-i-grupit-kordinues-per-percjellen-e-sezones-turistike-2013\/#breadcrumb","itemListElement":[{"@type":"ListItem","position":1,"name":"Takimi i grupit kordinues p\u00ebr p\u00ebrcjellen e sezon\u00ebs turistike 2013"}]},{"@type":"Person","@id":"https:\/\/www.visit-ulcinj.com\/blog\/#\/schema\/person\/dcab619c614d3038751c63bc2aadc06d","name":"ulqini","sameAs":["http:\/\/www.visit-ulcinj.com"],"url":"https:\/\/www.visit-ulcinj.com\/blog\/author\/admin\/"}]}},"jetpack_featured_media_url":"","jetpack_sharing_enabled":true,"jetpack_shortlink":"https:\/\/wp.me\/pe6lTn-iPd","_links":{"self":[{"href":"https:\/\/www.visit-ulcinj.com\/blog\/wp-json\/wp\/v2\/posts\/72367"}],"collection":[{"href":"https:\/\/www.visit-ulcinj.com\/blog\/wp-json\/wp\/v2\/posts"}],"about":[{"href":"https:\/\/www.visit-ulcinj.com\/blog\/wp-json\/wp\/v2\/types\/post"}],"author":[{"embeddable":true,"href":"https:\/\/www.visit-ulcinj.com\/blog\/wp-json\/wp\/v2\/users\/1"}],"replies":[{"embeddable":true,"href":"https:\/\/www.visit-ulcinj.com\/blog\/wp-json\/wp\/v2\/comments?post=72367"}],"version-history":[{"count":2,"href":"https:\/\/www.visit-ulcinj.com\/blog\/wp-json\/wp\/v2\/posts\/72367\/revisions"}],"predecessor-version":[{"id":72370,"href":"https:\/\/www.visit-ulcinj.com\/blog\/wp-json\/wp\/v2\/posts\/72367\/revisions\/72370"}],"wp:attachment":[{"href":"https:\/\/www.visit-ulcinj.com\/blog\/wp-json\/wp\/v2\/media?parent=72367"}],"wp:term":[{"taxonomy":"category","embeddable":true,"href":"https:\/\/www.visit-ulcinj.com\/blog\/wp-json\/wp\/v2\/categories?post=72367"},{"taxonomy":"post_tag","embeddable":true,"href":"https:\/\/www.visit-ulcinj.com\/blog\/wp-json\/wp\/v2\/tags?post=72367"}],"curies":[{"name":"wp","href":"https:\/\/api.w.org\/{rel}","templated":true}]}}