{"id":72371,"date":"2013-06-14T16:01:26","date_gmt":"2013-06-14T15:01:26","guid":{"rendered":"http:\/\/www.visit-ulcinj.com\/blog\/?p=72371"},"modified":"2013-06-14T16:03:51","modified_gmt":"2013-06-14T15:03:51","slug":"ceremonija-otvaranja-gradanskog-biroa-opstine-ulcinj","status":"publish","type":"post","link":"https:\/\/www.visit-ulcinj.com\/blog\/2013\/06\/14\/ceremonija-otvaranja-gradanskog-biroa-opstine-ulcinj\/","title":{"rendered":"Ceremonija otvaranja Gra\u0111anskog biroa op\u0161tine Ulcinj"},"content":{"rendered":"<p><b>\u00a0\u00a0 <a href=\"http:\/\/www.visit-ulcinj.com\/blog\/wp-content\/uploads\/2013\/06\/Byroja-qytetare-ne-komunen-e-Ulqini_USAID.jpg\"><img loading=\"lazy\" class=\"alignleft  wp-image-72372\" alt=\"Byroja-qytetare-ne-komunen-e-Ulqini_USAID\" src=\"http:\/\/www.visit-ulcinj.com\/blog\/wp-content\/uploads\/2013\/06\/Byroja-qytetare-ne-komunen-e-Ulqini_USAID.jpg\" width=\"508\" height=\"360\" \/><\/a>Municipality of Ulcinj<\/b><\/p>\n<p align=\"right\">Ulcinj, 17. jun 2013. godine<\/p>\n<p><b>\u00a0<\/b><\/p>\n<p align=\"center\"><b>\u00a0<\/b><\/p>\n<p align=\"center\"><b><span style=\"text-decoration: underline;\">NAJAVA ZA MEDIJE<\/span><\/b><\/p>\n<p><span style=\"text-decoration: underline;\">\u00a0<\/span><\/p>\n<p><span style=\"text-decoration: underline;\">\u00a0<\/span><\/p>\n<p>Po\u0161tovani,<\/p>\n<p>&nbsp;<\/p>\n<p>U ime op\u0161tine Ulcinj, Kancelarije USAID-a u Crnoj Gori i Programa efikasnog upravljanja u Crnoj Gori (Good Governance Activity in Montenegro), finansiranog sredstvima USAID-a, pozivamo Vas na ceremoniju otvaranja Gra\u0111anskog biroa u okviru lokalne samouprave op\u0161tine Ulcinj i obilje\u017eavanja uspje\u0161nog sprovodjenja Memoranduma o razumijevanju potpisanog u novembru 2012. godine izmedju op\u0161tine Ulcinj, USAID-a i Programa efikasnog upravljanja u Crnoj Gori. Ceremonija \u0107e biti odr\u017eana u holu zgrade lokalne samouprave op\u0161tine Ulcinj u <b><span style=\"text-decoration: underline;\">pone\u0111eljak, 17. juna 2013. godine, sa po\u010detkom u 11:00 \u010dasova. <\/span><\/b><\/p>\n<p><b><span style=\"text-decoration: underline;\">\u00a0<\/span><\/b><\/p>\n<p>Povodom navedenog dogadjaja medijima \u0107e se kratko obratiti <span style=\"text-decoration: underline;\">NJ. E. g-dja Sue K. Brown, ambasadorka SAD U Crnoj Gori<\/span> i <span style=\"text-decoration: underline;\">g-din Nazif Cungu, Predsjednik op\u0161tine Ulcinj<\/span>.<\/p>\n<p>&nbsp;<\/p>\n<p>Tokom ceremonije \u0107e biti otkrivena USAID plaketa, nakon \u010dega \u0107e uslijediti kratak obilazak prostorija Gra\u0111anskog biroa.<\/p>\n<p>&nbsp;<\/p>\n<p>Nakon ceremonije nije predvidjeno davanje izjava za medije od strane govornika.<\/p>\n<p>&nbsp;<\/p>\n<p>Ovim putem pozivamo Va\u0161u novinarsku ekipu da proprati ovaj dogadjaj.<\/p>\n<p>&nbsp;<\/p>\n<p align=\"center\">* * *<\/p>\n<p>Podr\u0161ka op\u0161tini Ulcinj realizovana je sredstvima <span style=\"text-decoration: underline;\">USAID-a, a posredstvom<\/span> <span style=\"text-decoration: underline;\">Programa efikasnog upravljanja u Crnoj Gori<\/span> (<i>Good Governance Activity in Montenegro<\/i>) koji je sa implementacijom projektnih aktivnosti u op\u0161tini Ulcinj po\u010deo u novembru2012. godine, potpisivanjem Memoranduma o razumijevanju izmedju op\u0161tine Ulcinj, USAID-a i Programa efikasnog upravljanja u Crnoj Gori. Memorandum o razumijevanju je potpisan u vezi sa sprovodjenjem Plana o efikasnijoj i transparentnijoj lokalnoj samoupravi u op\u0161tini Ulcinj, koji je detaljnije definisao aktivnosti realizovane u periodu od novembra 2012. do juna 2013. godine u saradnji \u201ePrograma efikasnog upravljanj u Crnoj Gori\u201c i predstavnika lokalne samuprave op\u0161tine Ulcinj. Aktivnosti predvidjene Planom podrazumijevale su prevashodno pojednostavljenje administrativnih procedura, uvo\u0111enje elektronske interne i eksterne komunikacije, umre\u017eenost svih nivoa lokalne administracije i ure\u0111enje prostorija za potrebe Gra\u0111anskog biroa.<\/p>\n<p align=\"center\">* * *<\/p>\n<p style=\"text-align: left;\" align=\"center\"><strong>Op\u0161tina Ulcinj \/ Komuna e Ulqinit<\/strong><br \/>\nTel: +382 30 412 050<br \/>\nFax: +382 30 412 413<br \/>\nAdresa: Bul. Skenderbeu bb, 85360 Ulcinj, MNE<\/p>\n","protected":false},"excerpt":{"rendered":"<p>\u00a0\u00a0 Municipality of Ulcinj Ulcinj, 17. jun 2013. godine \u00a0 \u00a0 NAJAVA ZA MEDIJE \u00a0 \u00a0 Po\u0161tovani, &nbsp; U ime op\u0161tine Ulcinj, Kancelarije USAID-a u Crnoj Gori i Programa efikasnog upravljanja u Crnoj Gori (Good Governance Activity in Montenegro), finansiranog sredstvima USAID-a, pozivamo Vas na ceremoniju otvaranja Gra\u0111anskog biroa u okviru lokalne samouprave op\u0161tine Ulcinj [&hellip;]<\/p>\n","protected":false},"author":1,"featured_media":0,"comment_status":"closed","ping_status":"closed","sticky":false,"template":"","format":"standard","meta":{"spay_email":"","jetpack_publicize_message":"","jetpack_is_tweetstorm":false,"jetpack_publicize_feature_enabled":true},"categories":[8337],"tags":[],"jetpack_publicize_connections":[],"yoast_head":"<!-- This site is optimized with the Yoast SEO plugin v19.1 - https:\/\/yoast.com\/wordpress\/plugins\/seo\/ -->\n<title>Ceremonija otvaranja Gra\u0111anskog biroa op\u0161tine Ulcinj - Lajme nga Ulqini<\/title>\n<meta name=\"description\" content=\"\u00a0\u00a0 Municipality of Ulcinj Ulcinj, 17. jun 2013. godine \u00a0 \u00a0 NAJAVA ZA MEDIJE \u00a0 \u00a0 Po\u0161tovani, &nbsp; U ime op\u0161tine Ulcinj, Kancelarije USAID-a u Crnoj Gori i\" \/>\n<meta name=\"robots\" content=\"index, follow, max-snippet:-1, max-image-preview:large, max-video-preview:-1\" \/>\n<link rel=\"canonical\" href=\"https:\/\/www.visit-ulcinj.com\/blog\/2013\/06\/14\/ceremonija-otvaranja-gradanskog-biroa-opstine-ulcinj\/\" \/>\n<meta property=\"og:locale\" content=\"en_US\" \/>\n<meta property=\"og:type\" content=\"article\" \/>\n<meta property=\"og:title\" content=\"Ceremonija otvaranja Gra\u0111anskog biroa op\u0161tine Ulcinj - Lajme nga Ulqini\" \/>\n<meta property=\"og:description\" content=\"\u00a0\u00a0 Municipality of Ulcinj Ulcinj, 17. jun 2013. godine \u00a0 \u00a0 NAJAVA ZA MEDIJE \u00a0 \u00a0 Po\u0161tovani, &nbsp; U ime op\u0161tine Ulcinj, Kancelarije USAID-a u Crnoj Gori i\" \/>\n<meta property=\"og:url\" content=\"https:\/\/www.visit-ulcinj.com\/blog\/2013\/06\/14\/ceremonija-otvaranja-gradanskog-biroa-opstine-ulcinj\/\" \/>\n<meta property=\"og:site_name\" content=\"Lajme nga Ulqini\" \/>\n<meta property=\"article:published_time\" content=\"2013-06-14T15:01:26+00:00\" \/>\n<meta property=\"article:modified_time\" content=\"2013-06-14T15:03:51+00:00\" \/>\n<meta property=\"og:image\" content=\"http:\/\/www.visit-ulcinj.com\/blog\/wp-content\/uploads\/2013\/06\/Byroja-qytetare-ne-komunen-e-Ulqini_USAID.jpg\" \/>\n<meta name=\"twitter:label1\" content=\"Written by\" \/>\n\t<meta name=\"twitter:data1\" content=\"ulqini\" \/>\n\t<meta name=\"twitter:label2\" content=\"Est. reading time\" \/>\n\t<meta name=\"twitter:data2\" content=\"2 minutes\" \/>\n<script type=\"application\/ld+json\" class=\"yoast-schema-graph\">{\"@context\":\"https:\/\/schema.org\",\"@graph\":[{\"@type\":\"WebSite\",\"@id\":\"https:\/\/www.visit-ulcinj.com\/blog\/#website\",\"url\":\"https:\/\/www.visit-ulcinj.com\/blog\/\",\"name\":\"Lajme nga Ulqini\",\"description\":\"Lajme,Vijesti,Ulqini,Ulqin,Crna Gora,Mali i Zi\",\"potentialAction\":[{\"@type\":\"SearchAction\",\"target\":{\"@type\":\"EntryPoint\",\"urlTemplate\":\"https:\/\/www.visit-ulcinj.com\/blog\/?s={search_term_string}\"},\"query-input\":\"required name=search_term_string\"}],\"inLanguage\":\"en-US\"},{\"@type\":\"ImageObject\",\"inLanguage\":\"en-US\",\"@id\":\"https:\/\/www.visit-ulcinj.com\/blog\/2013\/06\/14\/ceremonija-otvaranja-gradanskog-biroa-opstine-ulcinj\/#primaryimage\",\"url\":\"https:\/\/www.visit-ulcinj.com\/blog\/wp-content\/uploads\/2013\/06\/Byroja-qytetare-ne-komunen-e-Ulqini_USAID.jpg\",\"contentUrl\":\"https:\/\/www.visit-ulcinj.com\/blog\/wp-content\/uploads\/2013\/06\/Byroja-qytetare-ne-komunen-e-Ulqini_USAID.jpg\",\"width\":800,\"height\":600},{\"@type\":\"WebPage\",\"@id\":\"https:\/\/www.visit-ulcinj.com\/blog\/2013\/06\/14\/ceremonija-otvaranja-gradanskog-biroa-opstine-ulcinj\/#webpage\",\"url\":\"https:\/\/www.visit-ulcinj.com\/blog\/2013\/06\/14\/ceremonija-otvaranja-gradanskog-biroa-opstine-ulcinj\/\",\"name\":\"Ceremonija otvaranja Gra\u0111anskog biroa op\u0161tine Ulcinj - Lajme nga Ulqini\",\"isPartOf\":{\"@id\":\"https:\/\/www.visit-ulcinj.com\/blog\/#website\"},\"primaryImageOfPage\":{\"@id\":\"https:\/\/www.visit-ulcinj.com\/blog\/2013\/06\/14\/ceremonija-otvaranja-gradanskog-biroa-opstine-ulcinj\/#primaryimage\"},\"datePublished\":\"2013-06-14T15:01:26+00:00\",\"dateModified\":\"2013-06-14T15:03:51+00:00\",\"author\":{\"@id\":\"https:\/\/www.visit-ulcinj.com\/blog\/#\/schema\/person\/dcab619c614d3038751c63bc2aadc06d\"},\"description\":\"\u00a0\u00a0 Municipality of Ulcinj Ulcinj, 17. jun 2013. godine \u00a0 \u00a0 NAJAVA ZA MEDIJE \u00a0 \u00a0 Po\u0161tovani, &nbsp; U ime op\u0161tine Ulcinj, Kancelarije USAID-a u Crnoj Gori i\",\"breadcrumb\":{\"@id\":\"https:\/\/www.visit-ulcinj.com\/blog\/2013\/06\/14\/ceremonija-otvaranja-gradanskog-biroa-opstine-ulcinj\/#breadcrumb\"},\"inLanguage\":\"en-US\",\"potentialAction\":[{\"@type\":\"ReadAction\",\"target\":[\"https:\/\/www.visit-ulcinj.com\/blog\/2013\/06\/14\/ceremonija-otvaranja-gradanskog-biroa-opstine-ulcinj\/\"]}]},{\"@type\":\"BreadcrumbList\",\"@id\":\"https:\/\/www.visit-ulcinj.com\/blog\/2013\/06\/14\/ceremonija-otvaranja-gradanskog-biroa-opstine-ulcinj\/#breadcrumb\",\"itemListElement\":[{\"@type\":\"ListItem\",\"position\":1,\"name\":\"Ceremonija otvaranja Gra\u0111anskog biroa op\u0161tine Ulcinj\"}]},{\"@type\":\"Person\",\"@id\":\"https:\/\/www.visit-ulcinj.com\/blog\/#\/schema\/person\/dcab619c614d3038751c63bc2aadc06d\",\"name\":\"ulqini\",\"sameAs\":[\"http:\/\/www.visit-ulcinj.com\"],\"url\":\"https:\/\/www.visit-ulcinj.com\/blog\/author\/admin\/\"}]}<\/script>\n<!-- \/ Yoast SEO plugin. -->","yoast_head_json":{"title":"Ceremonija otvaranja Gra\u0111anskog biroa op\u0161tine Ulcinj - Lajme nga Ulqini","description":"\u00a0\u00a0 Municipality of Ulcinj Ulcinj, 17. jun 2013. godine \u00a0 \u00a0 NAJAVA ZA MEDIJE \u00a0 \u00a0 Po\u0161tovani, &nbsp; U ime op\u0161tine Ulcinj, Kancelarije USAID-a u Crnoj Gori i","robots":{"index":"index","follow":"follow","max-snippet":"max-snippet:-1","max-image-preview":"max-image-preview:large","max-video-preview":"max-video-preview:-1"},"canonical":"https:\/\/www.visit-ulcinj.com\/blog\/2013\/06\/14\/ceremonija-otvaranja-gradanskog-biroa-opstine-ulcinj\/","og_locale":"en_US","og_type":"article","og_title":"Ceremonija otvaranja Gra\u0111anskog biroa op\u0161tine Ulcinj - Lajme nga Ulqini","og_description":"\u00a0\u00a0 Municipality of Ulcinj Ulcinj, 17. jun 2013. godine \u00a0 \u00a0 NAJAVA ZA MEDIJE \u00a0 \u00a0 Po\u0161tovani, &nbsp; U ime op\u0161tine Ulcinj, Kancelarije USAID-a u Crnoj Gori i","og_url":"https:\/\/www.visit-ulcinj.com\/blog\/2013\/06\/14\/ceremonija-otvaranja-gradanskog-biroa-opstine-ulcinj\/","og_site_name":"Lajme nga Ulqini","article_published_time":"2013-06-14T15:01:26+00:00","article_modified_time":"2013-06-14T15:03:51+00:00","og_image":[{"url":"http:\/\/www.visit-ulcinj.com\/blog\/wp-content\/uploads\/2013\/06\/Byroja-qytetare-ne-komunen-e-Ulqini_USAID.jpg"}],"twitter_misc":{"Written by":"ulqini","Est. reading time":"2 minutes"},"schema":{"@context":"https:\/\/schema.org","@graph":[{"@type":"WebSite","@id":"https:\/\/www.visit-ulcinj.com\/blog\/#website","url":"https:\/\/www.visit-ulcinj.com\/blog\/","name":"Lajme nga Ulqini","description":"Lajme,Vijesti,Ulqini,Ulqin,Crna Gora,Mali i Zi","potentialAction":[{"@type":"SearchAction","target":{"@type":"EntryPoint","urlTemplate":"https:\/\/www.visit-ulcinj.com\/blog\/?s={search_term_string}"},"query-input":"required name=search_term_string"}],"inLanguage":"en-US"},{"@type":"ImageObject","inLanguage":"en-US","@id":"https:\/\/www.visit-ulcinj.com\/blog\/2013\/06\/14\/ceremonija-otvaranja-gradanskog-biroa-opstine-ulcinj\/#primaryimage","url":"https:\/\/www.visit-ulcinj.com\/blog\/wp-content\/uploads\/2013\/06\/Byroja-qytetare-ne-komunen-e-Ulqini_USAID.jpg","contentUrl":"https:\/\/www.visit-ulcinj.com\/blog\/wp-content\/uploads\/2013\/06\/Byroja-qytetare-ne-komunen-e-Ulqini_USAID.jpg","width":800,"height":600},{"@type":"WebPage","@id":"https:\/\/www.visit-ulcinj.com\/blog\/2013\/06\/14\/ceremonija-otvaranja-gradanskog-biroa-opstine-ulcinj\/#webpage","url":"https:\/\/www.visit-ulcinj.com\/blog\/2013\/06\/14\/ceremonija-otvaranja-gradanskog-biroa-opstine-ulcinj\/","name":"Ceremonija otvaranja Gra\u0111anskog biroa op\u0161tine Ulcinj - Lajme nga Ulqini","isPartOf":{"@id":"https:\/\/www.visit-ulcinj.com\/blog\/#website"},"primaryImageOfPage":{"@id":"https:\/\/www.visit-ulcinj.com\/blog\/2013\/06\/14\/ceremonija-otvaranja-gradanskog-biroa-opstine-ulcinj\/#primaryimage"},"datePublished":"2013-06-14T15:01:26+00:00","dateModified":"2013-06-14T15:03:51+00:00","author":{"@id":"https:\/\/www.visit-ulcinj.com\/blog\/#\/schema\/person\/dcab619c614d3038751c63bc2aadc06d"},"description":"\u00a0\u00a0 Municipality of Ulcinj Ulcinj, 17. jun 2013. godine \u00a0 \u00a0 NAJAVA ZA MEDIJE \u00a0 \u00a0 Po\u0161tovani, &nbsp; U ime op\u0161tine Ulcinj, Kancelarije USAID-a u Crnoj Gori i","breadcrumb":{"@id":"https:\/\/www.visit-ulcinj.com\/blog\/2013\/06\/14\/ceremonija-otvaranja-gradanskog-biroa-opstine-ulcinj\/#breadcrumb"},"inLanguage":"en-US","potentialAction":[{"@type":"ReadAction","target":["https:\/\/www.visit-ulcinj.com\/blog\/2013\/06\/14\/ceremonija-otvaranja-gradanskog-biroa-opstine-ulcinj\/"]}]},{"@type":"BreadcrumbList","@id":"https:\/\/www.visit-ulcinj.com\/blog\/2013\/06\/14\/ceremonija-otvaranja-gradanskog-biroa-opstine-ulcinj\/#breadcrumb","itemListElement":[{"@type":"ListItem","position":1,"name":"Ceremonija otvaranja Gra\u0111anskog biroa op\u0161tine Ulcinj"}]},{"@type":"Person","@id":"https:\/\/www.visit-ulcinj.com\/blog\/#\/schema\/person\/dcab619c614d3038751c63bc2aadc06d","name":"ulqini","sameAs":["http:\/\/www.visit-ulcinj.com"],"url":"https:\/\/www.visit-ulcinj.com\/blog\/author\/admin\/"}]}},"jetpack_featured_media_url":"","jetpack_sharing_enabled":true,"jetpack_shortlink":"https:\/\/wp.me\/pe6lTn-iPh","_links":{"self":[{"href":"https:\/\/www.visit-ulcinj.com\/blog\/wp-json\/wp\/v2\/posts\/72371"}],"collection":[{"href":"https:\/\/www.visit-ulcinj.com\/blog\/wp-json\/wp\/v2\/posts"}],"about":[{"href":"https:\/\/www.visit-ulcinj.com\/blog\/wp-json\/wp\/v2\/types\/post"}],"author":[{"embeddable":true,"href":"https:\/\/www.visit-ulcinj.com\/blog\/wp-json\/wp\/v2\/users\/1"}],"replies":[{"embeddable":true,"href":"https:\/\/www.visit-ulcinj.com\/blog\/wp-json\/wp\/v2\/comments?post=72371"}],"version-history":[{"count":4,"href":"https:\/\/www.visit-ulcinj.com\/blog\/wp-json\/wp\/v2\/posts\/72371\/revisions"}],"predecessor-version":[{"id":72377,"href":"https:\/\/www.visit-ulcinj.com\/blog\/wp-json\/wp\/v2\/posts\/72371\/revisions\/72377"}],"wp:attachment":[{"href":"https:\/\/www.visit-ulcinj.com\/blog\/wp-json\/wp\/v2\/media?parent=72371"}],"wp:term":[{"taxonomy":"category","embeddable":true,"href":"https:\/\/www.visit-ulcinj.com\/blog\/wp-json\/wp\/v2\/categories?post=72371"},{"taxonomy":"post_tag","embeddable":true,"href":"https:\/\/www.visit-ulcinj.com\/blog\/wp-json\/wp\/v2\/tags?post=72371"}],"curies":[{"name":"wp","href":"https:\/\/api.w.org\/{rel}","templated":true}]}}