{"id":72397,"date":"2013-06-15T07:52:30","date_gmt":"2013-06-15T06:52:30","guid":{"rendered":"http:\/\/www.visit-ulcinj.com\/blog\/?p=72397"},"modified":"2013-06-15T07:52:30","modified_gmt":"2013-06-15T06:52:30","slug":"bashkepunimi-mes-policive-te-shqiperise-dhe-malit-te-zi-per-sezonin-turistik-2013","status":"publish","type":"post","link":"https:\/\/www.visit-ulcinj.com\/blog\/2013\/06\/15\/bashkepunimi-mes-policive-te-shqiperise-dhe-malit-te-zi-per-sezonin-turistik-2013\/","title":{"rendered":"Bashk\u00ebpunimi mes policive te Shqiperis\u00eb dhe Malit te Zi, p\u00ebr sezonin turistik 2013"},"content":{"rendered":"<p><strong><a href=\"http:\/\/www.visit-ulcinj.com\/blog\/wp-content\/uploads\/2013\/06\/Hisni-Burgaj-Slavko-Stojanovic.jpg\"><img loading=\"lazy\" class=\"alignleft  wp-image-72399\" alt=\"Hisni Burgaj- Slavko Stojanovic\" src=\"http:\/\/www.visit-ulcinj.com\/blog\/wp-content\/uploads\/2013\/06\/Hisni-Burgaj-Slavko-Stojanovic.jpg\" width=\"508\" height=\"316\" \/><\/a>Burgaj-Stojanovic, protokoll bashk\u00ebpunimi mes policive, p\u00ebr sezonin turistik<\/strong><\/p>\n<p>N\u00eb kuad\u00ebr t\u00eb sezonit turistik 2013, nd\u00ebrmjet Policis\u00eb s\u00eb Shtetit dhe Policis\u00eb s\u00eb Malit t\u00eb Zi \u00ebsht\u00eb n\u00ebnshkruar sot nj\u00eb protokoll bashk\u00ebpunimi, i cili p\u00ebrcaktojn modalietet e bashk\u00ebpunimit p\u00ebr organizimin e sh\u00ebrbimeve t\u00eb p\u00ebrbashk\u00ebta p\u00ebr parandalimin e krimit dhe t\u00eb patrullave t\u00eb p\u00ebrgjithshme n\u00eb territorin e Malit t\u00eb Zi, duke synuar n\u00eb ofrimin e sh\u00ebrbimeve sa m\u00eb cil\u00ebsore p\u00ebr qytetar\u00ebt e t\u00eb dy vendeve.<\/p>\n<p>Protokolli i bash\u00ebkpunimit u n\u00ebnshkrua dit\u00ebn e sotme n\u00eb qytetin e Shkodr\u00ebs nd\u00ebrmjet Drejtorit t\u00eb P\u00ebrgjtihsh\u00ebm t\u00eb Policis\u00eb s\u00eb Shtetit, Z. Hysni Burgaj dhe Drejtorit t\u00eb P\u00ebrgjtihsh\u00ebm t\u00eb Malit t\u00eb Zi, Z. Slavko Stojanovi\u00e7.<\/p>\n<p>N\u00eb fokus t\u00eb takimit nd\u00ebrmjet dy Drejtuesve t\u00eb lart\u00eb policor\u00eb dhe delegacioneve q\u00eb i shoq\u00ebronin ishte dhe sigurimi i t\u00eb gjitha leht\u00ebsirave t\u00eb nevojshme p\u00ebr qytetar\u00ebt e t\u00eb dy vendeve n\u00eb pikat e kalimit kufitar, si dhe fuqizimi i m\u00ebtejsh\u00ebm i bashk\u00ebpunimit nd\u00ebrmjet strukturave policore.<\/p>\n<p>Z. Burgaj gjat\u00eb n\u00ebnshkrimit t\u00eb k\u00ebsaj marr\u00ebveshje vuri n\u00eb dukje nivelin e lart\u00eb t\u00eb bashk\u00ebpunimit ekzistues nd\u00ebrmjet policive t\u00eb t\u00eb dy vendeve.<\/p>\n<p>\u201c\u00c7do dit\u00eb q\u00eb vjen dhe m\u00eb pak i r\u00ebnd\u00ebsish\u00ebm p\u00ebr dy organizatat policore po b\u00ebhet kufiri shtet\u00ebror n\u00eb drejtim t\u00eb bashk\u00ebpunimit t\u00eb p\u00ebrbashk\u00ebt n\u00eb luft\u00eb kund\u00ebr krimit t\u00eb organizuar dhe trafiqeve t\u00eb paligjshme. Sigurisht ne do vijojm\u00eb t\u00eb kemi nj\u00eb bashk\u00ebpunim t\u00eb shk\u00eblqyer me Malin e Zi. Shembull i k\u00ebtij bashk\u00ebpunimi \u00ebsht\u00eb pika e p\u00ebrbashk\u00ebt e kontroll kalimit Muriqan-Sukobin\u00eb. Nd\u00ebrkoh\u00eb dhe ky protokoll q\u00eb ne n\u00ebshkruam sot \u00ebsht\u00eb nj\u00eb mesazh p\u00ebr qytetar\u00ebt e t\u00eb dy vendeve, q\u00eb ne n\u00eb drejtim t\u00eb bashk\u00ebpunimit nuk njohim kufij n\u00eb sh\u00ebrbimin policor.\u201d- u shpreh Z. Burgaj.<\/p>\n<p>Z. Burgaj evidentoi gjithashtu r\u00ebnd\u00ebsin\u00eb e k\u00ebtij protokolli bashk\u00ebpunimi, i cili do t\u00eb pasohet dhe nga masa p\u00ebr krijimin e leht\u00ebsirave n\u00eb pikat e kontroll kalimit kufitar, si dhe vuri n\u00eb dukje fushat n\u00eb t\u00eb cilat bashk\u00ebpunimi policor mes t\u00eb dy vendeve ka rezultuar mjaft i suksessh\u00ebm.<\/p>\n<p>\u201cSigurisht ky protokoll parashikon sh\u00ebrbime t\u00eb p\u00ebrbashk\u00ebta t\u00eb policis\u00eb s\u00eb rendit dhe kriminale n\u00eb Budva dhe Ulqin, po k\u00ebshtu t\u00eb nd\u00ebrsjellta, kjo pasohet dhe me sh\u00ebrbime e bashk\u00ebpunim n\u00eb pikat e kontroll kalimit kufitar. Po tentojm\u00eb q\u00eb t\u00eb shk\u00ebmbejm\u00eb informacionin n\u00eb koh\u00ebn m\u00eb t\u00eb shkurt\u00ebr t\u00eb mundshme n\u00eb k\u00ebto pika, duke synuar t\u00eb arrijm\u00eb drejt asaj q\u00eb t\u00eb kemi nj\u00eb kontroll, ku secili shtet t\u00eb kontrolloj\u00eb hyrjet n\u00eb territorin e tij, p\u00ebr ti krijuar leht\u00ebsira sa m\u00eb t\u00eb m\u00ebdha qytetar\u00ebve shqiptar\u00eb dhe malazez. Ky \u00ebsht\u00eb nj\u00eb nd\u00ebr objektivat tan\u00eb dhe besoj q\u00eb s\u00eb shpejti ne do t\u00eb mund ta arrijm\u00eb pas kontakteve t\u00eb ekspert\u00ebve p\u00ebrkat\u00ebs.<\/p>\n<p>Por ne nuk kemi mbetur vet\u00ebm k\u00ebtu sa i p\u00ebrket bashk\u00ebpunimit, kemi patur bashk\u00ebpunim t\u00eb shk\u00eblqyer dhe kemi arritur operacione t\u00eb p\u00ebrbashk\u00ebta, procedime t\u00eb p\u00ebrbashk\u00ebta. Po tentojm\u00eb q\u00eb kufiri shtet\u00ebror mes nesh t\u00eb jet\u00eb sa m\u00eb pak i r\u00ebnd\u00ebsish\u00ebm n\u00eb drejtim t\u00eb bashk\u00ebpunimit policor, pra nuk do t\u00eb ket\u00eb asnj\u00eb penges\u00eb p\u00ebr t\u00eb luftuar krimin e organizuar dhe trafiqet, \u00e7\u2019ka do t\u00eb thot\u00eb q\u00eb ne nuk kemi asnj\u00eb penges\u00eb ligjore p\u00ebr t\u00eb realizuar bashk\u00ebpunimin dhe p\u00ebr ta forcuar at\u00eb n\u00eb t\u00eb ardhmen.\u201d- u shpreh Z. Burgaj.<\/p>\n<p>Drejtori i P\u00ebrgjtihsh\u00ebm i Policis\u00eb s\u00eb Shtetit evidentoi faktin se ky bashk\u00ebpunim \u00ebsht\u00eb vendosur prej vitesh dhe me Policin\u00eb e Kosov\u00ebs, kemi sh\u00ebrbime t\u00eb p\u00ebrbashk\u00ebta me Italin\u00eb, po tentojm\u00eb q\u00eb vitin e ardhsh\u00ebm t\u00eb n\u00ebnshkruajm\u00eb nj\u00eb protokoll t\u00eb till\u00eb me Maqedonin\u00eb, po k\u00ebshtu dhe me Greqin\u00eb jemi n\u00eb kontakte p\u00ebr t\u00eb arritur nj\u00eb marr\u00ebveshje t\u00eb till\u00eb.<\/p>\n<p>\u201cUn\u00eb dua t\u2019u informoj q\u00eb me t\u00eb gjitha organizmat nd\u00ebrkomb\u00ebtare sa i p\u00ebrket bashk\u00ebpunimit policor t\u00eb organizat\u00ebs shqiptare \u00ebsht\u00eb nd\u00ebr nivelet m\u00eb t\u00eb larta q\u00eb ka qen\u00eb ndonj\u00ebher\u00eb dhe kjo \u00ebsht\u00eb e faktuar me operacione dhe rezultate konkrete. Rreth 90% e sasis\u00eb s\u00eb drog\u00ebs, kanabis sativa, \u00ebsht\u00eb sekuestruar brenda kufijve t\u00eb territorit shqiptar, \u00e7\u2019ka do t\u00eb thot\u00eb q\u00eb nuk kemi qen\u00eb shqet\u00ebsim p\u00ebr vendet e Bashkimit Europian, po k\u00ebshtu dhe me drogat e forta, ku pothuajse ne kemi dal\u00eb si vend tranzit, pra Shqip\u00ebria ka dal\u00eb si vend tranzit.<\/p>\n<p>Nj\u00eb pun\u00eb shum\u00eb e madhe po b\u00ebhet sa i p\u00ebrket emigracionit t\u00eb paligjsh\u00ebm nga vendet e treta dhe fal\u00eb bashk\u00ebpunimit t\u00eb shk\u00eblqyer nuk kemi patur probleme.\u201d- u shpreh Z. Burgaj.<\/p>\n<p>Z. Burgaj theksoi se bashk\u00ebpunimi rajonal \u00e7do dit\u00eb po shkon drejt fuqizimit dhe Policia e Shtetit do t\u00eb vijoj\u00eb pun\u00ebn p\u00ebr p\u00ebrmir\u00ebsimin dhe thellimin e k\u00ebtij bashk\u00ebpunimi.<\/p>\n<p>Drejtori i P\u00ebrgjtihsh\u00ebm i Policis\u00eb s\u00eb Malit t\u00eb Zi, Z. Slavko Stojanovi\u00e7, duke shprehur k\u00ebnaq\u00ebsin\u00eb p\u00ebr takimin e sot\u00ebm nd\u00ebrmjet dy policive, vuri n\u00eb dukje r\u00ebnd\u00ebsin\u00eb e tij n\u00eb kuad\u00ebr t\u00eb fuqizimit t\u00eb m\u00ebtejsh\u00ebm t\u00eb bashk\u00ebpunimit.<\/p>\n<p>\u201cI kemi harmonizuar q\u00ebndrimet tona lidhur me sfidat q\u00eb kemi p\u00ebrpara, si dhe jemi marr\u00eb vesh p\u00ebr operacionet e p\u00ebrbashk\u00ebta dhe linja t\u00eb tjera t\u00eb bashk\u00ebpunimit. Mendoj se bashk\u00ebpunimi jon\u00eb i mirfillt\u00eb duhet t\u00eb vazhdoj\u00eb rrug\u00ebn n\u00eb integrimin Europian.<\/p>\n<p>Po ashtu jemi marr\u00eb vesh p\u00ebr thjeshtimin e modalitetit t\u00eb kontrollit n\u00eb pik\u00ebn e p\u00ebrbashk\u00ebt t\u00eb kalimit kufitar Sukobin\u00eb-Muriqan, shk\u00ebmbimin e informacionit t\u00eb duhur lidhur me trafikimin e personave, trafikimin e arm\u00ebve, t\u00eb muncionit, dhe kemi definuar s\u00eb bashku modalitetin e pun\u00ebs dhe operacioneve t\u00eb p\u00ebrbashk\u00ebta n\u00eb luftimin e k\u00ebtyre dukurive.\u201d- theksoi Z. Stojanovi\u00e7.<\/p>\n<p>Nd\u00ebrkoh\u00eb duke ju referur protokollit t\u00eb sapo n\u00ebnshkruar Z. Stojanovi\u00e7 u shpreh: \u201cShtetasit tuaj mund t\u00eb ndihen komod dhe t\u00eb sigurt\u00eb dhe dy policit\u00eb do t\u00eb mundohen q\u00eb kjo t\u00eb realizohet dhe n\u00eb praktik\u00eb. Konfirmim i k\u00ebsaj \u00ebsht\u00eb dhe ky protokoll q\u00eb e kemi n\u00ebnshkruar, implementimi i t\u00eb cilit do t\u00eb shoq\u00ebrohet dhe me prezenc\u00ebn e patrullave t\u00eb p\u00ebrbashk\u00ebta, q\u00eb do t\u00eb jet\u00eb prezente n\u00eb Malin e Zi gjat\u00eb sezonit veror.\u201d<\/p>\n<p>N\u00eb p\u00ebrfundim t\u00eb takimit Drejtuesit e lart\u00eb policor\u00eb t\u00eb t\u00eb dy vendeve shpreh\u00ebn bindjen se dy organizatat policore do t\u00eb vijojn\u00eb me t\u00eb nj\u00ebjtin intensitet bashk\u00ebpunimin dhe do ta fuqizojn\u00eb dhe m\u00eb tej at\u00eb, pasi tashm\u00eb, p\u00ebr luft\u00ebn kund\u00ebr krimit nuk ka m\u00eb kufij, policit\u00eb e dy vendeve, p\u00ebr nga niveli i bashk\u00ebpunimit, mund t\u00eb konsiderohen si nj\u00eb organizat\u00eb e vetme, q\u00eb punojn\u00eb s\u00eb bashku p\u00ebr garantimin e siguris\u00eb maksimale p\u00ebr qytetar\u00ebt.<br \/>\n<strong>(m.a\/BalkanWeb)<\/strong><\/p>\n","protected":false},"excerpt":{"rendered":"<p>Burgaj-Stojanovic, protokoll bashk\u00ebpunimi mes policive, p\u00ebr sezonin turistik N\u00eb kuad\u00ebr t\u00eb sezonit turistik 2013, nd\u00ebrmjet Policis\u00eb s\u00eb Shtetit dhe Policis\u00eb s\u00eb Malit t\u00eb Zi \u00ebsht\u00eb n\u00ebnshkruar sot nj\u00eb protokoll bashk\u00ebpunimi, i cili p\u00ebrcaktojn modalietet e bashk\u00ebpunimit p\u00ebr organizimin e sh\u00ebrbimeve t\u00eb p\u00ebrbashk\u00ebta p\u00ebr parandalimin e krimit dhe t\u00eb patrullave t\u00eb p\u00ebrgjithshme n\u00eb territorin e Malit [&hellip;]<\/p>\n","protected":false},"author":1,"featured_media":0,"comment_status":"closed","ping_status":"closed","sticky":false,"template":"","format":"standard","meta":{"spay_email":"","jetpack_publicize_message":"","jetpack_is_tweetstorm":false,"jetpack_publicize_feature_enabled":true},"categories":[14],"tags":[],"jetpack_publicize_connections":[],"yoast_head":"<!-- This site is optimized with the Yoast SEO plugin v19.1 - https:\/\/yoast.com\/wordpress\/plugins\/seo\/ -->\n<title>Bashk\u00ebpunimi mes policive te Shqiperis\u00eb dhe Malit te Zi, p\u00ebr sezonin turistik 2013 - Lajme nga Ulqini<\/title>\n<meta name=\"description\" content=\"Burgaj-Stojanovic, protokoll bashk\u00ebpunimi mes policive, p\u00ebr sezonin turistik N\u00eb kuad\u00ebr t\u00eb sezonit turistik 2013, nd\u00ebrmjet Policis\u00eb s\u00eb Shtetit dhe Policis\u00eb\" \/>\n<meta name=\"robots\" content=\"index, follow, max-snippet:-1, max-image-preview:large, max-video-preview:-1\" \/>\n<link rel=\"canonical\" href=\"https:\/\/www.visit-ulcinj.com\/blog\/2013\/06\/15\/bashkepunimi-mes-policive-te-shqiperise-dhe-malit-te-zi-per-sezonin-turistik-2013\/\" \/>\n<meta property=\"og:locale\" content=\"en_US\" \/>\n<meta property=\"og:type\" content=\"article\" \/>\n<meta property=\"og:title\" content=\"Bashk\u00ebpunimi mes policive te Shqiperis\u00eb dhe Malit te Zi, p\u00ebr sezonin turistik 2013 - Lajme nga Ulqini\" \/>\n<meta property=\"og:description\" content=\"Burgaj-Stojanovic, protokoll bashk\u00ebpunimi mes policive, p\u00ebr sezonin turistik N\u00eb kuad\u00ebr t\u00eb sezonit turistik 2013, nd\u00ebrmjet Policis\u00eb s\u00eb Shtetit dhe Policis\u00eb\" \/>\n<meta property=\"og:url\" content=\"https:\/\/www.visit-ulcinj.com\/blog\/2013\/06\/15\/bashkepunimi-mes-policive-te-shqiperise-dhe-malit-te-zi-per-sezonin-turistik-2013\/\" \/>\n<meta property=\"og:site_name\" content=\"Lajme nga Ulqini\" \/>\n<meta property=\"article:published_time\" content=\"2013-06-15T06:52:30+00:00\" \/>\n<meta property=\"og:image\" content=\"http:\/\/www.visit-ulcinj.com\/blog\/wp-content\/uploads\/2013\/06\/Hisni-Burgaj-Slavko-Stojanovic.jpg\" \/>\n<meta name=\"twitter:label1\" content=\"Written by\" \/>\n\t<meta name=\"twitter:data1\" content=\"ulqini\" \/>\n\t<meta name=\"twitter:label2\" content=\"Est. reading time\" \/>\n\t<meta name=\"twitter:data2\" content=\"6 minutes\" \/>\n<script type=\"application\/ld+json\" class=\"yoast-schema-graph\">{\"@context\":\"https:\/\/schema.org\",\"@graph\":[{\"@type\":\"WebSite\",\"@id\":\"https:\/\/www.visit-ulcinj.com\/blog\/#website\",\"url\":\"https:\/\/www.visit-ulcinj.com\/blog\/\",\"name\":\"Lajme nga Ulqini\",\"description\":\"Lajme,Vijesti,Ulqini,Ulqin,Crna Gora,Mali i Zi\",\"potentialAction\":[{\"@type\":\"SearchAction\",\"target\":{\"@type\":\"EntryPoint\",\"urlTemplate\":\"https:\/\/www.visit-ulcinj.com\/blog\/?s={search_term_string}\"},\"query-input\":\"required name=search_term_string\"}],\"inLanguage\":\"en-US\"},{\"@type\":\"ImageObject\",\"inLanguage\":\"en-US\",\"@id\":\"https:\/\/www.visit-ulcinj.com\/blog\/2013\/06\/15\/bashkepunimi-mes-policive-te-shqiperise-dhe-malit-te-zi-per-sezonin-turistik-2013\/#primaryimage\",\"url\":\"https:\/\/www.visit-ulcinj.com\/blog\/wp-content\/uploads\/2013\/06\/Hisni-Burgaj-Slavko-Stojanovic.jpg\",\"contentUrl\":\"https:\/\/www.visit-ulcinj.com\/blog\/wp-content\/uploads\/2013\/06\/Hisni-Burgaj-Slavko-Stojanovic.jpg\",\"width\":519,\"height\":316},{\"@type\":\"WebPage\",\"@id\":\"https:\/\/www.visit-ulcinj.com\/blog\/2013\/06\/15\/bashkepunimi-mes-policive-te-shqiperise-dhe-malit-te-zi-per-sezonin-turistik-2013\/#webpage\",\"url\":\"https:\/\/www.visit-ulcinj.com\/blog\/2013\/06\/15\/bashkepunimi-mes-policive-te-shqiperise-dhe-malit-te-zi-per-sezonin-turistik-2013\/\",\"name\":\"Bashk\u00ebpunimi mes policive te Shqiperis\u00eb dhe Malit te Zi, p\u00ebr sezonin turistik 2013 - Lajme nga Ulqini\",\"isPartOf\":{\"@id\":\"https:\/\/www.visit-ulcinj.com\/blog\/#website\"},\"primaryImageOfPage\":{\"@id\":\"https:\/\/www.visit-ulcinj.com\/blog\/2013\/06\/15\/bashkepunimi-mes-policive-te-shqiperise-dhe-malit-te-zi-per-sezonin-turistik-2013\/#primaryimage\"},\"datePublished\":\"2013-06-15T06:52:30+00:00\",\"dateModified\":\"2013-06-15T06:52:30+00:00\",\"author\":{\"@id\":\"https:\/\/www.visit-ulcinj.com\/blog\/#\/schema\/person\/dcab619c614d3038751c63bc2aadc06d\"},\"description\":\"Burgaj-Stojanovic, protokoll bashk\u00ebpunimi mes policive, p\u00ebr sezonin turistik N\u00eb kuad\u00ebr t\u00eb sezonit turistik 2013, nd\u00ebrmjet Policis\u00eb s\u00eb Shtetit dhe Policis\u00eb\",\"breadcrumb\":{\"@id\":\"https:\/\/www.visit-ulcinj.com\/blog\/2013\/06\/15\/bashkepunimi-mes-policive-te-shqiperise-dhe-malit-te-zi-per-sezonin-turistik-2013\/#breadcrumb\"},\"inLanguage\":\"en-US\",\"potentialAction\":[{\"@type\":\"ReadAction\",\"target\":[\"https:\/\/www.visit-ulcinj.com\/blog\/2013\/06\/15\/bashkepunimi-mes-policive-te-shqiperise-dhe-malit-te-zi-per-sezonin-turistik-2013\/\"]}]},{\"@type\":\"BreadcrumbList\",\"@id\":\"https:\/\/www.visit-ulcinj.com\/blog\/2013\/06\/15\/bashkepunimi-mes-policive-te-shqiperise-dhe-malit-te-zi-per-sezonin-turistik-2013\/#breadcrumb\",\"itemListElement\":[{\"@type\":\"ListItem\",\"position\":1,\"name\":\"Bashk\u00ebpunimi mes policive te Shqiperis\u00eb dhe Malit te Zi, p\u00ebr sezonin turistik 2013\"}]},{\"@type\":\"Person\",\"@id\":\"https:\/\/www.visit-ulcinj.com\/blog\/#\/schema\/person\/dcab619c614d3038751c63bc2aadc06d\",\"name\":\"ulqini\",\"sameAs\":[\"http:\/\/www.visit-ulcinj.com\"],\"url\":\"https:\/\/www.visit-ulcinj.com\/blog\/author\/admin\/\"}]}<\/script>\n<!-- \/ Yoast SEO plugin. -->","yoast_head_json":{"title":"Bashk\u00ebpunimi mes policive te Shqiperis\u00eb dhe Malit te Zi, p\u00ebr sezonin turistik 2013 - Lajme nga Ulqini","description":"Burgaj-Stojanovic, protokoll bashk\u00ebpunimi mes policive, p\u00ebr sezonin turistik N\u00eb kuad\u00ebr t\u00eb sezonit turistik 2013, nd\u00ebrmjet Policis\u00eb s\u00eb Shtetit dhe Policis\u00eb","robots":{"index":"index","follow":"follow","max-snippet":"max-snippet:-1","max-image-preview":"max-image-preview:large","max-video-preview":"max-video-preview:-1"},"canonical":"https:\/\/www.visit-ulcinj.com\/blog\/2013\/06\/15\/bashkepunimi-mes-policive-te-shqiperise-dhe-malit-te-zi-per-sezonin-turistik-2013\/","og_locale":"en_US","og_type":"article","og_title":"Bashk\u00ebpunimi mes policive te Shqiperis\u00eb dhe Malit te Zi, p\u00ebr sezonin turistik 2013 - Lajme nga Ulqini","og_description":"Burgaj-Stojanovic, protokoll bashk\u00ebpunimi mes policive, p\u00ebr sezonin turistik N\u00eb kuad\u00ebr t\u00eb sezonit turistik 2013, nd\u00ebrmjet Policis\u00eb s\u00eb Shtetit dhe Policis\u00eb","og_url":"https:\/\/www.visit-ulcinj.com\/blog\/2013\/06\/15\/bashkepunimi-mes-policive-te-shqiperise-dhe-malit-te-zi-per-sezonin-turistik-2013\/","og_site_name":"Lajme nga Ulqini","article_published_time":"2013-06-15T06:52:30+00:00","og_image":[{"url":"http:\/\/www.visit-ulcinj.com\/blog\/wp-content\/uploads\/2013\/06\/Hisni-Burgaj-Slavko-Stojanovic.jpg"}],"twitter_misc":{"Written by":"ulqini","Est. reading time":"6 minutes"},"schema":{"@context":"https:\/\/schema.org","@graph":[{"@type":"WebSite","@id":"https:\/\/www.visit-ulcinj.com\/blog\/#website","url":"https:\/\/www.visit-ulcinj.com\/blog\/","name":"Lajme nga Ulqini","description":"Lajme,Vijesti,Ulqini,Ulqin,Crna Gora,Mali i Zi","potentialAction":[{"@type":"SearchAction","target":{"@type":"EntryPoint","urlTemplate":"https:\/\/www.visit-ulcinj.com\/blog\/?s={search_term_string}"},"query-input":"required name=search_term_string"}],"inLanguage":"en-US"},{"@type":"ImageObject","inLanguage":"en-US","@id":"https:\/\/www.visit-ulcinj.com\/blog\/2013\/06\/15\/bashkepunimi-mes-policive-te-shqiperise-dhe-malit-te-zi-per-sezonin-turistik-2013\/#primaryimage","url":"https:\/\/www.visit-ulcinj.com\/blog\/wp-content\/uploads\/2013\/06\/Hisni-Burgaj-Slavko-Stojanovic.jpg","contentUrl":"https:\/\/www.visit-ulcinj.com\/blog\/wp-content\/uploads\/2013\/06\/Hisni-Burgaj-Slavko-Stojanovic.jpg","width":519,"height":316},{"@type":"WebPage","@id":"https:\/\/www.visit-ulcinj.com\/blog\/2013\/06\/15\/bashkepunimi-mes-policive-te-shqiperise-dhe-malit-te-zi-per-sezonin-turistik-2013\/#webpage","url":"https:\/\/www.visit-ulcinj.com\/blog\/2013\/06\/15\/bashkepunimi-mes-policive-te-shqiperise-dhe-malit-te-zi-per-sezonin-turistik-2013\/","name":"Bashk\u00ebpunimi mes policive te Shqiperis\u00eb dhe Malit te Zi, p\u00ebr sezonin turistik 2013 - Lajme nga Ulqini","isPartOf":{"@id":"https:\/\/www.visit-ulcinj.com\/blog\/#website"},"primaryImageOfPage":{"@id":"https:\/\/www.visit-ulcinj.com\/blog\/2013\/06\/15\/bashkepunimi-mes-policive-te-shqiperise-dhe-malit-te-zi-per-sezonin-turistik-2013\/#primaryimage"},"datePublished":"2013-06-15T06:52:30+00:00","dateModified":"2013-06-15T06:52:30+00:00","author":{"@id":"https:\/\/www.visit-ulcinj.com\/blog\/#\/schema\/person\/dcab619c614d3038751c63bc2aadc06d"},"description":"Burgaj-Stojanovic, protokoll bashk\u00ebpunimi mes policive, p\u00ebr sezonin turistik N\u00eb kuad\u00ebr t\u00eb sezonit turistik 2013, nd\u00ebrmjet Policis\u00eb s\u00eb Shtetit dhe Policis\u00eb","breadcrumb":{"@id":"https:\/\/www.visit-ulcinj.com\/blog\/2013\/06\/15\/bashkepunimi-mes-policive-te-shqiperise-dhe-malit-te-zi-per-sezonin-turistik-2013\/#breadcrumb"},"inLanguage":"en-US","potentialAction":[{"@type":"ReadAction","target":["https:\/\/www.visit-ulcinj.com\/blog\/2013\/06\/15\/bashkepunimi-mes-policive-te-shqiperise-dhe-malit-te-zi-per-sezonin-turistik-2013\/"]}]},{"@type":"BreadcrumbList","@id":"https:\/\/www.visit-ulcinj.com\/blog\/2013\/06\/15\/bashkepunimi-mes-policive-te-shqiperise-dhe-malit-te-zi-per-sezonin-turistik-2013\/#breadcrumb","itemListElement":[{"@type":"ListItem","position":1,"name":"Bashk\u00ebpunimi mes policive te Shqiperis\u00eb dhe Malit te Zi, p\u00ebr sezonin turistik 2013"}]},{"@type":"Person","@id":"https:\/\/www.visit-ulcinj.com\/blog\/#\/schema\/person\/dcab619c614d3038751c63bc2aadc06d","name":"ulqini","sameAs":["http:\/\/www.visit-ulcinj.com"],"url":"https:\/\/www.visit-ulcinj.com\/blog\/author\/admin\/"}]}},"jetpack_featured_media_url":"","jetpack_sharing_enabled":true,"jetpack_shortlink":"https:\/\/wp.me\/pe6lTn-iPH","_links":{"self":[{"href":"https:\/\/www.visit-ulcinj.com\/blog\/wp-json\/wp\/v2\/posts\/72397"}],"collection":[{"href":"https:\/\/www.visit-ulcinj.com\/blog\/wp-json\/wp\/v2\/posts"}],"about":[{"href":"https:\/\/www.visit-ulcinj.com\/blog\/wp-json\/wp\/v2\/types\/post"}],"author":[{"embeddable":true,"href":"https:\/\/www.visit-ulcinj.com\/blog\/wp-json\/wp\/v2\/users\/1"}],"replies":[{"embeddable":true,"href":"https:\/\/www.visit-ulcinj.com\/blog\/wp-json\/wp\/v2\/comments?post=72397"}],"version-history":[{"count":1,"href":"https:\/\/www.visit-ulcinj.com\/blog\/wp-json\/wp\/v2\/posts\/72397\/revisions"}],"predecessor-version":[{"id":72400,"href":"https:\/\/www.visit-ulcinj.com\/blog\/wp-json\/wp\/v2\/posts\/72397\/revisions\/72400"}],"wp:attachment":[{"href":"https:\/\/www.visit-ulcinj.com\/blog\/wp-json\/wp\/v2\/media?parent=72397"}],"wp:term":[{"taxonomy":"category","embeddable":true,"href":"https:\/\/www.visit-ulcinj.com\/blog\/wp-json\/wp\/v2\/categories?post=72397"},{"taxonomy":"post_tag","embeddable":true,"href":"https:\/\/www.visit-ulcinj.com\/blog\/wp-json\/wp\/v2\/tags?post=72397"}],"curies":[{"name":"wp","href":"https:\/\/api.w.org\/{rel}","templated":true}]}}