{"id":72419,"date":"2013-06-16T07:05:54","date_gmt":"2013-06-16T06:05:54","guid":{"rendered":"http:\/\/www.visit-ulcinj.com\/blog\/?p=72419"},"modified":"2013-06-16T07:05:54","modified_gmt":"2013-06-16T06:05:54","slug":"ceremonija-otvaranja-gradanskog-biroa-u-ulcinj-17-06-2013-u-11h","status":"publish","type":"post","link":"https:\/\/www.visit-ulcinj.com\/blog\/2013\/06\/16\/ceremonija-otvaranja-gradanskog-biroa-u-ulcinj-17-06-2013-u-11h\/","title":{"rendered":"Ceremonija otvaranja Gra\u0111anskog biroa u Ulcinj  17.06.2013 u 11h"},"content":{"rendered":"<p><strong><a href=\"http:\/\/www.visit-ulcinj.com\/blog\/wp-content\/uploads\/2013\/06\/Byroja-qytetare-ne-komunen-e-Ulqini_USAID.jpg\"><img loading=\"lazy\" class=\"alignleft  wp-image-72372\" alt=\" Ceremonija otvaranja Gra\u0111anskog biroa u Ulcinj  17.06.2013 u 11h\" src=\"http:\/\/www.visit-ulcinj.com\/blog\/wp-content\/uploads\/2013\/06\/Byroja-qytetare-ne-komunen-e-Ulqini_USAID.jpg\" width=\"508\" height=\"360\" \/><\/a>U ponedeljak 17.06.2013 u 11:00 u Op\u0161tini Ulcinj odr\u017eava se ceremonija otvaranja Gra\u0111anskog biroa<\/strong><\/p>\n<p>U ponedeljak, dana 17.06.2013 god. u 11h u Op\u0161tini Ulcinj, odr\u017eava se ceremonija sve\u010danog otvaranja Gra\u0111anskog biroa. Ovaj projekat finasiran od strane USAID-a ima vrijednost od 100 000 eur uklju\u010duju\u0107i i izgradnju prostorije Gra\u0111anskog biroa, ICT infrastrukturu kao i softver koji omogu\u0107ava elektronsko procesuiranje svih dokumenata u lokalnoj upravi, od arhive do nadle\u017enih slu\u017ebi. Cilj projekta je pobolj\u0161anje\u00a0transparentosti i funkcionalnosti i \u00a0lokalne administracije.<\/p>\n<p>U prilogu je agenda ceremonije otvaranja:<\/p>\n<p><strong>AGENDA<\/strong><br \/>\n<strong>Otvaranje Gra\u0111anskog biroa u Op\u0161tini Ulcinj<\/strong><\/p>\n<p>Ponedjeljak, 17. jun, 11:00 &#8211; 12:00<\/p>\n<p>11:00 Po\u010detak ceremonije otvaranja Gra\u0111anskog Biroa<br \/>\nU\u010cESNICI: HE Sue K. Brown, US Ambasador<br \/>\nNazif Cungu, gradona\u010delnik<\/p>\n<p>11:07 Pozdravna rije\u010d i uvod &#8211; \u017darko \u0110uranovi\u0107, USAID\/GG Activity<\/p>\n<p>11:10 Govor predsjednika Op\u0161tine Ulcinj gospodina Nazifa Cungu<\/p>\n<p>11:15 Govor Ambasadorke SAD u Crnoj Gori Sue K. Brown<\/p>\n<p>11:20 Sve\u010dano otkrivanje USAID plakete u Gradjanskom birou<\/p>\n<p>11:30 Kratki obilazak novoosnovanog Gra\u0111anskog biroa u Op\u0161tini Ulcinj<\/p>\n<p>12:00 Kraj ceremonije<\/p>\n<p><strong>Op\u0161tina Ulcinj \/ Komuna e Ulqinit<\/strong><br \/>\nTel: +382 30 412 050<br \/>\nFax: +382 30 412 413<br \/>\nAdresa: Bul. Skenderbeu bb, 85360 Ulcinj, MNE<\/p>\n","protected":false},"excerpt":{"rendered":"<p>U ponedeljak 17.06.2013 u 11:00 u Op\u0161tini Ulcinj odr\u017eava se ceremonija otvaranja Gra\u0111anskog biroa U ponedeljak, dana 17.06.2013 god. u 11h u Op\u0161tini Ulcinj, odr\u017eava se ceremonija sve\u010danog otvaranja Gra\u0111anskog biroa. Ovaj projekat finasiran od strane USAID-a ima vrijednost od 100 000 eur uklju\u010duju\u0107i i izgradnju prostorije Gra\u0111anskog biroa, ICT infrastrukturu kao i softver koji [&hellip;]<\/p>\n","protected":false},"author":1,"featured_media":0,"comment_status":"closed","ping_status":"closed","sticky":false,"template":"","format":"standard","meta":{"spay_email":"","jetpack_publicize_message":"","jetpack_is_tweetstorm":false,"jetpack_publicize_feature_enabled":true},"categories":[6950],"tags":[],"jetpack_publicize_connections":[],"yoast_head":"<!-- This site is optimized with the Yoast SEO plugin v19.1 - https:\/\/yoast.com\/wordpress\/plugins\/seo\/ -->\n<title>Ceremonija otvaranja Gra\u0111anskog biroa u Ulcinj 17.06.2013 u 11h - Lajme nga Ulqini<\/title>\n<meta name=\"description\" content=\"U ponedeljak 17.06.2013 u 11:00 u Op\u0161tini Ulcinj odr\u017eava se ceremonija otvaranja Gra\u0111anskog biroa U ponedeljak, dana 17.06.2013 god. u 11h u Op\u0161tini\" \/>\n<meta name=\"robots\" content=\"index, follow, max-snippet:-1, max-image-preview:large, max-video-preview:-1\" \/>\n<link rel=\"canonical\" href=\"https:\/\/www.visit-ulcinj.com\/blog\/2013\/06\/16\/ceremonija-otvaranja-gradanskog-biroa-u-ulcinj-17-06-2013-u-11h\/\" \/>\n<meta property=\"og:locale\" content=\"en_US\" \/>\n<meta property=\"og:type\" content=\"article\" \/>\n<meta property=\"og:title\" content=\"Ceremonija otvaranja Gra\u0111anskog biroa u Ulcinj 17.06.2013 u 11h - Lajme nga Ulqini\" \/>\n<meta property=\"og:description\" content=\"U ponedeljak 17.06.2013 u 11:00 u Op\u0161tini Ulcinj odr\u017eava se ceremonija otvaranja Gra\u0111anskog biroa U ponedeljak, dana 17.06.2013 god. u 11h u Op\u0161tini\" \/>\n<meta property=\"og:url\" content=\"https:\/\/www.visit-ulcinj.com\/blog\/2013\/06\/16\/ceremonija-otvaranja-gradanskog-biroa-u-ulcinj-17-06-2013-u-11h\/\" \/>\n<meta property=\"og:site_name\" content=\"Lajme nga Ulqini\" \/>\n<meta property=\"article:published_time\" content=\"2013-06-16T06:05:54+00:00\" \/>\n<meta property=\"og:image\" content=\"http:\/\/www.visit-ulcinj.com\/blog\/wp-content\/uploads\/2013\/06\/Byroja-qytetare-ne-komunen-e-Ulqini_USAID.jpg\" \/>\n<meta name=\"twitter:label1\" content=\"Written by\" \/>\n\t<meta name=\"twitter:data1\" content=\"ulqini\" \/>\n\t<meta name=\"twitter:label2\" content=\"Est. reading time\" \/>\n\t<meta name=\"twitter:data2\" content=\"1 minute\" \/>\n<script type=\"application\/ld+json\" class=\"yoast-schema-graph\">{\"@context\":\"https:\/\/schema.org\",\"@graph\":[{\"@type\":\"WebSite\",\"@id\":\"https:\/\/www.visit-ulcinj.com\/blog\/#website\",\"url\":\"https:\/\/www.visit-ulcinj.com\/blog\/\",\"name\":\"Lajme nga Ulqini\",\"description\":\"Lajme,Vijesti,Ulqini,Ulqin,Crna Gora,Mali i Zi\",\"potentialAction\":[{\"@type\":\"SearchAction\",\"target\":{\"@type\":\"EntryPoint\",\"urlTemplate\":\"https:\/\/www.visit-ulcinj.com\/blog\/?s={search_term_string}\"},\"query-input\":\"required name=search_term_string\"}],\"inLanguage\":\"en-US\"},{\"@type\":\"ImageObject\",\"inLanguage\":\"en-US\",\"@id\":\"https:\/\/www.visit-ulcinj.com\/blog\/2013\/06\/16\/ceremonija-otvaranja-gradanskog-biroa-u-ulcinj-17-06-2013-u-11h\/#primaryimage\",\"url\":\"https:\/\/www.visit-ulcinj.com\/blog\/wp-content\/uploads\/2013\/06\/Byroja-qytetare-ne-komunen-e-Ulqini_USAID.jpg\",\"contentUrl\":\"https:\/\/www.visit-ulcinj.com\/blog\/wp-content\/uploads\/2013\/06\/Byroja-qytetare-ne-komunen-e-Ulqini_USAID.jpg\",\"width\":800,\"height\":600},{\"@type\":\"WebPage\",\"@id\":\"https:\/\/www.visit-ulcinj.com\/blog\/2013\/06\/16\/ceremonija-otvaranja-gradanskog-biroa-u-ulcinj-17-06-2013-u-11h\/#webpage\",\"url\":\"https:\/\/www.visit-ulcinj.com\/blog\/2013\/06\/16\/ceremonija-otvaranja-gradanskog-biroa-u-ulcinj-17-06-2013-u-11h\/\",\"name\":\"Ceremonija otvaranja Gra\u0111anskog biroa u Ulcinj 17.06.2013 u 11h - Lajme nga Ulqini\",\"isPartOf\":{\"@id\":\"https:\/\/www.visit-ulcinj.com\/blog\/#website\"},\"primaryImageOfPage\":{\"@id\":\"https:\/\/www.visit-ulcinj.com\/blog\/2013\/06\/16\/ceremonija-otvaranja-gradanskog-biroa-u-ulcinj-17-06-2013-u-11h\/#primaryimage\"},\"datePublished\":\"2013-06-16T06:05:54+00:00\",\"dateModified\":\"2013-06-16T06:05:54+00:00\",\"author\":{\"@id\":\"https:\/\/www.visit-ulcinj.com\/blog\/#\/schema\/person\/dcab619c614d3038751c63bc2aadc06d\"},\"description\":\"U ponedeljak 17.06.2013 u 11:00 u Op\u0161tini Ulcinj odr\u017eava se ceremonija otvaranja Gra\u0111anskog biroa U ponedeljak, dana 17.06.2013 god. u 11h u Op\u0161tini\",\"breadcrumb\":{\"@id\":\"https:\/\/www.visit-ulcinj.com\/blog\/2013\/06\/16\/ceremonija-otvaranja-gradanskog-biroa-u-ulcinj-17-06-2013-u-11h\/#breadcrumb\"},\"inLanguage\":\"en-US\",\"potentialAction\":[{\"@type\":\"ReadAction\",\"target\":[\"https:\/\/www.visit-ulcinj.com\/blog\/2013\/06\/16\/ceremonija-otvaranja-gradanskog-biroa-u-ulcinj-17-06-2013-u-11h\/\"]}]},{\"@type\":\"BreadcrumbList\",\"@id\":\"https:\/\/www.visit-ulcinj.com\/blog\/2013\/06\/16\/ceremonija-otvaranja-gradanskog-biroa-u-ulcinj-17-06-2013-u-11h\/#breadcrumb\",\"itemListElement\":[{\"@type\":\"ListItem\",\"position\":1,\"name\":\"Ceremonija otvaranja Gra\u0111anskog biroa u Ulcinj 17.06.2013 u 11h\"}]},{\"@type\":\"Person\",\"@id\":\"https:\/\/www.visit-ulcinj.com\/blog\/#\/schema\/person\/dcab619c614d3038751c63bc2aadc06d\",\"name\":\"ulqini\",\"sameAs\":[\"http:\/\/www.visit-ulcinj.com\"],\"url\":\"https:\/\/www.visit-ulcinj.com\/blog\/author\/admin\/\"}]}<\/script>\n<!-- \/ Yoast SEO plugin. -->","yoast_head_json":{"title":"Ceremonija otvaranja Gra\u0111anskog biroa u Ulcinj 17.06.2013 u 11h - Lajme nga Ulqini","description":"U ponedeljak 17.06.2013 u 11:00 u Op\u0161tini Ulcinj odr\u017eava se ceremonija otvaranja Gra\u0111anskog biroa U ponedeljak, dana 17.06.2013 god. u 11h u Op\u0161tini","robots":{"index":"index","follow":"follow","max-snippet":"max-snippet:-1","max-image-preview":"max-image-preview:large","max-video-preview":"max-video-preview:-1"},"canonical":"https:\/\/www.visit-ulcinj.com\/blog\/2013\/06\/16\/ceremonija-otvaranja-gradanskog-biroa-u-ulcinj-17-06-2013-u-11h\/","og_locale":"en_US","og_type":"article","og_title":"Ceremonija otvaranja Gra\u0111anskog biroa u Ulcinj 17.06.2013 u 11h - Lajme nga Ulqini","og_description":"U ponedeljak 17.06.2013 u 11:00 u Op\u0161tini Ulcinj odr\u017eava se ceremonija otvaranja Gra\u0111anskog biroa U ponedeljak, dana 17.06.2013 god. u 11h u Op\u0161tini","og_url":"https:\/\/www.visit-ulcinj.com\/blog\/2013\/06\/16\/ceremonija-otvaranja-gradanskog-biroa-u-ulcinj-17-06-2013-u-11h\/","og_site_name":"Lajme nga Ulqini","article_published_time":"2013-06-16T06:05:54+00:00","og_image":[{"url":"http:\/\/www.visit-ulcinj.com\/blog\/wp-content\/uploads\/2013\/06\/Byroja-qytetare-ne-komunen-e-Ulqini_USAID.jpg"}],"twitter_misc":{"Written by":"ulqini","Est. reading time":"1 minute"},"schema":{"@context":"https:\/\/schema.org","@graph":[{"@type":"WebSite","@id":"https:\/\/www.visit-ulcinj.com\/blog\/#website","url":"https:\/\/www.visit-ulcinj.com\/blog\/","name":"Lajme nga Ulqini","description":"Lajme,Vijesti,Ulqini,Ulqin,Crna Gora,Mali i Zi","potentialAction":[{"@type":"SearchAction","target":{"@type":"EntryPoint","urlTemplate":"https:\/\/www.visit-ulcinj.com\/blog\/?s={search_term_string}"},"query-input":"required name=search_term_string"}],"inLanguage":"en-US"},{"@type":"ImageObject","inLanguage":"en-US","@id":"https:\/\/www.visit-ulcinj.com\/blog\/2013\/06\/16\/ceremonija-otvaranja-gradanskog-biroa-u-ulcinj-17-06-2013-u-11h\/#primaryimage","url":"https:\/\/www.visit-ulcinj.com\/blog\/wp-content\/uploads\/2013\/06\/Byroja-qytetare-ne-komunen-e-Ulqini_USAID.jpg","contentUrl":"https:\/\/www.visit-ulcinj.com\/blog\/wp-content\/uploads\/2013\/06\/Byroja-qytetare-ne-komunen-e-Ulqini_USAID.jpg","width":800,"height":600},{"@type":"WebPage","@id":"https:\/\/www.visit-ulcinj.com\/blog\/2013\/06\/16\/ceremonija-otvaranja-gradanskog-biroa-u-ulcinj-17-06-2013-u-11h\/#webpage","url":"https:\/\/www.visit-ulcinj.com\/blog\/2013\/06\/16\/ceremonija-otvaranja-gradanskog-biroa-u-ulcinj-17-06-2013-u-11h\/","name":"Ceremonija otvaranja Gra\u0111anskog biroa u Ulcinj 17.06.2013 u 11h - Lajme nga Ulqini","isPartOf":{"@id":"https:\/\/www.visit-ulcinj.com\/blog\/#website"},"primaryImageOfPage":{"@id":"https:\/\/www.visit-ulcinj.com\/blog\/2013\/06\/16\/ceremonija-otvaranja-gradanskog-biroa-u-ulcinj-17-06-2013-u-11h\/#primaryimage"},"datePublished":"2013-06-16T06:05:54+00:00","dateModified":"2013-06-16T06:05:54+00:00","author":{"@id":"https:\/\/www.visit-ulcinj.com\/blog\/#\/schema\/person\/dcab619c614d3038751c63bc2aadc06d"},"description":"U ponedeljak 17.06.2013 u 11:00 u Op\u0161tini Ulcinj odr\u017eava se ceremonija otvaranja Gra\u0111anskog biroa U ponedeljak, dana 17.06.2013 god. u 11h u Op\u0161tini","breadcrumb":{"@id":"https:\/\/www.visit-ulcinj.com\/blog\/2013\/06\/16\/ceremonija-otvaranja-gradanskog-biroa-u-ulcinj-17-06-2013-u-11h\/#breadcrumb"},"inLanguage":"en-US","potentialAction":[{"@type":"ReadAction","target":["https:\/\/www.visit-ulcinj.com\/blog\/2013\/06\/16\/ceremonija-otvaranja-gradanskog-biroa-u-ulcinj-17-06-2013-u-11h\/"]}]},{"@type":"BreadcrumbList","@id":"https:\/\/www.visit-ulcinj.com\/blog\/2013\/06\/16\/ceremonija-otvaranja-gradanskog-biroa-u-ulcinj-17-06-2013-u-11h\/#breadcrumb","itemListElement":[{"@type":"ListItem","position":1,"name":"Ceremonija otvaranja Gra\u0111anskog biroa u Ulcinj 17.06.2013 u 11h"}]},{"@type":"Person","@id":"https:\/\/www.visit-ulcinj.com\/blog\/#\/schema\/person\/dcab619c614d3038751c63bc2aadc06d","name":"ulqini","sameAs":["http:\/\/www.visit-ulcinj.com"],"url":"https:\/\/www.visit-ulcinj.com\/blog\/author\/admin\/"}]}},"jetpack_featured_media_url":"","jetpack_sharing_enabled":true,"jetpack_shortlink":"https:\/\/wp.me\/pe6lTn-iQ3","_links":{"self":[{"href":"https:\/\/www.visit-ulcinj.com\/blog\/wp-json\/wp\/v2\/posts\/72419"}],"collection":[{"href":"https:\/\/www.visit-ulcinj.com\/blog\/wp-json\/wp\/v2\/posts"}],"about":[{"href":"https:\/\/www.visit-ulcinj.com\/blog\/wp-json\/wp\/v2\/types\/post"}],"author":[{"embeddable":true,"href":"https:\/\/www.visit-ulcinj.com\/blog\/wp-json\/wp\/v2\/users\/1"}],"replies":[{"embeddable":true,"href":"https:\/\/www.visit-ulcinj.com\/blog\/wp-json\/wp\/v2\/comments?post=72419"}],"version-history":[{"count":1,"href":"https:\/\/www.visit-ulcinj.com\/blog\/wp-json\/wp\/v2\/posts\/72419\/revisions"}],"predecessor-version":[{"id":72420,"href":"https:\/\/www.visit-ulcinj.com\/blog\/wp-json\/wp\/v2\/posts\/72419\/revisions\/72420"}],"wp:attachment":[{"href":"https:\/\/www.visit-ulcinj.com\/blog\/wp-json\/wp\/v2\/media?parent=72419"}],"wp:term":[{"taxonomy":"category","embeddable":true,"href":"https:\/\/www.visit-ulcinj.com\/blog\/wp-json\/wp\/v2\/categories?post=72419"},{"taxonomy":"post_tag","embeddable":true,"href":"https:\/\/www.visit-ulcinj.com\/blog\/wp-json\/wp\/v2\/tags?post=72419"}],"curies":[{"name":"wp","href":"https:\/\/api.w.org\/{rel}","templated":true}]}}