{"id":72453,"date":"2013-06-18T07:54:57","date_gmt":"2013-06-18T06:54:57","guid":{"rendered":"http:\/\/www.visit-ulcinj.com\/blog\/?p=72453"},"modified":"2013-06-18T07:55:15","modified_gmt":"2013-06-18T06:55:15","slug":"u-opstini-ulcinj-je-otvoren-gradanski-biro-foto","status":"publish","type":"post","link":"https:\/\/www.visit-ulcinj.com\/blog\/2013\/06\/18\/u-opstini-ulcinj-je-otvoren-gradanski-biro-foto\/","title":{"rendered":"U op\u0161tini Ulcinj je otvoren Gra\u0111anski biro + Foto"},"content":{"rendered":"<p><a href=\"http:\/\/www.visit-ulcinj.com\/blog\/wp-content\/uploads\/2013\/06\/Sue-K-Brown-Nazif-Cungu-inauguration-Ulcinj-Montenegro-1.jpg\"><img loading=\"lazy\" class=\"alignleft  wp-image-72441\" alt=\"Sue-K-Brown-Nazif-Cungu-inauguration-Ulcinj-Montenegro-1\" src=\"http:\/\/www.visit-ulcinj.com\/blog\/wp-content\/uploads\/2013\/06\/Sue-K-Brown-Nazif-Cungu-inauguration-Ulcinj-Montenegro-1.jpg\" width=\"508\" height=\"360\" \/><\/a>Danas je, u prisustvu NJ.E. g-dje Sue K. Brown, ambasadorke SAD u Crnoj Gori, zvani\u010dno otvoren Gra\u0111anski biro u op\u0161tini Ulcinj, \u010dime je obilje\u017eeno uspje\u0161no sprovodjenje Memoranduma o razumijevanju potpisanog izmedju Op\u0161tine Ulcinj, USAID-a i Programa efikasnog upravljanja u novembru 2012. godine.<br \/>\nUkupna podr\u0161ka aktivnostima u op\u0161tini Ulcinj, u iznosu od oko 120.000 USD, realizovana je sredstvima ameri\u010dkog naroda kroz Agenciju SAD za me\u0111unarodni razvoj (USAID), a sproveo je Program efikasnog upravljanja u Crnoj Gori (Good Governance Activity in Montenegro).<\/p>\n<p>Projektne aktivnosti sa op\u0161tinom Ulcinj su po\u010dele 28. novembra 2012, potpisivanjem pomenutog Memoranduma o razumijevanju, koji je predstavljao formalni okvir za implementaciju Plana uvo\u0111enja efikasnije i transparentnije lokalne samouprave u op\u0161tini Ulcinj Akcionog plana u vezi sa istim. Ure\u0111enje Gra\u0111anskog biroa u Ulcinju jedna je od aktivnosti predvi\u0111enih Planom, a koju su sproveli \u201eProgram efikasnog upravljanja u Crnoj Gori&#8221; i predstavnici lokalne administracije u periodu od decembra 2012. i juna ove godine.<br \/>\nAktivnosti predvidjene Planom prevashodno su imale za cilj pojednostavljenje procedura i njihova automatizacija, unaprje\u0111enje ukupne transparentnosti rada lokalne samouprave i odnosa sa klijentima i pobolj\u0161anje unutra\u0161nje komunikacije u okviru lokalne administracije.<br \/>\nKonkretne aktivnosti realizovane u op\u0161tini Ulcinj podrazumijevale su:<br \/>\n-Detaljnu analizu postoje\u0107ih administrativnih procedura koje se odnose na preduze\u0107a i na gra\u0111ane, analizu raspolo\u017eivih IT i ljudskih resursa u lokalnoj administraciji, kao i preporuke za njihovo unaprije\u0111enje.<br \/>\n-Organizovanje obuka za zaposlene u lokalnoj administraciji na svim nivoima.<br \/>\n-Instaliranje kompjutersko-telefonske mre\u017ee kako bi se omogu\u0107ila interna i eksterna komunikacija u lokalnoj samuopravi i kako bi se omogu\u0107io sistem kontrole sprovo\u0111enja svih administrativnih procedura.<br \/>\n-Instaliran je jednostavan softver, koji je uklju\u010dio pojednostavljene procedure i koji je lak za kori\u0161\u0107enje i primjenu u Gra\u0111anskom birou uz adekvatnu kompjutersku opremu, a tako\u0111e je organizovana obuka za sve zaposlene koji sprovode administrativne procedure.<br \/>\n-U skladu sa potrebama klijenata su ure\u0111ene prostorije koje je odredila op\u0161tina za novi Gra\u0111anski biro gdje je ure\u0111en prostor za 7 radnih mjesta i za klijente koji mogu koristiti kompjuter za pripremu prijave ili zahtjeva ili za kontakt sa drugim institucijama, npr. na nacionalnom nivou.<br \/>\n&#8220;Program efikasnog upravljanja u Crnoj Gori&#8221; (Good Governance Activity in Montenegro) finansiran sredstvima USAID-a implementira East West Management Institute od oktobra 2010. godine. Krajnji cilj Programa jeste stvaranje transparentnijih, funkcionalnijih i otvorenijih institucija upravljanja, kao i ja\u010danje uloge civilnog dru\u0161tva i privatnog sektora kao partnera tih institucija u Crnoj Gori. Poseban akcenat u kontekstu implementacije ovog projekta u Ulcinju stavljen je na pojednostavljenje administrativnih procedura i efikasniji i transparentniji rad lokalne samouprave.<\/p>\n<p>&nbsp;<\/p>\n<p><strong>Op\u0161tina Ulcinj \/ Komuna e Ulqinit<\/strong><br \/>\nTel: +382 30 412 050<br \/>\nFax: +382 30 412 413<br \/>\nAdresa: Bul. Skenderbeu bb, 85360 Ulcinj, MNE<\/p>\n<p><strong><a href=\"http:\/\/www.visit-ulcinj.com\/blog\/wp-content\/uploads\/2013\/06\/Sue-K-Brown-Nazif-Cungu-inauguration-Ulcinj-Montenegro.jpg\"><img loading=\"lazy\" class=\"alignleft  wp-image-72440\" alt=\"Sue-K-Brown-Nazif-Cungu-inauguration-Ulcinj-Montenegro\" src=\"http:\/\/www.visit-ulcinj.com\/blog\/wp-content\/uploads\/2013\/06\/Sue-K-Brown-Nazif-Cungu-inauguration-Ulcinj-Montenegro.jpg\" width=\"508\" height=\"360\" \/><br \/>\n<\/a> <a href=\"http:\/\/www.visit-ulcinj.com\/blog\/wp-content\/uploads\/2013\/06\/Sue-K-Brown-Nazif-Cungu-inauguration-Ulcinj-Montenegro-2.jpg\"><img loading=\"lazy\" class=\"alignleft  wp-image-72442\" alt=\"Sue-K-Brown-Nazif-Cungu-inauguration-Ulcinj-Montenegro-2\" src=\"http:\/\/www.visit-ulcinj.com\/blog\/wp-content\/uploads\/2013\/06\/Sue-K-Brown-Nazif-Cungu-inauguration-Ulcinj-Montenegro-2.jpg\" width=\"508\" height=\"360\" \/><\/a> <a href=\"http:\/\/www.visit-ulcinj.com\/blog\/wp-content\/uploads\/2013\/06\/Sue-K-Brown-Nazif-Cungu-inauguration-Ulcinj-Montenegro-3.jpg\"><img loading=\"lazy\" class=\"alignleft  wp-image-72443\" alt=\"Sue-K-Brown-Nazif-Cungu-inauguration-Ulcinj-Montenegro-3\" src=\"http:\/\/www.visit-ulcinj.com\/blog\/wp-content\/uploads\/2013\/06\/Sue-K-Brown-Nazif-Cungu-inauguration-Ulcinj-Montenegro-3.jpg\" width=\"508\" height=\"360\" \/><\/a> <a href=\"http:\/\/www.visit-ulcinj.com\/blog\/wp-content\/uploads\/2013\/06\/Sue-K-Brown-Nazif-Cungu-inauguration-Ulcinj-Montenegro-4.jpg\"><img loading=\"lazy\" class=\"alignleft  wp-image-72444\" alt=\"Sue-K-Brown-Nazif-Cungu-inauguration-Ulcinj-Montenegro-4\" src=\"http:\/\/www.visit-ulcinj.com\/blog\/wp-content\/uploads\/2013\/06\/Sue-K-Brown-Nazif-Cungu-inauguration-Ulcinj-Montenegro-4.jpg\" width=\"508\" height=\"360\" \/><\/a> <a href=\"http:\/\/www.visit-ulcinj.com\/blog\/wp-content\/uploads\/2013\/06\/Sue-K-Brown-Nazif-Cungu-inauguration-Ulcinj-Montenegro-5.jpg\"><img loading=\"lazy\" class=\"alignleft  wp-image-72445\" alt=\"Sue-K-Brown-Nazif-Cungu-inauguration-Ulcinj-Montenegro-5\" src=\"http:\/\/www.visit-ulcinj.com\/blog\/wp-content\/uploads\/2013\/06\/Sue-K-Brown-Nazif-Cungu-inauguration-Ulcinj-Montenegro-5.jpg\" width=\"508\" height=\"360\" \/><\/a> <a href=\"http:\/\/www.visit-ulcinj.com\/blog\/wp-content\/uploads\/2013\/06\/Sue-K-Brown-Nazif-Cungu-inauguration-Ulcinj-Montenegro-6.jpg\"><img loading=\"lazy\" class=\"alignleft  wp-image-72446\" alt=\"Sue-K-Brown-Nazif-Cungu-inauguration-Ulcinj-Montenegro-6\" src=\"http:\/\/www.visit-ulcinj.com\/blog\/wp-content\/uploads\/2013\/06\/Sue-K-Brown-Nazif-Cungu-inauguration-Ulcinj-Montenegro-6.jpg\" width=\"508\" height=\"360\" \/><\/a> <a href=\"http:\/\/www.visit-ulcinj.com\/blog\/wp-content\/uploads\/2013\/06\/Sue-K-Brown-Nazif-Cungu-inauguration-Ulcinj-Montenegro-7.jpg\"><img loading=\"lazy\" class=\"alignleft  wp-image-72447\" alt=\"Sue-K-Brown-Nazif-Cungu-inauguration-Ulcinj-Montenegro-7\" src=\"http:\/\/www.visit-ulcinj.com\/blog\/wp-content\/uploads\/2013\/06\/Sue-K-Brown-Nazif-Cungu-inauguration-Ulcinj-Montenegro-7.jpg\" width=\"508\" height=\"360\" \/><\/a> <a href=\"http:\/\/www.visit-ulcinj.com\/blog\/wp-content\/uploads\/2013\/06\/Sue-K-Brown-Nazif-Cungu-inauguration-Ulcinj-Montenegro-8.jpg\"><img loading=\"lazy\" class=\"alignleft  wp-image-72448\" alt=\"Sue-K-Brown-Nazif-Cungu-inauguration-Ulcinj-Montenegro-8\" src=\"http:\/\/www.visit-ulcinj.com\/blog\/wp-content\/uploads\/2013\/06\/Sue-K-Brown-Nazif-Cungu-inauguration-Ulcinj-Montenegro-8.jpg\" width=\"508\" height=\"360\" \/><\/a> <a href=\"http:\/\/www.visit-ulcinj.com\/blog\/wp-content\/uploads\/2013\/06\/Sue-K-Brown-Nazif-Cungu-inauguration-Ulcinj-Montenegro-9.jpg\"><img loading=\"lazy\" class=\"alignleft  wp-image-72449\" alt=\"Sue-K-Brown-Nazif-Cungu-inauguration-Ulcinj-Montenegro-9\" src=\"http:\/\/www.visit-ulcinj.com\/blog\/wp-content\/uploads\/2013\/06\/Sue-K-Brown-Nazif-Cungu-inauguration-Ulcinj-Montenegro-9.jpg\" width=\"508\" height=\"360\" \/><\/a> <a href=\"http:\/\/www.visit-ulcinj.com\/blog\/wp-content\/uploads\/2013\/06\/Sue-K-Brown-Nazif-Cungu-inauguration-Ulcinj-Montenegro-10.jpg\"><img loading=\"lazy\" class=\"alignleft  wp-image-72450\" alt=\"Sue-K-Brown-Nazif-Cungu-inauguration-Ulcinj-Montenegro-10\" src=\"http:\/\/www.visit-ulcinj.com\/blog\/wp-content\/uploads\/2013\/06\/Sue-K-Brown-Nazif-Cungu-inauguration-Ulcinj-Montenegro-10.jpg\" width=\"508\" height=\"360\" \/><\/a><\/strong><\/p>\n","protected":false},"excerpt":{"rendered":"<p>Danas je, u prisustvu NJ.E. g-dje Sue K. Brown, ambasadorke SAD u Crnoj Gori, zvani\u010dno otvoren Gra\u0111anski biro u op\u0161tini Ulcinj, \u010dime je obilje\u017eeno uspje\u0161no sprovodjenje Memoranduma o razumijevanju potpisanog izmedju Op\u0161tine Ulcinj, USAID-a i Programa efikasnog upravljanja u novembru 2012. godine. Ukupna podr\u0161ka aktivnostima u op\u0161tini Ulcinj, u iznosu od oko 120.000 USD, realizovana [&hellip;]<\/p>\n","protected":false},"author":1,"featured_media":0,"comment_status":"closed","ping_status":"closed","sticky":false,"template":"","format":"standard","meta":{"spay_email":"","jetpack_publicize_message":"","jetpack_is_tweetstorm":false,"jetpack_publicize_feature_enabled":true},"categories":[8337],"tags":[],"jetpack_publicize_connections":[],"yoast_head":"<!-- This site is optimized with the Yoast SEO plugin v19.1 - https:\/\/yoast.com\/wordpress\/plugins\/seo\/ -->\n<title>U op\u0161tini Ulcinj je otvoren Gra\u0111anski biro + Foto - Lajme nga Ulqini<\/title>\n<meta name=\"description\" content=\"Danas je, u prisustvu NJ.E. g-dje Sue K. Brown, ambasadorke SAD u Crnoj Gori, zvani\u010dno otvoren Gra\u0111anski biro u op\u0161tini Ulcinj, \u010dime je obilje\u017eeno\" \/>\n<meta name=\"robots\" content=\"index, follow, max-snippet:-1, max-image-preview:large, max-video-preview:-1\" \/>\n<link rel=\"canonical\" href=\"https:\/\/www.visit-ulcinj.com\/blog\/2013\/06\/18\/u-opstini-ulcinj-je-otvoren-gradanski-biro-foto\/\" \/>\n<meta property=\"og:locale\" content=\"en_US\" \/>\n<meta property=\"og:type\" content=\"article\" \/>\n<meta property=\"og:title\" content=\"U op\u0161tini Ulcinj je otvoren Gra\u0111anski biro + Foto - Lajme nga Ulqini\" \/>\n<meta property=\"og:description\" content=\"Danas je, u prisustvu NJ.E. g-dje Sue K. Brown, ambasadorke SAD u Crnoj Gori, zvani\u010dno otvoren Gra\u0111anski biro u op\u0161tini Ulcinj, \u010dime je obilje\u017eeno\" \/>\n<meta property=\"og:url\" content=\"https:\/\/www.visit-ulcinj.com\/blog\/2013\/06\/18\/u-opstini-ulcinj-je-otvoren-gradanski-biro-foto\/\" \/>\n<meta property=\"og:site_name\" content=\"Lajme nga Ulqini\" \/>\n<meta property=\"article:published_time\" content=\"2013-06-18T06:54:57+00:00\" \/>\n<meta property=\"article:modified_time\" content=\"2013-06-18T06:55:15+00:00\" \/>\n<meta property=\"og:image\" content=\"http:\/\/www.visit-ulcinj.com\/blog\/wp-content\/uploads\/2013\/06\/Sue-K-Brown-Nazif-Cungu-inauguration-Ulcinj-Montenegro-1.jpg\" \/>\n<meta name=\"twitter:label1\" content=\"Written by\" \/>\n\t<meta name=\"twitter:data1\" content=\"ulqini\" \/>\n\t<meta name=\"twitter:label2\" content=\"Est. reading time\" \/>\n\t<meta name=\"twitter:data2\" content=\"2 minutes\" \/>\n<script type=\"application\/ld+json\" class=\"yoast-schema-graph\">{\"@context\":\"https:\/\/schema.org\",\"@graph\":[{\"@type\":\"WebSite\",\"@id\":\"https:\/\/www.visit-ulcinj.com\/blog\/#website\",\"url\":\"https:\/\/www.visit-ulcinj.com\/blog\/\",\"name\":\"Lajme nga Ulqini\",\"description\":\"Lajme,Vijesti,Ulqini,Ulqin,Crna Gora,Mali i Zi\",\"potentialAction\":[{\"@type\":\"SearchAction\",\"target\":{\"@type\":\"EntryPoint\",\"urlTemplate\":\"https:\/\/www.visit-ulcinj.com\/blog\/?s={search_term_string}\"},\"query-input\":\"required name=search_term_string\"}],\"inLanguage\":\"en-US\"},{\"@type\":\"ImageObject\",\"inLanguage\":\"en-US\",\"@id\":\"https:\/\/www.visit-ulcinj.com\/blog\/2013\/06\/18\/u-opstini-ulcinj-je-otvoren-gradanski-biro-foto\/#primaryimage\",\"url\":\"https:\/\/www.visit-ulcinj.com\/blog\/wp-content\/uploads\/2013\/06\/Sue-K-Brown-Nazif-Cungu-inauguration-Ulcinj-Montenegro-1.jpg\",\"contentUrl\":\"https:\/\/www.visit-ulcinj.com\/blog\/wp-content\/uploads\/2013\/06\/Sue-K-Brown-Nazif-Cungu-inauguration-Ulcinj-Montenegro-1.jpg\",\"width\":640,\"height\":424},{\"@type\":\"WebPage\",\"@id\":\"https:\/\/www.visit-ulcinj.com\/blog\/2013\/06\/18\/u-opstini-ulcinj-je-otvoren-gradanski-biro-foto\/#webpage\",\"url\":\"https:\/\/www.visit-ulcinj.com\/blog\/2013\/06\/18\/u-opstini-ulcinj-je-otvoren-gradanski-biro-foto\/\",\"name\":\"U op\u0161tini Ulcinj je otvoren Gra\u0111anski biro + Foto - Lajme nga Ulqini\",\"isPartOf\":{\"@id\":\"https:\/\/www.visit-ulcinj.com\/blog\/#website\"},\"primaryImageOfPage\":{\"@id\":\"https:\/\/www.visit-ulcinj.com\/blog\/2013\/06\/18\/u-opstini-ulcinj-je-otvoren-gradanski-biro-foto\/#primaryimage\"},\"datePublished\":\"2013-06-18T06:54:57+00:00\",\"dateModified\":\"2013-06-18T06:55:15+00:00\",\"author\":{\"@id\":\"https:\/\/www.visit-ulcinj.com\/blog\/#\/schema\/person\/dcab619c614d3038751c63bc2aadc06d\"},\"description\":\"Danas je, u prisustvu NJ.E. g-dje Sue K. Brown, ambasadorke SAD u Crnoj Gori, zvani\u010dno otvoren Gra\u0111anski biro u op\u0161tini Ulcinj, \u010dime je obilje\u017eeno\",\"breadcrumb\":{\"@id\":\"https:\/\/www.visit-ulcinj.com\/blog\/2013\/06\/18\/u-opstini-ulcinj-je-otvoren-gradanski-biro-foto\/#breadcrumb\"},\"inLanguage\":\"en-US\",\"potentialAction\":[{\"@type\":\"ReadAction\",\"target\":[\"https:\/\/www.visit-ulcinj.com\/blog\/2013\/06\/18\/u-opstini-ulcinj-je-otvoren-gradanski-biro-foto\/\"]}]},{\"@type\":\"BreadcrumbList\",\"@id\":\"https:\/\/www.visit-ulcinj.com\/blog\/2013\/06\/18\/u-opstini-ulcinj-je-otvoren-gradanski-biro-foto\/#breadcrumb\",\"itemListElement\":[{\"@type\":\"ListItem\",\"position\":1,\"name\":\"U op\u0161tini Ulcinj je otvoren Gra\u0111anski biro + Foto\"}]},{\"@type\":\"Person\",\"@id\":\"https:\/\/www.visit-ulcinj.com\/blog\/#\/schema\/person\/dcab619c614d3038751c63bc2aadc06d\",\"name\":\"ulqini\",\"sameAs\":[\"http:\/\/www.visit-ulcinj.com\"],\"url\":\"https:\/\/www.visit-ulcinj.com\/blog\/author\/admin\/\"}]}<\/script>\n<!-- \/ Yoast SEO plugin. -->","yoast_head_json":{"title":"U op\u0161tini Ulcinj je otvoren Gra\u0111anski biro + Foto - Lajme nga Ulqini","description":"Danas je, u prisustvu NJ.E. g-dje Sue K. Brown, ambasadorke SAD u Crnoj Gori, zvani\u010dno otvoren Gra\u0111anski biro u op\u0161tini Ulcinj, \u010dime je obilje\u017eeno","robots":{"index":"index","follow":"follow","max-snippet":"max-snippet:-1","max-image-preview":"max-image-preview:large","max-video-preview":"max-video-preview:-1"},"canonical":"https:\/\/www.visit-ulcinj.com\/blog\/2013\/06\/18\/u-opstini-ulcinj-je-otvoren-gradanski-biro-foto\/","og_locale":"en_US","og_type":"article","og_title":"U op\u0161tini Ulcinj je otvoren Gra\u0111anski biro + Foto - Lajme nga Ulqini","og_description":"Danas je, u prisustvu NJ.E. g-dje Sue K. Brown, ambasadorke SAD u Crnoj Gori, zvani\u010dno otvoren Gra\u0111anski biro u op\u0161tini Ulcinj, \u010dime je obilje\u017eeno","og_url":"https:\/\/www.visit-ulcinj.com\/blog\/2013\/06\/18\/u-opstini-ulcinj-je-otvoren-gradanski-biro-foto\/","og_site_name":"Lajme nga Ulqini","article_published_time":"2013-06-18T06:54:57+00:00","article_modified_time":"2013-06-18T06:55:15+00:00","og_image":[{"url":"http:\/\/www.visit-ulcinj.com\/blog\/wp-content\/uploads\/2013\/06\/Sue-K-Brown-Nazif-Cungu-inauguration-Ulcinj-Montenegro-1.jpg"}],"twitter_misc":{"Written by":"ulqini","Est. reading time":"2 minutes"},"schema":{"@context":"https:\/\/schema.org","@graph":[{"@type":"WebSite","@id":"https:\/\/www.visit-ulcinj.com\/blog\/#website","url":"https:\/\/www.visit-ulcinj.com\/blog\/","name":"Lajme nga Ulqini","description":"Lajme,Vijesti,Ulqini,Ulqin,Crna Gora,Mali i Zi","potentialAction":[{"@type":"SearchAction","target":{"@type":"EntryPoint","urlTemplate":"https:\/\/www.visit-ulcinj.com\/blog\/?s={search_term_string}"},"query-input":"required name=search_term_string"}],"inLanguage":"en-US"},{"@type":"ImageObject","inLanguage":"en-US","@id":"https:\/\/www.visit-ulcinj.com\/blog\/2013\/06\/18\/u-opstini-ulcinj-je-otvoren-gradanski-biro-foto\/#primaryimage","url":"https:\/\/www.visit-ulcinj.com\/blog\/wp-content\/uploads\/2013\/06\/Sue-K-Brown-Nazif-Cungu-inauguration-Ulcinj-Montenegro-1.jpg","contentUrl":"https:\/\/www.visit-ulcinj.com\/blog\/wp-content\/uploads\/2013\/06\/Sue-K-Brown-Nazif-Cungu-inauguration-Ulcinj-Montenegro-1.jpg","width":640,"height":424},{"@type":"WebPage","@id":"https:\/\/www.visit-ulcinj.com\/blog\/2013\/06\/18\/u-opstini-ulcinj-je-otvoren-gradanski-biro-foto\/#webpage","url":"https:\/\/www.visit-ulcinj.com\/blog\/2013\/06\/18\/u-opstini-ulcinj-je-otvoren-gradanski-biro-foto\/","name":"U op\u0161tini Ulcinj je otvoren Gra\u0111anski biro + Foto - Lajme nga Ulqini","isPartOf":{"@id":"https:\/\/www.visit-ulcinj.com\/blog\/#website"},"primaryImageOfPage":{"@id":"https:\/\/www.visit-ulcinj.com\/blog\/2013\/06\/18\/u-opstini-ulcinj-je-otvoren-gradanski-biro-foto\/#primaryimage"},"datePublished":"2013-06-18T06:54:57+00:00","dateModified":"2013-06-18T06:55:15+00:00","author":{"@id":"https:\/\/www.visit-ulcinj.com\/blog\/#\/schema\/person\/dcab619c614d3038751c63bc2aadc06d"},"description":"Danas je, u prisustvu NJ.E. g-dje Sue K. Brown, ambasadorke SAD u Crnoj Gori, zvani\u010dno otvoren Gra\u0111anski biro u op\u0161tini Ulcinj, \u010dime je obilje\u017eeno","breadcrumb":{"@id":"https:\/\/www.visit-ulcinj.com\/blog\/2013\/06\/18\/u-opstini-ulcinj-je-otvoren-gradanski-biro-foto\/#breadcrumb"},"inLanguage":"en-US","potentialAction":[{"@type":"ReadAction","target":["https:\/\/www.visit-ulcinj.com\/blog\/2013\/06\/18\/u-opstini-ulcinj-je-otvoren-gradanski-biro-foto\/"]}]},{"@type":"BreadcrumbList","@id":"https:\/\/www.visit-ulcinj.com\/blog\/2013\/06\/18\/u-opstini-ulcinj-je-otvoren-gradanski-biro-foto\/#breadcrumb","itemListElement":[{"@type":"ListItem","position":1,"name":"U op\u0161tini Ulcinj je otvoren Gra\u0111anski biro + Foto"}]},{"@type":"Person","@id":"https:\/\/www.visit-ulcinj.com\/blog\/#\/schema\/person\/dcab619c614d3038751c63bc2aadc06d","name":"ulqini","sameAs":["http:\/\/www.visit-ulcinj.com"],"url":"https:\/\/www.visit-ulcinj.com\/blog\/author\/admin\/"}]}},"jetpack_featured_media_url":"","jetpack_sharing_enabled":true,"jetpack_shortlink":"https:\/\/wp.me\/pe6lTn-iQB","_links":{"self":[{"href":"https:\/\/www.visit-ulcinj.com\/blog\/wp-json\/wp\/v2\/posts\/72453"}],"collection":[{"href":"https:\/\/www.visit-ulcinj.com\/blog\/wp-json\/wp\/v2\/posts"}],"about":[{"href":"https:\/\/www.visit-ulcinj.com\/blog\/wp-json\/wp\/v2\/types\/post"}],"author":[{"embeddable":true,"href":"https:\/\/www.visit-ulcinj.com\/blog\/wp-json\/wp\/v2\/users\/1"}],"replies":[{"embeddable":true,"href":"https:\/\/www.visit-ulcinj.com\/blog\/wp-json\/wp\/v2\/comments?post=72453"}],"version-history":[{"count":2,"href":"https:\/\/www.visit-ulcinj.com\/blog\/wp-json\/wp\/v2\/posts\/72453\/revisions"}],"predecessor-version":[{"id":72455,"href":"https:\/\/www.visit-ulcinj.com\/blog\/wp-json\/wp\/v2\/posts\/72453\/revisions\/72455"}],"wp:attachment":[{"href":"https:\/\/www.visit-ulcinj.com\/blog\/wp-json\/wp\/v2\/media?parent=72453"}],"wp:term":[{"taxonomy":"category","embeddable":true,"href":"https:\/\/www.visit-ulcinj.com\/blog\/wp-json\/wp\/v2\/categories?post=72453"},{"taxonomy":"post_tag","embeddable":true,"href":"https:\/\/www.visit-ulcinj.com\/blog\/wp-json\/wp\/v2\/tags?post=72453"}],"curies":[{"name":"wp","href":"https:\/\/api.w.org\/{rel}","templated":true}]}}