{"id":72494,"date":"2013-06-19T15:33:09","date_gmt":"2013-06-19T14:33:09","guid":{"rendered":"http:\/\/www.visit-ulcinj.com\/blog\/?p=72494"},"modified":"2013-06-19T15:33:22","modified_gmt":"2013-06-19T14:33:22","slug":"ne-ulqin-po-zhvillohen-disa-investime-ne-infrastrukture","status":"publish","type":"post","link":"https:\/\/www.visit-ulcinj.com\/blog\/2013\/06\/19\/ne-ulqin-po-zhvillohen-disa-investime-ne-infrastrukture\/","title":{"rendered":"N\u00eb Ulqin po zhvillohen disa investime n\u00eb infrastruktur\u00eb"},"content":{"rendered":"<p><a href=\"http:\/\/www.visit-ulcinj.com\/blog\/wp-content\/uploads\/2011\/10\/komuna-e-ulqinit2.jpg\"><img loading=\"lazy\" class=\"alignleft  wp-image-52263\" alt=\"komuna-e-ulqinit2\" src=\"http:\/\/www.visit-ulcinj.com\/blog\/wp-content\/uploads\/2011\/10\/komuna-e-ulqinit2.jpg\" width=\"508\" height=\"360\" \/><\/a>Gjat\u00eb dit\u00ebve t\u00eb fundit jan\u00eb duke u zhvilluar punimet p\u00ebr rregullimin e trotoareve n\u00eb Plazhen e Madhe, rreth nd\u00ebrmarrjes s\u00eb Uj\u00ebsjellsit dhe Nd\u00ebrmarrjes p\u00ebr Veprimtari Komunale, n\u00eb rrug\u00ebn 28 n\u00ebntori e k\u00ebshtu me rrall\u00eb. Punimi i k\u00ebtyre trotuar\u00ebve kan\u00eb nj\u00eb gjat\u00ebsi prej 2020m dhe kapin vleren prej 45.000euro.\u00a0Poashtu kan\u00eb p\u00ebrfunduar punimet p\u00ebr vendosjen e ndri\u00e7imit publik n\u00eb hyrje t\u00eb stacionit t\u00eb autobusave, punimet e t\u00eb cilit i ka realizuar kompania Ramel dhe investimin ka vleren prej 7200 euro.<br \/>\nN\u00eb nd\u00ebrkoh\u00eb jan\u00eb duke u realizuar edhe punime t\u00eb tjera q\u00eb ndikojn\u00eb n\u00eb p\u00ebrmirsimin e gjendjes infrastrukturore n\u00eb komun\u00ebn e Ulqinit.<\/p>\n<p>&nbsp;<\/p>\n<p><strong>Op\u0161tina Ulcinj \/ Komuna e Ulqinit<\/strong><br \/>\nTel: +382 30 412 050<br \/>\nFax: +382 30 412 413<br \/>\nAdresa: Bul. Skenderbeu bb, 85360 Ulcinj, MNE<\/p>\n","protected":false},"excerpt":{"rendered":"<p>Gjat\u00eb dit\u00ebve t\u00eb fundit jan\u00eb duke u zhvilluar punimet p\u00ebr rregullimin e trotoareve n\u00eb Plazhen e Madhe, rreth nd\u00ebrmarrjes s\u00eb Uj\u00ebsjellsit dhe Nd\u00ebrmarrjes p\u00ebr Veprimtari Komunale, n\u00eb rrug\u00ebn 28 n\u00ebntori e k\u00ebshtu me rrall\u00eb. Punimi i k\u00ebtyre trotuar\u00ebve kan\u00eb nj\u00eb gjat\u00ebsi prej 2020m dhe kapin vleren prej 45.000euro.\u00a0Poashtu kan\u00eb p\u00ebrfunduar punimet p\u00ebr vendosjen e ndri\u00e7imit [&hellip;]<\/p>\n","protected":false},"author":1,"featured_media":0,"comment_status":"closed","ping_status":"closed","sticky":false,"template":"","format":"standard","meta":{"spay_email":"","jetpack_publicize_message":"","jetpack_is_tweetstorm":false,"jetpack_publicize_feature_enabled":true},"categories":[10],"tags":[],"jetpack_publicize_connections":[],"yoast_head":"<!-- This site is optimized with the Yoast SEO plugin v19.1 - https:\/\/yoast.com\/wordpress\/plugins\/seo\/ -->\n<title>N\u00eb Ulqin po zhvillohen disa investime n\u00eb infrastruktur\u00eb - Lajme nga Ulqini<\/title>\n<meta name=\"description\" content=\"Gjat\u00eb dit\u00ebve t\u00eb fundit jan\u00eb duke u zhvilluar punimet p\u00ebr rregullimin e trotoareve n\u00eb Plazhen e Madhe, rreth nd\u00ebrmarrjes s\u00eb Uj\u00ebsjellsit dhe Nd\u00ebrmarrjes p\u00ebr\" \/>\n<meta name=\"robots\" content=\"index, follow, max-snippet:-1, max-image-preview:large, max-video-preview:-1\" \/>\n<link rel=\"canonical\" href=\"https:\/\/www.visit-ulcinj.com\/blog\/2013\/06\/19\/ne-ulqin-po-zhvillohen-disa-investime-ne-infrastrukture\/\" \/>\n<meta property=\"og:locale\" content=\"en_US\" \/>\n<meta property=\"og:type\" content=\"article\" \/>\n<meta property=\"og:title\" content=\"N\u00eb Ulqin po zhvillohen disa investime n\u00eb infrastruktur\u00eb - Lajme nga Ulqini\" \/>\n<meta property=\"og:description\" content=\"Gjat\u00eb dit\u00ebve t\u00eb fundit jan\u00eb duke u zhvilluar punimet p\u00ebr rregullimin e trotoareve n\u00eb Plazhen e Madhe, rreth nd\u00ebrmarrjes s\u00eb Uj\u00ebsjellsit dhe Nd\u00ebrmarrjes p\u00ebr\" \/>\n<meta property=\"og:url\" content=\"https:\/\/www.visit-ulcinj.com\/blog\/2013\/06\/19\/ne-ulqin-po-zhvillohen-disa-investime-ne-infrastrukture\/\" \/>\n<meta property=\"og:site_name\" content=\"Lajme nga Ulqini\" \/>\n<meta property=\"article:published_time\" content=\"2013-06-19T14:33:09+00:00\" \/>\n<meta property=\"article:modified_time\" content=\"2013-06-19T14:33:22+00:00\" \/>\n<meta property=\"og:image\" content=\"http:\/\/www.visit-ulcinj.com\/blog\/wp-content\/uploads\/2011\/10\/komuna-e-ulqinit2.jpg\" \/>\n<meta name=\"twitter:label1\" content=\"Written by\" \/>\n\t<meta name=\"twitter:data1\" content=\"ulqini\" \/>\n\t<meta name=\"twitter:label2\" content=\"Est. reading time\" \/>\n\t<meta name=\"twitter:data2\" content=\"1 minute\" \/>\n<script type=\"application\/ld+json\" class=\"yoast-schema-graph\">{\"@context\":\"https:\/\/schema.org\",\"@graph\":[{\"@type\":\"WebSite\",\"@id\":\"https:\/\/www.visit-ulcinj.com\/blog\/#website\",\"url\":\"https:\/\/www.visit-ulcinj.com\/blog\/\",\"name\":\"Lajme nga Ulqini\",\"description\":\"Lajme,Vijesti,Ulqini,Ulqin,Crna Gora,Mali i Zi\",\"potentialAction\":[{\"@type\":\"SearchAction\",\"target\":{\"@type\":\"EntryPoint\",\"urlTemplate\":\"https:\/\/www.visit-ulcinj.com\/blog\/?s={search_term_string}\"},\"query-input\":\"required name=search_term_string\"}],\"inLanguage\":\"en-US\"},{\"@type\":\"ImageObject\",\"inLanguage\":\"en-US\",\"@id\":\"https:\/\/www.visit-ulcinj.com\/blog\/2013\/06\/19\/ne-ulqin-po-zhvillohen-disa-investime-ne-infrastrukture\/#primaryimage\",\"url\":\"https:\/\/www.visit-ulcinj.com\/blog\/wp-content\/uploads\/2011\/10\/komuna-e-ulqinit2.jpg\",\"contentUrl\":\"https:\/\/www.visit-ulcinj.com\/blog\/wp-content\/uploads\/2011\/10\/komuna-e-ulqinit2.jpg\",\"width\":\"600\",\"height\":\"450\"},{\"@type\":\"WebPage\",\"@id\":\"https:\/\/www.visit-ulcinj.com\/blog\/2013\/06\/19\/ne-ulqin-po-zhvillohen-disa-investime-ne-infrastrukture\/#webpage\",\"url\":\"https:\/\/www.visit-ulcinj.com\/blog\/2013\/06\/19\/ne-ulqin-po-zhvillohen-disa-investime-ne-infrastrukture\/\",\"name\":\"N\u00eb Ulqin po zhvillohen disa investime n\u00eb infrastruktur\u00eb - Lajme nga Ulqini\",\"isPartOf\":{\"@id\":\"https:\/\/www.visit-ulcinj.com\/blog\/#website\"},\"primaryImageOfPage\":{\"@id\":\"https:\/\/www.visit-ulcinj.com\/blog\/2013\/06\/19\/ne-ulqin-po-zhvillohen-disa-investime-ne-infrastrukture\/#primaryimage\"},\"datePublished\":\"2013-06-19T14:33:09+00:00\",\"dateModified\":\"2013-06-19T14:33:22+00:00\",\"author\":{\"@id\":\"https:\/\/www.visit-ulcinj.com\/blog\/#\/schema\/person\/dcab619c614d3038751c63bc2aadc06d\"},\"description\":\"Gjat\u00eb dit\u00ebve t\u00eb fundit jan\u00eb duke u zhvilluar punimet p\u00ebr rregullimin e trotoareve n\u00eb Plazhen e Madhe, rreth nd\u00ebrmarrjes s\u00eb Uj\u00ebsjellsit dhe Nd\u00ebrmarrjes p\u00ebr\",\"breadcrumb\":{\"@id\":\"https:\/\/www.visit-ulcinj.com\/blog\/2013\/06\/19\/ne-ulqin-po-zhvillohen-disa-investime-ne-infrastrukture\/#breadcrumb\"},\"inLanguage\":\"en-US\",\"potentialAction\":[{\"@type\":\"ReadAction\",\"target\":[\"https:\/\/www.visit-ulcinj.com\/blog\/2013\/06\/19\/ne-ulqin-po-zhvillohen-disa-investime-ne-infrastrukture\/\"]}]},{\"@type\":\"BreadcrumbList\",\"@id\":\"https:\/\/www.visit-ulcinj.com\/blog\/2013\/06\/19\/ne-ulqin-po-zhvillohen-disa-investime-ne-infrastrukture\/#breadcrumb\",\"itemListElement\":[{\"@type\":\"ListItem\",\"position\":1,\"name\":\"N\u00eb Ulqin po zhvillohen disa investime n\u00eb infrastruktur\u00eb\"}]},{\"@type\":\"Person\",\"@id\":\"https:\/\/www.visit-ulcinj.com\/blog\/#\/schema\/person\/dcab619c614d3038751c63bc2aadc06d\",\"name\":\"ulqini\",\"sameAs\":[\"http:\/\/www.visit-ulcinj.com\"],\"url\":\"https:\/\/www.visit-ulcinj.com\/blog\/author\/admin\/\"}]}<\/script>\n<!-- \/ Yoast SEO plugin. -->","yoast_head_json":{"title":"N\u00eb Ulqin po zhvillohen disa investime n\u00eb infrastruktur\u00eb - Lajme nga Ulqini","description":"Gjat\u00eb dit\u00ebve t\u00eb fundit jan\u00eb duke u zhvilluar punimet p\u00ebr rregullimin e trotoareve n\u00eb Plazhen e Madhe, rreth nd\u00ebrmarrjes s\u00eb Uj\u00ebsjellsit dhe Nd\u00ebrmarrjes p\u00ebr","robots":{"index":"index","follow":"follow","max-snippet":"max-snippet:-1","max-image-preview":"max-image-preview:large","max-video-preview":"max-video-preview:-1"},"canonical":"https:\/\/www.visit-ulcinj.com\/blog\/2013\/06\/19\/ne-ulqin-po-zhvillohen-disa-investime-ne-infrastrukture\/","og_locale":"en_US","og_type":"article","og_title":"N\u00eb Ulqin po zhvillohen disa investime n\u00eb infrastruktur\u00eb - Lajme nga Ulqini","og_description":"Gjat\u00eb dit\u00ebve t\u00eb fundit jan\u00eb duke u zhvilluar punimet p\u00ebr rregullimin e trotoareve n\u00eb Plazhen e Madhe, rreth nd\u00ebrmarrjes s\u00eb Uj\u00ebsjellsit dhe Nd\u00ebrmarrjes p\u00ebr","og_url":"https:\/\/www.visit-ulcinj.com\/blog\/2013\/06\/19\/ne-ulqin-po-zhvillohen-disa-investime-ne-infrastrukture\/","og_site_name":"Lajme nga Ulqini","article_published_time":"2013-06-19T14:33:09+00:00","article_modified_time":"2013-06-19T14:33:22+00:00","og_image":[{"url":"http:\/\/www.visit-ulcinj.com\/blog\/wp-content\/uploads\/2011\/10\/komuna-e-ulqinit2.jpg"}],"twitter_misc":{"Written by":"ulqini","Est. reading time":"1 minute"},"schema":{"@context":"https:\/\/schema.org","@graph":[{"@type":"WebSite","@id":"https:\/\/www.visit-ulcinj.com\/blog\/#website","url":"https:\/\/www.visit-ulcinj.com\/blog\/","name":"Lajme nga Ulqini","description":"Lajme,Vijesti,Ulqini,Ulqin,Crna Gora,Mali i Zi","potentialAction":[{"@type":"SearchAction","target":{"@type":"EntryPoint","urlTemplate":"https:\/\/www.visit-ulcinj.com\/blog\/?s={search_term_string}"},"query-input":"required name=search_term_string"}],"inLanguage":"en-US"},{"@type":"ImageObject","inLanguage":"en-US","@id":"https:\/\/www.visit-ulcinj.com\/blog\/2013\/06\/19\/ne-ulqin-po-zhvillohen-disa-investime-ne-infrastrukture\/#primaryimage","url":"https:\/\/www.visit-ulcinj.com\/blog\/wp-content\/uploads\/2011\/10\/komuna-e-ulqinit2.jpg","contentUrl":"https:\/\/www.visit-ulcinj.com\/blog\/wp-content\/uploads\/2011\/10\/komuna-e-ulqinit2.jpg","width":"600","height":"450"},{"@type":"WebPage","@id":"https:\/\/www.visit-ulcinj.com\/blog\/2013\/06\/19\/ne-ulqin-po-zhvillohen-disa-investime-ne-infrastrukture\/#webpage","url":"https:\/\/www.visit-ulcinj.com\/blog\/2013\/06\/19\/ne-ulqin-po-zhvillohen-disa-investime-ne-infrastrukture\/","name":"N\u00eb Ulqin po zhvillohen disa investime n\u00eb infrastruktur\u00eb - Lajme nga Ulqini","isPartOf":{"@id":"https:\/\/www.visit-ulcinj.com\/blog\/#website"},"primaryImageOfPage":{"@id":"https:\/\/www.visit-ulcinj.com\/blog\/2013\/06\/19\/ne-ulqin-po-zhvillohen-disa-investime-ne-infrastrukture\/#primaryimage"},"datePublished":"2013-06-19T14:33:09+00:00","dateModified":"2013-06-19T14:33:22+00:00","author":{"@id":"https:\/\/www.visit-ulcinj.com\/blog\/#\/schema\/person\/dcab619c614d3038751c63bc2aadc06d"},"description":"Gjat\u00eb dit\u00ebve t\u00eb fundit jan\u00eb duke u zhvilluar punimet p\u00ebr rregullimin e trotoareve n\u00eb Plazhen e Madhe, rreth nd\u00ebrmarrjes s\u00eb Uj\u00ebsjellsit dhe Nd\u00ebrmarrjes p\u00ebr","breadcrumb":{"@id":"https:\/\/www.visit-ulcinj.com\/blog\/2013\/06\/19\/ne-ulqin-po-zhvillohen-disa-investime-ne-infrastrukture\/#breadcrumb"},"inLanguage":"en-US","potentialAction":[{"@type":"ReadAction","target":["https:\/\/www.visit-ulcinj.com\/blog\/2013\/06\/19\/ne-ulqin-po-zhvillohen-disa-investime-ne-infrastrukture\/"]}]},{"@type":"BreadcrumbList","@id":"https:\/\/www.visit-ulcinj.com\/blog\/2013\/06\/19\/ne-ulqin-po-zhvillohen-disa-investime-ne-infrastrukture\/#breadcrumb","itemListElement":[{"@type":"ListItem","position":1,"name":"N\u00eb Ulqin po zhvillohen disa investime n\u00eb infrastruktur\u00eb"}]},{"@type":"Person","@id":"https:\/\/www.visit-ulcinj.com\/blog\/#\/schema\/person\/dcab619c614d3038751c63bc2aadc06d","name":"ulqini","sameAs":["http:\/\/www.visit-ulcinj.com"],"url":"https:\/\/www.visit-ulcinj.com\/blog\/author\/admin\/"}]}},"jetpack_featured_media_url":"","jetpack_sharing_enabled":true,"jetpack_shortlink":"https:\/\/wp.me\/pe6lTn-iRg","_links":{"self":[{"href":"https:\/\/www.visit-ulcinj.com\/blog\/wp-json\/wp\/v2\/posts\/72494"}],"collection":[{"href":"https:\/\/www.visit-ulcinj.com\/blog\/wp-json\/wp\/v2\/posts"}],"about":[{"href":"https:\/\/www.visit-ulcinj.com\/blog\/wp-json\/wp\/v2\/types\/post"}],"author":[{"embeddable":true,"href":"https:\/\/www.visit-ulcinj.com\/blog\/wp-json\/wp\/v2\/users\/1"}],"replies":[{"embeddable":true,"href":"https:\/\/www.visit-ulcinj.com\/blog\/wp-json\/wp\/v2\/comments?post=72494"}],"version-history":[{"count":2,"href":"https:\/\/www.visit-ulcinj.com\/blog\/wp-json\/wp\/v2\/posts\/72494\/revisions"}],"predecessor-version":[{"id":72496,"href":"https:\/\/www.visit-ulcinj.com\/blog\/wp-json\/wp\/v2\/posts\/72494\/revisions\/72496"}],"wp:attachment":[{"href":"https:\/\/www.visit-ulcinj.com\/blog\/wp-json\/wp\/v2\/media?parent=72494"}],"wp:term":[{"taxonomy":"category","embeddable":true,"href":"https:\/\/www.visit-ulcinj.com\/blog\/wp-json\/wp\/v2\/categories?post=72494"},{"taxonomy":"post_tag","embeddable":true,"href":"https:\/\/www.visit-ulcinj.com\/blog\/wp-json\/wp\/v2\/tags?post=72494"}],"curies":[{"name":"wp","href":"https:\/\/api.w.org\/{rel}","templated":true}]}}