{"id":72498,"date":"2013-06-19T17:11:46","date_gmt":"2013-06-19T16:11:46","guid":{"rendered":"http:\/\/www.visit-ulcinj.com\/blog\/?p=72498"},"modified":"2013-06-19T17:35:18","modified_gmt":"2013-06-19T16:35:18","slug":"konkursit-per-ndarjen-e-mjeteve-organizatave-joqeveritarete","status":"publish","type":"post","link":"https:\/\/www.visit-ulcinj.com\/blog\/2013\/06\/19\/konkursit-per-ndarjen-e-mjeteve-organizatave-joqeveritarete\/","title":{"rendered":"Konkursit p\u00ebr ndarjen e mjeteve organizatave joqeveritarete"},"content":{"rendered":"<p><a href=\"http:\/\/www.visit-ulcinj.com\/blog\/wp-content\/uploads\/2013\/06\/Komuna-Ulqinit-Press.jpg\"><img loading=\"lazy\" class=\"alignleft  wp-image-72502\" alt=\"Komuna-Ulqinit-Press\" src=\"http:\/\/www.visit-ulcinj.com\/blog\/wp-content\/uploads\/2013\/06\/Komuna-Ulqinit-Press.jpg\" width=\"508\" height=\"360\" \/><\/a>N\u00eb baz\u00eb t\u00eb nenit 3 t\u00eb Vendimit mbi kriteret, m\u00ebnyr\u00ebn dhe procedimin p\u00ebr ndarjen e mjeteve organizatave joqeveritarete shpallur ne (\u201cFl.Zyrtare e Malit te Zi nr. 5\/07),<br \/>\nKRYETARI I KOUN\u00cbS S\u00cb ULQINIT<\/p>\n<p>S h p a l l \u00eb<\/p>\n<p>KONKURS PUBLIK P\u00cbR NDARJEN E MJETEVE P\u00cbR PROJEKTE ORGANIZATAVE JOQEVERITARE P\u00cbR VITIN 2013<\/p>\n<p>1. L\u00ebnd\u00eb e konkursit \u00ebsht\u00eb ndarja e mjeteve organizatave joqeveritare t\u00eb planifikuara. me buxhetin e Komun\u00ebs s\u00eb Ulqinit, realizimi i te cilave ne t\u00ebr\u00ebsi do te realizohen n\u00eb territorin e Komun\u00ebs s\u00eb Ulqinit nga k\u00ebto fusha:<br \/>\n&#8211; mjetet e planifikuara me Buxhetin e Komun\u00ebs s\u00eb Ulqinit u ndahen n\u00eb radh\u00eb t\u00eb par\u00eb organizatave joqeveritare projektet e t\u00eb cilave jan\u00eb nga fushat:<br \/>\n&#8211; Socio \u2013 humanitare,<br \/>\n&#8211; F\u00ebmij\u00ebve dhe rinis\u00eb,<br \/>\n&#8211; Kultur\u00ebs, artit dhe shkollimit,<br \/>\n&#8211; Mbrojtjes s\u00eb midisit jet\u00ebsor dhe sh\u00ebndetit t\u00eb qytetar\u00ebve<br \/>\n&#8211; Nd\u00ebrtimi dhe zhvilimi i komunitetit lokal dhe<br \/>\n&#8211; Demokracia dhe t\u00eb drejtat e njeriut (t\u00eb grave dhe pakicave).<br \/>\nKomisioni me rastin e shpalljes s\u00eb konkursit p\u00ebr \u00e7do vit definon prioritetet p\u00ebr at\u00eb vit.<br \/>\n2. T\u00eb drejt\u00eb pjes\u00ebmarrjeje kan\u00eb ORGNIZATAT JOQEVERITARE t\u00eb cilat deri n\u00eb dit\u00ebn e<br \/>\nshpalljes s\u00eb Konkursit jan\u00eb t\u00eb regjistruara \u00eb Mal t\u00eb Zi, me seli n\u00eb Ulqin (ne perputhmeri me ligjin e ri mbi shoqatat joqeveritare \u201cFl.zyr.MZ\u201d nr. 39\/11), qe realizimin e shpenzimeve t\u00eb mjeteve n\u00eb t\u00ebr\u00ebsi do ta bejn\u00eb n\u00eb territorin e Komun\u00ebs s\u00eb Ulqinit dhe qe deri diten e fundit t\u00eb perfundimit konkursit, komisionit p\u00ebr ndarjen e mjet\u00ebve do i dorzojn\u00eb raportin narativ dhe financiar mbi realizimin e meparshem t\u00eb projekteve t\u00eb fituara dhe realizuara (p\u00ebr projektet e 2011 vit.).<br \/>\n3. Ndarjen e mjeteve e b\u00ebn\u00eb Komisioni p\u00ebr ndarjen e mjeteve p\u00ebr projekte t\u00eb organizatave<br \/>\njoqeveritare (n\u00eb vazhdim Komisioni), t\u00eb cilin e ka formuar Kryetari i Komun\u00ebs s\u00eb Ulqinit.<br \/>\n4. Organizata joqeveritare aplikon n\u00eb Konkursin e shpallur.<br \/>\n4.1.Formularin i aplikimit organizata joqeveritare mund ta marr\u00eb n\u00eb byron\u00eb e qytetar\u00ebve t\u00eb Komun\u00ebs s\u00eb Ulqinit dhe n\u00eb Sekretariatin p\u00ebr administrat\u00eb dhe veprimtari shoq\u00ebrore t\u00eb komun\u00ebs s\u00eb Ulqinit.<br \/>\n4.2.Aplikimi i dor\u00ebzohet Komisionit n\u00eb zarf t\u00eb vulosur dhe dor\u00ebzohet n\u00eb byron\u00eb e qytetar\u00ebve t\u00eb komun\u00ebs s\u00eb Ulqinit.<br \/>\n4.3.Organizata joqeveritare mund t\u00eb konkuroj\u00eb p\u00ebt vler\u00ebn e p\u00ebrgjithshme t\u00eb \u00e7mimit t\u00eb projektit apo p\u00ebr pjes\u00ebn e mjeteve q\u00eb mungojn\u00eb dhe \u00ebsht\u00eb i obliguesh\u00ebm q\u00eb k\u00ebt\u00eb ta sh\u00ebnoj\u00eb.<br \/>\n4.4.Aplikacionit i bashkangjiten:<br \/>\n&#8211; D\u00ebshmia e regjistrimit n\u00eb Mal t\u00eb Zi dhe Statuti,<br \/>\n&#8211; Projekti me t\u00eb cilin organizata konkurron p\u00ebr ndarjen e mjteve i shkruar sipas form\u00ebs s\u00eb<br \/>\ndefinuar projektuese nga ana e Komun\u00ebs s\u00eb Ulqinit (n\u00eb harmoni me nenin 10 t\u00eb k\u00ebtij Vendimi) n\u00eb shtat\u00eb ekzemplar\u00eb,<br \/>\n&#8211; rekomandimet e ekspert\u00ebve nga l\u00ebmit\u00eb relevante, n\u00ebse i posedojn\u00eb,<br \/>\n&#8211; garancin\u00eb (deklarat\u00ebn) e personit t\u00eb autorizuar q\u00eb nuk ka fituar mjete nga ndonj\u00eb donator tjet\u00ebr p\u00ebr projektin apo pjes\u00ebs s\u00eb projektit i cili kandidohet, e q\u00eb p\u00ebrmban\u00eb dispozit\u00ebn mbi pranimin e p\u00ebrgjegj\u00ebsis\u00eb n\u00eb baz\u00eb t\u00eb kodit penal t\u00eb Malit t\u00eb Zi.<br \/>\n4.5.Me q\u00ebllim t\u00eb arritjes s\u00eb kushteve t\u00eb nj\u00ebjta p\u00ebr t\u00eb gjith\u00eb pjes\u00ebmarr\u00ebsit e konkursit si dhe procedimit metodologjik \u00ebsht\u00eb p\u00ebrshkruar formulari p\u00ebr paraqitje t\u00eb projekteve i cili p\u00ebrb\u00ebhet nga tri pjes\u00eb dhe t\u00eb cilin e plot\u00ebson n\u00ebpun\u00ebsi i autorizuar i byros\u00eb s\u00eb qztetar\u00ebve, personi i autorizuar i organizat\u00ebs joqeveritare dhe Komisioni me rastin e vendosjes.<br \/>\n4.6.Form\u00ebn projektuese si dhe CD n\u00eb gjuh\u00ebn Shqipe dhe at\u00eb Malazeze organizatat joqeveritare mund ta marrin n\u00eb byron\u00eb qytetare t\u00eb Komun\u00ebs s\u00eb Ulqinit dhe Sekretariatin p\u00ebr administrat\u00eb dhe veprimtari shoq\u00ebrore.<br \/>\n4.7.Komisioni cakton mbledhjen konsultative me oganizatat joqeveritare, n\u00eb t\u00eb cil\u00ebn do t\u00eb informohen mbi t\u00eb gjitha \u00e7\u00ebshtjet e r\u00ebnd\u00ebsishme p\u00ebr pjes\u00ebmarrje n\u00eb konkurs n\u00eb jav\u00ebn e pare pas shpalljes s\u00eb konkursit.<br \/>\n4.8.Informatat mbi t\u00eb gjitha \u00e7\u00ebshtjet e r\u00ebnd\u00ebsi p\u00ebr pjes\u00ebmarrjen n\u00eb konkurs mund t\u00eb merren \u00e7do dit\u00eb pune nga ora 08 deri n\u00eb 15, n\u00eb tel. dhe faks 030-412-926 apo celular 069034228 (kontakt personi Ahmet Aloshi.<br \/>\n5.1. Shuma maksimale e mjeteve t\u00eb ndara p\u00ebr projektin e miratuar t\u00eb nj\u00eb organizate mund te jet 20% nga buxheti i parapar\u00eb i komun\u00ebs p\u00ebr k\u00ebt\u00eb q\u00ebllim.<br \/>\n5.2. Komisioni \u00ebsht\u00eb i obliguesh\u00ebm t\u00eb sjell\u00eb vendimin mbi ndarjen e mjeteve n\u00eb afat prej 30 dit\u00ebsh nga dita e skadimit t\u00eb konkursit.<br \/>\n5.3. Vendimin mbi ndarjen e mjeteve komisioni do ta publikoj\u00eb n\u00eb tabel\u00ebn e shpalljeve t\u00eb Komun\u00ebs s\u00eb Ulqinit, n\u00eb Sekretariatin p\u00ebr administrat\u00eb dhe aktivitete shoq\u00ebrore, gazet\u00ebn ditore \u201cPobjeda\u201d n\u00eb t\u00eb cil\u00ebn \u00ebsht\u00eb shpall\u00eb Konkursi dhe ne te gjitha mjetet e informimit publik ne teritorin e Komunes s\u00eb Ulqinit.<br \/>\n5.4. Pas sjelljes s\u00eb vendimit mbi ndarjen e mjeteve dhe shpalljes publike t\u00eb vendimit t\u00eb komisionit, kryetari i komun\u00ebs lidh kontrat\u00ebn me organizat\u00ebn joqeveritare me t\u00eb cil\u00ebn rregullohen t\u00eb drejtat dhe obligimet e nd\u00ebrsjellta, m\u00eb s\u00eb voni 30 dit\u00eb nga dita e sjelljes s\u00eb vendimit t\u00eb komisionit mbi ndarjen e mjeteve.<br \/>\n6. Konkursi \u00ebsht\u00eb shpallur me daten 12.06.2013. vit n\u00eb gazet\u00ebn ditore \u201cPobjeda\u201d &#8211; Podgorica dhe \u00ebsht\u00eb i hapur 30 dit\u00eb nga dita e botimit.<br \/>\nKOMUNA E ULQINIT<br \/>\nKryetari i Komun\u00ebs,<br \/>\nNazif Cungu<\/p>\n","protected":false},"excerpt":{"rendered":"<p>N\u00eb baz\u00eb t\u00eb nenit 3 t\u00eb Vendimit mbi kriteret, m\u00ebnyr\u00ebn dhe procedimin p\u00ebr ndarjen e mjeteve organizatave joqeveritarete shpallur ne (\u201cFl.Zyrtare e Malit te Zi nr. 5\/07), KRYETARI I KOUN\u00cbS S\u00cb ULQINIT S h p a l l \u00eb KONKURS PUBLIK P\u00cbR NDARJEN E MJETEVE P\u00cbR PROJEKTE ORGANIZATAVE JOQEVERITARE P\u00cbR VITIN 2013 1. L\u00ebnd\u00eb e [&hellip;]<\/p>\n","protected":false},"author":1,"featured_media":0,"comment_status":"closed","ping_status":"closed","sticky":false,"template":"","format":"standard","meta":{"spay_email":"","jetpack_publicize_message":"","jetpack_is_tweetstorm":false,"jetpack_publicize_feature_enabled":true},"categories":[14],"tags":[],"jetpack_publicize_connections":[],"yoast_head":"<!-- This site is optimized with the Yoast SEO plugin v19.1 - https:\/\/yoast.com\/wordpress\/plugins\/seo\/ -->\n<title>Konkursit p\u00ebr ndarjen e mjeteve organizatave joqeveritarete - Lajme nga Ulqini<\/title>\n<meta name=\"description\" content=\"N\u00eb baz\u00eb t\u00eb nenit 3 t\u00eb Vendimit mbi kriteret, m\u00ebnyr\u00ebn dhe procedimin p\u00ebr ndarjen e mjeteve organizatave joqeveritarete shpallur ne (\u201cFl.Zyrtare e Malit te\" \/>\n<meta name=\"robots\" content=\"index, follow, max-snippet:-1, max-image-preview:large, max-video-preview:-1\" \/>\n<link rel=\"canonical\" href=\"https:\/\/www.visit-ulcinj.com\/blog\/2013\/06\/19\/konkursit-per-ndarjen-e-mjeteve-organizatave-joqeveritarete\/\" \/>\n<meta property=\"og:locale\" content=\"en_US\" \/>\n<meta property=\"og:type\" content=\"article\" \/>\n<meta property=\"og:title\" content=\"Konkursit p\u00ebr ndarjen e mjeteve organizatave joqeveritarete - Lajme nga Ulqini\" \/>\n<meta property=\"og:description\" content=\"N\u00eb baz\u00eb t\u00eb nenit 3 t\u00eb Vendimit mbi kriteret, m\u00ebnyr\u00ebn dhe procedimin p\u00ebr ndarjen e mjeteve organizatave joqeveritarete shpallur ne (\u201cFl.Zyrtare e Malit te\" \/>\n<meta property=\"og:url\" content=\"https:\/\/www.visit-ulcinj.com\/blog\/2013\/06\/19\/konkursit-per-ndarjen-e-mjeteve-organizatave-joqeveritarete\/\" \/>\n<meta property=\"og:site_name\" content=\"Lajme nga Ulqini\" \/>\n<meta property=\"article:published_time\" content=\"2013-06-19T16:11:46+00:00\" \/>\n<meta property=\"article:modified_time\" content=\"2013-06-19T16:35:18+00:00\" \/>\n<meta property=\"og:image\" content=\"http:\/\/www.visit-ulcinj.com\/blog\/wp-content\/uploads\/2013\/06\/Komuna-Ulqinit-Press.jpg\" \/>\n<meta name=\"twitter:label1\" content=\"Written by\" \/>\n\t<meta name=\"twitter:data1\" content=\"ulqini\" \/>\n\t<meta name=\"twitter:label2\" content=\"Est. reading time\" \/>\n\t<meta name=\"twitter:data2\" content=\"4 minutes\" \/>\n<script type=\"application\/ld+json\" class=\"yoast-schema-graph\">{\"@context\":\"https:\/\/schema.org\",\"@graph\":[{\"@type\":\"WebSite\",\"@id\":\"https:\/\/www.visit-ulcinj.com\/blog\/#website\",\"url\":\"https:\/\/www.visit-ulcinj.com\/blog\/\",\"name\":\"Lajme nga Ulqini\",\"description\":\"Lajme,Vijesti,Ulqini,Ulqin,Crna Gora,Mali i Zi\",\"potentialAction\":[{\"@type\":\"SearchAction\",\"target\":{\"@type\":\"EntryPoint\",\"urlTemplate\":\"https:\/\/www.visit-ulcinj.com\/blog\/?s={search_term_string}\"},\"query-input\":\"required name=search_term_string\"}],\"inLanguage\":\"en-US\"},{\"@type\":\"ImageObject\",\"inLanguage\":\"en-US\",\"@id\":\"https:\/\/www.visit-ulcinj.com\/blog\/2013\/06\/19\/konkursit-per-ndarjen-e-mjeteve-organizatave-joqeveritarete\/#primaryimage\",\"url\":\"https:\/\/www.visit-ulcinj.com\/blog\/wp-content\/uploads\/2013\/06\/Komuna-Ulqinit-Press.jpg\",\"contentUrl\":\"https:\/\/www.visit-ulcinj.com\/blog\/wp-content\/uploads\/2013\/06\/Komuna-Ulqinit-Press.jpg\",\"width\":720,\"height\":576},{\"@type\":\"WebPage\",\"@id\":\"https:\/\/www.visit-ulcinj.com\/blog\/2013\/06\/19\/konkursit-per-ndarjen-e-mjeteve-organizatave-joqeveritarete\/#webpage\",\"url\":\"https:\/\/www.visit-ulcinj.com\/blog\/2013\/06\/19\/konkursit-per-ndarjen-e-mjeteve-organizatave-joqeveritarete\/\",\"name\":\"Konkursit p\u00ebr ndarjen e mjeteve organizatave joqeveritarete - Lajme nga Ulqini\",\"isPartOf\":{\"@id\":\"https:\/\/www.visit-ulcinj.com\/blog\/#website\"},\"primaryImageOfPage\":{\"@id\":\"https:\/\/www.visit-ulcinj.com\/blog\/2013\/06\/19\/konkursit-per-ndarjen-e-mjeteve-organizatave-joqeveritarete\/#primaryimage\"},\"datePublished\":\"2013-06-19T16:11:46+00:00\",\"dateModified\":\"2013-06-19T16:35:18+00:00\",\"author\":{\"@id\":\"https:\/\/www.visit-ulcinj.com\/blog\/#\/schema\/person\/dcab619c614d3038751c63bc2aadc06d\"},\"description\":\"N\u00eb baz\u00eb t\u00eb nenit 3 t\u00eb Vendimit mbi kriteret, m\u00ebnyr\u00ebn dhe procedimin p\u00ebr ndarjen e mjeteve organizatave joqeveritarete shpallur ne (\u201cFl.Zyrtare e Malit te\",\"breadcrumb\":{\"@id\":\"https:\/\/www.visit-ulcinj.com\/blog\/2013\/06\/19\/konkursit-per-ndarjen-e-mjeteve-organizatave-joqeveritarete\/#breadcrumb\"},\"inLanguage\":\"en-US\",\"potentialAction\":[{\"@type\":\"ReadAction\",\"target\":[\"https:\/\/www.visit-ulcinj.com\/blog\/2013\/06\/19\/konkursit-per-ndarjen-e-mjeteve-organizatave-joqeveritarete\/\"]}]},{\"@type\":\"BreadcrumbList\",\"@id\":\"https:\/\/www.visit-ulcinj.com\/blog\/2013\/06\/19\/konkursit-per-ndarjen-e-mjeteve-organizatave-joqeveritarete\/#breadcrumb\",\"itemListElement\":[{\"@type\":\"ListItem\",\"position\":1,\"name\":\"Konkursit p\u00ebr ndarjen e mjeteve organizatave joqeveritarete\"}]},{\"@type\":\"Person\",\"@id\":\"https:\/\/www.visit-ulcinj.com\/blog\/#\/schema\/person\/dcab619c614d3038751c63bc2aadc06d\",\"name\":\"ulqini\",\"sameAs\":[\"http:\/\/www.visit-ulcinj.com\"],\"url\":\"https:\/\/www.visit-ulcinj.com\/blog\/author\/admin\/\"}]}<\/script>\n<!-- \/ Yoast SEO plugin. -->","yoast_head_json":{"title":"Konkursit p\u00ebr ndarjen e mjeteve organizatave joqeveritarete - Lajme nga Ulqini","description":"N\u00eb baz\u00eb t\u00eb nenit 3 t\u00eb Vendimit mbi kriteret, m\u00ebnyr\u00ebn dhe procedimin p\u00ebr ndarjen e mjeteve organizatave joqeveritarete shpallur ne (\u201cFl.Zyrtare e Malit te","robots":{"index":"index","follow":"follow","max-snippet":"max-snippet:-1","max-image-preview":"max-image-preview:large","max-video-preview":"max-video-preview:-1"},"canonical":"https:\/\/www.visit-ulcinj.com\/blog\/2013\/06\/19\/konkursit-per-ndarjen-e-mjeteve-organizatave-joqeveritarete\/","og_locale":"en_US","og_type":"article","og_title":"Konkursit p\u00ebr ndarjen e mjeteve organizatave joqeveritarete - Lajme nga Ulqini","og_description":"N\u00eb baz\u00eb t\u00eb nenit 3 t\u00eb Vendimit mbi kriteret, m\u00ebnyr\u00ebn dhe procedimin p\u00ebr ndarjen e mjeteve organizatave joqeveritarete shpallur ne (\u201cFl.Zyrtare e Malit te","og_url":"https:\/\/www.visit-ulcinj.com\/blog\/2013\/06\/19\/konkursit-per-ndarjen-e-mjeteve-organizatave-joqeveritarete\/","og_site_name":"Lajme nga Ulqini","article_published_time":"2013-06-19T16:11:46+00:00","article_modified_time":"2013-06-19T16:35:18+00:00","og_image":[{"url":"http:\/\/www.visit-ulcinj.com\/blog\/wp-content\/uploads\/2013\/06\/Komuna-Ulqinit-Press.jpg"}],"twitter_misc":{"Written by":"ulqini","Est. reading time":"4 minutes"},"schema":{"@context":"https:\/\/schema.org","@graph":[{"@type":"WebSite","@id":"https:\/\/www.visit-ulcinj.com\/blog\/#website","url":"https:\/\/www.visit-ulcinj.com\/blog\/","name":"Lajme nga Ulqini","description":"Lajme,Vijesti,Ulqini,Ulqin,Crna Gora,Mali i Zi","potentialAction":[{"@type":"SearchAction","target":{"@type":"EntryPoint","urlTemplate":"https:\/\/www.visit-ulcinj.com\/blog\/?s={search_term_string}"},"query-input":"required name=search_term_string"}],"inLanguage":"en-US"},{"@type":"ImageObject","inLanguage":"en-US","@id":"https:\/\/www.visit-ulcinj.com\/blog\/2013\/06\/19\/konkursit-per-ndarjen-e-mjeteve-organizatave-joqeveritarete\/#primaryimage","url":"https:\/\/www.visit-ulcinj.com\/blog\/wp-content\/uploads\/2013\/06\/Komuna-Ulqinit-Press.jpg","contentUrl":"https:\/\/www.visit-ulcinj.com\/blog\/wp-content\/uploads\/2013\/06\/Komuna-Ulqinit-Press.jpg","width":720,"height":576},{"@type":"WebPage","@id":"https:\/\/www.visit-ulcinj.com\/blog\/2013\/06\/19\/konkursit-per-ndarjen-e-mjeteve-organizatave-joqeveritarete\/#webpage","url":"https:\/\/www.visit-ulcinj.com\/blog\/2013\/06\/19\/konkursit-per-ndarjen-e-mjeteve-organizatave-joqeveritarete\/","name":"Konkursit p\u00ebr ndarjen e mjeteve organizatave joqeveritarete - Lajme nga Ulqini","isPartOf":{"@id":"https:\/\/www.visit-ulcinj.com\/blog\/#website"},"primaryImageOfPage":{"@id":"https:\/\/www.visit-ulcinj.com\/blog\/2013\/06\/19\/konkursit-per-ndarjen-e-mjeteve-organizatave-joqeveritarete\/#primaryimage"},"datePublished":"2013-06-19T16:11:46+00:00","dateModified":"2013-06-19T16:35:18+00:00","author":{"@id":"https:\/\/www.visit-ulcinj.com\/blog\/#\/schema\/person\/dcab619c614d3038751c63bc2aadc06d"},"description":"N\u00eb baz\u00eb t\u00eb nenit 3 t\u00eb Vendimit mbi kriteret, m\u00ebnyr\u00ebn dhe procedimin p\u00ebr ndarjen e mjeteve organizatave joqeveritarete shpallur ne (\u201cFl.Zyrtare e Malit te","breadcrumb":{"@id":"https:\/\/www.visit-ulcinj.com\/blog\/2013\/06\/19\/konkursit-per-ndarjen-e-mjeteve-organizatave-joqeveritarete\/#breadcrumb"},"inLanguage":"en-US","potentialAction":[{"@type":"ReadAction","target":["https:\/\/www.visit-ulcinj.com\/blog\/2013\/06\/19\/konkursit-per-ndarjen-e-mjeteve-organizatave-joqeveritarete\/"]}]},{"@type":"BreadcrumbList","@id":"https:\/\/www.visit-ulcinj.com\/blog\/2013\/06\/19\/konkursit-per-ndarjen-e-mjeteve-organizatave-joqeveritarete\/#breadcrumb","itemListElement":[{"@type":"ListItem","position":1,"name":"Konkursit p\u00ebr ndarjen e mjeteve organizatave joqeveritarete"}]},{"@type":"Person","@id":"https:\/\/www.visit-ulcinj.com\/blog\/#\/schema\/person\/dcab619c614d3038751c63bc2aadc06d","name":"ulqini","sameAs":["http:\/\/www.visit-ulcinj.com"],"url":"https:\/\/www.visit-ulcinj.com\/blog\/author\/admin\/"}]}},"jetpack_featured_media_url":"","jetpack_sharing_enabled":true,"jetpack_shortlink":"https:\/\/wp.me\/pe6lTn-iRk","_links":{"self":[{"href":"https:\/\/www.visit-ulcinj.com\/blog\/wp-json\/wp\/v2\/posts\/72498"}],"collection":[{"href":"https:\/\/www.visit-ulcinj.com\/blog\/wp-json\/wp\/v2\/posts"}],"about":[{"href":"https:\/\/www.visit-ulcinj.com\/blog\/wp-json\/wp\/v2\/types\/post"}],"author":[{"embeddable":true,"href":"https:\/\/www.visit-ulcinj.com\/blog\/wp-json\/wp\/v2\/users\/1"}],"replies":[{"embeddable":true,"href":"https:\/\/www.visit-ulcinj.com\/blog\/wp-json\/wp\/v2\/comments?post=72498"}],"version-history":[{"count":6,"href":"https:\/\/www.visit-ulcinj.com\/blog\/wp-json\/wp\/v2\/posts\/72498\/revisions"}],"predecessor-version":[{"id":72513,"href":"https:\/\/www.visit-ulcinj.com\/blog\/wp-json\/wp\/v2\/posts\/72498\/revisions\/72513"}],"wp:attachment":[{"href":"https:\/\/www.visit-ulcinj.com\/blog\/wp-json\/wp\/v2\/media?parent=72498"}],"wp:term":[{"taxonomy":"category","embeddable":true,"href":"https:\/\/www.visit-ulcinj.com\/blog\/wp-json\/wp\/v2\/categories?post=72498"},{"taxonomy":"post_tag","embeddable":true,"href":"https:\/\/www.visit-ulcinj.com\/blog\/wp-json\/wp\/v2\/tags?post=72498"}],"curies":[{"name":"wp","href":"https:\/\/api.w.org\/{rel}","templated":true}]}}