{"id":725,"date":"2008-03-02T16:07:18","date_gmt":"2008-03-02T21:07:18","guid":{"rendered":"http:\/\/www.visit-ulcinj.com\/blog\/2008\/03\/02\/ne-6-vjetorin-e-kohes-javore\/"},"modified":"2008-03-02T16:09:58","modified_gmt":"2008-03-02T21:09:58","slug":"ne-6-vjetorin-e-kohes-javore","status":"publish","type":"post","link":"https:\/\/www.visit-ulcinj.com\/blog\/2008\/03\/02\/ne-6-vjetorin-e-kohes-javore\/","title":{"rendered":"N\u00eb 6 vjetorin e &#8220;koh\u00ebs javore&#8221;"},"content":{"rendered":"<p><a href=\"http:\/\/www.visit-ulcinj.com\/blog\/wp-content\/uploads\/2008\/03\/koha-javore.jpg\" rel=\"lightbox[pics725]\" title=\"N\u00eb 6 vjetorin e \u201ckoh\u00ebs javore\u201d\"><img loading=\"lazy\" src=\"http:\/\/www.visit-ulcinj.com\/blog\/wp-content\/uploads\/2008\/03\/koha-javore.thumbnail.jpg\" alt=\"N\u00eb 6 vjetorin e \u201ckoh\u00ebs javore\u201d\" align=\"left\" height=\"174\" width=\"200\" \/><\/a><strong>G\u00ebzuar p\u00ebrvjetorin<\/strong><br \/>\nGazeta &#8220;Koha javore&#8221; u krijua dhe u lart\u00ebsua posa\u00e7\u00ebrisht p\u00ebr t\u00eb hedh\u00eb drit\u00eb p\u00ebr \u00e7\u00ebshtjen e shqiptar\u00ebve n\u00eb Mal t\u00eb Zi. Parimet themelore t\u00eb politik\u00ebs redaktuese jan\u00eb informimi objektiv p\u00ebr gjith\u00eb at\u00eb q\u00eb ndodh\u00eb n\u00eb Mal t\u00eb Zi, n\u00eb trojet shqiptare dhe m\u00eb gjer\u00eb. Gazeta ka gjykuar dhe gjykon gjith\u00eb at\u00eb t\u00eb keqe q\u00eb ndodh\u00eb kudo n\u00eb bot\u00ebn e civilizuar, \u00ebsht\u00eb pararend\u00ebse e transformimeve t\u00eb reja q\u00eb kan\u00eb ndodhur n\u00eb vend dhe kan\u00eb pasur reflekse pozitive te lexuesit.<br \/>\nKur shqiptar\u00ebve n\u00eb Mal t\u00eb Zi u ishte imponuar err\u00ebsira informative filloi t\u00eb dal\u00eb gazeta &#8220;Koha javore&#8221;, q\u00eb brenda k\u00ebtyre 6 viteve t\u00eb pun\u00ebs shum\u00eb cil\u00ebsore informative, p\u00ebr shqiptar\u00ebt n\u00eb trojet e tyre etnike, por edhe p\u00ebr ata n\u00eb diaspor\u00eb, u b\u00eb m\u00eb shum\u00eb se nj\u00eb gazet\u00eb p\u00ebr t\u00eb dh\u00ebn\u00eb informacione nga fusha t\u00eb ndryshme, si n\u00eb politik\u00eb, ekonomi, kultur\u00eb, sport. Me tema t\u00eb reja, ide e zb\u00ebrthime konkrete, q\u00eb pat\u00ebn e kan\u00eb edhe sot e gjith\u00eb dit\u00ebn r\u00ebnd\u00ebsi t\u00eb ve\u00e7ant\u00eb n\u00eb dinamik\u00ebn e zhvillimeve t\u00eb proceseve demokratike n\u00eb Mal t\u00eb Zi, p\u00ebr shqiptar\u00ebt e k\u00ebtush\u00ebm, po edhe m\u00eb gjer\u00eb, kjo gazete solli kundrime t\u00eb reja temash mbi parimet e gazetaris\u00eb s\u00eb avancuar me nj\u00eb staf emrash t\u00eb njohur e t\u00eb d\u00ebshmuar n\u00eb publicistik\u00eb dhe n\u00eb dijen shqiptare.<br \/>\nNumri i par\u00eb i gazet\u00ebs &#8220;Koha javore&#8221; sinjalizon fillimin e emocioneve t\u00eb m\u00ebdha, t\u00eb nj\u00eb dite q\u00eb do t\u00eb mbahet mend gjat\u00eb e q\u00eb jan\u00eb t\u00eb lidhura me historin\u00eb e informimit shqip n\u00eb Mal t\u00eb Zi, me t\u00eb shkuar\u00ebn, me t\u00eb tashmen, me t\u00eb ardhmen e kultur\u00ebs komb\u00ebtare si dhe brezave q\u00eb pasojn\u00eb nj\u00ebritjetrin. Gazeta &#8220;Koha javore&#8221; u krijua dhe u lart\u00ebsua posa\u00e7\u00ebrisht p\u00ebr t\u00eb hedh\u00eb drit\u00eb p\u00ebr \u00e7\u00ebshtjen e shqiptar\u00ebve n\u00eb Mal t\u00eb Zi. Parimet themelore t\u00eb politik\u00ebs redaktuese jan\u00eb informimi objektiv p\u00ebr gjith\u00eb at\u00eb q\u00eb ndodh\u00eb n\u00eb Mal t\u00eb Zi, n\u00eb trojet shqiptare dhe m\u00eb gjer\u00eb. Gazeta ka gjykuar dhe gjykon gjith\u00eb at\u00eb t\u00eb keqe q\u00eb ndodh\u00eb kudo n\u00eb bot\u00ebn e civilizuar, \u00ebsht\u00eb pararend\u00ebse e transformimeve t\u00eb reja q\u00eb kan\u00eb ndodhur n\u00eb vend dhe kan\u00eb pasur reflekse pozitive te lexuesit. \u00cbsht\u00eb e qart\u00eb si drita e diellit se kjo gazet\u00eb \u00ebsht\u00eb medium i vet\u00ebm q\u00eb b\u00ebn p\u00ebrpjekje p\u00ebr t\u00eb lart\u00ebsuar idet\u00eb, vlerat komb\u00ebtare jo vet\u00ebm t\u00eb shqiptar\u00ebve t\u00eb k\u00ebtush\u00ebm, po edhe me gjer\u00eb. Kjo gazet\u00eb jo vet\u00ebm q\u00eb i jep hap\u00ebsir\u00eb publikimi gjith\u00eb asaj q\u00eb ka vler\u00eb, por hap shtigje t\u00eb reja e moderne, prodhon vlera kriteresh e bashk\u00ebpunimit n\u00eb interes t\u00eb paqes dhe t\u00eb drejtave e lirive t\u00eb njeriut.<br \/>\nSot n\u00eb k\u00ebt\u00eb 6 vjetor t\u00eb gazet\u00ebs &#8221; Koha javore&#8221; \u00ebsht\u00eb dit\u00eb feste, dite g\u00ebzimi, gazet\u00eb kjo q\u00eb fal\u00eb talentit t\u00eb atyre q\u00eb mbushin faqet e saja me raporte t\u00eb fushave t\u00eb ndryshme sh\u00ebnon nj\u00eb ngjarje historike p\u00ebr mediat shqip n\u00eb Mal t\u00eb Zi gj\u00eb q\u00eb inkurajon p\u00ebr hapa t\u00eb m\u00ebtutjesh\u00ebm p\u00ebr t\u00eb ngritur kultur\u00ebn e qytet\u00ebrimit e t\u00eb bashk\u00ebjetes\u00ebs, q\u00eb e ka shoq\u00ebruar k\u00ebt\u00eb gazet\u00eb gjat\u00eb k\u00ebtyre 6 vjet\u00ebve. Ky p\u00ebrvjetor \u00ebsht\u00eb \u00e7ast i duhur q\u00eb faktor\u00ebt relevant\u00eb t\u00eb binden se ia vlen t\u00eb shtohet dalja e k\u00ebsaj gazete, t\u00eb rrisin fondet per \u00e7ka koha d\u00ebshmoi se gazeta &#8220;Koha javore&#8221; ka vizion, ka vullnet p\u00ebr t`i ofruar lexuesit t\u00eb gjitha format e mediave bashk\u00ebkohore. Si e till\u00eb ajo \u00ebsht\u00eb dhe do t\u00eb mbetet n\u00eb funksion t\u00eb artikulimit t\u00eb k\u00ebrkesave t\u00eb lexuesve, t\u00eb cil\u00ebt t\u00eb bindur n\u00eb misionin q\u00eb ka, gazeta \u00ebsht\u00eb b\u00ebr\u00eb pjes\u00eb e pandashme e jet\u00ebs s\u00eb tyre.<\/p>\n<p>Shaban Peraj<\/p>\n<p>www.kohajavore.cg.yu<\/p>\n","protected":false},"excerpt":{"rendered":"<p><img loading=\"lazy\" src=\"http:\/\/www.visit-ulcinj.com\/blog\/wp-content\/uploads\/2008\/03\/koha-javore.thumbnail.jpg\" alt=\"N\u00eb 6 vjetorin e \u201ckoh\u00ebs javore\u201d\" align=\"left\" height=\"140\" width=\"140\" \/><\/p>\n","protected":false},"author":1,"featured_media":0,"comment_status":"open","ping_status":"closed","sticky":false,"template":"","format":"standard","meta":{"spay_email":"","jetpack_publicize_message":"","jetpack_is_tweetstorm":false,"jetpack_publicize_feature_enabled":true},"categories":[12],"tags":[],"jetpack_publicize_connections":[],"yoast_head":"<!-- This site is optimized with the Yoast SEO plugin v19.1 - https:\/\/yoast.com\/wordpress\/plugins\/seo\/ -->\n<title>N\u00eb 6 vjetorin e &quot;koh\u00ebs javore&quot; - Lajme nga Ulqini<\/title>\n<meta name=\"robots\" content=\"index, follow, max-snippet:-1, max-image-preview:large, max-video-preview:-1\" \/>\n<link rel=\"canonical\" href=\"https:\/\/www.visit-ulcinj.com\/blog\/2008\/03\/02\/ne-6-vjetorin-e-kohes-javore\/\" \/>\n<meta property=\"og:locale\" content=\"en_US\" \/>\n<meta property=\"og:type\" content=\"article\" \/>\n<meta property=\"og:title\" content=\"N\u00eb 6 vjetorin e &quot;koh\u00ebs javore&quot; - Lajme nga Ulqini\" \/>\n<meta property=\"og:url\" content=\"https:\/\/www.visit-ulcinj.com\/blog\/2008\/03\/02\/ne-6-vjetorin-e-kohes-javore\/\" \/>\n<meta property=\"og:site_name\" content=\"Lajme nga Ulqini\" \/>\n<meta property=\"article:published_time\" content=\"2008-03-02T21:07:18+00:00\" \/>\n<meta property=\"article:modified_time\" content=\"2008-03-02T21:09:58+00:00\" \/>\n<meta property=\"og:image\" content=\"http:\/\/www.visit-ulcinj.com\/blog\/wp-content\/uploads\/2008\/03\/koha-javore.thumbnail.jpg\" \/>\n<meta name=\"twitter:label1\" content=\"Written by\" \/>\n\t<meta name=\"twitter:data1\" content=\"ulqini\" \/>\n\t<meta name=\"twitter:label2\" content=\"Est. reading time\" \/>\n\t<meta name=\"twitter:data2\" content=\"3 minutes\" \/>\n<script type=\"application\/ld+json\" class=\"yoast-schema-graph\">{\"@context\":\"https:\/\/schema.org\",\"@graph\":[{\"@type\":\"WebSite\",\"@id\":\"https:\/\/www.visit-ulcinj.com\/blog\/#website\",\"url\":\"https:\/\/www.visit-ulcinj.com\/blog\/\",\"name\":\"Lajme nga Ulqini\",\"description\":\"Lajme,Vijesti,Ulqini,Ulqin,Crna Gora,Mali i Zi\",\"potentialAction\":[{\"@type\":\"SearchAction\",\"target\":{\"@type\":\"EntryPoint\",\"urlTemplate\":\"https:\/\/www.visit-ulcinj.com\/blog\/?s={search_term_string}\"},\"query-input\":\"required name=search_term_string\"}],\"inLanguage\":\"en-US\"},{\"@type\":\"ImageObject\",\"inLanguage\":\"en-US\",\"@id\":\"https:\/\/www.visit-ulcinj.com\/blog\/2008\/03\/02\/ne-6-vjetorin-e-kohes-javore\/#primaryimage\",\"url\":\"http:\/\/www.visit-ulcinj.com\/blog\/wp-content\/uploads\/2008\/03\/koha-javore.thumbnail.jpg\",\"contentUrl\":\"http:\/\/www.visit-ulcinj.com\/blog\/wp-content\/uploads\/2008\/03\/koha-javore.thumbnail.jpg\"},{\"@type\":\"WebPage\",\"@id\":\"https:\/\/www.visit-ulcinj.com\/blog\/2008\/03\/02\/ne-6-vjetorin-e-kohes-javore\/#webpage\",\"url\":\"https:\/\/www.visit-ulcinj.com\/blog\/2008\/03\/02\/ne-6-vjetorin-e-kohes-javore\/\",\"name\":\"N\u00eb 6 vjetorin e \\\"koh\u00ebs javore\\\" - Lajme nga Ulqini\",\"isPartOf\":{\"@id\":\"https:\/\/www.visit-ulcinj.com\/blog\/#website\"},\"primaryImageOfPage\":{\"@id\":\"https:\/\/www.visit-ulcinj.com\/blog\/2008\/03\/02\/ne-6-vjetorin-e-kohes-javore\/#primaryimage\"},\"datePublished\":\"2008-03-02T21:07:18+00:00\",\"dateModified\":\"2008-03-02T21:09:58+00:00\",\"author\":{\"@id\":\"https:\/\/www.visit-ulcinj.com\/blog\/#\/schema\/person\/dcab619c614d3038751c63bc2aadc06d\"},\"breadcrumb\":{\"@id\":\"https:\/\/www.visit-ulcinj.com\/blog\/2008\/03\/02\/ne-6-vjetorin-e-kohes-javore\/#breadcrumb\"},\"inLanguage\":\"en-US\",\"potentialAction\":[{\"@type\":\"ReadAction\",\"target\":[\"https:\/\/www.visit-ulcinj.com\/blog\/2008\/03\/02\/ne-6-vjetorin-e-kohes-javore\/\"]}]},{\"@type\":\"BreadcrumbList\",\"@id\":\"https:\/\/www.visit-ulcinj.com\/blog\/2008\/03\/02\/ne-6-vjetorin-e-kohes-javore\/#breadcrumb\",\"itemListElement\":[{\"@type\":\"ListItem\",\"position\":1,\"name\":\"N\u00eb 6 vjetorin e &#8220;koh\u00ebs javore&#8221;\"}]},{\"@type\":\"Person\",\"@id\":\"https:\/\/www.visit-ulcinj.com\/blog\/#\/schema\/person\/dcab619c614d3038751c63bc2aadc06d\",\"name\":\"ulqini\",\"sameAs\":[\"http:\/\/www.visit-ulcinj.com\"],\"url\":\"https:\/\/www.visit-ulcinj.com\/blog\/author\/admin\/\"}]}<\/script>\n<!-- \/ Yoast SEO plugin. -->","yoast_head_json":{"title":"N\u00eb 6 vjetorin e \"koh\u00ebs javore\" - Lajme nga Ulqini","robots":{"index":"index","follow":"follow","max-snippet":"max-snippet:-1","max-image-preview":"max-image-preview:large","max-video-preview":"max-video-preview:-1"},"canonical":"https:\/\/www.visit-ulcinj.com\/blog\/2008\/03\/02\/ne-6-vjetorin-e-kohes-javore\/","og_locale":"en_US","og_type":"article","og_title":"N\u00eb 6 vjetorin e \"koh\u00ebs javore\" - Lajme nga Ulqini","og_url":"https:\/\/www.visit-ulcinj.com\/blog\/2008\/03\/02\/ne-6-vjetorin-e-kohes-javore\/","og_site_name":"Lajme nga Ulqini","article_published_time":"2008-03-02T21:07:18+00:00","article_modified_time":"2008-03-02T21:09:58+00:00","og_image":[{"url":"http:\/\/www.visit-ulcinj.com\/blog\/wp-content\/uploads\/2008\/03\/koha-javore.thumbnail.jpg"}],"twitter_misc":{"Written by":"ulqini","Est. reading time":"3 minutes"},"schema":{"@context":"https:\/\/schema.org","@graph":[{"@type":"WebSite","@id":"https:\/\/www.visit-ulcinj.com\/blog\/#website","url":"https:\/\/www.visit-ulcinj.com\/blog\/","name":"Lajme nga Ulqini","description":"Lajme,Vijesti,Ulqini,Ulqin,Crna Gora,Mali i Zi","potentialAction":[{"@type":"SearchAction","target":{"@type":"EntryPoint","urlTemplate":"https:\/\/www.visit-ulcinj.com\/blog\/?s={search_term_string}"},"query-input":"required name=search_term_string"}],"inLanguage":"en-US"},{"@type":"ImageObject","inLanguage":"en-US","@id":"https:\/\/www.visit-ulcinj.com\/blog\/2008\/03\/02\/ne-6-vjetorin-e-kohes-javore\/#primaryimage","url":"http:\/\/www.visit-ulcinj.com\/blog\/wp-content\/uploads\/2008\/03\/koha-javore.thumbnail.jpg","contentUrl":"http:\/\/www.visit-ulcinj.com\/blog\/wp-content\/uploads\/2008\/03\/koha-javore.thumbnail.jpg"},{"@type":"WebPage","@id":"https:\/\/www.visit-ulcinj.com\/blog\/2008\/03\/02\/ne-6-vjetorin-e-kohes-javore\/#webpage","url":"https:\/\/www.visit-ulcinj.com\/blog\/2008\/03\/02\/ne-6-vjetorin-e-kohes-javore\/","name":"N\u00eb 6 vjetorin e \"koh\u00ebs javore\" - Lajme nga Ulqini","isPartOf":{"@id":"https:\/\/www.visit-ulcinj.com\/blog\/#website"},"primaryImageOfPage":{"@id":"https:\/\/www.visit-ulcinj.com\/blog\/2008\/03\/02\/ne-6-vjetorin-e-kohes-javore\/#primaryimage"},"datePublished":"2008-03-02T21:07:18+00:00","dateModified":"2008-03-02T21:09:58+00:00","author":{"@id":"https:\/\/www.visit-ulcinj.com\/blog\/#\/schema\/person\/dcab619c614d3038751c63bc2aadc06d"},"breadcrumb":{"@id":"https:\/\/www.visit-ulcinj.com\/blog\/2008\/03\/02\/ne-6-vjetorin-e-kohes-javore\/#breadcrumb"},"inLanguage":"en-US","potentialAction":[{"@type":"ReadAction","target":["https:\/\/www.visit-ulcinj.com\/blog\/2008\/03\/02\/ne-6-vjetorin-e-kohes-javore\/"]}]},{"@type":"BreadcrumbList","@id":"https:\/\/www.visit-ulcinj.com\/blog\/2008\/03\/02\/ne-6-vjetorin-e-kohes-javore\/#breadcrumb","itemListElement":[{"@type":"ListItem","position":1,"name":"N\u00eb 6 vjetorin e &#8220;koh\u00ebs javore&#8221;"}]},{"@type":"Person","@id":"https:\/\/www.visit-ulcinj.com\/blog\/#\/schema\/person\/dcab619c614d3038751c63bc2aadc06d","name":"ulqini","sameAs":["http:\/\/www.visit-ulcinj.com"],"url":"https:\/\/www.visit-ulcinj.com\/blog\/author\/admin\/"}]}},"jetpack_featured_media_url":"","jetpack_sharing_enabled":true,"jetpack_shortlink":"https:\/\/wp.me\/pe6lTn-bH","_links":{"self":[{"href":"https:\/\/www.visit-ulcinj.com\/blog\/wp-json\/wp\/v2\/posts\/725"}],"collection":[{"href":"https:\/\/www.visit-ulcinj.com\/blog\/wp-json\/wp\/v2\/posts"}],"about":[{"href":"https:\/\/www.visit-ulcinj.com\/blog\/wp-json\/wp\/v2\/types\/post"}],"author":[{"embeddable":true,"href":"https:\/\/www.visit-ulcinj.com\/blog\/wp-json\/wp\/v2\/users\/1"}],"replies":[{"embeddable":true,"href":"https:\/\/www.visit-ulcinj.com\/blog\/wp-json\/wp\/v2\/comments?post=725"}],"version-history":[{"count":0,"href":"https:\/\/www.visit-ulcinj.com\/blog\/wp-json\/wp\/v2\/posts\/725\/revisions"}],"wp:attachment":[{"href":"https:\/\/www.visit-ulcinj.com\/blog\/wp-json\/wp\/v2\/media?parent=725"}],"wp:term":[{"taxonomy":"category","embeddable":true,"href":"https:\/\/www.visit-ulcinj.com\/blog\/wp-json\/wp\/v2\/categories?post=725"},{"taxonomy":"post_tag","embeddable":true,"href":"https:\/\/www.visit-ulcinj.com\/blog\/wp-json\/wp\/v2\/tags?post=725"}],"curies":[{"name":"wp","href":"https:\/\/api.w.org\/{rel}","templated":true}]}}