{"id":72514,"date":"2013-06-19T17:50:13","date_gmt":"2013-06-19T16:50:13","guid":{"rendered":"http:\/\/www.visit-ulcinj.com\/blog\/?p=72514"},"modified":"2013-06-19T17:50:27","modified_gmt":"2013-06-19T16:50:27","slug":"llukshiq-sukseset-e-malit-te-zi-inkurajuese","status":"publish","type":"post","link":"https:\/\/www.visit-ulcinj.com\/blog\/2013\/06\/19\/llukshiq-sukseset-e-malit-te-zi-inkurajuese\/","title":{"rendered":"Llukshiq: Sukseset e Malit t\u00eb Zi inkurajuese"},"content":{"rendered":"<p><a href=\"http:\/\/www.visit-ulcinj.com\/blog\/wp-content\/uploads\/2013\/06\/Enver-Hoxhaj-igor-luksic.jpg\"><img loading=\"lazy\" class=\"alignleft  wp-image-72515\" alt=\"Enver-Hoxhaj-igor-luksic\" src=\"http:\/\/www.visit-ulcinj.com\/blog\/wp-content\/uploads\/2013\/06\/Enver-Hoxhaj-igor-luksic.jpg\" width=\"508\" height=\"360\" \/><\/a>Sukseset t\u00eb cilat i ka realizuar Mali i Zi n\u00eb proceset integruese jan\u00eb nxitje p\u00ebr t\u00ebr\u00eb rajonin , ka vler\u00ebsuar ministri i pun\u00ebve t\u00eb jashtme t\u00eb Kosov\u00ebs Enver Hoxhaj , duke theksuar se me ndryshimet e ardhshme kushtetutuese do t\u00eb garantohet p\u00ebrfaq\u00ebsimi adekuat i pakic\u00ebs nacionale malazeze n\u00eb Kosov\u00eb.<\/p>\n<p>Ministri i pun\u00ebve t\u00eb jashtme dhe integrimeve evropiane t\u00eb Malit t\u00eb Zi Igor Llukshiq\u00a0 gjat\u00eb q\u00ebndrimit n\u00eb Shkup ka zhvilluar disa takime me pjes\u00ebmarr\u00ebsit tjer\u00eb t\u00eb tubimit t\u00eb Komisionit t\u00eb partneritetit t\u00eb Kart\u00ebs s\u00eb Adriatikut, kurse n\u00eb fokusin e bisedimeve me ministrin Hoxhaj ishte , si\u00e7 \u00ebsht\u00eb kumtuar \u00e7\u00ebshtja e p\u00ebrparimit t\u00eb m\u00ebtejm\u00eb t\u00eb marr\u00ebdh\u00ebnieve p\u00ebr ndryshe t\u00eb mira nd\u00ebrmjet dy vendeve , n\u00eb ve\u00e7anti n\u00eb sfer\u00ebn ekonomike.<\/p>\n<p>Si\u00e7 theksohet nga ministria , Hoxhaj ka vler\u00ebsuar se sukseset t\u00eb cilat i ka realizuar Mali i Zi, n\u00eb proceset integruese jan\u00eb nxitje p\u00ebr t\u00ebr\u00eb rajonin. Llukshiq \u00ebsht\u00eb takuar edhe me\u00a0 z\u00ebvend\u00ebsin e ndihm\u00ebsit\u00a0 t\u00eb sekretarit shtet\u00ebror t\u00eb SHBA, Filip Riker , i cili duke e p\u00ebrg\u00ebzuar Malin e Zi p\u00ebr marrjen e presidenc\u00ebs n\u00eb Kart\u00ebn e Adritikut , ka theksuar r\u00ebnd\u00ebsin\u00eb e k\u00ebtij forumi i cili paraqet mekaniz\u00ebm t\u00eb r\u00ebnd\u00ebsish\u00ebm i cili vendet aspirante i p\u00ebrgatit p\u00ebr an\u00ebtar\u00ebsim n\u00eb NATO.<\/p>\n<p>&nbsp;<\/p>\n<p><strong>TVCG<\/strong><\/p>\n","protected":false},"excerpt":{"rendered":"<p>Sukseset t\u00eb cilat i ka realizuar Mali i Zi n\u00eb proceset integruese jan\u00eb nxitje p\u00ebr t\u00ebr\u00eb rajonin , ka vler\u00ebsuar ministri i pun\u00ebve t\u00eb jashtme t\u00eb Kosov\u00ebs Enver Hoxhaj , duke theksuar se me ndryshimet e ardhshme kushtetutuese do t\u00eb garantohet p\u00ebrfaq\u00ebsimi adekuat i pakic\u00ebs nacionale malazeze n\u00eb Kosov\u00eb. Ministri i pun\u00ebve t\u00eb jashtme dhe [&hellip;]<\/p>\n","protected":false},"author":1,"featured_media":0,"comment_status":"closed","ping_status":"closed","sticky":false,"template":"","format":"standard","meta":{"spay_email":"","jetpack_publicize_message":"","jetpack_is_tweetstorm":false,"jetpack_publicize_feature_enabled":true},"categories":[6950],"tags":[],"jetpack_publicize_connections":[],"yoast_head":"<!-- This site is optimized with the Yoast SEO plugin v19.1 - https:\/\/yoast.com\/wordpress\/plugins\/seo\/ -->\n<title>Llukshiq: Sukseset e Malit t\u00eb Zi inkurajuese - Lajme nga Ulqini<\/title>\n<meta name=\"description\" content=\"Sukseset t\u00eb cilat i ka realizuar Mali i Zi n\u00eb proceset integruese jan\u00eb nxitje p\u00ebr t\u00ebr\u00eb rajonin , ka vler\u00ebsuar ministri i pun\u00ebve t\u00eb jashtme t\u00eb Kosov\u00ebs\" \/>\n<meta name=\"robots\" content=\"index, follow, max-snippet:-1, max-image-preview:large, max-video-preview:-1\" \/>\n<link rel=\"canonical\" href=\"https:\/\/www.visit-ulcinj.com\/blog\/2013\/06\/19\/llukshiq-sukseset-e-malit-te-zi-inkurajuese\/\" \/>\n<meta property=\"og:locale\" content=\"en_US\" \/>\n<meta property=\"og:type\" content=\"article\" \/>\n<meta property=\"og:title\" content=\"Llukshiq: Sukseset e Malit t\u00eb Zi inkurajuese - Lajme nga Ulqini\" \/>\n<meta property=\"og:description\" content=\"Sukseset t\u00eb cilat i ka realizuar Mali i Zi n\u00eb proceset integruese jan\u00eb nxitje p\u00ebr t\u00ebr\u00eb rajonin , ka vler\u00ebsuar ministri i pun\u00ebve t\u00eb jashtme t\u00eb Kosov\u00ebs\" \/>\n<meta property=\"og:url\" content=\"https:\/\/www.visit-ulcinj.com\/blog\/2013\/06\/19\/llukshiq-sukseset-e-malit-te-zi-inkurajuese\/\" \/>\n<meta property=\"og:site_name\" content=\"Lajme nga Ulqini\" \/>\n<meta property=\"article:published_time\" content=\"2013-06-19T16:50:13+00:00\" \/>\n<meta property=\"article:modified_time\" content=\"2013-06-19T16:50:27+00:00\" \/>\n<meta property=\"og:image\" content=\"http:\/\/www.visit-ulcinj.com\/blog\/wp-content\/uploads\/2013\/06\/Enver-Hoxhaj-igor-luksic.jpg\" \/>\n<meta name=\"twitter:label1\" content=\"Written by\" \/>\n\t<meta name=\"twitter:data1\" content=\"ulqini\" \/>\n\t<meta name=\"twitter:label2\" content=\"Est. reading time\" \/>\n\t<meta name=\"twitter:data2\" content=\"1 minute\" \/>\n<script type=\"application\/ld+json\" class=\"yoast-schema-graph\">{\"@context\":\"https:\/\/schema.org\",\"@graph\":[{\"@type\":\"WebSite\",\"@id\":\"https:\/\/www.visit-ulcinj.com\/blog\/#website\",\"url\":\"https:\/\/www.visit-ulcinj.com\/blog\/\",\"name\":\"Lajme nga Ulqini\",\"description\":\"Lajme,Vijesti,Ulqini,Ulqin,Crna Gora,Mali i Zi\",\"potentialAction\":[{\"@type\":\"SearchAction\",\"target\":{\"@type\":\"EntryPoint\",\"urlTemplate\":\"https:\/\/www.visit-ulcinj.com\/blog\/?s={search_term_string}\"},\"query-input\":\"required name=search_term_string\"}],\"inLanguage\":\"en-US\"},{\"@type\":\"ImageObject\",\"inLanguage\":\"en-US\",\"@id\":\"https:\/\/www.visit-ulcinj.com\/blog\/2013\/06\/19\/llukshiq-sukseset-e-malit-te-zi-inkurajuese\/#primaryimage\",\"url\":\"https:\/\/www.visit-ulcinj.com\/blog\/wp-content\/uploads\/2013\/06\/Enver-Hoxhaj-igor-luksic.jpg\",\"contentUrl\":\"https:\/\/www.visit-ulcinj.com\/blog\/wp-content\/uploads\/2013\/06\/Enver-Hoxhaj-igor-luksic.jpg\",\"width\":1023,\"height\":682},{\"@type\":\"WebPage\",\"@id\":\"https:\/\/www.visit-ulcinj.com\/blog\/2013\/06\/19\/llukshiq-sukseset-e-malit-te-zi-inkurajuese\/#webpage\",\"url\":\"https:\/\/www.visit-ulcinj.com\/blog\/2013\/06\/19\/llukshiq-sukseset-e-malit-te-zi-inkurajuese\/\",\"name\":\"Llukshiq: Sukseset e Malit t\u00eb Zi inkurajuese - Lajme nga Ulqini\",\"isPartOf\":{\"@id\":\"https:\/\/www.visit-ulcinj.com\/blog\/#website\"},\"primaryImageOfPage\":{\"@id\":\"https:\/\/www.visit-ulcinj.com\/blog\/2013\/06\/19\/llukshiq-sukseset-e-malit-te-zi-inkurajuese\/#primaryimage\"},\"datePublished\":\"2013-06-19T16:50:13+00:00\",\"dateModified\":\"2013-06-19T16:50:27+00:00\",\"author\":{\"@id\":\"https:\/\/www.visit-ulcinj.com\/blog\/#\/schema\/person\/dcab619c614d3038751c63bc2aadc06d\"},\"description\":\"Sukseset t\u00eb cilat i ka realizuar Mali i Zi n\u00eb proceset integruese jan\u00eb nxitje p\u00ebr t\u00ebr\u00eb rajonin , ka vler\u00ebsuar ministri i pun\u00ebve t\u00eb jashtme t\u00eb Kosov\u00ebs\",\"breadcrumb\":{\"@id\":\"https:\/\/www.visit-ulcinj.com\/blog\/2013\/06\/19\/llukshiq-sukseset-e-malit-te-zi-inkurajuese\/#breadcrumb\"},\"inLanguage\":\"en-US\",\"potentialAction\":[{\"@type\":\"ReadAction\",\"target\":[\"https:\/\/www.visit-ulcinj.com\/blog\/2013\/06\/19\/llukshiq-sukseset-e-malit-te-zi-inkurajuese\/\"]}]},{\"@type\":\"BreadcrumbList\",\"@id\":\"https:\/\/www.visit-ulcinj.com\/blog\/2013\/06\/19\/llukshiq-sukseset-e-malit-te-zi-inkurajuese\/#breadcrumb\",\"itemListElement\":[{\"@type\":\"ListItem\",\"position\":1,\"name\":\"Llukshiq: Sukseset e Malit t\u00eb Zi inkurajuese\"}]},{\"@type\":\"Person\",\"@id\":\"https:\/\/www.visit-ulcinj.com\/blog\/#\/schema\/person\/dcab619c614d3038751c63bc2aadc06d\",\"name\":\"ulqini\",\"sameAs\":[\"http:\/\/www.visit-ulcinj.com\"],\"url\":\"https:\/\/www.visit-ulcinj.com\/blog\/author\/admin\/\"}]}<\/script>\n<!-- \/ Yoast SEO plugin. -->","yoast_head_json":{"title":"Llukshiq: Sukseset e Malit t\u00eb Zi inkurajuese - Lajme nga Ulqini","description":"Sukseset t\u00eb cilat i ka realizuar Mali i Zi n\u00eb proceset integruese jan\u00eb nxitje p\u00ebr t\u00ebr\u00eb rajonin , ka vler\u00ebsuar ministri i pun\u00ebve t\u00eb jashtme t\u00eb Kosov\u00ebs","robots":{"index":"index","follow":"follow","max-snippet":"max-snippet:-1","max-image-preview":"max-image-preview:large","max-video-preview":"max-video-preview:-1"},"canonical":"https:\/\/www.visit-ulcinj.com\/blog\/2013\/06\/19\/llukshiq-sukseset-e-malit-te-zi-inkurajuese\/","og_locale":"en_US","og_type":"article","og_title":"Llukshiq: Sukseset e Malit t\u00eb Zi inkurajuese - Lajme nga Ulqini","og_description":"Sukseset t\u00eb cilat i ka realizuar Mali i Zi n\u00eb proceset integruese jan\u00eb nxitje p\u00ebr t\u00ebr\u00eb rajonin , ka vler\u00ebsuar ministri i pun\u00ebve t\u00eb jashtme t\u00eb Kosov\u00ebs","og_url":"https:\/\/www.visit-ulcinj.com\/blog\/2013\/06\/19\/llukshiq-sukseset-e-malit-te-zi-inkurajuese\/","og_site_name":"Lajme nga Ulqini","article_published_time":"2013-06-19T16:50:13+00:00","article_modified_time":"2013-06-19T16:50:27+00:00","og_image":[{"url":"http:\/\/www.visit-ulcinj.com\/blog\/wp-content\/uploads\/2013\/06\/Enver-Hoxhaj-igor-luksic.jpg"}],"twitter_misc":{"Written by":"ulqini","Est. reading time":"1 minute"},"schema":{"@context":"https:\/\/schema.org","@graph":[{"@type":"WebSite","@id":"https:\/\/www.visit-ulcinj.com\/blog\/#website","url":"https:\/\/www.visit-ulcinj.com\/blog\/","name":"Lajme nga Ulqini","description":"Lajme,Vijesti,Ulqini,Ulqin,Crna Gora,Mali i Zi","potentialAction":[{"@type":"SearchAction","target":{"@type":"EntryPoint","urlTemplate":"https:\/\/www.visit-ulcinj.com\/blog\/?s={search_term_string}"},"query-input":"required name=search_term_string"}],"inLanguage":"en-US"},{"@type":"ImageObject","inLanguage":"en-US","@id":"https:\/\/www.visit-ulcinj.com\/blog\/2013\/06\/19\/llukshiq-sukseset-e-malit-te-zi-inkurajuese\/#primaryimage","url":"https:\/\/www.visit-ulcinj.com\/blog\/wp-content\/uploads\/2013\/06\/Enver-Hoxhaj-igor-luksic.jpg","contentUrl":"https:\/\/www.visit-ulcinj.com\/blog\/wp-content\/uploads\/2013\/06\/Enver-Hoxhaj-igor-luksic.jpg","width":1023,"height":682},{"@type":"WebPage","@id":"https:\/\/www.visit-ulcinj.com\/blog\/2013\/06\/19\/llukshiq-sukseset-e-malit-te-zi-inkurajuese\/#webpage","url":"https:\/\/www.visit-ulcinj.com\/blog\/2013\/06\/19\/llukshiq-sukseset-e-malit-te-zi-inkurajuese\/","name":"Llukshiq: Sukseset e Malit t\u00eb Zi inkurajuese - Lajme nga Ulqini","isPartOf":{"@id":"https:\/\/www.visit-ulcinj.com\/blog\/#website"},"primaryImageOfPage":{"@id":"https:\/\/www.visit-ulcinj.com\/blog\/2013\/06\/19\/llukshiq-sukseset-e-malit-te-zi-inkurajuese\/#primaryimage"},"datePublished":"2013-06-19T16:50:13+00:00","dateModified":"2013-06-19T16:50:27+00:00","author":{"@id":"https:\/\/www.visit-ulcinj.com\/blog\/#\/schema\/person\/dcab619c614d3038751c63bc2aadc06d"},"description":"Sukseset t\u00eb cilat i ka realizuar Mali i Zi n\u00eb proceset integruese jan\u00eb nxitje p\u00ebr t\u00ebr\u00eb rajonin , ka vler\u00ebsuar ministri i pun\u00ebve t\u00eb jashtme t\u00eb Kosov\u00ebs","breadcrumb":{"@id":"https:\/\/www.visit-ulcinj.com\/blog\/2013\/06\/19\/llukshiq-sukseset-e-malit-te-zi-inkurajuese\/#breadcrumb"},"inLanguage":"en-US","potentialAction":[{"@type":"ReadAction","target":["https:\/\/www.visit-ulcinj.com\/blog\/2013\/06\/19\/llukshiq-sukseset-e-malit-te-zi-inkurajuese\/"]}]},{"@type":"BreadcrumbList","@id":"https:\/\/www.visit-ulcinj.com\/blog\/2013\/06\/19\/llukshiq-sukseset-e-malit-te-zi-inkurajuese\/#breadcrumb","itemListElement":[{"@type":"ListItem","position":1,"name":"Llukshiq: Sukseset e Malit t\u00eb Zi inkurajuese"}]},{"@type":"Person","@id":"https:\/\/www.visit-ulcinj.com\/blog\/#\/schema\/person\/dcab619c614d3038751c63bc2aadc06d","name":"ulqini","sameAs":["http:\/\/www.visit-ulcinj.com"],"url":"https:\/\/www.visit-ulcinj.com\/blog\/author\/admin\/"}]}},"jetpack_featured_media_url":"","jetpack_sharing_enabled":true,"jetpack_shortlink":"https:\/\/wp.me\/pe6lTn-iRA","_links":{"self":[{"href":"https:\/\/www.visit-ulcinj.com\/blog\/wp-json\/wp\/v2\/posts\/72514"}],"collection":[{"href":"https:\/\/www.visit-ulcinj.com\/blog\/wp-json\/wp\/v2\/posts"}],"about":[{"href":"https:\/\/www.visit-ulcinj.com\/blog\/wp-json\/wp\/v2\/types\/post"}],"author":[{"embeddable":true,"href":"https:\/\/www.visit-ulcinj.com\/blog\/wp-json\/wp\/v2\/users\/1"}],"replies":[{"embeddable":true,"href":"https:\/\/www.visit-ulcinj.com\/blog\/wp-json\/wp\/v2\/comments?post=72514"}],"version-history":[{"count":2,"href":"https:\/\/www.visit-ulcinj.com\/blog\/wp-json\/wp\/v2\/posts\/72514\/revisions"}],"predecessor-version":[{"id":72517,"href":"https:\/\/www.visit-ulcinj.com\/blog\/wp-json\/wp\/v2\/posts\/72514\/revisions\/72517"}],"wp:attachment":[{"href":"https:\/\/www.visit-ulcinj.com\/blog\/wp-json\/wp\/v2\/media?parent=72514"}],"wp:term":[{"taxonomy":"category","embeddable":true,"href":"https:\/\/www.visit-ulcinj.com\/blog\/wp-json\/wp\/v2\/categories?post=72514"},{"taxonomy":"post_tag","embeddable":true,"href":"https:\/\/www.visit-ulcinj.com\/blog\/wp-json\/wp\/v2\/tags?post=72514"}],"curies":[{"name":"wp","href":"https:\/\/api.w.org\/{rel}","templated":true}]}}