{"id":72518,"date":"2013-06-20T15:41:27","date_gmt":"2013-06-20T14:41:27","guid":{"rendered":"http:\/\/www.visit-ulcinj.com\/blog\/?p=72518"},"modified":"2013-06-20T20:28:27","modified_gmt":"2013-06-20T19:28:27","slug":"programi-ne-gjuhen-shqipe-ne-mal-te-zi-ne-prag-te-shuarjes","status":"publish","type":"post","link":"https:\/\/www.visit-ulcinj.com\/blog\/2013\/06\/20\/programi-ne-gjuhen-shqipe-ne-mal-te-zi-ne-prag-te-shuarjes\/","title":{"rendered":"Programi n\u00eb gjuh\u00ebn shqipe n\u00eb Mal t\u00eb Zi n\u00eb prag t\u00eb shuarjes"},"content":{"rendered":"<p>Gazetari i redaksis\u00eb n\u00eb gjuh\u00ebn shqipe n\u00eb Televizionin e Malit t\u00eb Zi Musa Gjokaj tha q\u00eb programi n\u00eb gjuh\u00ebn shqipe n\u00eb televizionin publik \u00ebsht\u00eb para shuarjes . Ai n\u00eb tekstin autorial p\u00ebr t\u00eb p\u00ebrjavshmen n\u00eb gjuh\u00ebn shqipe \u201cKoha javore\u201d shkroi q\u00eb vitet e kaluara \u00ebsht\u00eb zvog\u00ebluar koh\u00eb zgjatja e emisioneve dhe \u00ebsht\u00eb nd\u00ebrpre kontrata me bashk\u00ebpun\u00ebtor\u00ebt me honorar dhe me ato q\u00eb kishin kontrat\u00eb n\u00eb baz\u00eb t\u00eb pun\u00ebs. \u201cP\u00ebr shef t\u00eb redaksis\u00eb \u00ebsht\u00eb vendosur pjes\u00ebtar i popullit shumic\u00eb, me \u00e7ka \u00ebsht\u00eb tregu mosbesim ndaj kuadrove shqiptar, nd\u00ebrsa me sistematizimin e ri i jepet edhe nj\u00eb goditje k\u00ebtij program\u201d, theksoi Gjokaj dhe shpjegoi q\u00eb me sistematizim nuk parashikohen dy vende pune, \u00e7ka, si\u00e7 thekson, do t\u00eb thot\u00eb q\u00eb do t\u00eb d\u00ebbohen dhe dy t\u00eb pun\u00ebsuarit e mbetur n\u00eb redaksin\u00eb n\u00eb gjuh\u00ebn shqipe n\u00eb TVMZ. \u201cKjo mund t\u00eb sjell deri tek ajo q\u00eb ky program, i cili p\u00ebr shkak t\u00eb munges\u00ebs s\u00eb kuadrove \u00ebsht\u00eb zbeh, t\u00eb fiket krejt\u00ebsisht\u201d, paralajm\u00ebroi ai dhe shtoi: \u201cSot informimi, e nuk dihet kujt d ti vij\u00eb radha nes\u00ebr!\u201d<\/p>\n<p>Burimi: http:\/\/ul-info.com<\/p>\n<p><a href=\"http:\/\/www.visit-ulcinj.com\/blog\/wp-content\/uploads\/2013\/06\/Musa-Gjoka.jpg\"><img loading=\"lazy\" class=\"alignleft  wp-image-72519\" alt=\"Musa-Gjoka\" src=\"http:\/\/www.visit-ulcinj.com\/blog\/wp-content\/uploads\/2013\/06\/Musa-Gjoka.jpg\" width=\"508\" height=\"600\" \/><\/a><\/p>\n<p style=\"text-align: center;\"><strong>PSE<\/strong><\/p>\n<p>P\u00ebrmir\u00ebsimi dhe zgjerimi i mediave t\u00eb shkruara dhe elektronike n\u00eb gjuh\u00ebn shqipe n\u00eb Malin e Zi, p\u00ebrher\u00eb ka qen\u00eb \u00e7\u00ebshtje interesimi i partive politike nacionale shqiptare n\u00eb aktivitet gjat\u00eb fushatave parazgjedhore, por q\u00eb m\u00eb pastaj sikur \u00ebsht\u00eb harruar ky interesim.<\/p>\n<p>Mund t\u00eb thuhet se asnj\u00ebra nga kat\u00ebr\u00a0 partit\u00eb shqiptare nuk interesohet m\u00eb p\u00ebr gjendjen e mjerueshme t\u00eb mediave publike gj\u00eb q\u00eb flet edhe p\u00ebr mosinteresimin e shtetit ndaj t\u00eb cilit shqiptar\u00ebt i kryejn\u00eb t\u00eb gjitha obligimet e tyre qytetare.<\/p>\n<p><strong>Tkurrje, shuarje n\u00eb vend t\u00eb zgjerimit<\/strong><br \/>\nEmisioni shqip n\u00eb TV-n\u00eb e Malit t\u00eb Zi, dikur \u201cKronika javore\u201d, themeluar n\u00eb vitin 1992, ishte emision mjaft i shikuar nga shqiptar\u00ebt e Malit t\u00eb Zi dhe zgjaste 30 minuta. Veprimtaria e k\u00ebsaj redaksie zgjati deri n\u00eb vitin 1998, q\u00eb kontribuoi mjaft p\u00ebr afirmimin e vlerave tona.<br \/>\nMe kompletimin e redaksis\u00eb, po k\u00ebt\u00eb vit, \u201cKronika javore\u201d u shnd\u00ebrrua n\u00eb \u201cMozaiku 60\u2033. Nd\u00ebrkaq, 4 vite m\u00eb von\u00eb, programi shqip zgjerohet edhe me lajmet ditore q\u00eb zgjasin 15 minuta. N\u00eb redaksin\u00eb shqip, por edhe n\u00eb K\u00ebshillin drejtues t\u00eb RTV MZ ka ekzistuar nj\u00eb frym\u00eb dhe d\u00ebshir\u00eb q\u00eb programi shqip t\u00eb zgjerohet edhe me ndonj\u00eb program tjet\u00ebr. Mir\u00ebpo, sipas skem\u00ebs se re programore t\u00eb TV-s\u00eb s\u00eb Malit t\u00eb Zi emisioni javor n\u00eb gjuh\u00ebn shqipe \u201cMozaiku 60\u2033 reduktohet nga 60 n\u00eb 40 minuta.<br \/>\nJav\u00eb m\u00eb par\u00eb, \u201cMozaiku 60\u2033 shkurtohet p\u00ebr 20 minuta dhe tani quhet \u201cMozaiku\u201d. Sipas redaktorit p\u00ebrgjegj\u00ebs t\u00eb programit shqip, Fran Camaj, kjo ndodhi pasi q\u00eb n\u00eb RTV e Malit t\u00eb Zi u b\u00eb skema e re e programit t\u00eb RTV dhe k\u00ebshtu \u00ebsht\u00eb b\u00ebr\u00eb reduktimi i t\u00eb gjitha emisioneve. N\u00eb k\u00ebt\u00eb reduktim u p\u00ebrfshi edhe \u201cMozaiku 60\u2033.<br \/>\n\u201cNatyrisht kjo nuk \u00ebsht\u00eb b\u00ebr\u00eb me p\u00eblqimin ton\u00eb, por arsyetimi ishte se jan\u00eb reduktuar t\u00eb gjitha emisionet. Ne dhe k\u00ebshilli drejtues i RTV MZ kemi pasur k\u00ebrkesa q\u00eb t\u00eb futen edhe emisione t\u00eb reja n\u00eb shqip, si bie fjala emisione p\u00ebr kultur\u00eb, arsim, turiz\u00ebm, bujq\u00ebsi, muzik\u00eb, emisioni p\u00ebr f\u00ebmij\u00eb etj\u201d, pohon Camaj.<br \/>\nN\u00eb qoft\u00eb se k\u00ebto emisione do t\u00eb futeshin, at\u00ebher\u00eb, sipas redaktorit Camaj, nuk do t\u00eb ishte e nevojshme t\u00eb ekzistonte fare \u201cMozaiku\u201d.<\/p>\n<p><strong>Kurse sot\u00eb programi n\u00eb gjuh\u00ebn shqipe n\u00eb Mal t\u00eb Zi n\u00eb prag t\u00eb shuarjes<\/strong><\/p>\n<p>Para kat\u00ebr vitesh \u00ebsht\u00eb miratuar Ligji i ri mbi informimin. N\u00eb komisionin gjegj\u00ebs, kan\u00eb qene an\u00ebtar\u00eb edhe dy deputet\u00eb shqiptar\u00eb, edhe nuk kan\u00eb k\u00ebrkuar definimin me ligj.<\/p>\n<p><strong>Pse?!<\/strong><\/p>\n<p>Shqiptar\u00ebve n\u00eb Malin e Zi sot u duhet nj\u00eb program n\u00eb gjuhen shqipe p\u00ebr t\u00eb ruajtur identitetin e tyre gjuh\u00ebsor, kulturor e komb\u00ebtar, mir\u00ebpo, politikan\u00ebt shqiptar\u00eb nuk shqet\u00ebsohen p\u00ebr k\u00ebt\u00eb.<\/p>\n<p><strong>Pse?!<\/strong><\/p>\n<p>Ky \u00ebsht\u00eb nj\u00eb rast shum\u00eb diskriminues p\u00ebr shqiptar\u00ebt n\u00eb Mal t\u00eb Zi, sepse k\u00ebrkesat ishin p\u00ebr nj\u00eb kanal t\u00eb posa\u00e7\u00ebm p\u00ebr pakicat, por n\u00eb vend se t\u00eb realizohej ky projekt, shqiptar\u00ebve u shkurtohen edhe hap\u00ebsirat q\u00eb kishin n\u00eb TVMZ.<\/p>\n<p>K\u00ebtu kemi t\u00eb b\u00ebjm\u00eb me c\u00ebnimin e t\u00eb drejtave t\u00eb shqiptar\u00ebve p\u00ebr t\u2019u informuar n\u00eb gjuh\u00ebn e tyre amtare. K\u00ebt\u00eb \u00e7\u00ebshtje politikan\u00ebt ton\u00eb shqiptar\u00eb sikur nuk e v\u00ebrejn\u00eb fare.<\/p>\n<p>Shteti i Malit t\u00eb Zi q\u00eb pretendon integrimet evropiane dhe euroatlantike, duke diskriminuar k\u00ebshtu shqiptar\u00ebt, nuk mund t\u00eb thot\u00eb se \u00ebsht\u00eb shembull i shoq\u00ebris\u00eb multikulturore dhe multietnike.<\/p>\n<p>Mediat malazeze, sidomos ato t\u00eb shkruarat, plot\u00ebsisht anashkalojn\u00eb ngjarjet dhe veprimtarit\u00eb nacionale t\u00eb shqiptar\u00ebve. Gazetar\u00ebt shqiptar\u00eb nuk i mbron askush sikur t\u00eb b\u00ebnin p\u00ebrpjekje t\u00eb merreshin me tema hulumtuese, edhe ka mjaft n\u00eb viset etnike shqiptare n\u00eb Malin e Zi. P\u00ebr fat t\u00eb keq, gazetar\u00ebt shqiptar\u00eb n\u00eb Malin e Zi nuk e kan\u00eb as shoqat\u00ebn e tyre.<\/p>\n<p>&nbsp;<\/p>\n","protected":false},"excerpt":{"rendered":"<p>Gazetari i redaksis\u00eb n\u00eb gjuh\u00ebn shqipe n\u00eb Televizionin e Malit t\u00eb Zi Musa Gjokaj tha q\u00eb programi n\u00eb gjuh\u00ebn shqipe n\u00eb televizionin publik \u00ebsht\u00eb para shuarjes . Ai n\u00eb tekstin autorial p\u00ebr t\u00eb p\u00ebrjavshmen n\u00eb gjuh\u00ebn shqipe \u201cKoha javore\u201d shkroi q\u00eb vitet e kaluara \u00ebsht\u00eb zvog\u00ebluar koh\u00eb zgjatja e emisioneve dhe \u00ebsht\u00eb nd\u00ebrpre kontrata me [&hellip;]<\/p>\n","protected":false},"author":1,"featured_media":0,"comment_status":"closed","ping_status":"closed","sticky":false,"template":"","format":"standard","meta":{"spay_email":"","jetpack_publicize_message":"","jetpack_is_tweetstorm":false,"jetpack_publicize_feature_enabled":true},"categories":[4,1],"tags":[],"jetpack_publicize_connections":[],"yoast_head":"<!-- This site is optimized with the Yoast SEO plugin v19.1 - https:\/\/yoast.com\/wordpress\/plugins\/seo\/ -->\n<title>Programi n\u00eb gjuh\u00ebn shqipe n\u00eb Mal t\u00eb Zi n\u00eb prag t\u00eb shuarjes - Lajme nga Ulqini<\/title>\n<meta name=\"description\" content=\"Gazetari i redaksis\u00eb n\u00eb gjuh\u00ebn shqipe n\u00eb Televizionin e Malit t\u00eb Zi Musa Gjokaj tha q\u00eb programi n\u00eb gjuh\u00ebn shqipe n\u00eb televizionin publik \u00ebsht\u00eb para\" \/>\n<meta name=\"robots\" content=\"index, follow, max-snippet:-1, max-image-preview:large, max-video-preview:-1\" \/>\n<link rel=\"canonical\" href=\"https:\/\/www.visit-ulcinj.com\/blog\/2013\/06\/20\/programi-ne-gjuhen-shqipe-ne-mal-te-zi-ne-prag-te-shuarjes\/\" \/>\n<meta property=\"og:locale\" content=\"en_US\" \/>\n<meta property=\"og:type\" content=\"article\" \/>\n<meta property=\"og:title\" content=\"Programi n\u00eb gjuh\u00ebn shqipe n\u00eb Mal t\u00eb Zi n\u00eb prag t\u00eb shuarjes - Lajme nga Ulqini\" \/>\n<meta property=\"og:description\" content=\"Gazetari i redaksis\u00eb n\u00eb gjuh\u00ebn shqipe n\u00eb Televizionin e Malit t\u00eb Zi Musa Gjokaj tha q\u00eb programi n\u00eb gjuh\u00ebn shqipe n\u00eb televizionin publik \u00ebsht\u00eb para\" \/>\n<meta property=\"og:url\" content=\"https:\/\/www.visit-ulcinj.com\/blog\/2013\/06\/20\/programi-ne-gjuhen-shqipe-ne-mal-te-zi-ne-prag-te-shuarjes\/\" \/>\n<meta property=\"og:site_name\" content=\"Lajme nga Ulqini\" \/>\n<meta property=\"article:published_time\" content=\"2013-06-20T14:41:27+00:00\" \/>\n<meta property=\"article:modified_time\" content=\"2013-06-20T19:28:27+00:00\" \/>\n<meta property=\"og:image\" content=\"http:\/\/www.visit-ulcinj.com\/blog\/wp-content\/uploads\/2013\/06\/Musa-Gjoka.jpg\" \/>\n<meta name=\"twitter:label1\" content=\"Written by\" \/>\n\t<meta name=\"twitter:data1\" content=\"ulqini\" \/>\n\t<meta name=\"twitter:label2\" content=\"Est. reading time\" \/>\n\t<meta name=\"twitter:data2\" content=\"4 minutes\" \/>\n<script type=\"application\/ld+json\" class=\"yoast-schema-graph\">{\"@context\":\"https:\/\/schema.org\",\"@graph\":[{\"@type\":\"WebSite\",\"@id\":\"https:\/\/www.visit-ulcinj.com\/blog\/#website\",\"url\":\"https:\/\/www.visit-ulcinj.com\/blog\/\",\"name\":\"Lajme nga Ulqini\",\"description\":\"Lajme,Vijesti,Ulqini,Ulqin,Crna Gora,Mali i Zi\",\"potentialAction\":[{\"@type\":\"SearchAction\",\"target\":{\"@type\":\"EntryPoint\",\"urlTemplate\":\"https:\/\/www.visit-ulcinj.com\/blog\/?s={search_term_string}\"},\"query-input\":\"required name=search_term_string\"}],\"inLanguage\":\"en-US\"},{\"@type\":\"ImageObject\",\"inLanguage\":\"en-US\",\"@id\":\"https:\/\/www.visit-ulcinj.com\/blog\/2013\/06\/20\/programi-ne-gjuhen-shqipe-ne-mal-te-zi-ne-prag-te-shuarjes\/#primaryimage\",\"url\":\"https:\/\/www.visit-ulcinj.com\/blog\/wp-content\/uploads\/2013\/06\/Musa-Gjoka.jpg\",\"contentUrl\":\"https:\/\/www.visit-ulcinj.com\/blog\/wp-content\/uploads\/2013\/06\/Musa-Gjoka.jpg\",\"width\":574,\"height\":960},{\"@type\":\"WebPage\",\"@id\":\"https:\/\/www.visit-ulcinj.com\/blog\/2013\/06\/20\/programi-ne-gjuhen-shqipe-ne-mal-te-zi-ne-prag-te-shuarjes\/#webpage\",\"url\":\"https:\/\/www.visit-ulcinj.com\/blog\/2013\/06\/20\/programi-ne-gjuhen-shqipe-ne-mal-te-zi-ne-prag-te-shuarjes\/\",\"name\":\"Programi n\u00eb gjuh\u00ebn shqipe n\u00eb Mal t\u00eb Zi n\u00eb prag t\u00eb shuarjes - Lajme nga Ulqini\",\"isPartOf\":{\"@id\":\"https:\/\/www.visit-ulcinj.com\/blog\/#website\"},\"primaryImageOfPage\":{\"@id\":\"https:\/\/www.visit-ulcinj.com\/blog\/2013\/06\/20\/programi-ne-gjuhen-shqipe-ne-mal-te-zi-ne-prag-te-shuarjes\/#primaryimage\"},\"datePublished\":\"2013-06-20T14:41:27+00:00\",\"dateModified\":\"2013-06-20T19:28:27+00:00\",\"author\":{\"@id\":\"https:\/\/www.visit-ulcinj.com\/blog\/#\/schema\/person\/dcab619c614d3038751c63bc2aadc06d\"},\"description\":\"Gazetari i redaksis\u00eb n\u00eb gjuh\u00ebn shqipe n\u00eb Televizionin e Malit t\u00eb Zi Musa Gjokaj tha q\u00eb programi n\u00eb gjuh\u00ebn shqipe n\u00eb televizionin publik \u00ebsht\u00eb para\",\"breadcrumb\":{\"@id\":\"https:\/\/www.visit-ulcinj.com\/blog\/2013\/06\/20\/programi-ne-gjuhen-shqipe-ne-mal-te-zi-ne-prag-te-shuarjes\/#breadcrumb\"},\"inLanguage\":\"en-US\",\"potentialAction\":[{\"@type\":\"ReadAction\",\"target\":[\"https:\/\/www.visit-ulcinj.com\/blog\/2013\/06\/20\/programi-ne-gjuhen-shqipe-ne-mal-te-zi-ne-prag-te-shuarjes\/\"]}]},{\"@type\":\"BreadcrumbList\",\"@id\":\"https:\/\/www.visit-ulcinj.com\/blog\/2013\/06\/20\/programi-ne-gjuhen-shqipe-ne-mal-te-zi-ne-prag-te-shuarjes\/#breadcrumb\",\"itemListElement\":[{\"@type\":\"ListItem\",\"position\":1,\"name\":\"Programi n\u00eb gjuh\u00ebn shqipe n\u00eb Mal t\u00eb Zi n\u00eb prag t\u00eb shuarjes\"}]},{\"@type\":\"Person\",\"@id\":\"https:\/\/www.visit-ulcinj.com\/blog\/#\/schema\/person\/dcab619c614d3038751c63bc2aadc06d\",\"name\":\"ulqini\",\"sameAs\":[\"http:\/\/www.visit-ulcinj.com\"],\"url\":\"https:\/\/www.visit-ulcinj.com\/blog\/author\/admin\/\"}]}<\/script>\n<!-- \/ Yoast SEO plugin. -->","yoast_head_json":{"title":"Programi n\u00eb gjuh\u00ebn shqipe n\u00eb Mal t\u00eb Zi n\u00eb prag t\u00eb shuarjes - Lajme nga Ulqini","description":"Gazetari i redaksis\u00eb n\u00eb gjuh\u00ebn shqipe n\u00eb Televizionin e Malit t\u00eb Zi Musa Gjokaj tha q\u00eb programi n\u00eb gjuh\u00ebn shqipe n\u00eb televizionin publik \u00ebsht\u00eb para","robots":{"index":"index","follow":"follow","max-snippet":"max-snippet:-1","max-image-preview":"max-image-preview:large","max-video-preview":"max-video-preview:-1"},"canonical":"https:\/\/www.visit-ulcinj.com\/blog\/2013\/06\/20\/programi-ne-gjuhen-shqipe-ne-mal-te-zi-ne-prag-te-shuarjes\/","og_locale":"en_US","og_type":"article","og_title":"Programi n\u00eb gjuh\u00ebn shqipe n\u00eb Mal t\u00eb Zi n\u00eb prag t\u00eb shuarjes - Lajme nga Ulqini","og_description":"Gazetari i redaksis\u00eb n\u00eb gjuh\u00ebn shqipe n\u00eb Televizionin e Malit t\u00eb Zi Musa Gjokaj tha q\u00eb programi n\u00eb gjuh\u00ebn shqipe n\u00eb televizionin publik \u00ebsht\u00eb para","og_url":"https:\/\/www.visit-ulcinj.com\/blog\/2013\/06\/20\/programi-ne-gjuhen-shqipe-ne-mal-te-zi-ne-prag-te-shuarjes\/","og_site_name":"Lajme nga Ulqini","article_published_time":"2013-06-20T14:41:27+00:00","article_modified_time":"2013-06-20T19:28:27+00:00","og_image":[{"url":"http:\/\/www.visit-ulcinj.com\/blog\/wp-content\/uploads\/2013\/06\/Musa-Gjoka.jpg"}],"twitter_misc":{"Written by":"ulqini","Est. reading time":"4 minutes"},"schema":{"@context":"https:\/\/schema.org","@graph":[{"@type":"WebSite","@id":"https:\/\/www.visit-ulcinj.com\/blog\/#website","url":"https:\/\/www.visit-ulcinj.com\/blog\/","name":"Lajme nga Ulqini","description":"Lajme,Vijesti,Ulqini,Ulqin,Crna Gora,Mali i Zi","potentialAction":[{"@type":"SearchAction","target":{"@type":"EntryPoint","urlTemplate":"https:\/\/www.visit-ulcinj.com\/blog\/?s={search_term_string}"},"query-input":"required name=search_term_string"}],"inLanguage":"en-US"},{"@type":"ImageObject","inLanguage":"en-US","@id":"https:\/\/www.visit-ulcinj.com\/blog\/2013\/06\/20\/programi-ne-gjuhen-shqipe-ne-mal-te-zi-ne-prag-te-shuarjes\/#primaryimage","url":"https:\/\/www.visit-ulcinj.com\/blog\/wp-content\/uploads\/2013\/06\/Musa-Gjoka.jpg","contentUrl":"https:\/\/www.visit-ulcinj.com\/blog\/wp-content\/uploads\/2013\/06\/Musa-Gjoka.jpg","width":574,"height":960},{"@type":"WebPage","@id":"https:\/\/www.visit-ulcinj.com\/blog\/2013\/06\/20\/programi-ne-gjuhen-shqipe-ne-mal-te-zi-ne-prag-te-shuarjes\/#webpage","url":"https:\/\/www.visit-ulcinj.com\/blog\/2013\/06\/20\/programi-ne-gjuhen-shqipe-ne-mal-te-zi-ne-prag-te-shuarjes\/","name":"Programi n\u00eb gjuh\u00ebn shqipe n\u00eb Mal t\u00eb Zi n\u00eb prag t\u00eb shuarjes - Lajme nga Ulqini","isPartOf":{"@id":"https:\/\/www.visit-ulcinj.com\/blog\/#website"},"primaryImageOfPage":{"@id":"https:\/\/www.visit-ulcinj.com\/blog\/2013\/06\/20\/programi-ne-gjuhen-shqipe-ne-mal-te-zi-ne-prag-te-shuarjes\/#primaryimage"},"datePublished":"2013-06-20T14:41:27+00:00","dateModified":"2013-06-20T19:28:27+00:00","author":{"@id":"https:\/\/www.visit-ulcinj.com\/blog\/#\/schema\/person\/dcab619c614d3038751c63bc2aadc06d"},"description":"Gazetari i redaksis\u00eb n\u00eb gjuh\u00ebn shqipe n\u00eb Televizionin e Malit t\u00eb Zi Musa Gjokaj tha q\u00eb programi n\u00eb gjuh\u00ebn shqipe n\u00eb televizionin publik \u00ebsht\u00eb para","breadcrumb":{"@id":"https:\/\/www.visit-ulcinj.com\/blog\/2013\/06\/20\/programi-ne-gjuhen-shqipe-ne-mal-te-zi-ne-prag-te-shuarjes\/#breadcrumb"},"inLanguage":"en-US","potentialAction":[{"@type":"ReadAction","target":["https:\/\/www.visit-ulcinj.com\/blog\/2013\/06\/20\/programi-ne-gjuhen-shqipe-ne-mal-te-zi-ne-prag-te-shuarjes\/"]}]},{"@type":"BreadcrumbList","@id":"https:\/\/www.visit-ulcinj.com\/blog\/2013\/06\/20\/programi-ne-gjuhen-shqipe-ne-mal-te-zi-ne-prag-te-shuarjes\/#breadcrumb","itemListElement":[{"@type":"ListItem","position":1,"name":"Programi n\u00eb gjuh\u00ebn shqipe n\u00eb Mal t\u00eb Zi n\u00eb prag t\u00eb shuarjes"}]},{"@type":"Person","@id":"https:\/\/www.visit-ulcinj.com\/blog\/#\/schema\/person\/dcab619c614d3038751c63bc2aadc06d","name":"ulqini","sameAs":["http:\/\/www.visit-ulcinj.com"],"url":"https:\/\/www.visit-ulcinj.com\/blog\/author\/admin\/"}]}},"jetpack_featured_media_url":"","jetpack_sharing_enabled":true,"jetpack_shortlink":"https:\/\/wp.me\/pe6lTn-iRE","_links":{"self":[{"href":"https:\/\/www.visit-ulcinj.com\/blog\/wp-json\/wp\/v2\/posts\/72518"}],"collection":[{"href":"https:\/\/www.visit-ulcinj.com\/blog\/wp-json\/wp\/v2\/posts"}],"about":[{"href":"https:\/\/www.visit-ulcinj.com\/blog\/wp-json\/wp\/v2\/types\/post"}],"author":[{"embeddable":true,"href":"https:\/\/www.visit-ulcinj.com\/blog\/wp-json\/wp\/v2\/users\/1"}],"replies":[{"embeddable":true,"href":"https:\/\/www.visit-ulcinj.com\/blog\/wp-json\/wp\/v2\/comments?post=72518"}],"version-history":[{"count":5,"href":"https:\/\/www.visit-ulcinj.com\/blog\/wp-json\/wp\/v2\/posts\/72518\/revisions"}],"predecessor-version":[{"id":72529,"href":"https:\/\/www.visit-ulcinj.com\/blog\/wp-json\/wp\/v2\/posts\/72518\/revisions\/72529"}],"wp:attachment":[{"href":"https:\/\/www.visit-ulcinj.com\/blog\/wp-json\/wp\/v2\/media?parent=72518"}],"wp:term":[{"taxonomy":"category","embeddable":true,"href":"https:\/\/www.visit-ulcinj.com\/blog\/wp-json\/wp\/v2\/categories?post=72518"},{"taxonomy":"post_tag","embeddable":true,"href":"https:\/\/www.visit-ulcinj.com\/blog\/wp-json\/wp\/v2\/tags?post=72518"}],"curies":[{"name":"wp","href":"https:\/\/api.w.org\/{rel}","templated":true}]}}