{"id":72534,"date":"2013-06-20T21:05:19","date_gmt":"2013-06-20T20:05:19","guid":{"rendered":"http:\/\/www.visit-ulcinj.com\/blog\/?p=72534"},"modified":"2013-06-20T21:05:36","modified_gmt":"2013-06-20T20:05:36","slug":"radomir-mikan-zec-rusi-se-ugled-ade","status":"publish","type":"post","link":"https:\/\/www.visit-ulcinj.com\/blog\/2013\/06\/20\/radomir-mikan-zec-rusi-se-ugled-ade\/","title":{"rendered":"Radomir Mikan Zec: Ru\u0161i se ugled Ade"},"content":{"rendered":"<p><strong><a href=\"http:\/\/www.visit-ulcinj.com\/blog\/wp-content\/uploads\/2013\/06\/Mikan-Zec-Direktor-HTP-Ulcinjska-rivijera.jpg\"><img loading=\"lazy\" class=\"alignleft size-full wp-image-72535\" alt=\"Mikan-Zec-Direktor-HTP-Ulcinjska-rivijera\" src=\"http:\/\/www.visit-ulcinj.com\/blog\/wp-content\/uploads\/2013\/06\/Mikan-Zec-Direktor-HTP-Ulcinjska-rivijera.jpg\" width=\"320\" height=\"408\" srcset=\"https:\/\/www.visit-ulcinj.com\/blog\/wp-content\/uploads\/2013\/06\/Mikan-Zec-Direktor-HTP-Ulcinjska-rivijera.jpg 320w, https:\/\/www.visit-ulcinj.com\/blog\/wp-content\/uploads\/2013\/06\/Mikan-Zec-Direktor-HTP-Ulcinjska-rivijera-235x300.jpg 235w\" sizes=\"(max-width: 320px) 100vw, 320px\" \/><\/a>ULCINJ \u2013\u00a0 Ve\u0107 du\u017ee HTP \u201eUlcinjska rivijera\u201c izlo\u017eeno je pravoj poplavi krivi\u010dnih prijava, povodom kojih se oglasio izvr\u0161ni direktor ovog preduze\u0107a Radomir Mikan Zec.<\/strong><\/p>\n<p>&nbsp;<\/p>\n<p>Iako smo rije\u0161ili problem voajera u nudisti\u010dkom naselju \u201eAda Bojana\u201c, ve\u0107 du\u017ee pod velom masa\u017ee u privatnim ku\u0107ama, bez oficijelnih papira, imamo pojavu pedofilije koju i, pored na\u0161e maksimalne kontrole, ne mo\u017eemo da sprije\u010dimo. Radi se, naime, o objektu divlje gradnje, zaklonjenom u \u0161umi, pa je te\u0161ko ispitati ovu pojavu. Dr\u017eavne institucije, i pored na\u0161ih upozorenja, nerado kontroli\u0161u ovaj objekat, jer je u vlasni\u0161tvu nenormalne osobe koja fizi\u010dki zlostavlja i napada svaki poku\u0161aj kontrole \u2013 navodi se u saop\u0161tenju izvr\u0161nog direktora Ulcinjske rivijere.<\/p>\n<p>&#8211; Osim nenormalnih i protivzakonitih bludnih radnji, u ovom ne\u010duvenom objektu koji ru\u0161i ugled Ade demonstrira se sila i tra\u017ee se\u00a0 \u017ertve, a dr\u017eavi se ne pla\u0107aju obaveze, iako se raspola\u017ee sa 20 kreveta i salonom za masa\u017eu. Da bi stepen drskosti bio ve\u0107i, na ulazu na ostrvu on reklamira svoju nedoli\u010dnu i bolesnu ponudu. Zbog na\u0161eg stalnog otpora i pritiska, te\u0161ko i la\u017eno optu\u017euje \u201eUlcinjsku rivijeru\u201c koju je, u svojstvu usluga salona za masa\u017eu, tokom 15 godina drasti\u010dno i oplja\u010dkao i obrukao \u2013 isti\u010de Zec.<\/p>\n<p>&#8211; Na\u017ealost, dr\u017eava i svi na ostrvu znaju za ovu bolesnu pojavu, ali zbog poznatog oportunizma uzurpatora niko ne reaguje da se ovo zlo potpuno iskorijeni, jer ozbiljno ugro\u017eava opstanak nudizma na Adi koja ve\u0107 40 godina predstavlja dragulj crnogorskog i evropskog nudisti\u010dkog pokreta \u2013 istakao je izvr\u0161ni direktor HTP \u201eUlcinjska rivijera\u201c Radomir Mikan Zec.<\/p>\n<p><em><strong>R.R.<\/strong><\/em><br \/>\n<strong>Izvor: Pobjeda<\/strong><\/p>\n","protected":false},"excerpt":{"rendered":"<p>ULCINJ \u2013\u00a0 Ve\u0107 du\u017ee HTP \u201eUlcinjska rivijera\u201c izlo\u017eeno je pravoj poplavi krivi\u010dnih prijava, povodom kojih se oglasio izvr\u0161ni direktor ovog preduze\u0107a Radomir Mikan Zec. &nbsp; Iako smo rije\u0161ili problem voajera u nudisti\u010dkom naselju \u201eAda Bojana\u201c, ve\u0107 du\u017ee pod velom masa\u017ee u privatnim ku\u0107ama, bez oficijelnih papira, imamo pojavu pedofilije koju i, pored na\u0161e maksimalne kontrole, [&hellip;]<\/p>\n","protected":false},"author":1,"featured_media":0,"comment_status":"closed","ping_status":"closed","sticky":false,"template":"","format":"standard","meta":{"spay_email":"","jetpack_publicize_message":"","jetpack_is_tweetstorm":false,"jetpack_publicize_feature_enabled":true},"categories":[8337],"tags":[],"jetpack_publicize_connections":[],"yoast_head":"<!-- This site is optimized with the Yoast SEO plugin v19.1 - https:\/\/yoast.com\/wordpress\/plugins\/seo\/ -->\n<title>Radomir Mikan Zec: Ru\u0161i se ugled Ade - Lajme nga Ulqini<\/title>\n<meta name=\"description\" content=\"ULCINJ \u2013\u00a0 Ve\u0107 du\u017ee HTP \u201eUlcinjska rivijera\u201c izlo\u017eeno je pravoj poplavi krivi\u010dnih prijava, povodom kojih se oglasio izvr\u0161ni direktor ovog preduze\u0107a Radomir\" \/>\n<meta name=\"robots\" content=\"index, follow, max-snippet:-1, max-image-preview:large, max-video-preview:-1\" \/>\n<link rel=\"canonical\" href=\"https:\/\/www.visit-ulcinj.com\/blog\/2013\/06\/20\/radomir-mikan-zec-rusi-se-ugled-ade\/\" \/>\n<meta property=\"og:locale\" content=\"en_US\" \/>\n<meta property=\"og:type\" content=\"article\" \/>\n<meta property=\"og:title\" content=\"Radomir Mikan Zec: Ru\u0161i se ugled Ade - Lajme nga Ulqini\" \/>\n<meta property=\"og:description\" content=\"ULCINJ \u2013\u00a0 Ve\u0107 du\u017ee HTP \u201eUlcinjska rivijera\u201c izlo\u017eeno je pravoj poplavi krivi\u010dnih prijava, povodom kojih se oglasio izvr\u0161ni direktor ovog preduze\u0107a Radomir\" \/>\n<meta property=\"og:url\" content=\"https:\/\/www.visit-ulcinj.com\/blog\/2013\/06\/20\/radomir-mikan-zec-rusi-se-ugled-ade\/\" \/>\n<meta property=\"og:site_name\" content=\"Lajme nga Ulqini\" \/>\n<meta property=\"article:published_time\" content=\"2013-06-20T20:05:19+00:00\" \/>\n<meta property=\"article:modified_time\" content=\"2013-06-20T20:05:36+00:00\" \/>\n<meta property=\"og:image\" content=\"http:\/\/www.visit-ulcinj.com\/blog\/wp-content\/uploads\/2013\/06\/Mikan-Zec-Direktor-HTP-Ulcinjska-rivijera.jpg\" \/>\n<meta name=\"twitter:label1\" content=\"Written by\" \/>\n\t<meta name=\"twitter:data1\" content=\"ulqini\" \/>\n\t<meta name=\"twitter:label2\" content=\"Est. reading time\" \/>\n\t<meta name=\"twitter:data2\" content=\"1 minute\" \/>\n<script type=\"application\/ld+json\" class=\"yoast-schema-graph\">{\"@context\":\"https:\/\/schema.org\",\"@graph\":[{\"@type\":\"WebSite\",\"@id\":\"https:\/\/www.visit-ulcinj.com\/blog\/#website\",\"url\":\"https:\/\/www.visit-ulcinj.com\/blog\/\",\"name\":\"Lajme nga Ulqini\",\"description\":\"Lajme,Vijesti,Ulqini,Ulqin,Crna Gora,Mali i Zi\",\"potentialAction\":[{\"@type\":\"SearchAction\",\"target\":{\"@type\":\"EntryPoint\",\"urlTemplate\":\"https:\/\/www.visit-ulcinj.com\/blog\/?s={search_term_string}\"},\"query-input\":\"required name=search_term_string\"}],\"inLanguage\":\"en-US\"},{\"@type\":\"ImageObject\",\"inLanguage\":\"en-US\",\"@id\":\"https:\/\/www.visit-ulcinj.com\/blog\/2013\/06\/20\/radomir-mikan-zec-rusi-se-ugled-ade\/#primaryimage\",\"url\":\"https:\/\/www.visit-ulcinj.com\/blog\/wp-content\/uploads\/2013\/06\/Mikan-Zec-Direktor-HTP-Ulcinjska-rivijera.jpg\",\"contentUrl\":\"https:\/\/www.visit-ulcinj.com\/blog\/wp-content\/uploads\/2013\/06\/Mikan-Zec-Direktor-HTP-Ulcinjska-rivijera.jpg\",\"width\":320,\"height\":408},{\"@type\":\"WebPage\",\"@id\":\"https:\/\/www.visit-ulcinj.com\/blog\/2013\/06\/20\/radomir-mikan-zec-rusi-se-ugled-ade\/#webpage\",\"url\":\"https:\/\/www.visit-ulcinj.com\/blog\/2013\/06\/20\/radomir-mikan-zec-rusi-se-ugled-ade\/\",\"name\":\"Radomir Mikan Zec: Ru\u0161i se ugled Ade - Lajme nga Ulqini\",\"isPartOf\":{\"@id\":\"https:\/\/www.visit-ulcinj.com\/blog\/#website\"},\"primaryImageOfPage\":{\"@id\":\"https:\/\/www.visit-ulcinj.com\/blog\/2013\/06\/20\/radomir-mikan-zec-rusi-se-ugled-ade\/#primaryimage\"},\"datePublished\":\"2013-06-20T20:05:19+00:00\",\"dateModified\":\"2013-06-20T20:05:36+00:00\",\"author\":{\"@id\":\"https:\/\/www.visit-ulcinj.com\/blog\/#\/schema\/person\/dcab619c614d3038751c63bc2aadc06d\"},\"description\":\"ULCINJ \u2013\u00a0 Ve\u0107 du\u017ee HTP \u201eUlcinjska rivijera\u201c izlo\u017eeno je pravoj poplavi krivi\u010dnih prijava, povodom kojih se oglasio izvr\u0161ni direktor ovog preduze\u0107a Radomir\",\"breadcrumb\":{\"@id\":\"https:\/\/www.visit-ulcinj.com\/blog\/2013\/06\/20\/radomir-mikan-zec-rusi-se-ugled-ade\/#breadcrumb\"},\"inLanguage\":\"en-US\",\"potentialAction\":[{\"@type\":\"ReadAction\",\"target\":[\"https:\/\/www.visit-ulcinj.com\/blog\/2013\/06\/20\/radomir-mikan-zec-rusi-se-ugled-ade\/\"]}]},{\"@type\":\"BreadcrumbList\",\"@id\":\"https:\/\/www.visit-ulcinj.com\/blog\/2013\/06\/20\/radomir-mikan-zec-rusi-se-ugled-ade\/#breadcrumb\",\"itemListElement\":[{\"@type\":\"ListItem\",\"position\":1,\"name\":\"Radomir Mikan Zec: Ru\u0161i se ugled Ade\"}]},{\"@type\":\"Person\",\"@id\":\"https:\/\/www.visit-ulcinj.com\/blog\/#\/schema\/person\/dcab619c614d3038751c63bc2aadc06d\",\"name\":\"ulqini\",\"sameAs\":[\"http:\/\/www.visit-ulcinj.com\"],\"url\":\"https:\/\/www.visit-ulcinj.com\/blog\/author\/admin\/\"}]}<\/script>\n<!-- \/ Yoast SEO plugin. -->","yoast_head_json":{"title":"Radomir Mikan Zec: Ru\u0161i se ugled Ade - Lajme nga Ulqini","description":"ULCINJ \u2013\u00a0 Ve\u0107 du\u017ee HTP \u201eUlcinjska rivijera\u201c izlo\u017eeno je pravoj poplavi krivi\u010dnih prijava, povodom kojih se oglasio izvr\u0161ni direktor ovog preduze\u0107a Radomir","robots":{"index":"index","follow":"follow","max-snippet":"max-snippet:-1","max-image-preview":"max-image-preview:large","max-video-preview":"max-video-preview:-1"},"canonical":"https:\/\/www.visit-ulcinj.com\/blog\/2013\/06\/20\/radomir-mikan-zec-rusi-se-ugled-ade\/","og_locale":"en_US","og_type":"article","og_title":"Radomir Mikan Zec: Ru\u0161i se ugled Ade - Lajme nga Ulqini","og_description":"ULCINJ \u2013\u00a0 Ve\u0107 du\u017ee HTP \u201eUlcinjska rivijera\u201c izlo\u017eeno je pravoj poplavi krivi\u010dnih prijava, povodom kojih se oglasio izvr\u0161ni direktor ovog preduze\u0107a Radomir","og_url":"https:\/\/www.visit-ulcinj.com\/blog\/2013\/06\/20\/radomir-mikan-zec-rusi-se-ugled-ade\/","og_site_name":"Lajme nga Ulqini","article_published_time":"2013-06-20T20:05:19+00:00","article_modified_time":"2013-06-20T20:05:36+00:00","og_image":[{"url":"http:\/\/www.visit-ulcinj.com\/blog\/wp-content\/uploads\/2013\/06\/Mikan-Zec-Direktor-HTP-Ulcinjska-rivijera.jpg"}],"twitter_misc":{"Written by":"ulqini","Est. reading time":"1 minute"},"schema":{"@context":"https:\/\/schema.org","@graph":[{"@type":"WebSite","@id":"https:\/\/www.visit-ulcinj.com\/blog\/#website","url":"https:\/\/www.visit-ulcinj.com\/blog\/","name":"Lajme nga Ulqini","description":"Lajme,Vijesti,Ulqini,Ulqin,Crna Gora,Mali i Zi","potentialAction":[{"@type":"SearchAction","target":{"@type":"EntryPoint","urlTemplate":"https:\/\/www.visit-ulcinj.com\/blog\/?s={search_term_string}"},"query-input":"required name=search_term_string"}],"inLanguage":"en-US"},{"@type":"ImageObject","inLanguage":"en-US","@id":"https:\/\/www.visit-ulcinj.com\/blog\/2013\/06\/20\/radomir-mikan-zec-rusi-se-ugled-ade\/#primaryimage","url":"https:\/\/www.visit-ulcinj.com\/blog\/wp-content\/uploads\/2013\/06\/Mikan-Zec-Direktor-HTP-Ulcinjska-rivijera.jpg","contentUrl":"https:\/\/www.visit-ulcinj.com\/blog\/wp-content\/uploads\/2013\/06\/Mikan-Zec-Direktor-HTP-Ulcinjska-rivijera.jpg","width":320,"height":408},{"@type":"WebPage","@id":"https:\/\/www.visit-ulcinj.com\/blog\/2013\/06\/20\/radomir-mikan-zec-rusi-se-ugled-ade\/#webpage","url":"https:\/\/www.visit-ulcinj.com\/blog\/2013\/06\/20\/radomir-mikan-zec-rusi-se-ugled-ade\/","name":"Radomir Mikan Zec: Ru\u0161i se ugled Ade - Lajme nga Ulqini","isPartOf":{"@id":"https:\/\/www.visit-ulcinj.com\/blog\/#website"},"primaryImageOfPage":{"@id":"https:\/\/www.visit-ulcinj.com\/blog\/2013\/06\/20\/radomir-mikan-zec-rusi-se-ugled-ade\/#primaryimage"},"datePublished":"2013-06-20T20:05:19+00:00","dateModified":"2013-06-20T20:05:36+00:00","author":{"@id":"https:\/\/www.visit-ulcinj.com\/blog\/#\/schema\/person\/dcab619c614d3038751c63bc2aadc06d"},"description":"ULCINJ \u2013\u00a0 Ve\u0107 du\u017ee HTP \u201eUlcinjska rivijera\u201c izlo\u017eeno je pravoj poplavi krivi\u010dnih prijava, povodom kojih se oglasio izvr\u0161ni direktor ovog preduze\u0107a Radomir","breadcrumb":{"@id":"https:\/\/www.visit-ulcinj.com\/blog\/2013\/06\/20\/radomir-mikan-zec-rusi-se-ugled-ade\/#breadcrumb"},"inLanguage":"en-US","potentialAction":[{"@type":"ReadAction","target":["https:\/\/www.visit-ulcinj.com\/blog\/2013\/06\/20\/radomir-mikan-zec-rusi-se-ugled-ade\/"]}]},{"@type":"BreadcrumbList","@id":"https:\/\/www.visit-ulcinj.com\/blog\/2013\/06\/20\/radomir-mikan-zec-rusi-se-ugled-ade\/#breadcrumb","itemListElement":[{"@type":"ListItem","position":1,"name":"Radomir Mikan Zec: Ru\u0161i se ugled Ade"}]},{"@type":"Person","@id":"https:\/\/www.visit-ulcinj.com\/blog\/#\/schema\/person\/dcab619c614d3038751c63bc2aadc06d","name":"ulqini","sameAs":["http:\/\/www.visit-ulcinj.com"],"url":"https:\/\/www.visit-ulcinj.com\/blog\/author\/admin\/"}]}},"jetpack_featured_media_url":"","jetpack_sharing_enabled":true,"jetpack_shortlink":"https:\/\/wp.me\/pe6lTn-iRU","_links":{"self":[{"href":"https:\/\/www.visit-ulcinj.com\/blog\/wp-json\/wp\/v2\/posts\/72534"}],"collection":[{"href":"https:\/\/www.visit-ulcinj.com\/blog\/wp-json\/wp\/v2\/posts"}],"about":[{"href":"https:\/\/www.visit-ulcinj.com\/blog\/wp-json\/wp\/v2\/types\/post"}],"author":[{"embeddable":true,"href":"https:\/\/www.visit-ulcinj.com\/blog\/wp-json\/wp\/v2\/users\/1"}],"replies":[{"embeddable":true,"href":"https:\/\/www.visit-ulcinj.com\/blog\/wp-json\/wp\/v2\/comments?post=72534"}],"version-history":[{"count":2,"href":"https:\/\/www.visit-ulcinj.com\/blog\/wp-json\/wp\/v2\/posts\/72534\/revisions"}],"predecessor-version":[{"id":72537,"href":"https:\/\/www.visit-ulcinj.com\/blog\/wp-json\/wp\/v2\/posts\/72534\/revisions\/72537"}],"wp:attachment":[{"href":"https:\/\/www.visit-ulcinj.com\/blog\/wp-json\/wp\/v2\/media?parent=72534"}],"wp:term":[{"taxonomy":"category","embeddable":true,"href":"https:\/\/www.visit-ulcinj.com\/blog\/wp-json\/wp\/v2\/categories?post=72534"},{"taxonomy":"post_tag","embeddable":true,"href":"https:\/\/www.visit-ulcinj.com\/blog\/wp-json\/wp\/v2\/tags?post=72534"}],"curies":[{"name":"wp","href":"https:\/\/api.w.org\/{rel}","templated":true}]}}