{"id":72547,"date":"2013-06-21T02:37:16","date_gmt":"2013-06-21T01:37:16","guid":{"rendered":"http:\/\/www.visit-ulcinj.com\/blog\/?p=72547"},"modified":"2013-06-21T02:58:00","modified_gmt":"2013-06-21T01:58:00","slug":"ulqini-gati-per-sezonin-turistik-2013","status":"publish","type":"post","link":"https:\/\/www.visit-ulcinj.com\/blog\/2013\/06\/21\/ulqini-gati-per-sezonin-turistik-2013\/","title":{"rendered":"Ulqini gati p\u00ebr sezonin turistik 2013"},"content":{"rendered":"<p><strong><a href=\"http:\/\/www.visit-ulcinj.com\/blog\/wp-content\/uploads\/2013\/06\/Ulqini-gati-per-sezonin-veror-2013.jpg\"><img loading=\"lazy\" class=\"alignleft  wp-image-72548\" alt=\"Ulqini-gati-per-sezonin-veror-2013\" src=\"http:\/\/www.visit-ulcinj.com\/blog\/wp-content\/uploads\/2013\/06\/Ulqini-gati-per-sezonin-veror-2013.jpg\" width=\"508\" height=\"395\" \/><\/a>Qyteti i Ulqinit \u00ebsht<\/strong><strong>\u00eb n\u00eb fund t\u00eb <\/strong><strong>pergatitjeve p\u00ebr sezonin e ri turistik. K\u00ebt\u00eb vit pushuesit q\u00eb preferojn\u00eb qytetin e vogel jugor, do t\u00eb p\u00ebrballen me ndryshime t\u00eb shumta dhe mjaft t\u00eb dukshme. Investimet infrastrukturore n\u00eb qendr\u00ebn m\u00eb t\u00eb vizituar t\u00eb Ulqinit kan\u00eb qen\u00eb t\u00eb konsiderueshme. <\/strong><\/p>\n<p>Ura mbi Port Milene mund te konsiderohet si investimi me i rendesishem ne prag te sezonit turistik per vete rendesine qe ka. Nd\u00ebrtimi i ur\u00ebs mbi Port Milen\u00eb mund\u00ebson lidhjen e bulevardit \u201cTeuta\u201d me rrug\u00ebn e Shtojit, e cila t\u00eb \u00e7on n\u00eb uj\u00ebdhes\u00ebn Ada. Ura e re do t\u00eb shmang\u00eb problemet n\u00eb komunikacion, q\u00eb shfaqen sidomos gjat\u00eb sezonit veror n\u00eb k\u00ebt\u00eb aks rrugor.<\/p>\n<p>Poashtu gjat\u00eb k\u00ebtyre dit\u00ebve \u00ebsht\u00eb duke p\u00ebrfunduar pjesa e dyt\u00eb e segmentit rrugor Sukubin\u00eb-Ulqin nga udh\u00ebkryqi i Kat\u00ebrkoll\u00ebs e deri n\u00eb Kryth\u00eb. N\u00eb kuader t\u00eb realizimit t\u00eb k\u00ebtij projekti, Komuna e Ulqinit ka propozuar nj\u00eb projekt shtes\u00eb p\u00ebr standartizimin e k\u00ebsaj rruge n\u00eb pjes\u00ebn e qendr\u00ebs s\u00eb Kat\u00ebrkoll\u00ebs. Ky projekt parasheh zgjerimin e ur\u00ebs n\u00eb qend\u00ebr t\u00eb Kat\u00ebrkoll\u00ebs, nd\u00ebrtimin e trotuar\u00ebve si dhe rregullimin e ujrave atmosferik n\u00eb k\u00ebt\u00eb zon\u00eb. Vlera e k\u00ebtij investimi \u00ebsht\u00eb 50 000 euro ndersa ka hyre ne fazen perfundimtare dhe do te jete ne dispozicion te qytetareve dhe turisteve brenda pak diteve.<\/p>\n<p>Gjat\u00eb dit\u00ebve t\u00eb fundit jan\u00eb duke u zhvilluar punimet p\u00ebr rregullimin e trotoareve n\u00eb Plazhen e Madhe, rreth nd\u00ebrmarrjes s\u00eb Uj\u00ebsjellsit dhe Nd\u00ebrmarrjes p\u00ebr Veprimtari Komunale, n\u00eb rrug\u00ebn 28 n\u00ebntori e k\u00ebshtu me rrall\u00eb. Punimi i k\u00ebtyre trotuar\u00ebve kan\u00eb nj\u00eb gjat\u00ebsi prej 2020m dhe kapin vleren prej 45.000euro njofton Komuna e Ulqinit.\u00a0Poashtu kan\u00eb p\u00ebrfunduar punimet p\u00ebr vendosjen e ndri\u00e7imit publik n\u00eb hyrje t\u00eb stacionit t\u00eb autobusave, punimet e t\u00eb cilit i ka realizuar kompania Ramel dhe investimin ka vleren prej 7200 euro.<\/p>\n<p>Qyteti ka marr\u00eb nj\u00eb pamje t\u00eb re , po ti shtosh k\u00ebtu edhe lulet t\u00eb cilat i kan\u00eb dh\u00ebn\u00eb qytetit nj\u00eb tjet\u00ebr dimension. Nj\u00eb vit m\u00eb par\u00eb kan\u00eb q\u00ebndruar n\u00eb qytetin e Ulqinit mbi 120 mij\u00eb pushues, nd\u00ebrsa k\u00ebt\u00eb vit synohet nga ana e Komunes q\u00eb numri i tyre t\u00eb jete me i larte.<\/p>\n<p><strong>KrajaOnline<\/strong><\/p>\n<p><iframe loading=\"lazy\" width=\"508\" height=\"360\" src=\"http:\/\/www.youtube.com\/embed\/c-1g2QHOtro\" frameborder=\"0\" allowfullscreen><\/iframe><\/p>\n","protected":false},"excerpt":{"rendered":"<p>Qyteti i Ulqinit \u00ebsht\u00eb n\u00eb fund t\u00eb pergatitjeve p\u00ebr sezonin e ri turistik. K\u00ebt\u00eb vit pushuesit q\u00eb preferojn\u00eb qytetin e vogel jugor, do t\u00eb p\u00ebrballen me ndryshime t\u00eb shumta dhe mjaft t\u00eb dukshme. Investimet infrastrukturore n\u00eb qendr\u00ebn m\u00eb t\u00eb vizituar t\u00eb Ulqinit kan\u00eb qen\u00eb t\u00eb konsiderueshme. Ura mbi Port Milene mund te konsiderohet si investimi [&hellip;]<\/p>\n","protected":false},"author":1,"featured_media":0,"comment_status":"closed","ping_status":"closed","sticky":false,"template":"","format":"standard","meta":{"spay_email":"","jetpack_publicize_message":"","jetpack_is_tweetstorm":false,"jetpack_publicize_feature_enabled":true},"categories":[15],"tags":[],"jetpack_publicize_connections":[],"yoast_head":"<!-- This site is optimized with the Yoast SEO plugin v19.1 - https:\/\/yoast.com\/wordpress\/plugins\/seo\/ -->\n<title>Ulqini gati p\u00ebr sezonin turistik 2013 - Lajme nga Ulqini<\/title>\n<meta name=\"description\" content=\"Qyteti i Ulqinit \u00ebsht\u00eb n\u00eb fund t\u00eb pergatitjeve p\u00ebr sezonin e ri turistik. K\u00ebt\u00eb vit pushuesit q\u00eb preferojn\u00eb qytetin e vogel jugor, do t\u00eb p\u00ebrballen me\" \/>\n<meta name=\"robots\" content=\"index, follow, max-snippet:-1, max-image-preview:large, max-video-preview:-1\" \/>\n<link rel=\"canonical\" href=\"https:\/\/www.visit-ulcinj.com\/blog\/2013\/06\/21\/ulqini-gati-per-sezonin-turistik-2013\/\" \/>\n<meta property=\"og:locale\" content=\"en_US\" \/>\n<meta property=\"og:type\" content=\"article\" \/>\n<meta property=\"og:title\" content=\"Ulqini gati p\u00ebr sezonin turistik 2013 - Lajme nga Ulqini\" \/>\n<meta property=\"og:description\" content=\"Qyteti i Ulqinit \u00ebsht\u00eb n\u00eb fund t\u00eb pergatitjeve p\u00ebr sezonin e ri turistik. K\u00ebt\u00eb vit pushuesit q\u00eb preferojn\u00eb qytetin e vogel jugor, do t\u00eb p\u00ebrballen me\" \/>\n<meta property=\"og:url\" content=\"https:\/\/www.visit-ulcinj.com\/blog\/2013\/06\/21\/ulqini-gati-per-sezonin-turistik-2013\/\" \/>\n<meta property=\"og:site_name\" content=\"Lajme nga Ulqini\" \/>\n<meta property=\"article:published_time\" content=\"2013-06-21T01:37:16+00:00\" \/>\n<meta property=\"article:modified_time\" content=\"2013-06-21T01:58:00+00:00\" \/>\n<meta property=\"og:image\" content=\"http:\/\/www.visit-ulcinj.com\/blog\/wp-content\/uploads\/2013\/06\/Ulqini-gati-per-sezonin-veror-2013.jpg\" \/>\n<meta name=\"twitter:label1\" content=\"Written by\" \/>\n\t<meta name=\"twitter:data1\" content=\"ulqini\" \/>\n\t<meta name=\"twitter:label2\" content=\"Est. reading time\" \/>\n\t<meta name=\"twitter:data2\" content=\"2 minutes\" \/>\n<script type=\"application\/ld+json\" class=\"yoast-schema-graph\">{\"@context\":\"https:\/\/schema.org\",\"@graph\":[{\"@type\":\"WebSite\",\"@id\":\"https:\/\/www.visit-ulcinj.com\/blog\/#website\",\"url\":\"https:\/\/www.visit-ulcinj.com\/blog\/\",\"name\":\"Lajme nga Ulqini\",\"description\":\"Lajme,Vijesti,Ulqini,Ulqin,Crna Gora,Mali i Zi\",\"potentialAction\":[{\"@type\":\"SearchAction\",\"target\":{\"@type\":\"EntryPoint\",\"urlTemplate\":\"https:\/\/www.visit-ulcinj.com\/blog\/?s={search_term_string}\"},\"query-input\":\"required name=search_term_string\"}],\"inLanguage\":\"en-US\"},{\"@type\":\"ImageObject\",\"inLanguage\":\"en-US\",\"@id\":\"https:\/\/www.visit-ulcinj.com\/blog\/2013\/06\/21\/ulqini-gati-per-sezonin-turistik-2013\/#primaryimage\",\"url\":\"https:\/\/www.visit-ulcinj.com\/blog\/wp-content\/uploads\/2013\/06\/Ulqini-gati-per-sezonin-veror-2013.jpg\",\"contentUrl\":\"https:\/\/www.visit-ulcinj.com\/blog\/wp-content\/uploads\/2013\/06\/Ulqini-gati-per-sezonin-veror-2013.jpg\",\"width\":596,\"height\":395},{\"@type\":\"WebPage\",\"@id\":\"https:\/\/www.visit-ulcinj.com\/blog\/2013\/06\/21\/ulqini-gati-per-sezonin-turistik-2013\/#webpage\",\"url\":\"https:\/\/www.visit-ulcinj.com\/blog\/2013\/06\/21\/ulqini-gati-per-sezonin-turistik-2013\/\",\"name\":\"Ulqini gati p\u00ebr sezonin turistik 2013 - Lajme nga Ulqini\",\"isPartOf\":{\"@id\":\"https:\/\/www.visit-ulcinj.com\/blog\/#website\"},\"primaryImageOfPage\":{\"@id\":\"https:\/\/www.visit-ulcinj.com\/blog\/2013\/06\/21\/ulqini-gati-per-sezonin-turistik-2013\/#primaryimage\"},\"datePublished\":\"2013-06-21T01:37:16+00:00\",\"dateModified\":\"2013-06-21T01:58:00+00:00\",\"author\":{\"@id\":\"https:\/\/www.visit-ulcinj.com\/blog\/#\/schema\/person\/dcab619c614d3038751c63bc2aadc06d\"},\"description\":\"Qyteti i Ulqinit \u00ebsht\u00eb n\u00eb fund t\u00eb pergatitjeve p\u00ebr sezonin e ri turistik. K\u00ebt\u00eb vit pushuesit q\u00eb preferojn\u00eb qytetin e vogel jugor, do t\u00eb p\u00ebrballen me\",\"breadcrumb\":{\"@id\":\"https:\/\/www.visit-ulcinj.com\/blog\/2013\/06\/21\/ulqini-gati-per-sezonin-turistik-2013\/#breadcrumb\"},\"inLanguage\":\"en-US\",\"potentialAction\":[{\"@type\":\"ReadAction\",\"target\":[\"https:\/\/www.visit-ulcinj.com\/blog\/2013\/06\/21\/ulqini-gati-per-sezonin-turistik-2013\/\"]}]},{\"@type\":\"BreadcrumbList\",\"@id\":\"https:\/\/www.visit-ulcinj.com\/blog\/2013\/06\/21\/ulqini-gati-per-sezonin-turistik-2013\/#breadcrumb\",\"itemListElement\":[{\"@type\":\"ListItem\",\"position\":1,\"name\":\"Ulqini gati p\u00ebr sezonin turistik 2013\"}]},{\"@type\":\"Person\",\"@id\":\"https:\/\/www.visit-ulcinj.com\/blog\/#\/schema\/person\/dcab619c614d3038751c63bc2aadc06d\",\"name\":\"ulqini\",\"sameAs\":[\"http:\/\/www.visit-ulcinj.com\"],\"url\":\"https:\/\/www.visit-ulcinj.com\/blog\/author\/admin\/\"}]}<\/script>\n<!-- \/ Yoast SEO plugin. -->","yoast_head_json":{"title":"Ulqini gati p\u00ebr sezonin turistik 2013 - Lajme nga Ulqini","description":"Qyteti i Ulqinit \u00ebsht\u00eb n\u00eb fund t\u00eb pergatitjeve p\u00ebr sezonin e ri turistik. K\u00ebt\u00eb vit pushuesit q\u00eb preferojn\u00eb qytetin e vogel jugor, do t\u00eb p\u00ebrballen me","robots":{"index":"index","follow":"follow","max-snippet":"max-snippet:-1","max-image-preview":"max-image-preview:large","max-video-preview":"max-video-preview:-1"},"canonical":"https:\/\/www.visit-ulcinj.com\/blog\/2013\/06\/21\/ulqini-gati-per-sezonin-turistik-2013\/","og_locale":"en_US","og_type":"article","og_title":"Ulqini gati p\u00ebr sezonin turistik 2013 - Lajme nga Ulqini","og_description":"Qyteti i Ulqinit \u00ebsht\u00eb n\u00eb fund t\u00eb pergatitjeve p\u00ebr sezonin e ri turistik. K\u00ebt\u00eb vit pushuesit q\u00eb preferojn\u00eb qytetin e vogel jugor, do t\u00eb p\u00ebrballen me","og_url":"https:\/\/www.visit-ulcinj.com\/blog\/2013\/06\/21\/ulqini-gati-per-sezonin-turistik-2013\/","og_site_name":"Lajme nga Ulqini","article_published_time":"2013-06-21T01:37:16+00:00","article_modified_time":"2013-06-21T01:58:00+00:00","og_image":[{"url":"http:\/\/www.visit-ulcinj.com\/blog\/wp-content\/uploads\/2013\/06\/Ulqini-gati-per-sezonin-veror-2013.jpg"}],"twitter_misc":{"Written by":"ulqini","Est. reading time":"2 minutes"},"schema":{"@context":"https:\/\/schema.org","@graph":[{"@type":"WebSite","@id":"https:\/\/www.visit-ulcinj.com\/blog\/#website","url":"https:\/\/www.visit-ulcinj.com\/blog\/","name":"Lajme nga Ulqini","description":"Lajme,Vijesti,Ulqini,Ulqin,Crna Gora,Mali i Zi","potentialAction":[{"@type":"SearchAction","target":{"@type":"EntryPoint","urlTemplate":"https:\/\/www.visit-ulcinj.com\/blog\/?s={search_term_string}"},"query-input":"required name=search_term_string"}],"inLanguage":"en-US"},{"@type":"ImageObject","inLanguage":"en-US","@id":"https:\/\/www.visit-ulcinj.com\/blog\/2013\/06\/21\/ulqini-gati-per-sezonin-turistik-2013\/#primaryimage","url":"https:\/\/www.visit-ulcinj.com\/blog\/wp-content\/uploads\/2013\/06\/Ulqini-gati-per-sezonin-veror-2013.jpg","contentUrl":"https:\/\/www.visit-ulcinj.com\/blog\/wp-content\/uploads\/2013\/06\/Ulqini-gati-per-sezonin-veror-2013.jpg","width":596,"height":395},{"@type":"WebPage","@id":"https:\/\/www.visit-ulcinj.com\/blog\/2013\/06\/21\/ulqini-gati-per-sezonin-turistik-2013\/#webpage","url":"https:\/\/www.visit-ulcinj.com\/blog\/2013\/06\/21\/ulqini-gati-per-sezonin-turistik-2013\/","name":"Ulqini gati p\u00ebr sezonin turistik 2013 - Lajme nga Ulqini","isPartOf":{"@id":"https:\/\/www.visit-ulcinj.com\/blog\/#website"},"primaryImageOfPage":{"@id":"https:\/\/www.visit-ulcinj.com\/blog\/2013\/06\/21\/ulqini-gati-per-sezonin-turistik-2013\/#primaryimage"},"datePublished":"2013-06-21T01:37:16+00:00","dateModified":"2013-06-21T01:58:00+00:00","author":{"@id":"https:\/\/www.visit-ulcinj.com\/blog\/#\/schema\/person\/dcab619c614d3038751c63bc2aadc06d"},"description":"Qyteti i Ulqinit \u00ebsht\u00eb n\u00eb fund t\u00eb pergatitjeve p\u00ebr sezonin e ri turistik. K\u00ebt\u00eb vit pushuesit q\u00eb preferojn\u00eb qytetin e vogel jugor, do t\u00eb p\u00ebrballen me","breadcrumb":{"@id":"https:\/\/www.visit-ulcinj.com\/blog\/2013\/06\/21\/ulqini-gati-per-sezonin-turistik-2013\/#breadcrumb"},"inLanguage":"en-US","potentialAction":[{"@type":"ReadAction","target":["https:\/\/www.visit-ulcinj.com\/blog\/2013\/06\/21\/ulqini-gati-per-sezonin-turistik-2013\/"]}]},{"@type":"BreadcrumbList","@id":"https:\/\/www.visit-ulcinj.com\/blog\/2013\/06\/21\/ulqini-gati-per-sezonin-turistik-2013\/#breadcrumb","itemListElement":[{"@type":"ListItem","position":1,"name":"Ulqini gati p\u00ebr sezonin turistik 2013"}]},{"@type":"Person","@id":"https:\/\/www.visit-ulcinj.com\/blog\/#\/schema\/person\/dcab619c614d3038751c63bc2aadc06d","name":"ulqini","sameAs":["http:\/\/www.visit-ulcinj.com"],"url":"https:\/\/www.visit-ulcinj.com\/blog\/author\/admin\/"}]}},"jetpack_featured_media_url":"","jetpack_sharing_enabled":true,"jetpack_shortlink":"https:\/\/wp.me\/pe6lTn-iS7","_links":{"self":[{"href":"https:\/\/www.visit-ulcinj.com\/blog\/wp-json\/wp\/v2\/posts\/72547"}],"collection":[{"href":"https:\/\/www.visit-ulcinj.com\/blog\/wp-json\/wp\/v2\/posts"}],"about":[{"href":"https:\/\/www.visit-ulcinj.com\/blog\/wp-json\/wp\/v2\/types\/post"}],"author":[{"embeddable":true,"href":"https:\/\/www.visit-ulcinj.com\/blog\/wp-json\/wp\/v2\/users\/1"}],"replies":[{"embeddable":true,"href":"https:\/\/www.visit-ulcinj.com\/blog\/wp-json\/wp\/v2\/comments?post=72547"}],"version-history":[{"count":4,"href":"https:\/\/www.visit-ulcinj.com\/blog\/wp-json\/wp\/v2\/posts\/72547\/revisions"}],"predecessor-version":[{"id":72552,"href":"https:\/\/www.visit-ulcinj.com\/blog\/wp-json\/wp\/v2\/posts\/72547\/revisions\/72552"}],"wp:attachment":[{"href":"https:\/\/www.visit-ulcinj.com\/blog\/wp-json\/wp\/v2\/media?parent=72547"}],"wp:term":[{"taxonomy":"category","embeddable":true,"href":"https:\/\/www.visit-ulcinj.com\/blog\/wp-json\/wp\/v2\/categories?post=72547"},{"taxonomy":"post_tag","embeddable":true,"href":"https:\/\/www.visit-ulcinj.com\/blog\/wp-json\/wp\/v2\/tags?post=72547"}],"curies":[{"name":"wp","href":"https:\/\/api.w.org\/{rel}","templated":true}]}}