{"id":7256,"date":"2008-12-14T19:27:30","date_gmt":"2008-12-14T18:27:30","guid":{"rendered":"http:\/\/www.visit-ulcinj.com\/blog\/?p=7256"},"modified":"2008-12-14T19:27:30","modified_gmt":"2008-12-14T18:27:30","slug":"milan-rocen-primio-ambasadora-sad-roderika-mura","status":"publish","type":"post","link":"https:\/\/www.visit-ulcinj.com\/blog\/2008\/12\/14\/milan-rocen-primio-ambasadora-sad-roderika-mura\/","title":{"rendered":"Milan Ro?en primio ambasadora SAD Roderika Mura"},"content":{"rendered":"<p><a href=\"http:\/\/www.visit-ulcinj.com\/blog\/wp-content\/uploads\/2008\/12\/milan-rocen_roderik-mur.jpg\"><img loading=\"lazy\" class=\"alignleft size-medium wp-image-7257\" title=\"milan-rocen_roderik-mur\" src=\"http:\/\/www.visit-ulcinj.com\/blog\/wp-content\/uploads\/2008\/12\/milan-rocen_roderik-mur-300x197.jpg\" alt=\"\" width=\"374\" height=\"246\" srcset=\"https:\/\/www.visit-ulcinj.com\/blog\/wp-content\/uploads\/2008\/12\/milan-rocen_roderik-mur-300x197.jpg 300w, https:\/\/www.visit-ulcinj.com\/blog\/wp-content\/uploads\/2008\/12\/milan-rocen_roderik-mur.jpg 632w\" sizes=\"(max-width: 374px) 100vw, 374px\" \/><\/a>Ministar inostranih poslova Crne Gore Milan Ro?en primio je danas ambasadora SAD Roderika Mura i delegaciju Ameri?ke privredne komore u Podgorici, na ?elu sa izvr\u0161nim direktorom, Ri?ardom Dani?i?em.<br \/>\nMinistar Ro?en je u sadr\u017eajnom i otvorenom razgovoru pozdravio formiranje ove ameri?ke asocijacije u Crnoj Gori, i naglasio njen zna?aj za unapre?enje ekonomskih i sveukupnih veza dvije zemlje. On je tako?e izrazio spremnost Vlade da pru\u017ei punu podr\u0161ku projektima i planovima Komore kao i zadovoljstvo \u0161to je Amerika i ovim ?inom pokazala da prepoznaje prave potrebe i interese Crne Gore i njenih gra?ana.<br \/>\nIzvr\u0161ni direktor kao i ostali prisutni ?lanovi Komore, upoznali su ministra sa dosada\u0161njim aktivnostima i budu?im planovima Komore i naglasili da otvaranje ove asocijacije predstavlja strate\u0161ki va\u017ean potez za kreiranje pozitivnog imid\u017ea Crne Gore u SAD. Dodali su da njen cilj predstavlja privla?enje ameri?kih investicija u Crnu Goru, povezivanje biznis i kulturnih krugova dvije prijateljske zemlje, a mo\u017ee igrati va\u017enu ulogu i u ja?anju veza sa crnogorskom dijasporom u SAD.<br \/>\nAmbasador Mur je izme?u ostalog istakao da Crna Gora i dalje mo\u017ee ra?unati na nepodijeljenu podr\u0161ku SAD na putu evropskih i evroatlanskih integracija.<br \/>\nMinistar Ro?en je zahvalio na kontinuiranoj podr\u0161ci koju SAD pru\u017ea naporima Crne Gore na putu ostvarivanja njenih strate\u0161kih ciljeva, istakav\u0161i da evropska i evroatlantska integracija svih zemalja Zapadnog Balkana predstavlja dodatnu garanciju za dugoro?nu stabilnost regiona, \u0161to ?e ga u?initi jo\u0161 atraktivnijim za strane investitore.<br \/>\n<strong>Izvor \/ Vlada Republike Crne Gore<\/strong><\/p>\n","protected":false},"excerpt":{"rendered":"<p>Ministar inostranih poslova Crne Gore Milan Ro?en primio je danas ambasadora SAD Roderika Mura i delegaciju Ameri?ke privredne komore u Podgorici, na ?elu sa izvr\u0161nim direktorom, Ri?ardom Dani?i?em. Ministar Ro?en je u sadr\u017eajnom i otvorenom razgovoru pozdravio formiranje ove ameri?ke asocijacije u Crnoj Gori, i naglasio njen zna?aj za unapre?enje ekonomskih i sveukupnih veza dvije [&hellip;]<\/p>\n","protected":false},"author":1,"featured_media":0,"comment_status":"open","ping_status":"closed","sticky":false,"template":"","format":"standard","meta":{"spay_email":"","jetpack_publicize_message":"","jetpack_is_tweetstorm":false,"jetpack_publicize_feature_enabled":true},"categories":[1],"tags":[5225,5226,3860],"jetpack_publicize_connections":[],"yoast_head":"<!-- This site is optimized with the Yoast SEO plugin v19.1 - https:\/\/yoast.com\/wordpress\/plugins\/seo\/ -->\n<title>Milan Ro?en primio ambasadora SAD Roderika Mura - Lajme nga Ulqini<\/title>\n<meta name=\"description\" content=\"Ministar inostranih poslova Crne Gore Milan Ro?en primio je danas ambasadora SAD Roderika Mura i delegaciju Ameri?ke privredne komore u Podgorici, na ?elu\" \/>\n<meta name=\"robots\" content=\"index, follow, max-snippet:-1, max-image-preview:large, max-video-preview:-1\" \/>\n<link rel=\"canonical\" href=\"https:\/\/www.visit-ulcinj.com\/blog\/2008\/12\/14\/milan-rocen-primio-ambasadora-sad-roderika-mura\/\" \/>\n<meta property=\"og:locale\" content=\"en_US\" \/>\n<meta property=\"og:type\" content=\"article\" \/>\n<meta property=\"og:title\" content=\"Milan Ro?en primio ambasadora SAD Roderika Mura - Lajme nga Ulqini\" \/>\n<meta property=\"og:description\" content=\"Ministar inostranih poslova Crne Gore Milan Ro?en primio je danas ambasadora SAD Roderika Mura i delegaciju Ameri?ke privredne komore u Podgorici, na ?elu\" \/>\n<meta property=\"og:url\" content=\"https:\/\/www.visit-ulcinj.com\/blog\/2008\/12\/14\/milan-rocen-primio-ambasadora-sad-roderika-mura\/\" \/>\n<meta property=\"og:site_name\" content=\"Lajme nga Ulqini\" \/>\n<meta property=\"article:published_time\" content=\"2008-12-14T18:27:30+00:00\" \/>\n<meta property=\"og:image\" content=\"http:\/\/www.visit-ulcinj.com\/blog\/wp-content\/uploads\/2008\/12\/milan-rocen_roderik-mur-300x197.jpg\" \/>\n<meta name=\"twitter:label1\" content=\"Written by\" \/>\n\t<meta name=\"twitter:data1\" content=\"ulqini\" \/>\n\t<meta name=\"twitter:label2\" content=\"Est. reading time\" \/>\n\t<meta name=\"twitter:data2\" content=\"1 minute\" \/>\n<script type=\"application\/ld+json\" class=\"yoast-schema-graph\">{\"@context\":\"https:\/\/schema.org\",\"@graph\":[{\"@type\":\"WebSite\",\"@id\":\"https:\/\/www.visit-ulcinj.com\/blog\/#website\",\"url\":\"https:\/\/www.visit-ulcinj.com\/blog\/\",\"name\":\"Lajme nga Ulqini\",\"description\":\"Lajme,Vijesti,Ulqini,Ulqin,Crna Gora,Mali i Zi\",\"potentialAction\":[{\"@type\":\"SearchAction\",\"target\":{\"@type\":\"EntryPoint\",\"urlTemplate\":\"https:\/\/www.visit-ulcinj.com\/blog\/?s={search_term_string}\"},\"query-input\":\"required name=search_term_string\"}],\"inLanguage\":\"en-US\"},{\"@type\":\"ImageObject\",\"inLanguage\":\"en-US\",\"@id\":\"https:\/\/www.visit-ulcinj.com\/blog\/2008\/12\/14\/milan-rocen-primio-ambasadora-sad-roderika-mura\/#primaryimage\",\"url\":\"http:\/\/www.visit-ulcinj.com\/blog\/wp-content\/uploads\/2008\/12\/milan-rocen_roderik-mur-300x197.jpg\",\"contentUrl\":\"http:\/\/www.visit-ulcinj.com\/blog\/wp-content\/uploads\/2008\/12\/milan-rocen_roderik-mur-300x197.jpg\"},{\"@type\":\"WebPage\",\"@id\":\"https:\/\/www.visit-ulcinj.com\/blog\/2008\/12\/14\/milan-rocen-primio-ambasadora-sad-roderika-mura\/#webpage\",\"url\":\"https:\/\/www.visit-ulcinj.com\/blog\/2008\/12\/14\/milan-rocen-primio-ambasadora-sad-roderika-mura\/\",\"name\":\"Milan Ro?en primio ambasadora SAD Roderika Mura - Lajme nga Ulqini\",\"isPartOf\":{\"@id\":\"https:\/\/www.visit-ulcinj.com\/blog\/#website\"},\"primaryImageOfPage\":{\"@id\":\"https:\/\/www.visit-ulcinj.com\/blog\/2008\/12\/14\/milan-rocen-primio-ambasadora-sad-roderika-mura\/#primaryimage\"},\"datePublished\":\"2008-12-14T18:27:30+00:00\",\"dateModified\":\"2008-12-14T18:27:30+00:00\",\"author\":{\"@id\":\"https:\/\/www.visit-ulcinj.com\/blog\/#\/schema\/person\/dcab619c614d3038751c63bc2aadc06d\"},\"description\":\"Ministar inostranih poslova Crne Gore Milan Ro?en primio je danas ambasadora SAD Roderika Mura i delegaciju Ameri?ke privredne komore u Podgorici, na ?elu\",\"breadcrumb\":{\"@id\":\"https:\/\/www.visit-ulcinj.com\/blog\/2008\/12\/14\/milan-rocen-primio-ambasadora-sad-roderika-mura\/#breadcrumb\"},\"inLanguage\":\"en-US\",\"potentialAction\":[{\"@type\":\"ReadAction\",\"target\":[\"https:\/\/www.visit-ulcinj.com\/blog\/2008\/12\/14\/milan-rocen-primio-ambasadora-sad-roderika-mura\/\"]}]},{\"@type\":\"BreadcrumbList\",\"@id\":\"https:\/\/www.visit-ulcinj.com\/blog\/2008\/12\/14\/milan-rocen-primio-ambasadora-sad-roderika-mura\/#breadcrumb\",\"itemListElement\":[{\"@type\":\"ListItem\",\"position\":1,\"name\":\"Milan Ro?en primio ambasadora SAD Roderika Mura\"}]},{\"@type\":\"Person\",\"@id\":\"https:\/\/www.visit-ulcinj.com\/blog\/#\/schema\/person\/dcab619c614d3038751c63bc2aadc06d\",\"name\":\"ulqini\",\"sameAs\":[\"http:\/\/www.visit-ulcinj.com\"],\"url\":\"https:\/\/www.visit-ulcinj.com\/blog\/author\/admin\/\"}]}<\/script>\n<!-- \/ Yoast SEO plugin. -->","yoast_head_json":{"title":"Milan Ro?en primio ambasadora SAD Roderika Mura - Lajme nga Ulqini","description":"Ministar inostranih poslova Crne Gore Milan Ro?en primio je danas ambasadora SAD Roderika Mura i delegaciju Ameri?ke privredne komore u Podgorici, na ?elu","robots":{"index":"index","follow":"follow","max-snippet":"max-snippet:-1","max-image-preview":"max-image-preview:large","max-video-preview":"max-video-preview:-1"},"canonical":"https:\/\/www.visit-ulcinj.com\/blog\/2008\/12\/14\/milan-rocen-primio-ambasadora-sad-roderika-mura\/","og_locale":"en_US","og_type":"article","og_title":"Milan Ro?en primio ambasadora SAD Roderika Mura - Lajme nga Ulqini","og_description":"Ministar inostranih poslova Crne Gore Milan Ro?en primio je danas ambasadora SAD Roderika Mura i delegaciju Ameri?ke privredne komore u Podgorici, na ?elu","og_url":"https:\/\/www.visit-ulcinj.com\/blog\/2008\/12\/14\/milan-rocen-primio-ambasadora-sad-roderika-mura\/","og_site_name":"Lajme nga Ulqini","article_published_time":"2008-12-14T18:27:30+00:00","og_image":[{"url":"http:\/\/www.visit-ulcinj.com\/blog\/wp-content\/uploads\/2008\/12\/milan-rocen_roderik-mur-300x197.jpg"}],"twitter_misc":{"Written by":"ulqini","Est. reading time":"1 minute"},"schema":{"@context":"https:\/\/schema.org","@graph":[{"@type":"WebSite","@id":"https:\/\/www.visit-ulcinj.com\/blog\/#website","url":"https:\/\/www.visit-ulcinj.com\/blog\/","name":"Lajme nga Ulqini","description":"Lajme,Vijesti,Ulqini,Ulqin,Crna Gora,Mali i Zi","potentialAction":[{"@type":"SearchAction","target":{"@type":"EntryPoint","urlTemplate":"https:\/\/www.visit-ulcinj.com\/blog\/?s={search_term_string}"},"query-input":"required name=search_term_string"}],"inLanguage":"en-US"},{"@type":"ImageObject","inLanguage":"en-US","@id":"https:\/\/www.visit-ulcinj.com\/blog\/2008\/12\/14\/milan-rocen-primio-ambasadora-sad-roderika-mura\/#primaryimage","url":"http:\/\/www.visit-ulcinj.com\/blog\/wp-content\/uploads\/2008\/12\/milan-rocen_roderik-mur-300x197.jpg","contentUrl":"http:\/\/www.visit-ulcinj.com\/blog\/wp-content\/uploads\/2008\/12\/milan-rocen_roderik-mur-300x197.jpg"},{"@type":"WebPage","@id":"https:\/\/www.visit-ulcinj.com\/blog\/2008\/12\/14\/milan-rocen-primio-ambasadora-sad-roderika-mura\/#webpage","url":"https:\/\/www.visit-ulcinj.com\/blog\/2008\/12\/14\/milan-rocen-primio-ambasadora-sad-roderika-mura\/","name":"Milan Ro?en primio ambasadora SAD Roderika Mura - Lajme nga Ulqini","isPartOf":{"@id":"https:\/\/www.visit-ulcinj.com\/blog\/#website"},"primaryImageOfPage":{"@id":"https:\/\/www.visit-ulcinj.com\/blog\/2008\/12\/14\/milan-rocen-primio-ambasadora-sad-roderika-mura\/#primaryimage"},"datePublished":"2008-12-14T18:27:30+00:00","dateModified":"2008-12-14T18:27:30+00:00","author":{"@id":"https:\/\/www.visit-ulcinj.com\/blog\/#\/schema\/person\/dcab619c614d3038751c63bc2aadc06d"},"description":"Ministar inostranih poslova Crne Gore Milan Ro?en primio je danas ambasadora SAD Roderika Mura i delegaciju Ameri?ke privredne komore u Podgorici, na ?elu","breadcrumb":{"@id":"https:\/\/www.visit-ulcinj.com\/blog\/2008\/12\/14\/milan-rocen-primio-ambasadora-sad-roderika-mura\/#breadcrumb"},"inLanguage":"en-US","potentialAction":[{"@type":"ReadAction","target":["https:\/\/www.visit-ulcinj.com\/blog\/2008\/12\/14\/milan-rocen-primio-ambasadora-sad-roderika-mura\/"]}]},{"@type":"BreadcrumbList","@id":"https:\/\/www.visit-ulcinj.com\/blog\/2008\/12\/14\/milan-rocen-primio-ambasadora-sad-roderika-mura\/#breadcrumb","itemListElement":[{"@type":"ListItem","position":1,"name":"Milan Ro?en primio ambasadora SAD Roderika Mura"}]},{"@type":"Person","@id":"https:\/\/www.visit-ulcinj.com\/blog\/#\/schema\/person\/dcab619c614d3038751c63bc2aadc06d","name":"ulqini","sameAs":["http:\/\/www.visit-ulcinj.com"],"url":"https:\/\/www.visit-ulcinj.com\/blog\/author\/admin\/"}]}},"jetpack_featured_media_url":"","jetpack_sharing_enabled":true,"jetpack_shortlink":"https:\/\/wp.me\/pe6lTn-1T2","_links":{"self":[{"href":"https:\/\/www.visit-ulcinj.com\/blog\/wp-json\/wp\/v2\/posts\/7256"}],"collection":[{"href":"https:\/\/www.visit-ulcinj.com\/blog\/wp-json\/wp\/v2\/posts"}],"about":[{"href":"https:\/\/www.visit-ulcinj.com\/blog\/wp-json\/wp\/v2\/types\/post"}],"author":[{"embeddable":true,"href":"https:\/\/www.visit-ulcinj.com\/blog\/wp-json\/wp\/v2\/users\/1"}],"replies":[{"embeddable":true,"href":"https:\/\/www.visit-ulcinj.com\/blog\/wp-json\/wp\/v2\/comments?post=7256"}],"version-history":[{"count":0,"href":"https:\/\/www.visit-ulcinj.com\/blog\/wp-json\/wp\/v2\/posts\/7256\/revisions"}],"wp:attachment":[{"href":"https:\/\/www.visit-ulcinj.com\/blog\/wp-json\/wp\/v2\/media?parent=7256"}],"wp:term":[{"taxonomy":"category","embeddable":true,"href":"https:\/\/www.visit-ulcinj.com\/blog\/wp-json\/wp\/v2\/categories?post=7256"},{"taxonomy":"post_tag","embeddable":true,"href":"https:\/\/www.visit-ulcinj.com\/blog\/wp-json\/wp\/v2\/tags?post=7256"}],"curies":[{"name":"wp","href":"https:\/\/api.w.org\/{rel}","templated":true}]}}