{"id":72595,"date":"2013-06-21T19:19:46","date_gmt":"2013-06-21T18:19:46","guid":{"rendered":"http:\/\/www.visit-ulcinj.com\/blog\/?p=72595"},"modified":"2013-06-21T19:20:03","modified_gmt":"2013-06-21T18:20:03","slug":"kryetari-cungu-takon-perfaqesuesit-e-inveraqua-montenegro","status":"publish","type":"post","link":"https:\/\/www.visit-ulcinj.com\/blog\/2013\/06\/21\/kryetari-cungu-takon-perfaqesuesit-e-inveraqua-montenegro\/","title":{"rendered":"Kryetari Cungu takon p\u00ebrfaq\u00ebsuesit e Inveraqua Montenegro"},"content":{"rendered":"<p><a href=\"http:\/\/www.visit-ulcinj.com\/blog\/wp-content\/uploads\/2013\/06\/Cungu-takon-p\u00ebrfaq\u00ebsuesit-e-Inveraqua-Montenegro.jpg\"><img loading=\"lazy\" class=\"alignleft  wp-image-72596\" alt=\"Cungu takon p\u00ebrfaq\u00ebsuesit e Inveraqua Montenegro\" src=\"http:\/\/www.visit-ulcinj.com\/blog\/wp-content\/uploads\/2013\/06\/Cungu-takon-p\u00ebrfaq\u00ebsuesit-e-Inveraqua-Montenegro.jpg\" width=\"508\" height=\"360\" \/><\/a>Pas prezantimit t\u00eb vitit t\u00eb kaluar n\u00eb Panairin e Patundshm\u00ebrive dhe investimeve Frei 2012 n\u00eb Millo\u00e7er dhe p\u00ebrfundimit t\u00eb t\u00eb gjitha p\u00ebrgatitjeve lidhur me projektin, i cili \u00ebsht\u00eb punuar sipas rekomandimeve t\u00eb zinxhirit t\u00eb madh t\u00eb hoteleve dhe resorteve Iberostar Group nga Spanja, p\u00ebr nd\u00ebrtimin e hotelit n\u00eb Plazhin e madh n\u00eb Ulqin, i cili edhe do t\u00eb afarizoj\u00eb n\u00eb kuad\u00ebr t\u00eb k\u00ebtij zinxhiri t\u00eb madh, p\u00ebrfaq\u00ebsuesit e kompanis\u00eb Inveraqua Montenegro t\u00eb cil\u00ebt jan\u00eb edhe inicues t\u00eb k\u00ebtij projekti jan\u00eb takuar me Kryetarin Cungu dhe bashk\u00ebpun\u00ebtor\u00ebt e tij me q\u00ebllim q\u00eb t\u00eb planifikojn\u00eb hapat e m\u00ebtejsh\u00ebm me q\u00ebllim t\u00eb realizimit t\u00eb k\u00ebtij projekti.<br \/>\n<a href=\"http:\/\/www.visit-ulcinj.com\/blog\/wp-content\/uploads\/2013\/06\/Cungu-se-sastao-sa-predstavnicima-Inveraqua-Montenegro.jpg\"><img loading=\"lazy\" class=\"alignleft  wp-image-72576\" alt=\"Cungu se sastao sa predstavnicima Inveraqua Montenegro\" src=\"http:\/\/www.visit-ulcinj.com\/blog\/wp-content\/uploads\/2013\/06\/Cungu-se-sastao-sa-predstavnicima-Inveraqua-Montenegro.jpg\" width=\"508\" height=\"360\" \/><\/a><\/p>\n<p>Projekti p\u00ebrfshin\u00eb nd\u00ebrtimin e hotelit me kapacitet 400 dhoma n\u00eb af\u00ebrsi t\u00eb hotelit Belvi n\u00eb Plazhin e madh me koeficientin e nd\u00ebrtimit prej 0,33 % p\u00ebr nd\u00ebrtimin e t\u00eb cilit nevojiten 35 milion\u00eb Euro. Lokacioni p\u00ebr nd\u00ebrtim \u00ebsht\u00eb n\u00eb sektorin 66 t\u00eb Studimit shtet\u00ebror t\u00eb lokacionit p\u00ebr t\u00eb cilin kan\u00eb p\u00ebrfunduar dokumentet planore dhe kushtet p\u00ebr nd\u00ebrtim tashm\u00eb jan\u00eb plot\u00ebsuar. Inveraqua Montenegro krahas zgjidhjes ideore dhe studimit t\u00eb fizibilitetit ka siguruar edhe nj\u00eb t\u00eb tret\u00ebn e mjeteve p\u00ebr k\u00ebt\u00eb investim nga ana e nj\u00eb banke spanjole.<br \/>\nMe q\u00ebllim t\u00eb mbylljes s\u00eb paket\u00ebs financiare t\u00eb k\u00ebtij investimi Kryetari Cungu dhe drejtori i Inveraqua Montenegro z. Damian Flores jan\u00eb marr\u00eb vesh p\u00ebr paraqitjen e p\u00ebrbashk\u00ebt n\u00eb Panairin e investimeve n\u00eb Mynih ku do t\u00eb prezantohet ky projekt. Prezantimi i projektit do t\u00eb jet\u00eb edhe n\u00eb bashk\u00ebpunim me Ministrin\u00eb e turizmit dhe zhvillimit t\u00eb q\u00ebndruesh\u00ebm gjat\u00eb vizit\u00ebs e cila \u00ebsht\u00eb planifikuar me vizit\u00ebn q\u00eb do t&#8217;u b\u00ebhet investitor\u00ebve potencial\u00eb n\u00eb Emirate.<\/p>\n<p>&nbsp;<\/p>\n<p><strong>Op\u0161tina Ulcinj \/ Komuna e Ulqinit<\/strong><br \/>\nTel: +382 30 412 050<br \/>\nFax: +382 30 412 413<br \/>\nAdresa: Bul. Skenderbeu bb, 85360 Ulcinj, MNE<\/p>\n","protected":false},"excerpt":{"rendered":"<p>Pas prezantimit t\u00eb vitit t\u00eb kaluar n\u00eb Panairin e Patundshm\u00ebrive dhe investimeve Frei 2012 n\u00eb Millo\u00e7er dhe p\u00ebrfundimit t\u00eb t\u00eb gjitha p\u00ebrgatitjeve lidhur me projektin, i cili \u00ebsht\u00eb punuar sipas rekomandimeve t\u00eb zinxhirit t\u00eb madh t\u00eb hoteleve dhe resorteve Iberostar Group nga Spanja, p\u00ebr nd\u00ebrtimin e hotelit n\u00eb Plazhin e madh n\u00eb Ulqin, i cili [&hellip;]<\/p>\n","protected":false},"author":1,"featured_media":0,"comment_status":"closed","ping_status":"closed","sticky":false,"template":"","format":"standard","meta":{"spay_email":"","jetpack_publicize_message":"","jetpack_is_tweetstorm":false,"jetpack_publicize_feature_enabled":true},"categories":[10],"tags":[],"jetpack_publicize_connections":[],"yoast_head":"<!-- This site is optimized with the Yoast SEO plugin v19.1 - https:\/\/yoast.com\/wordpress\/plugins\/seo\/ -->\n<title>Kryetari Cungu takon p\u00ebrfaq\u00ebsuesit e Inveraqua Montenegro - Lajme nga Ulqini<\/title>\n<meta name=\"description\" content=\"Pas prezantimit t\u00eb vitit t\u00eb kaluar n\u00eb Panairin e Patundshm\u00ebrive dhe investimeve Frei 2012 n\u00eb Millo\u00e7er dhe p\u00ebrfundimit t\u00eb t\u00eb gjitha p\u00ebrgatitjeve lidhur me\" \/>\n<meta name=\"robots\" content=\"index, follow, max-snippet:-1, max-image-preview:large, max-video-preview:-1\" \/>\n<link rel=\"canonical\" href=\"https:\/\/www.visit-ulcinj.com\/blog\/2013\/06\/21\/kryetari-cungu-takon-perfaqesuesit-e-inveraqua-montenegro\/\" \/>\n<meta property=\"og:locale\" content=\"en_US\" \/>\n<meta property=\"og:type\" content=\"article\" \/>\n<meta property=\"og:title\" content=\"Kryetari Cungu takon p\u00ebrfaq\u00ebsuesit e Inveraqua Montenegro - Lajme nga Ulqini\" \/>\n<meta property=\"og:description\" content=\"Pas prezantimit t\u00eb vitit t\u00eb kaluar n\u00eb Panairin e Patundshm\u00ebrive dhe investimeve Frei 2012 n\u00eb Millo\u00e7er dhe p\u00ebrfundimit t\u00eb t\u00eb gjitha p\u00ebrgatitjeve lidhur me\" \/>\n<meta property=\"og:url\" content=\"https:\/\/www.visit-ulcinj.com\/blog\/2013\/06\/21\/kryetari-cungu-takon-perfaqesuesit-e-inveraqua-montenegro\/\" \/>\n<meta property=\"og:site_name\" content=\"Lajme nga Ulqini\" \/>\n<meta property=\"article:published_time\" content=\"2013-06-21T18:19:46+00:00\" \/>\n<meta property=\"article:modified_time\" content=\"2013-06-21T18:20:03+00:00\" \/>\n<meta property=\"og:image\" content=\"http:\/\/www.visit-ulcinj.com\/blog\/wp-content\/uploads\/2013\/06\/Cungu-se-sastao-sa-predstavnicima-Inveraqua-Montenegro.jpg\" \/>\n<meta name=\"twitter:label1\" content=\"Written by\" \/>\n\t<meta name=\"twitter:data1\" content=\"ulqini\" \/>\n\t<meta name=\"twitter:label2\" content=\"Est. reading time\" \/>\n\t<meta name=\"twitter:data2\" content=\"2 minutes\" \/>\n<script type=\"application\/ld+json\" class=\"yoast-schema-graph\">{\"@context\":\"https:\/\/schema.org\",\"@graph\":[{\"@type\":\"WebSite\",\"@id\":\"https:\/\/www.visit-ulcinj.com\/blog\/#website\",\"url\":\"https:\/\/www.visit-ulcinj.com\/blog\/\",\"name\":\"Lajme nga Ulqini\",\"description\":\"Lajme,Vijesti,Ulqini,Ulqin,Crna Gora,Mali i Zi\",\"potentialAction\":[{\"@type\":\"SearchAction\",\"target\":{\"@type\":\"EntryPoint\",\"urlTemplate\":\"https:\/\/www.visit-ulcinj.com\/blog\/?s={search_term_string}\"},\"query-input\":\"required name=search_term_string\"}],\"inLanguage\":\"en-US\"},{\"@type\":\"ImageObject\",\"inLanguage\":\"en-US\",\"@id\":\"https:\/\/www.visit-ulcinj.com\/blog\/2013\/06\/21\/kryetari-cungu-takon-perfaqesuesit-e-inveraqua-montenegro\/#primaryimage\",\"url\":\"https:\/\/www.visit-ulcinj.com\/blog\/wp-content\/uploads\/2013\/06\/Cungu-se-sastao-sa-predstavnicima-Inveraqua-Montenegro.jpg\",\"contentUrl\":\"https:\/\/www.visit-ulcinj.com\/blog\/wp-content\/uploads\/2013\/06\/Cungu-se-sastao-sa-predstavnicima-Inveraqua-Montenegro.jpg\",\"width\":640,\"height\":424},{\"@type\":\"WebPage\",\"@id\":\"https:\/\/www.visit-ulcinj.com\/blog\/2013\/06\/21\/kryetari-cungu-takon-perfaqesuesit-e-inveraqua-montenegro\/#webpage\",\"url\":\"https:\/\/www.visit-ulcinj.com\/blog\/2013\/06\/21\/kryetari-cungu-takon-perfaqesuesit-e-inveraqua-montenegro\/\",\"name\":\"Kryetari Cungu takon p\u00ebrfaq\u00ebsuesit e Inveraqua Montenegro - Lajme nga Ulqini\",\"isPartOf\":{\"@id\":\"https:\/\/www.visit-ulcinj.com\/blog\/#website\"},\"primaryImageOfPage\":{\"@id\":\"https:\/\/www.visit-ulcinj.com\/blog\/2013\/06\/21\/kryetari-cungu-takon-perfaqesuesit-e-inveraqua-montenegro\/#primaryimage\"},\"datePublished\":\"2013-06-21T18:19:46+00:00\",\"dateModified\":\"2013-06-21T18:20:03+00:00\",\"author\":{\"@id\":\"https:\/\/www.visit-ulcinj.com\/blog\/#\/schema\/person\/dcab619c614d3038751c63bc2aadc06d\"},\"description\":\"Pas prezantimit t\u00eb vitit t\u00eb kaluar n\u00eb Panairin e Patundshm\u00ebrive dhe investimeve Frei 2012 n\u00eb Millo\u00e7er dhe p\u00ebrfundimit t\u00eb t\u00eb gjitha p\u00ebrgatitjeve lidhur me\",\"breadcrumb\":{\"@id\":\"https:\/\/www.visit-ulcinj.com\/blog\/2013\/06\/21\/kryetari-cungu-takon-perfaqesuesit-e-inveraqua-montenegro\/#breadcrumb\"},\"inLanguage\":\"en-US\",\"potentialAction\":[{\"@type\":\"ReadAction\",\"target\":[\"https:\/\/www.visit-ulcinj.com\/blog\/2013\/06\/21\/kryetari-cungu-takon-perfaqesuesit-e-inveraqua-montenegro\/\"]}]},{\"@type\":\"BreadcrumbList\",\"@id\":\"https:\/\/www.visit-ulcinj.com\/blog\/2013\/06\/21\/kryetari-cungu-takon-perfaqesuesit-e-inveraqua-montenegro\/#breadcrumb\",\"itemListElement\":[{\"@type\":\"ListItem\",\"position\":1,\"name\":\"Kryetari Cungu takon p\u00ebrfaq\u00ebsuesit e Inveraqua Montenegro\"}]},{\"@type\":\"Person\",\"@id\":\"https:\/\/www.visit-ulcinj.com\/blog\/#\/schema\/person\/dcab619c614d3038751c63bc2aadc06d\",\"name\":\"ulqini\",\"sameAs\":[\"http:\/\/www.visit-ulcinj.com\"],\"url\":\"https:\/\/www.visit-ulcinj.com\/blog\/author\/admin\/\"}]}<\/script>\n<!-- \/ Yoast SEO plugin. -->","yoast_head_json":{"title":"Kryetari Cungu takon p\u00ebrfaq\u00ebsuesit e Inveraqua Montenegro - Lajme nga Ulqini","description":"Pas prezantimit t\u00eb vitit t\u00eb kaluar n\u00eb Panairin e Patundshm\u00ebrive dhe investimeve Frei 2012 n\u00eb Millo\u00e7er dhe p\u00ebrfundimit t\u00eb t\u00eb gjitha p\u00ebrgatitjeve lidhur me","robots":{"index":"index","follow":"follow","max-snippet":"max-snippet:-1","max-image-preview":"max-image-preview:large","max-video-preview":"max-video-preview:-1"},"canonical":"https:\/\/www.visit-ulcinj.com\/blog\/2013\/06\/21\/kryetari-cungu-takon-perfaqesuesit-e-inveraqua-montenegro\/","og_locale":"en_US","og_type":"article","og_title":"Kryetari Cungu takon p\u00ebrfaq\u00ebsuesit e Inveraqua Montenegro - Lajme nga Ulqini","og_description":"Pas prezantimit t\u00eb vitit t\u00eb kaluar n\u00eb Panairin e Patundshm\u00ebrive dhe investimeve Frei 2012 n\u00eb Millo\u00e7er dhe p\u00ebrfundimit t\u00eb t\u00eb gjitha p\u00ebrgatitjeve lidhur me","og_url":"https:\/\/www.visit-ulcinj.com\/blog\/2013\/06\/21\/kryetari-cungu-takon-perfaqesuesit-e-inveraqua-montenegro\/","og_site_name":"Lajme nga Ulqini","article_published_time":"2013-06-21T18:19:46+00:00","article_modified_time":"2013-06-21T18:20:03+00:00","og_image":[{"url":"http:\/\/www.visit-ulcinj.com\/blog\/wp-content\/uploads\/2013\/06\/Cungu-se-sastao-sa-predstavnicima-Inveraqua-Montenegro.jpg"}],"twitter_misc":{"Written by":"ulqini","Est. reading time":"2 minutes"},"schema":{"@context":"https:\/\/schema.org","@graph":[{"@type":"WebSite","@id":"https:\/\/www.visit-ulcinj.com\/blog\/#website","url":"https:\/\/www.visit-ulcinj.com\/blog\/","name":"Lajme nga Ulqini","description":"Lajme,Vijesti,Ulqini,Ulqin,Crna Gora,Mali i Zi","potentialAction":[{"@type":"SearchAction","target":{"@type":"EntryPoint","urlTemplate":"https:\/\/www.visit-ulcinj.com\/blog\/?s={search_term_string}"},"query-input":"required name=search_term_string"}],"inLanguage":"en-US"},{"@type":"ImageObject","inLanguage":"en-US","@id":"https:\/\/www.visit-ulcinj.com\/blog\/2013\/06\/21\/kryetari-cungu-takon-perfaqesuesit-e-inveraqua-montenegro\/#primaryimage","url":"https:\/\/www.visit-ulcinj.com\/blog\/wp-content\/uploads\/2013\/06\/Cungu-se-sastao-sa-predstavnicima-Inveraqua-Montenegro.jpg","contentUrl":"https:\/\/www.visit-ulcinj.com\/blog\/wp-content\/uploads\/2013\/06\/Cungu-se-sastao-sa-predstavnicima-Inveraqua-Montenegro.jpg","width":640,"height":424},{"@type":"WebPage","@id":"https:\/\/www.visit-ulcinj.com\/blog\/2013\/06\/21\/kryetari-cungu-takon-perfaqesuesit-e-inveraqua-montenegro\/#webpage","url":"https:\/\/www.visit-ulcinj.com\/blog\/2013\/06\/21\/kryetari-cungu-takon-perfaqesuesit-e-inveraqua-montenegro\/","name":"Kryetari Cungu takon p\u00ebrfaq\u00ebsuesit e Inveraqua Montenegro - Lajme nga Ulqini","isPartOf":{"@id":"https:\/\/www.visit-ulcinj.com\/blog\/#website"},"primaryImageOfPage":{"@id":"https:\/\/www.visit-ulcinj.com\/blog\/2013\/06\/21\/kryetari-cungu-takon-perfaqesuesit-e-inveraqua-montenegro\/#primaryimage"},"datePublished":"2013-06-21T18:19:46+00:00","dateModified":"2013-06-21T18:20:03+00:00","author":{"@id":"https:\/\/www.visit-ulcinj.com\/blog\/#\/schema\/person\/dcab619c614d3038751c63bc2aadc06d"},"description":"Pas prezantimit t\u00eb vitit t\u00eb kaluar n\u00eb Panairin e Patundshm\u00ebrive dhe investimeve Frei 2012 n\u00eb Millo\u00e7er dhe p\u00ebrfundimit t\u00eb t\u00eb gjitha p\u00ebrgatitjeve lidhur me","breadcrumb":{"@id":"https:\/\/www.visit-ulcinj.com\/blog\/2013\/06\/21\/kryetari-cungu-takon-perfaqesuesit-e-inveraqua-montenegro\/#breadcrumb"},"inLanguage":"en-US","potentialAction":[{"@type":"ReadAction","target":["https:\/\/www.visit-ulcinj.com\/blog\/2013\/06\/21\/kryetari-cungu-takon-perfaqesuesit-e-inveraqua-montenegro\/"]}]},{"@type":"BreadcrumbList","@id":"https:\/\/www.visit-ulcinj.com\/blog\/2013\/06\/21\/kryetari-cungu-takon-perfaqesuesit-e-inveraqua-montenegro\/#breadcrumb","itemListElement":[{"@type":"ListItem","position":1,"name":"Kryetari Cungu takon p\u00ebrfaq\u00ebsuesit e Inveraqua Montenegro"}]},{"@type":"Person","@id":"https:\/\/www.visit-ulcinj.com\/blog\/#\/schema\/person\/dcab619c614d3038751c63bc2aadc06d","name":"ulqini","sameAs":["http:\/\/www.visit-ulcinj.com"],"url":"https:\/\/www.visit-ulcinj.com\/blog\/author\/admin\/"}]}},"jetpack_featured_media_url":"","jetpack_sharing_enabled":true,"jetpack_shortlink":"https:\/\/wp.me\/pe6lTn-iST","_links":{"self":[{"href":"https:\/\/www.visit-ulcinj.com\/blog\/wp-json\/wp\/v2\/posts\/72595"}],"collection":[{"href":"https:\/\/www.visit-ulcinj.com\/blog\/wp-json\/wp\/v2\/posts"}],"about":[{"href":"https:\/\/www.visit-ulcinj.com\/blog\/wp-json\/wp\/v2\/types\/post"}],"author":[{"embeddable":true,"href":"https:\/\/www.visit-ulcinj.com\/blog\/wp-json\/wp\/v2\/users\/1"}],"replies":[{"embeddable":true,"href":"https:\/\/www.visit-ulcinj.com\/blog\/wp-json\/wp\/v2\/comments?post=72595"}],"version-history":[{"count":2,"href":"https:\/\/www.visit-ulcinj.com\/blog\/wp-json\/wp\/v2\/posts\/72595\/revisions"}],"predecessor-version":[{"id":72598,"href":"https:\/\/www.visit-ulcinj.com\/blog\/wp-json\/wp\/v2\/posts\/72595\/revisions\/72598"}],"wp:attachment":[{"href":"https:\/\/www.visit-ulcinj.com\/blog\/wp-json\/wp\/v2\/media?parent=72595"}],"wp:term":[{"taxonomy":"category","embeddable":true,"href":"https:\/\/www.visit-ulcinj.com\/blog\/wp-json\/wp\/v2\/categories?post=72595"},{"taxonomy":"post_tag","embeddable":true,"href":"https:\/\/www.visit-ulcinj.com\/blog\/wp-json\/wp\/v2\/tags?post=72595"}],"curies":[{"name":"wp","href":"https:\/\/api.w.org\/{rel}","templated":true}]}}