{"id":72634,"date":"2013-06-23T18:28:23","date_gmt":"2013-06-23T17:28:23","guid":{"rendered":"http:\/\/www.visit-ulcinj.com\/blog\/?p=72634"},"modified":"2013-06-28T17:12:26","modified_gmt":"2013-06-28T16:12:26","slug":"ne-prag-te-festivalit-turistet-pushtojne-plazhet-e-ulqinit","status":"publish","type":"post","link":"https:\/\/www.visit-ulcinj.com\/blog\/2013\/06\/23\/ne-prag-te-festivalit-turistet-pushtojne-plazhet-e-ulqinit\/","title":{"rendered":"Ne prag te Festivalit turist\u00ebt pushtojn\u00eb plazhet e Ulqinit"},"content":{"rendered":"<p><strong><a href=\"http:\/\/www.visit-ulcinj.com\/blog\/wp-content\/uploads\/2013\/06\/Ne-prag-te-Festivalit-turist\u00ebt-pushtojn\u00eb-plazhet-e-Ulqinit.jpg\"><img loading=\"lazy\" class=\"alignleft  wp-image-72635\" alt=\"Ne prag te Festivalit turist\u00ebt pushtojn\u00eb plazhet e Ulqinit\" src=\"http:\/\/www.visit-ulcinj.com\/blog\/wp-content\/uploads\/2013\/06\/Ne-prag-te-Festivalit-turist\u00ebt-pushtojn\u00eb-plazhet-e-Ulqinit.jpg\" width=\"508\" height=\"360\" \/><\/a>N\u00eb Ulqin aktualisht pushojn\u00eb nj\u00eb num\u00ebr i konsideruar i mysafir\u00ebve nga Maqedonia, Kosova, Shqip\u00ebria dhe vendet tjera.<\/strong><\/p>\n<p>\u00cbsht\u00eb b\u00ebr\u00eb zakon, q\u00eb dit\u00ebt e vikendit sjellin n\u00eb rivier\u00ebn e Ulqinit, val\u00ebn e re t\u00eb pushuesve, e kjo plot\u00ebsisht po b\u00ebhet realitet. Situata sinoptike u shkon p\u00ebr shtati pushuesve dhe turizmit n\u00eb Ulqin.<br \/>\nSipas kumteses nga organizata turistike e Ulqinit n\u00eb rivier\u00ebn e Ulqinit kah fundi i k\u00ebsaj jav\u00eb q\u00ebndrojn\u00eb rreth kat\u00ebr mij\u00eb turist\u00eb.<\/p>\n<p>Hotelier\u00ebt jan\u00eb parapregatitur p\u00ebr nj\u00eb val\u00eb t\u00eb till\u00eb t\u00eb mysafir\u00ebve gjat\u00eb vikendit, parashikim q\u00eb \u00ebsht\u00eb duke u realizuar. Vala e re e mysafir\u00ebve q\u00eb \u00ebsht\u00eb pritur gjat\u00eb dit\u00ebve t\u00eb vikendit dhe t\u00eb fillimit t\u00eb jav\u00ebs, ka t\u00eb ngjar\u00eb q\u00eb do t\u00eb tejkaloj\u00eb t\u00eb gjitha parashikimet.<\/p>\n<p>Gjithashtu duhet cekur se numri m\u00eb i madh i turist\u00ebve, 1854, qendrojn\u00eb n\u00eb hotele. Nga ky num\u00ebr t\u00eb vendit jan\u00eb 150, e t\u00eb tjer\u00ebt jan\u00eb t\u00eb huaj. Nj\u00ebkoh\u00ebsisht n\u00eb kampe banojn\u00eb vet\u00ebm 70 mysafir\u00eb, kurse n\u00eb akomodimet private q\u00ebndrojn\u00eb nga 1500 deri n\u00eb 2000 mysafir\u00eb kumtohet nga organizata turistike e Ulqinit.<br \/>\n<a href=\"http:\/\/www.visit-ulcinj.com\/blog\/wp-content\/uploads\/2013\/06\/Ne-prag-te-Festivalit-turist\u00ebt-pushtojn\u00eb-plazhet-e-Ulqinit.1.jpg\"><img loading=\"lazy\" class=\"alignleft  wp-image-72636\" alt=\"Ne prag te Festivalit turist\u00ebt pushtojn\u00eb plazhet e Ulqinit.1\" src=\"http:\/\/www.visit-ulcinj.com\/blog\/wp-content\/uploads\/2013\/06\/Ne-prag-te-Festivalit-turist\u00ebt-pushtojn\u00eb-plazhet-e-Ulqinit.1.jpg\" width=\"508\" height=\"360\" \/><\/a><\/p>\n<p>N\u00eb Ulqin, evidenc\u00eb t\u00eb sakt\u00eb ose t\u00eb p\u00ebraf\u00ebrt t\u00eb numrit t\u00eb mysafir\u00ebve nuk ka, por, ajo q\u00eb v\u00ebrehet \u00ebsht\u00eb se, kapacitetet e disa hoteleve gati jan\u00eb p\u00ebrplot, nd\u00ebrsa sektori privat sh\u00ebnon rritje t\u00eb numrit t\u00eb pushuesve jo vet\u00ebm nga Kosova, por edhe nga\u00a0Shqip\u00ebria, Maqedonia, Bosna, Serbia dhe vende t\u00eb tjera. Vazhdimisht arrijn\u00eb grupe t\u00eb shumta q\u00eb k\u00ebrkojn\u00eb vend t\u00eb lir\u00eb p\u00ebr vendosje n\u00eb hotele ose n\u00eb sektorin privat. N\u00eb Ulqin, aktualisht pushojn\u00eb nj\u00eb num\u00ebr i konsideruar i mysafir\u00ebve, n\u00eb prak t\u00eb fillimit t\u00eb festivalit \u201c<strong>Southern Soul Festival Montenegro 2013<\/strong>\u201d q\u00eb p\u00ebr t\u00eb paren her\u00eb do t\u00eb mbahet m\u00eb\u00a0 28, 29 dhe 30 korrik 2013.<\/p>\n<p>Parashikimet e vikendit t\u00eb festivalit \u201c<strong>Southern Soul Festival Montenegro 2013<\/strong>\u201d q\u00eb do t\u00eb mbahet m\u00eb\u00a0 28, 29 dhe 30 korrik 2013, do t\u00eb sjell\u00eb n\u00eb rivier\u00ebn e Ulqinit, num\u00ebr t\u00eb madh\u00eb t\u00eb mysafir\u00ebve pushuesve, q\u00eb plot\u00ebsisht po b\u00ebhet realitet, mbase edhe do ti tejkaloj\u00eb parashikimet. Situata sinoptike prej\u00a033\u00b0 grad q\u00eb po mbret\u00ebron ndihmon ver\u00ebn turistike n\u00eb Ulqin. P\u00ebr dit\u00ebt e vikendit t\u00eb ardh\u00ebshem, n\u00eb Ulqin pritet t\u00eb pushojn\u00eb mbi 30 mij\u00eb mysafir\u00eb. K\u00ebt\u00eb m\u00eb s\u00eb miri e d\u00ebshmojn\u00eb plazhet e mbushura p\u00ebrplot, n\u00eb t\u00ebr\u00eb gjat\u00ebsin\u00eb e bregut t\u00eb rivier\u00ebs s\u00eb Ulqinit.<\/p>\n<p>Pritet q\u00eb deri n\u00eb fund t\u00eb k\u00ebsaj jave n\u00eb territorin e komun\u00ebs s\u00eb Ulqinit t\u00eb vendosen pikat Turistike-Informative ku do t\u00eb mund t\u00eb regjistrohet banimi dhe t\u00eb merren t\u00eb gjitha informatat e nevojshme p\u00ebr qytet.\/<strong>Lajme nga Ulqini<\/strong>\/<\/p>\n<p><iframe loading=\"lazy\" src=\"http:\/\/www.youtube.com\/embed\/fE8GczhuV5U\" height=\"360\" width=\"508\" allowfullscreen=\"\" frameborder=\"0\"><\/iframe><\/p>\n","protected":false},"excerpt":{"rendered":"<p>N\u00eb Ulqin aktualisht pushojn\u00eb nj\u00eb num\u00ebr i konsideruar i mysafir\u00ebve nga Maqedonia, Kosova, Shqip\u00ebria dhe vendet tjera. \u00cbsht\u00eb b\u00ebr\u00eb zakon, q\u00eb dit\u00ebt e vikendit sjellin n\u00eb rivier\u00ebn e Ulqinit, val\u00ebn e re t\u00eb pushuesve, e kjo plot\u00ebsisht po b\u00ebhet realitet. Situata sinoptike u shkon p\u00ebr shtati pushuesve dhe turizmit n\u00eb Ulqin. Sipas kumteses nga organizata [&hellip;]<\/p>\n","protected":false},"author":1,"featured_media":0,"comment_status":"closed","ping_status":"closed","sticky":false,"template":"","format":"standard","meta":{"spay_email":"","jetpack_publicize_message":"","jetpack_is_tweetstorm":false,"jetpack_publicize_feature_enabled":true},"categories":[11,15],"tags":[],"jetpack_publicize_connections":[],"yoast_head":"<!-- This site is optimized with the Yoast SEO plugin v19.1 - https:\/\/yoast.com\/wordpress\/plugins\/seo\/ -->\n<title>Ne prag te Festivalit turist\u00ebt pushtojn\u00eb plazhet e Ulqinit - Lajme nga Ulqini<\/title>\n<meta name=\"description\" content=\"N\u00eb Ulqin aktualisht pushojn\u00eb nj\u00eb num\u00ebr i konsideruar i mysafir\u00ebve nga Maqedonia, Kosova, Shqip\u00ebria dhe vendet tjera. \u00cbsht\u00eb b\u00ebr\u00eb zakon, q\u00eb dit\u00ebt e vikendit\" \/>\n<meta name=\"robots\" content=\"index, follow, max-snippet:-1, max-image-preview:large, max-video-preview:-1\" \/>\n<link rel=\"canonical\" href=\"https:\/\/www.visit-ulcinj.com\/blog\/2013\/06\/23\/ne-prag-te-festivalit-turistet-pushtojne-plazhet-e-ulqinit\/\" \/>\n<meta property=\"og:locale\" content=\"en_US\" \/>\n<meta property=\"og:type\" content=\"article\" \/>\n<meta property=\"og:title\" content=\"Ne prag te Festivalit turist\u00ebt pushtojn\u00eb plazhet e Ulqinit - Lajme nga Ulqini\" \/>\n<meta property=\"og:description\" content=\"N\u00eb Ulqin aktualisht pushojn\u00eb nj\u00eb num\u00ebr i konsideruar i mysafir\u00ebve nga Maqedonia, Kosova, Shqip\u00ebria dhe vendet tjera. \u00cbsht\u00eb b\u00ebr\u00eb zakon, q\u00eb dit\u00ebt e vikendit\" \/>\n<meta property=\"og:url\" content=\"https:\/\/www.visit-ulcinj.com\/blog\/2013\/06\/23\/ne-prag-te-festivalit-turistet-pushtojne-plazhet-e-ulqinit\/\" \/>\n<meta property=\"og:site_name\" content=\"Lajme nga Ulqini\" \/>\n<meta property=\"article:published_time\" content=\"2013-06-23T17:28:23+00:00\" \/>\n<meta property=\"article:modified_time\" content=\"2013-06-28T16:12:26+00:00\" \/>\n<meta name=\"twitter:label1\" content=\"Written by\" \/>\n\t<meta name=\"twitter:data1\" content=\"ulqini\" \/>\n\t<meta name=\"twitter:label2\" content=\"Est. reading time\" \/>\n\t<meta name=\"twitter:data2\" content=\"2 minutes\" \/>\n<script type=\"application\/ld+json\" class=\"yoast-schema-graph\">{\"@context\":\"https:\/\/schema.org\",\"@graph\":[{\"@type\":\"WebSite\",\"@id\":\"https:\/\/www.visit-ulcinj.com\/blog\/#website\",\"url\":\"https:\/\/www.visit-ulcinj.com\/blog\/\",\"name\":\"Lajme nga Ulqini\",\"description\":\"Lajme,Vijesti,Ulqini,Ulqin,Crna Gora,Mali i Zi\",\"potentialAction\":[{\"@type\":\"SearchAction\",\"target\":{\"@type\":\"EntryPoint\",\"urlTemplate\":\"https:\/\/www.visit-ulcinj.com\/blog\/?s={search_term_string}\"},\"query-input\":\"required name=search_term_string\"}],\"inLanguage\":\"en-US\"},{\"@type\":\"WebPage\",\"@id\":\"https:\/\/www.visit-ulcinj.com\/blog\/2013\/06\/23\/ne-prag-te-festivalit-turistet-pushtojne-plazhet-e-ulqinit\/#webpage\",\"url\":\"https:\/\/www.visit-ulcinj.com\/blog\/2013\/06\/23\/ne-prag-te-festivalit-turistet-pushtojne-plazhet-e-ulqinit\/\",\"name\":\"Ne prag te Festivalit turist\u00ebt pushtojn\u00eb plazhet e Ulqinit - Lajme nga Ulqini\",\"isPartOf\":{\"@id\":\"https:\/\/www.visit-ulcinj.com\/blog\/#website\"},\"datePublished\":\"2013-06-23T17:28:23+00:00\",\"dateModified\":\"2013-06-28T16:12:26+00:00\",\"author\":{\"@id\":\"https:\/\/www.visit-ulcinj.com\/blog\/#\/schema\/person\/dcab619c614d3038751c63bc2aadc06d\"},\"description\":\"N\u00eb Ulqin aktualisht pushojn\u00eb nj\u00eb num\u00ebr i konsideruar i mysafir\u00ebve nga Maqedonia, Kosova, Shqip\u00ebria dhe vendet tjera. \u00cbsht\u00eb b\u00ebr\u00eb zakon, q\u00eb dit\u00ebt e vikendit\",\"breadcrumb\":{\"@id\":\"https:\/\/www.visit-ulcinj.com\/blog\/2013\/06\/23\/ne-prag-te-festivalit-turistet-pushtojne-plazhet-e-ulqinit\/#breadcrumb\"},\"inLanguage\":\"en-US\",\"potentialAction\":[{\"@type\":\"ReadAction\",\"target\":[\"https:\/\/www.visit-ulcinj.com\/blog\/2013\/06\/23\/ne-prag-te-festivalit-turistet-pushtojne-plazhet-e-ulqinit\/\"]}]},{\"@type\":\"BreadcrumbList\",\"@id\":\"https:\/\/www.visit-ulcinj.com\/blog\/2013\/06\/23\/ne-prag-te-festivalit-turistet-pushtojne-plazhet-e-ulqinit\/#breadcrumb\",\"itemListElement\":[{\"@type\":\"ListItem\",\"position\":1,\"name\":\"Ne prag te Festivalit turist\u00ebt pushtojn\u00eb plazhet e Ulqinit\"}]},{\"@type\":\"Person\",\"@id\":\"https:\/\/www.visit-ulcinj.com\/blog\/#\/schema\/person\/dcab619c614d3038751c63bc2aadc06d\",\"name\":\"ulqini\",\"sameAs\":[\"http:\/\/www.visit-ulcinj.com\"],\"url\":\"https:\/\/www.visit-ulcinj.com\/blog\/author\/admin\/\"}]}<\/script>\n<!-- \/ Yoast SEO plugin. -->","yoast_head_json":{"title":"Ne prag te Festivalit turist\u00ebt pushtojn\u00eb plazhet e Ulqinit - Lajme nga Ulqini","description":"N\u00eb Ulqin aktualisht pushojn\u00eb nj\u00eb num\u00ebr i konsideruar i mysafir\u00ebve nga Maqedonia, Kosova, Shqip\u00ebria dhe vendet tjera. \u00cbsht\u00eb b\u00ebr\u00eb zakon, q\u00eb dit\u00ebt e vikendit","robots":{"index":"index","follow":"follow","max-snippet":"max-snippet:-1","max-image-preview":"max-image-preview:large","max-video-preview":"max-video-preview:-1"},"canonical":"https:\/\/www.visit-ulcinj.com\/blog\/2013\/06\/23\/ne-prag-te-festivalit-turistet-pushtojne-plazhet-e-ulqinit\/","og_locale":"en_US","og_type":"article","og_title":"Ne prag te Festivalit turist\u00ebt pushtojn\u00eb plazhet e Ulqinit - Lajme nga Ulqini","og_description":"N\u00eb Ulqin aktualisht pushojn\u00eb nj\u00eb num\u00ebr i konsideruar i mysafir\u00ebve nga Maqedonia, Kosova, Shqip\u00ebria dhe vendet tjera. \u00cbsht\u00eb b\u00ebr\u00eb zakon, q\u00eb dit\u00ebt e vikendit","og_url":"https:\/\/www.visit-ulcinj.com\/blog\/2013\/06\/23\/ne-prag-te-festivalit-turistet-pushtojne-plazhet-e-ulqinit\/","og_site_name":"Lajme nga Ulqini","article_published_time":"2013-06-23T17:28:23+00:00","article_modified_time":"2013-06-28T16:12:26+00:00","twitter_misc":{"Written by":"ulqini","Est. reading time":"2 minutes"},"schema":{"@context":"https:\/\/schema.org","@graph":[{"@type":"WebSite","@id":"https:\/\/www.visit-ulcinj.com\/blog\/#website","url":"https:\/\/www.visit-ulcinj.com\/blog\/","name":"Lajme nga Ulqini","description":"Lajme,Vijesti,Ulqini,Ulqin,Crna Gora,Mali i Zi","potentialAction":[{"@type":"SearchAction","target":{"@type":"EntryPoint","urlTemplate":"https:\/\/www.visit-ulcinj.com\/blog\/?s={search_term_string}"},"query-input":"required name=search_term_string"}],"inLanguage":"en-US"},{"@type":"WebPage","@id":"https:\/\/www.visit-ulcinj.com\/blog\/2013\/06\/23\/ne-prag-te-festivalit-turistet-pushtojne-plazhet-e-ulqinit\/#webpage","url":"https:\/\/www.visit-ulcinj.com\/blog\/2013\/06\/23\/ne-prag-te-festivalit-turistet-pushtojne-plazhet-e-ulqinit\/","name":"Ne prag te Festivalit turist\u00ebt pushtojn\u00eb plazhet e Ulqinit - Lajme nga Ulqini","isPartOf":{"@id":"https:\/\/www.visit-ulcinj.com\/blog\/#website"},"datePublished":"2013-06-23T17:28:23+00:00","dateModified":"2013-06-28T16:12:26+00:00","author":{"@id":"https:\/\/www.visit-ulcinj.com\/blog\/#\/schema\/person\/dcab619c614d3038751c63bc2aadc06d"},"description":"N\u00eb Ulqin aktualisht pushojn\u00eb nj\u00eb num\u00ebr i konsideruar i mysafir\u00ebve nga Maqedonia, Kosova, Shqip\u00ebria dhe vendet tjera. \u00cbsht\u00eb b\u00ebr\u00eb zakon, q\u00eb dit\u00ebt e vikendit","breadcrumb":{"@id":"https:\/\/www.visit-ulcinj.com\/blog\/2013\/06\/23\/ne-prag-te-festivalit-turistet-pushtojne-plazhet-e-ulqinit\/#breadcrumb"},"inLanguage":"en-US","potentialAction":[{"@type":"ReadAction","target":["https:\/\/www.visit-ulcinj.com\/blog\/2013\/06\/23\/ne-prag-te-festivalit-turistet-pushtojne-plazhet-e-ulqinit\/"]}]},{"@type":"BreadcrumbList","@id":"https:\/\/www.visit-ulcinj.com\/blog\/2013\/06\/23\/ne-prag-te-festivalit-turistet-pushtojne-plazhet-e-ulqinit\/#breadcrumb","itemListElement":[{"@type":"ListItem","position":1,"name":"Ne prag te Festivalit turist\u00ebt pushtojn\u00eb plazhet e Ulqinit"}]},{"@type":"Person","@id":"https:\/\/www.visit-ulcinj.com\/blog\/#\/schema\/person\/dcab619c614d3038751c63bc2aadc06d","name":"ulqini","sameAs":["http:\/\/www.visit-ulcinj.com"],"url":"https:\/\/www.visit-ulcinj.com\/blog\/author\/admin\/"}]}},"jetpack_featured_media_url":"","jetpack_sharing_enabled":true,"jetpack_shortlink":"https:\/\/wp.me\/pe6lTn-iTw","_links":{"self":[{"href":"https:\/\/www.visit-ulcinj.com\/blog\/wp-json\/wp\/v2\/posts\/72634"}],"collection":[{"href":"https:\/\/www.visit-ulcinj.com\/blog\/wp-json\/wp\/v2\/posts"}],"about":[{"href":"https:\/\/www.visit-ulcinj.com\/blog\/wp-json\/wp\/v2\/types\/post"}],"author":[{"embeddable":true,"href":"https:\/\/www.visit-ulcinj.com\/blog\/wp-json\/wp\/v2\/users\/1"}],"replies":[{"embeddable":true,"href":"https:\/\/www.visit-ulcinj.com\/blog\/wp-json\/wp\/v2\/comments?post=72634"}],"version-history":[{"count":4,"href":"https:\/\/www.visit-ulcinj.com\/blog\/wp-json\/wp\/v2\/posts\/72634\/revisions"}],"predecessor-version":[{"id":72744,"href":"https:\/\/www.visit-ulcinj.com\/blog\/wp-json\/wp\/v2\/posts\/72634\/revisions\/72744"}],"wp:attachment":[{"href":"https:\/\/www.visit-ulcinj.com\/blog\/wp-json\/wp\/v2\/media?parent=72634"}],"wp:term":[{"taxonomy":"category","embeddable":true,"href":"https:\/\/www.visit-ulcinj.com\/blog\/wp-json\/wp\/v2\/categories?post=72634"},{"taxonomy":"post_tag","embeddable":true,"href":"https:\/\/www.visit-ulcinj.com\/blog\/wp-json\/wp\/v2\/tags?post=72634"}],"curies":[{"name":"wp","href":"https:\/\/api.w.org\/{rel}","templated":true}]}}