{"id":72641,"date":"2013-06-23T19:14:23","date_gmt":"2013-06-23T18:14:23","guid":{"rendered":"http:\/\/www.visit-ulcinj.com\/blog\/?p=72641"},"modified":"2013-06-23T19:19:50","modified_gmt":"2013-06-23T18:19:50","slug":"soprano-gjylie-pelingu-nje-talente-qe-premton-foto","status":"publish","type":"post","link":"https:\/\/www.visit-ulcinj.com\/blog\/2013\/06\/23\/soprano-gjylie-pelingu-nje-talente-qe-premton-foto\/","title":{"rendered":"Soprano Gjylie Pelingu nj\u00eb talente q\u00eb premton + Foto"},"content":{"rendered":"<p><a href=\"http:\/\/www.visit-ulcinj.com\/blog\/wp-content\/uploads\/2013\/06\/Gjylije-Pelingu-Manjola-Nallbani-Elvina-Gurra.jpg\"><img loading=\"lazy\" class=\"alignleft  wp-image-72642\" alt=\"Gjylije Pelingu-Manjola Nallbani- Elvina Gurra\" src=\"http:\/\/www.visit-ulcinj.com\/blog\/wp-content\/uploads\/2013\/06\/Gjylije-Pelingu-Manjola-Nallbani-Elvina-Gurra.jpg\" width=\"508\" height=\"360\" \/><\/a>Gjat\u00eb k\u00ebtij muaji sopranoja nga Ulqini Gjylie Pelingu mbajti koncert n\u00eb Shkod\u00ebr, n\u00eb Shkoll\u00ebn e muzik\u00ebs \u201cPrenk Jakova\u201d, si dhe n\u00eb Universitetin e Arteve n\u00eb Tiran\u00eb, n\u00ebn drejtimin e pedagoges Manjola Nallbani, kurse pianiste ishte Elvina Gurra.N\u00eb program ishin Verdi, Puccini, Donizetti, Mozarti, Lehari, si dhe k\u00ebng\u00eb shqiptare.<\/p>\n<p>\u201cK\u00ebto koncerte i kam quajtur koncerte diplome por n\u00eb fakt ato ishin koncerte recitale, apo ndryshe koncerte solistike\u201d, thot\u00eb Pelingu p\u00ebr UL-info.<\/p>\n<p>Ajo shtoi q\u00eb \u201cn\u00eb Tiran\u00eb kan\u00eb qen\u00eb edhe ulqinak\u00ebt nga Durr\u00ebsi t\u00eb cil\u00ebt m\u00eb fal\u00ebnderuan me nj\u00eb dhurat\u00eb dhe m\u00eb ftuan q\u00eb koncertin ta mbaj\u00eb dhe n\u00eb Durr\u00ebs\u201d.<\/p>\n<p>&nbsp;<\/p>\n<p>UL-info<br \/>\n<strong>P\u00ebr m\u00eb shum\u00eb Foto<\/strong><\/p>\n<p><a href=\"https:\/\/www.facebook.com\/gjyliep\/media_set?set=a.10200130705933494.1073741827.1326048895&amp;type=3\" target=\"_blank\"><strong>Gjylie Pelingu Facebook<\/strong><\/a><\/p>\n<p><a href=\"http:\/\/www.visit-ulcinj.com\/blog\/wp-content\/uploads\/2013\/06\/Gjylije-Pelingu-Elvina-Gurra.jpg\"><img loading=\"lazy\" class=\"alignleft  wp-image-72643\" alt=\"Gjylije Pelingu-Elvina Gurra\" src=\"http:\/\/www.visit-ulcinj.com\/blog\/wp-content\/uploads\/2013\/06\/Gjylije-Pelingu-Elvina-Gurra.jpg\" width=\"508\" height=\"360\" \/><\/a> <a href=\"http:\/\/www.visit-ulcinj.com\/blog\/wp-content\/uploads\/2013\/06\/Gjylije-Pelingu-Manjola-Nallbani.jpg\"><img loading=\"lazy\" class=\"alignleft  wp-image-72644\" alt=\"Gjylije Pelingu-Manjola Nallbani\" src=\"http:\/\/www.visit-ulcinj.com\/blog\/wp-content\/uploads\/2013\/06\/Gjylije-Pelingu-Manjola-Nallbani.jpg\" width=\"508\" height=\"600\" \/><\/a><br \/>\n<a href=\"http:\/\/www.visit-ulcinj.com\/blog\/wp-content\/uploads\/2013\/06\/Gjylije-Pelingu-Kanto.jpg\"><img loading=\"lazy\" class=\"alignleft size-full wp-image-72647\" alt=\"Gjylije Pelingu Kanto\" src=\"http:\/\/www.visit-ulcinj.com\/blog\/wp-content\/uploads\/2013\/06\/Gjylije-Pelingu-Kanto.jpg\" width=\"508\" height=\"360\" \/><\/a><\/p>\n<p><iframe loading=\"lazy\" src=\"http:\/\/www.youtube.com\/embed\/-3Zb2ecLnGg\" height=\"360\" width=\"508\" allowfullscreen=\"\" frameborder=\"0\"><\/iframe><\/p>\n","protected":false},"excerpt":{"rendered":"<p>Gjat\u00eb k\u00ebtij muaji sopranoja nga Ulqini Gjylie Pelingu mbajti koncert n\u00eb Shkod\u00ebr, n\u00eb Shkoll\u00ebn e muzik\u00ebs \u201cPrenk Jakova\u201d, si dhe n\u00eb Universitetin e Arteve n\u00eb Tiran\u00eb, n\u00ebn drejtimin e pedagoges Manjola Nallbani, kurse pianiste ishte Elvina Gurra.N\u00eb program ishin Verdi, Puccini, Donizetti, Mozarti, Lehari, si dhe k\u00ebng\u00eb shqiptare. \u201cK\u00ebto koncerte i kam quajtur koncerte diplome [&hellip;]<\/p>\n","protected":false},"author":1,"featured_media":0,"comment_status":"closed","ping_status":"closed","sticky":false,"template":"","format":"standard","meta":{"spay_email":"","jetpack_publicize_message":"","jetpack_is_tweetstorm":false,"jetpack_publicize_feature_enabled":true},"categories":[1],"tags":[],"jetpack_publicize_connections":[],"yoast_head":"<!-- This site is optimized with the Yoast SEO plugin v19.1 - https:\/\/yoast.com\/wordpress\/plugins\/seo\/ -->\n<title>Soprano Gjylie Pelingu nj\u00eb talente q\u00eb premton + Foto - Lajme nga Ulqini<\/title>\n<meta name=\"description\" content=\"Gjat\u00eb k\u00ebtij muaji sopranoja nga Ulqini Gjylie Pelingu mbajti koncert n\u00eb Shkod\u00ebr, n\u00eb Shkoll\u00ebn e muzik\u00ebs \u201cPrenk Jakova\u201d, si dhe n\u00eb Universitetin e Arteve n\u00eb\" \/>\n<meta name=\"robots\" content=\"index, follow, max-snippet:-1, max-image-preview:large, max-video-preview:-1\" \/>\n<link rel=\"canonical\" href=\"https:\/\/www.visit-ulcinj.com\/blog\/2013\/06\/23\/soprano-gjylie-pelingu-nje-talente-qe-premton-foto\/\" \/>\n<meta property=\"og:locale\" content=\"en_US\" \/>\n<meta property=\"og:type\" content=\"article\" \/>\n<meta property=\"og:title\" content=\"Soprano Gjylie Pelingu nj\u00eb talente q\u00eb premton + Foto - Lajme nga Ulqini\" \/>\n<meta property=\"og:description\" content=\"Gjat\u00eb k\u00ebtij muaji sopranoja nga Ulqini Gjylie Pelingu mbajti koncert n\u00eb Shkod\u00ebr, n\u00eb Shkoll\u00ebn e muzik\u00ebs \u201cPrenk Jakova\u201d, si dhe n\u00eb Universitetin e Arteve n\u00eb\" \/>\n<meta property=\"og:url\" content=\"https:\/\/www.visit-ulcinj.com\/blog\/2013\/06\/23\/soprano-gjylie-pelingu-nje-talente-qe-premton-foto\/\" \/>\n<meta property=\"og:site_name\" content=\"Lajme nga Ulqini\" \/>\n<meta property=\"article:published_time\" content=\"2013-06-23T18:14:23+00:00\" \/>\n<meta property=\"article:modified_time\" content=\"2013-06-23T18:19:50+00:00\" \/>\n<meta property=\"og:image\" content=\"http:\/\/www.visit-ulcinj.com\/blog\/wp-content\/uploads\/2013\/06\/Gjylije-Pelingu-Manjola-Nallbani-Elvina-Gurra.jpg\" \/>\n<meta name=\"twitter:label1\" content=\"Written by\" \/>\n\t<meta name=\"twitter:data1\" content=\"ulqini\" \/>\n\t<meta name=\"twitter:label2\" content=\"Est. reading time\" \/>\n\t<meta name=\"twitter:data2\" content=\"1 minute\" \/>\n<script type=\"application\/ld+json\" class=\"yoast-schema-graph\">{\"@context\":\"https:\/\/schema.org\",\"@graph\":[{\"@type\":\"WebSite\",\"@id\":\"https:\/\/www.visit-ulcinj.com\/blog\/#website\",\"url\":\"https:\/\/www.visit-ulcinj.com\/blog\/\",\"name\":\"Lajme nga Ulqini\",\"description\":\"Lajme,Vijesti,Ulqini,Ulqin,Crna Gora,Mali i Zi\",\"potentialAction\":[{\"@type\":\"SearchAction\",\"target\":{\"@type\":\"EntryPoint\",\"urlTemplate\":\"https:\/\/www.visit-ulcinj.com\/blog\/?s={search_term_string}\"},\"query-input\":\"required name=search_term_string\"}],\"inLanguage\":\"en-US\"},{\"@type\":\"ImageObject\",\"inLanguage\":\"en-US\",\"@id\":\"https:\/\/www.visit-ulcinj.com\/blog\/2013\/06\/23\/soprano-gjylie-pelingu-nje-talente-qe-premton-foto\/#primaryimage\",\"url\":\"http:\/\/www.visit-ulcinj.com\/blog\/wp-content\/uploads\/2013\/06\/Gjylije-Pelingu-Manjola-Nallbani-Elvina-Gurra.jpg\",\"contentUrl\":\"http:\/\/www.visit-ulcinj.com\/blog\/wp-content\/uploads\/2013\/06\/Gjylije-Pelingu-Manjola-Nallbani-Elvina-Gurra.jpg\"},{\"@type\":\"WebPage\",\"@id\":\"https:\/\/www.visit-ulcinj.com\/blog\/2013\/06\/23\/soprano-gjylie-pelingu-nje-talente-qe-premton-foto\/#webpage\",\"url\":\"https:\/\/www.visit-ulcinj.com\/blog\/2013\/06\/23\/soprano-gjylie-pelingu-nje-talente-qe-premton-foto\/\",\"name\":\"Soprano Gjylie Pelingu nj\u00eb talente q\u00eb premton + Foto - Lajme nga Ulqini\",\"isPartOf\":{\"@id\":\"https:\/\/www.visit-ulcinj.com\/blog\/#website\"},\"primaryImageOfPage\":{\"@id\":\"https:\/\/www.visit-ulcinj.com\/blog\/2013\/06\/23\/soprano-gjylie-pelingu-nje-talente-qe-premton-foto\/#primaryimage\"},\"datePublished\":\"2013-06-23T18:14:23+00:00\",\"dateModified\":\"2013-06-23T18:19:50+00:00\",\"author\":{\"@id\":\"https:\/\/www.visit-ulcinj.com\/blog\/#\/schema\/person\/dcab619c614d3038751c63bc2aadc06d\"},\"description\":\"Gjat\u00eb k\u00ebtij muaji sopranoja nga Ulqini Gjylie Pelingu mbajti koncert n\u00eb Shkod\u00ebr, n\u00eb Shkoll\u00ebn e muzik\u00ebs \u201cPrenk Jakova\u201d, si dhe n\u00eb Universitetin e Arteve n\u00eb\",\"breadcrumb\":{\"@id\":\"https:\/\/www.visit-ulcinj.com\/blog\/2013\/06\/23\/soprano-gjylie-pelingu-nje-talente-qe-premton-foto\/#breadcrumb\"},\"inLanguage\":\"en-US\",\"potentialAction\":[{\"@type\":\"ReadAction\",\"target\":[\"https:\/\/www.visit-ulcinj.com\/blog\/2013\/06\/23\/soprano-gjylie-pelingu-nje-talente-qe-premton-foto\/\"]}]},{\"@type\":\"BreadcrumbList\",\"@id\":\"https:\/\/www.visit-ulcinj.com\/blog\/2013\/06\/23\/soprano-gjylie-pelingu-nje-talente-qe-premton-foto\/#breadcrumb\",\"itemListElement\":[{\"@type\":\"ListItem\",\"position\":1,\"name\":\"Soprano Gjylie Pelingu nj\u00eb talente q\u00eb premton + Foto\"}]},{\"@type\":\"Person\",\"@id\":\"https:\/\/www.visit-ulcinj.com\/blog\/#\/schema\/person\/dcab619c614d3038751c63bc2aadc06d\",\"name\":\"ulqini\",\"sameAs\":[\"http:\/\/www.visit-ulcinj.com\"],\"url\":\"https:\/\/www.visit-ulcinj.com\/blog\/author\/admin\/\"}]}<\/script>\n<!-- \/ Yoast SEO plugin. -->","yoast_head_json":{"title":"Soprano Gjylie Pelingu nj\u00eb talente q\u00eb premton + Foto - Lajme nga Ulqini","description":"Gjat\u00eb k\u00ebtij muaji sopranoja nga Ulqini Gjylie Pelingu mbajti koncert n\u00eb Shkod\u00ebr, n\u00eb Shkoll\u00ebn e muzik\u00ebs \u201cPrenk Jakova\u201d, si dhe n\u00eb Universitetin e Arteve n\u00eb","robots":{"index":"index","follow":"follow","max-snippet":"max-snippet:-1","max-image-preview":"max-image-preview:large","max-video-preview":"max-video-preview:-1"},"canonical":"https:\/\/www.visit-ulcinj.com\/blog\/2013\/06\/23\/soprano-gjylie-pelingu-nje-talente-qe-premton-foto\/","og_locale":"en_US","og_type":"article","og_title":"Soprano Gjylie Pelingu nj\u00eb talente q\u00eb premton + Foto - Lajme nga Ulqini","og_description":"Gjat\u00eb k\u00ebtij muaji sopranoja nga Ulqini Gjylie Pelingu mbajti koncert n\u00eb Shkod\u00ebr, n\u00eb Shkoll\u00ebn e muzik\u00ebs \u201cPrenk Jakova\u201d, si dhe n\u00eb Universitetin e Arteve n\u00eb","og_url":"https:\/\/www.visit-ulcinj.com\/blog\/2013\/06\/23\/soprano-gjylie-pelingu-nje-talente-qe-premton-foto\/","og_site_name":"Lajme nga Ulqini","article_published_time":"2013-06-23T18:14:23+00:00","article_modified_time":"2013-06-23T18:19:50+00:00","og_image":[{"url":"http:\/\/www.visit-ulcinj.com\/blog\/wp-content\/uploads\/2013\/06\/Gjylije-Pelingu-Manjola-Nallbani-Elvina-Gurra.jpg"}],"twitter_misc":{"Written by":"ulqini","Est. reading time":"1 minute"},"schema":{"@context":"https:\/\/schema.org","@graph":[{"@type":"WebSite","@id":"https:\/\/www.visit-ulcinj.com\/blog\/#website","url":"https:\/\/www.visit-ulcinj.com\/blog\/","name":"Lajme nga Ulqini","description":"Lajme,Vijesti,Ulqini,Ulqin,Crna Gora,Mali i Zi","potentialAction":[{"@type":"SearchAction","target":{"@type":"EntryPoint","urlTemplate":"https:\/\/www.visit-ulcinj.com\/blog\/?s={search_term_string}"},"query-input":"required name=search_term_string"}],"inLanguage":"en-US"},{"@type":"ImageObject","inLanguage":"en-US","@id":"https:\/\/www.visit-ulcinj.com\/blog\/2013\/06\/23\/soprano-gjylie-pelingu-nje-talente-qe-premton-foto\/#primaryimage","url":"http:\/\/www.visit-ulcinj.com\/blog\/wp-content\/uploads\/2013\/06\/Gjylije-Pelingu-Manjola-Nallbani-Elvina-Gurra.jpg","contentUrl":"http:\/\/www.visit-ulcinj.com\/blog\/wp-content\/uploads\/2013\/06\/Gjylije-Pelingu-Manjola-Nallbani-Elvina-Gurra.jpg"},{"@type":"WebPage","@id":"https:\/\/www.visit-ulcinj.com\/blog\/2013\/06\/23\/soprano-gjylie-pelingu-nje-talente-qe-premton-foto\/#webpage","url":"https:\/\/www.visit-ulcinj.com\/blog\/2013\/06\/23\/soprano-gjylie-pelingu-nje-talente-qe-premton-foto\/","name":"Soprano Gjylie Pelingu nj\u00eb talente q\u00eb premton + Foto - Lajme nga Ulqini","isPartOf":{"@id":"https:\/\/www.visit-ulcinj.com\/blog\/#website"},"primaryImageOfPage":{"@id":"https:\/\/www.visit-ulcinj.com\/blog\/2013\/06\/23\/soprano-gjylie-pelingu-nje-talente-qe-premton-foto\/#primaryimage"},"datePublished":"2013-06-23T18:14:23+00:00","dateModified":"2013-06-23T18:19:50+00:00","author":{"@id":"https:\/\/www.visit-ulcinj.com\/blog\/#\/schema\/person\/dcab619c614d3038751c63bc2aadc06d"},"description":"Gjat\u00eb k\u00ebtij muaji sopranoja nga Ulqini Gjylie Pelingu mbajti koncert n\u00eb Shkod\u00ebr, n\u00eb Shkoll\u00ebn e muzik\u00ebs \u201cPrenk Jakova\u201d, si dhe n\u00eb Universitetin e Arteve n\u00eb","breadcrumb":{"@id":"https:\/\/www.visit-ulcinj.com\/blog\/2013\/06\/23\/soprano-gjylie-pelingu-nje-talente-qe-premton-foto\/#breadcrumb"},"inLanguage":"en-US","potentialAction":[{"@type":"ReadAction","target":["https:\/\/www.visit-ulcinj.com\/blog\/2013\/06\/23\/soprano-gjylie-pelingu-nje-talente-qe-premton-foto\/"]}]},{"@type":"BreadcrumbList","@id":"https:\/\/www.visit-ulcinj.com\/blog\/2013\/06\/23\/soprano-gjylie-pelingu-nje-talente-qe-premton-foto\/#breadcrumb","itemListElement":[{"@type":"ListItem","position":1,"name":"Soprano Gjylie Pelingu nj\u00eb talente q\u00eb premton + Foto"}]},{"@type":"Person","@id":"https:\/\/www.visit-ulcinj.com\/blog\/#\/schema\/person\/dcab619c614d3038751c63bc2aadc06d","name":"ulqini","sameAs":["http:\/\/www.visit-ulcinj.com"],"url":"https:\/\/www.visit-ulcinj.com\/blog\/author\/admin\/"}]}},"jetpack_featured_media_url":"","jetpack_sharing_enabled":true,"jetpack_shortlink":"https:\/\/wp.me\/pe6lTn-iTD","_links":{"self":[{"href":"https:\/\/www.visit-ulcinj.com\/blog\/wp-json\/wp\/v2\/posts\/72641"}],"collection":[{"href":"https:\/\/www.visit-ulcinj.com\/blog\/wp-json\/wp\/v2\/posts"}],"about":[{"href":"https:\/\/www.visit-ulcinj.com\/blog\/wp-json\/wp\/v2\/types\/post"}],"author":[{"embeddable":true,"href":"https:\/\/www.visit-ulcinj.com\/blog\/wp-json\/wp\/v2\/users\/1"}],"replies":[{"embeddable":true,"href":"https:\/\/www.visit-ulcinj.com\/blog\/wp-json\/wp\/v2\/comments?post=72641"}],"version-history":[{"count":4,"href":"https:\/\/www.visit-ulcinj.com\/blog\/wp-json\/wp\/v2\/posts\/72641\/revisions"}],"predecessor-version":[{"id":72651,"href":"https:\/\/www.visit-ulcinj.com\/blog\/wp-json\/wp\/v2\/posts\/72641\/revisions\/72651"}],"wp:attachment":[{"href":"https:\/\/www.visit-ulcinj.com\/blog\/wp-json\/wp\/v2\/media?parent=72641"}],"wp:term":[{"taxonomy":"category","embeddable":true,"href":"https:\/\/www.visit-ulcinj.com\/blog\/wp-json\/wp\/v2\/categories?post=72641"},{"taxonomy":"post_tag","embeddable":true,"href":"https:\/\/www.visit-ulcinj.com\/blog\/wp-json\/wp\/v2\/tags?post=72641"}],"curies":[{"name":"wp","href":"https:\/\/api.w.org\/{rel}","templated":true}]}}