{"id":7266,"date":"2008-12-15T13:25:02","date_gmt":"2008-12-15T12:25:02","guid":{"rendered":"http:\/\/www.visit-ulcinj.com\/blog\/?p=7266"},"modified":"2008-12-15T13:25:02","modified_gmt":"2008-12-15T12:25:02","slug":"nimani-ligji-duhet-te-avancoje-perdorimin-e-simboleve-nacionale","status":"publish","type":"post","link":"https:\/\/www.visit-ulcinj.com\/blog\/2008\/12\/15\/nimani-ligji-duhet-te-avancoje-perdorimin-e-simboleve-nacionale\/","title":{"rendered":"Nimani: Ligji duhet t\u00eb avancoj\u00eb p\u00ebrdorimin e simboleve nacionale"},"content":{"rendered":"<p><a href=\"http:\/\/www.visit-ulcinj.com\/blog\/wp-content\/uploads\/2008\/12\/fuad-nimani1.jpg\"><img loading=\"lazy\" class=\"alignleft size-medium wp-image-7267\" title=\"fuad-nimani1\" src=\"http:\/\/www.visit-ulcinj.com\/blog\/wp-content\/uploads\/2008\/12\/fuad-nimani1.jpg\" alt=\"\" width=\"259\" height=\"345\" \/><\/a>Ulqin &#8211; Ministri p\u00ebr Mbrojtjen e t\u00eb Drejtave t\u00eb Njeriut dhe Pakicave Fuad Nimani thot\u00eb se kjo ministri \u00ebsht\u00eb duke punuar p\u00ebr ndryshimin e Ligjit mbi p\u00ebrdorimin e simboleve nacionale dhe ka shprehur besimin se kjo do t\u00eb b\u00ebhet s\u00eb shpejti.<br \/>\nDeklarata e ministrit Nimani \u00ebsht\u00eb b\u00ebr\u00eb gjat\u00eb nj\u00eb vizite n\u00eb Ulqin, t\u00eb premten m\u00eb 28 N\u00ebntor, dit\u00eb t\u00eb cil\u00ebn shqiptar\u00ebt e festojn\u00eb si Dita e Flamurit.<br \/>\nMinistri Nimani ka th\u00ebn\u00eb se ndryshimet n\u00eb Ligj kan\u00eb p\u00ebr q\u00ebllim avancimin e p\u00ebrdorimit t\u00eb simboleve komb\u00ebtare.<br \/>\nAi ka th\u00ebn\u00eb se mir\u00ebpret propozimet dhe sugjerimet nga subjektet e ndryshme politike, n\u00eb rastin konkret ato shqiptare, si dhe nga ekspert\u00ebt.<br \/>\n&#8220;Ne k\u00ebrkojm\u00eb propozime dhe sugjerime nga subjektet politike shqiptare&#8221;, ka th\u00ebn\u00eb Nimani duke pohuar se p\u00ebr disa \u00e7\u00ebshtje ekzistojn\u00eb mendime t\u00eb ndryshme.<br \/>\nMinistri Nimani ka pranuar se Ligji ekzistues ka defekte, por ka theksuar se n\u00eb koh\u00ebn e nxjerrjes s\u00eb tij nuk ka qen\u00eb leht\u00eb q\u00eb ai t\u00eb miratohet.<br \/>\nLigji mbi p\u00ebrdorimin e simboleve nacionale \u00ebsht\u00eb nxjerr\u00eb n\u00eb vitin 2000. Q\u00eb n\u00eb at\u00eb koh\u00eb ai \u00ebsht\u00eb kritikuar nga LD n\u00eb MZ dhe disa ekspert\u00eb t\u00eb jurisprudenc\u00ebs t\u00eb cil\u00ebt kan\u00eb v\u00ebn\u00eb n\u00eb pah se ai ka m\u00eb tep\u00ebr karakter restriktiv sesa afirmativ.<br \/>\n<strong>I.Kallaba<br \/>\nKoha Javore<\/strong><\/p>\n<!--YouTube Error: bad URL entered-->\n","protected":false},"excerpt":{"rendered":"<p>Ulqin &#8211; Ministri p\u00ebr Mbrojtjen e t\u00eb Drejtave t\u00eb Njeriut dhe Pakicave Fuad Nimani thot\u00eb se kjo ministri \u00ebsht\u00eb duke punuar p\u00ebr ndryshimin e Ligjit mbi p\u00ebrdorimin e simboleve nacionale dhe ka shprehur besimin se kjo do t\u00eb b\u00ebhet s\u00eb shpejti. Deklarata e ministrit Nimani \u00ebsht\u00eb b\u00ebr\u00eb gjat\u00eb nj\u00eb vizite n\u00eb Ulqin, t\u00eb premten m\u00eb [&hellip;]<\/p>\n","protected":false},"author":1,"featured_media":0,"comment_status":"open","ping_status":"closed","sticky":false,"template":"","format":"standard","meta":{"spay_email":"","jetpack_publicize_message":"","jetpack_is_tweetstorm":false,"jetpack_publicize_feature_enabled":true},"categories":[1],"tags":[5231,106,2611,200],"jetpack_publicize_connections":[],"yoast_head":"<!-- This site is optimized with the Yoast SEO plugin v19.1 - https:\/\/yoast.com\/wordpress\/plugins\/seo\/ -->\n<title>Nimani: Ligji duhet t\u00eb avancoj\u00eb p\u00ebrdorimin e simboleve nacionale - Lajme nga Ulqini<\/title>\n<meta name=\"description\" content=\"Ulqin - Ministri p\u00ebr Mbrojtjen e t\u00eb Drejtave t\u00eb Njeriut dhe Pakicave Fuad Nimani thot\u00eb se kjo ministri \u00ebsht\u00eb duke punuar p\u00ebr ndryshimin e Ligjit mbi\" \/>\n<meta name=\"robots\" content=\"index, follow, max-snippet:-1, max-image-preview:large, max-video-preview:-1\" \/>\n<link rel=\"canonical\" href=\"https:\/\/www.visit-ulcinj.com\/blog\/2008\/12\/15\/nimani-ligji-duhet-te-avancoje-perdorimin-e-simboleve-nacionale\/\" \/>\n<meta property=\"og:locale\" content=\"en_US\" \/>\n<meta property=\"og:type\" content=\"article\" \/>\n<meta property=\"og:title\" content=\"Nimani: Ligji duhet t\u00eb avancoj\u00eb p\u00ebrdorimin e simboleve nacionale - Lajme nga Ulqini\" \/>\n<meta property=\"og:description\" content=\"Ulqin - Ministri p\u00ebr Mbrojtjen e t\u00eb Drejtave t\u00eb Njeriut dhe Pakicave Fuad Nimani thot\u00eb se kjo ministri \u00ebsht\u00eb duke punuar p\u00ebr ndryshimin e Ligjit mbi\" \/>\n<meta property=\"og:url\" content=\"https:\/\/www.visit-ulcinj.com\/blog\/2008\/12\/15\/nimani-ligji-duhet-te-avancoje-perdorimin-e-simboleve-nacionale\/\" \/>\n<meta property=\"og:site_name\" content=\"Lajme nga Ulqini\" \/>\n<meta property=\"article:published_time\" content=\"2008-12-15T12:25:02+00:00\" \/>\n<meta property=\"og:image\" content=\"http:\/\/www.visit-ulcinj.com\/blog\/wp-content\/uploads\/2008\/12\/fuad-nimani1.jpg\" \/>\n<meta name=\"twitter:label1\" content=\"Written by\" \/>\n\t<meta name=\"twitter:data1\" content=\"ulqini\" \/>\n\t<meta name=\"twitter:label2\" content=\"Est. reading time\" \/>\n\t<meta name=\"twitter:data2\" content=\"1 minute\" \/>\n<script type=\"application\/ld+json\" class=\"yoast-schema-graph\">{\"@context\":\"https:\/\/schema.org\",\"@graph\":[{\"@type\":\"WebSite\",\"@id\":\"https:\/\/www.visit-ulcinj.com\/blog\/#website\",\"url\":\"https:\/\/www.visit-ulcinj.com\/blog\/\",\"name\":\"Lajme nga Ulqini\",\"description\":\"Lajme,Vijesti,Ulqini,Ulqin,Crna Gora,Mali i Zi\",\"potentialAction\":[{\"@type\":\"SearchAction\",\"target\":{\"@type\":\"EntryPoint\",\"urlTemplate\":\"https:\/\/www.visit-ulcinj.com\/blog\/?s={search_term_string}\"},\"query-input\":\"required name=search_term_string\"}],\"inLanguage\":\"en-US\"},{\"@type\":\"ImageObject\",\"inLanguage\":\"en-US\",\"@id\":\"https:\/\/www.visit-ulcinj.com\/blog\/2008\/12\/15\/nimani-ligji-duhet-te-avancoje-perdorimin-e-simboleve-nacionale\/#primaryimage\",\"url\":\"http:\/\/www.visit-ulcinj.com\/blog\/wp-content\/uploads\/2008\/12\/fuad-nimani1.jpg\",\"contentUrl\":\"http:\/\/www.visit-ulcinj.com\/blog\/wp-content\/uploads\/2008\/12\/fuad-nimani1.jpg\"},{\"@type\":\"WebPage\",\"@id\":\"https:\/\/www.visit-ulcinj.com\/blog\/2008\/12\/15\/nimani-ligji-duhet-te-avancoje-perdorimin-e-simboleve-nacionale\/#webpage\",\"url\":\"https:\/\/www.visit-ulcinj.com\/blog\/2008\/12\/15\/nimani-ligji-duhet-te-avancoje-perdorimin-e-simboleve-nacionale\/\",\"name\":\"Nimani: Ligji duhet t\u00eb avancoj\u00eb p\u00ebrdorimin e simboleve nacionale - Lajme nga Ulqini\",\"isPartOf\":{\"@id\":\"https:\/\/www.visit-ulcinj.com\/blog\/#website\"},\"primaryImageOfPage\":{\"@id\":\"https:\/\/www.visit-ulcinj.com\/blog\/2008\/12\/15\/nimani-ligji-duhet-te-avancoje-perdorimin-e-simboleve-nacionale\/#primaryimage\"},\"datePublished\":\"2008-12-15T12:25:02+00:00\",\"dateModified\":\"2008-12-15T12:25:02+00:00\",\"author\":{\"@id\":\"https:\/\/www.visit-ulcinj.com\/blog\/#\/schema\/person\/dcab619c614d3038751c63bc2aadc06d\"},\"description\":\"Ulqin - Ministri p\u00ebr Mbrojtjen e t\u00eb Drejtave t\u00eb Njeriut dhe Pakicave Fuad Nimani thot\u00eb se kjo ministri \u00ebsht\u00eb duke punuar p\u00ebr ndryshimin e Ligjit mbi\",\"breadcrumb\":{\"@id\":\"https:\/\/www.visit-ulcinj.com\/blog\/2008\/12\/15\/nimani-ligji-duhet-te-avancoje-perdorimin-e-simboleve-nacionale\/#breadcrumb\"},\"inLanguage\":\"en-US\",\"potentialAction\":[{\"@type\":\"ReadAction\",\"target\":[\"https:\/\/www.visit-ulcinj.com\/blog\/2008\/12\/15\/nimani-ligji-duhet-te-avancoje-perdorimin-e-simboleve-nacionale\/\"]}]},{\"@type\":\"BreadcrumbList\",\"@id\":\"https:\/\/www.visit-ulcinj.com\/blog\/2008\/12\/15\/nimani-ligji-duhet-te-avancoje-perdorimin-e-simboleve-nacionale\/#breadcrumb\",\"itemListElement\":[{\"@type\":\"ListItem\",\"position\":1,\"name\":\"Nimani: Ligji duhet t\u00eb avancoj\u00eb p\u00ebrdorimin e simboleve nacionale\"}]},{\"@type\":\"Person\",\"@id\":\"https:\/\/www.visit-ulcinj.com\/blog\/#\/schema\/person\/dcab619c614d3038751c63bc2aadc06d\",\"name\":\"ulqini\",\"sameAs\":[\"http:\/\/www.visit-ulcinj.com\"],\"url\":\"https:\/\/www.visit-ulcinj.com\/blog\/author\/admin\/\"}]}<\/script>\n<!-- \/ Yoast SEO plugin. -->","yoast_head_json":{"title":"Nimani: Ligji duhet t\u00eb avancoj\u00eb p\u00ebrdorimin e simboleve nacionale - Lajme nga Ulqini","description":"Ulqin - Ministri p\u00ebr Mbrojtjen e t\u00eb Drejtave t\u00eb Njeriut dhe Pakicave Fuad Nimani thot\u00eb se kjo ministri \u00ebsht\u00eb duke punuar p\u00ebr ndryshimin e Ligjit mbi","robots":{"index":"index","follow":"follow","max-snippet":"max-snippet:-1","max-image-preview":"max-image-preview:large","max-video-preview":"max-video-preview:-1"},"canonical":"https:\/\/www.visit-ulcinj.com\/blog\/2008\/12\/15\/nimani-ligji-duhet-te-avancoje-perdorimin-e-simboleve-nacionale\/","og_locale":"en_US","og_type":"article","og_title":"Nimani: Ligji duhet t\u00eb avancoj\u00eb p\u00ebrdorimin e simboleve nacionale - Lajme nga Ulqini","og_description":"Ulqin - Ministri p\u00ebr Mbrojtjen e t\u00eb Drejtave t\u00eb Njeriut dhe Pakicave Fuad Nimani thot\u00eb se kjo ministri \u00ebsht\u00eb duke punuar p\u00ebr ndryshimin e Ligjit mbi","og_url":"https:\/\/www.visit-ulcinj.com\/blog\/2008\/12\/15\/nimani-ligji-duhet-te-avancoje-perdorimin-e-simboleve-nacionale\/","og_site_name":"Lajme nga Ulqini","article_published_time":"2008-12-15T12:25:02+00:00","og_image":[{"url":"http:\/\/www.visit-ulcinj.com\/blog\/wp-content\/uploads\/2008\/12\/fuad-nimani1.jpg"}],"twitter_misc":{"Written by":"ulqini","Est. reading time":"1 minute"},"schema":{"@context":"https:\/\/schema.org","@graph":[{"@type":"WebSite","@id":"https:\/\/www.visit-ulcinj.com\/blog\/#website","url":"https:\/\/www.visit-ulcinj.com\/blog\/","name":"Lajme nga Ulqini","description":"Lajme,Vijesti,Ulqini,Ulqin,Crna Gora,Mali i Zi","potentialAction":[{"@type":"SearchAction","target":{"@type":"EntryPoint","urlTemplate":"https:\/\/www.visit-ulcinj.com\/blog\/?s={search_term_string}"},"query-input":"required name=search_term_string"}],"inLanguage":"en-US"},{"@type":"ImageObject","inLanguage":"en-US","@id":"https:\/\/www.visit-ulcinj.com\/blog\/2008\/12\/15\/nimani-ligji-duhet-te-avancoje-perdorimin-e-simboleve-nacionale\/#primaryimage","url":"http:\/\/www.visit-ulcinj.com\/blog\/wp-content\/uploads\/2008\/12\/fuad-nimani1.jpg","contentUrl":"http:\/\/www.visit-ulcinj.com\/blog\/wp-content\/uploads\/2008\/12\/fuad-nimani1.jpg"},{"@type":"WebPage","@id":"https:\/\/www.visit-ulcinj.com\/blog\/2008\/12\/15\/nimani-ligji-duhet-te-avancoje-perdorimin-e-simboleve-nacionale\/#webpage","url":"https:\/\/www.visit-ulcinj.com\/blog\/2008\/12\/15\/nimani-ligji-duhet-te-avancoje-perdorimin-e-simboleve-nacionale\/","name":"Nimani: Ligji duhet t\u00eb avancoj\u00eb p\u00ebrdorimin e simboleve nacionale - Lajme nga Ulqini","isPartOf":{"@id":"https:\/\/www.visit-ulcinj.com\/blog\/#website"},"primaryImageOfPage":{"@id":"https:\/\/www.visit-ulcinj.com\/blog\/2008\/12\/15\/nimani-ligji-duhet-te-avancoje-perdorimin-e-simboleve-nacionale\/#primaryimage"},"datePublished":"2008-12-15T12:25:02+00:00","dateModified":"2008-12-15T12:25:02+00:00","author":{"@id":"https:\/\/www.visit-ulcinj.com\/blog\/#\/schema\/person\/dcab619c614d3038751c63bc2aadc06d"},"description":"Ulqin - Ministri p\u00ebr Mbrojtjen e t\u00eb Drejtave t\u00eb Njeriut dhe Pakicave Fuad Nimani thot\u00eb se kjo ministri \u00ebsht\u00eb duke punuar p\u00ebr ndryshimin e Ligjit mbi","breadcrumb":{"@id":"https:\/\/www.visit-ulcinj.com\/blog\/2008\/12\/15\/nimani-ligji-duhet-te-avancoje-perdorimin-e-simboleve-nacionale\/#breadcrumb"},"inLanguage":"en-US","potentialAction":[{"@type":"ReadAction","target":["https:\/\/www.visit-ulcinj.com\/blog\/2008\/12\/15\/nimani-ligji-duhet-te-avancoje-perdorimin-e-simboleve-nacionale\/"]}]},{"@type":"BreadcrumbList","@id":"https:\/\/www.visit-ulcinj.com\/blog\/2008\/12\/15\/nimani-ligji-duhet-te-avancoje-perdorimin-e-simboleve-nacionale\/#breadcrumb","itemListElement":[{"@type":"ListItem","position":1,"name":"Nimani: Ligji duhet t\u00eb avancoj\u00eb p\u00ebrdorimin e simboleve nacionale"}]},{"@type":"Person","@id":"https:\/\/www.visit-ulcinj.com\/blog\/#\/schema\/person\/dcab619c614d3038751c63bc2aadc06d","name":"ulqini","sameAs":["http:\/\/www.visit-ulcinj.com"],"url":"https:\/\/www.visit-ulcinj.com\/blog\/author\/admin\/"}]}},"jetpack_featured_media_url":"","jetpack_sharing_enabled":true,"jetpack_shortlink":"https:\/\/wp.me\/pe6lTn-1Tc","_links":{"self":[{"href":"https:\/\/www.visit-ulcinj.com\/blog\/wp-json\/wp\/v2\/posts\/7266"}],"collection":[{"href":"https:\/\/www.visit-ulcinj.com\/blog\/wp-json\/wp\/v2\/posts"}],"about":[{"href":"https:\/\/www.visit-ulcinj.com\/blog\/wp-json\/wp\/v2\/types\/post"}],"author":[{"embeddable":true,"href":"https:\/\/www.visit-ulcinj.com\/blog\/wp-json\/wp\/v2\/users\/1"}],"replies":[{"embeddable":true,"href":"https:\/\/www.visit-ulcinj.com\/blog\/wp-json\/wp\/v2\/comments?post=7266"}],"version-history":[{"count":0,"href":"https:\/\/www.visit-ulcinj.com\/blog\/wp-json\/wp\/v2\/posts\/7266\/revisions"}],"wp:attachment":[{"href":"https:\/\/www.visit-ulcinj.com\/blog\/wp-json\/wp\/v2\/media?parent=7266"}],"wp:term":[{"taxonomy":"category","embeddable":true,"href":"https:\/\/www.visit-ulcinj.com\/blog\/wp-json\/wp\/v2\/categories?post=7266"},{"taxonomy":"post_tag","embeddable":true,"href":"https:\/\/www.visit-ulcinj.com\/blog\/wp-json\/wp\/v2\/tags?post=7266"}],"curies":[{"name":"wp","href":"https:\/\/api.w.org\/{rel}","templated":true}]}}