{"id":72679,"date":"2013-06-26T07:02:38","date_gmt":"2013-06-26T06:02:38","guid":{"rendered":"http:\/\/www.visit-ulcinj.com\/blog\/?p=72679"},"modified":"2013-06-26T07:04:45","modified_gmt":"2013-06-26T06:04:45","slug":"ulcinj-otvaranje-info-punktova","status":"publish","type":"post","link":"https:\/\/www.visit-ulcinj.com\/blog\/2013\/06\/26\/ulcinj-otvaranje-info-punktova\/","title":{"rendered":"Ulcinj: Otvaranje info-punktova"},"content":{"rendered":"<p><strong><a href=\"http:\/\/www.visit-ulcinj.com\/blog\/wp-content\/uploads\/2013\/06\/Otvaranje-info-punktova-Ulcinj.jpg\"><img loading=\"lazy\" class=\"alignleft  wp-image-72680\" alt=\"Otvaranje info-punktova Ulcinj\" src=\"http:\/\/www.visit-ulcinj.com\/blog\/wp-content\/uploads\/2013\/06\/Otvaranje-info-punktova-Ulcinj.jpg\" width=\"508\" height=\"360\" \/><\/a>ULCINJ \u2013 Dva info-punkta Turisti\u010dke organizacije Ulcinj bi\u0107e otvorena u srijedu, a do kraja nedjelje bi\u0107e otvoreni i punktovi na Velikoj pla\u017ei i u \u0160toju. Info-punkt na Grani\u010dnom prelazu Sukobin otvoren je od ponedjeljka.<\/strong><\/p>\n<p>Pored toga \u0161to gra\u0111ani u ovim atraktivnim prostorijama mogu dobiti sve potrebne informacije o gradu, tu \u0107e mo\u0107i i da prijave boravak i plate boravi\u0161nu taksu koja na teritoriji optine Ulcinj iznosi 50 centi.<\/p>\n<p>&#8211; Ulcinj ima najni\u017eu naplatu boravi\u0161ne takse u odnosu na sve primorske op\u0161tine u Crnoj Gori. Sa otvaranjem info-punktova, o\u010dekujemo da \u0107e se stvari u potpunosti promijeniti \u2013 rekao je Pobjedi direktor Turisti\u010dke organizacije Ulcinj Minir Karamanaga.<\/p>\n<p>Ulcinj je bio i jedina op\u0161tina gdje su naplatu boravi\u0161ne takse vr\u0161ile turisti\u010dke agencije jer su im u drugim op\u0161tinama od pro\u0161le godine nadle\u017ene turisti\u010dke inspekcije zabranile da je napla\u0107uju.<\/p>\n<p>U novih pet info-punktova zaposleno je deset sezonskih radnika, koji \u0107e biti na usluzi gra\u0111anima od osam do 20 \u010dasova. Turistima \u0107e se dijeliti i promotivni materijal. Nove tehnologije kojima su kancelarije opremljene pru\u017eaju i bolji uvid u podatke.<\/p>\n<p>&#8211; Uveli smo novi softver koji nam omogu\u0107ava potpuni uvid u tr\u017ei\u0161te i pru\u017ea precizne podatke o strukturi gostiju \u2013 kazao je Karamanaga.<\/p>\n<p><strong>Jeftinija registracija<\/strong><\/p>\n<p>Prilikom registracije, gosta je dobijanje kartona dodatno ko\u0161talo 50 centi, a agencijska usluga jedan euro.<\/p>\n<p>&#8211; Ne\u0107emo napla\u0107ivati uslugu registrovanja, a samim tim \u0107e registracija biti jeftinija za taj euro \u2013 ka\u017ee Karamanaga.<\/p>\n<p>&nbsp;<\/p>\n<p><strong>A.\u017d.<\/strong><\/p>\n<p><strong>Izvor: Pobjeda<\/strong><\/p>\n","protected":false},"excerpt":{"rendered":"<p>ULCINJ \u2013 Dva info-punkta Turisti\u010dke organizacije Ulcinj bi\u0107e otvorena u srijedu, a do kraja nedjelje bi\u0107e otvoreni i punktovi na Velikoj pla\u017ei i u \u0160toju. Info-punkt na Grani\u010dnom prelazu Sukobin otvoren je od ponedjeljka. Pored toga \u0161to gra\u0111ani u ovim atraktivnim prostorijama mogu dobiti sve potrebne informacije o gradu, tu \u0107e mo\u0107i i da prijave [&hellip;]<\/p>\n","protected":false},"author":1,"featured_media":0,"comment_status":"closed","ping_status":"closed","sticky":false,"template":"","format":"standard","meta":{"spay_email":"","jetpack_publicize_message":"","jetpack_is_tweetstorm":false,"jetpack_publicize_feature_enabled":true},"categories":[8337],"tags":[],"jetpack_publicize_connections":[],"yoast_head":"<!-- This site is optimized with the Yoast SEO plugin v19.1 - https:\/\/yoast.com\/wordpress\/plugins\/seo\/ -->\n<title>Ulcinj: Otvaranje info-punktova - Lajme nga Ulqini<\/title>\n<meta name=\"description\" content=\"ULCINJ \u2013 Dva info-punkta Turisti\u010dke organizacije Ulcinj bi\u0107e otvorena u srijedu, a do kraja nedjelje bi\u0107e otvoreni i punktovi na Velikoj pla\u017ei i u \u0160toju.\" \/>\n<meta name=\"robots\" content=\"index, follow, max-snippet:-1, max-image-preview:large, max-video-preview:-1\" \/>\n<link rel=\"canonical\" href=\"https:\/\/www.visit-ulcinj.com\/blog\/2013\/06\/26\/ulcinj-otvaranje-info-punktova\/\" \/>\n<meta property=\"og:locale\" content=\"en_US\" \/>\n<meta property=\"og:type\" content=\"article\" \/>\n<meta property=\"og:title\" content=\"Ulcinj: Otvaranje info-punktova - Lajme nga Ulqini\" \/>\n<meta property=\"og:description\" content=\"ULCINJ \u2013 Dva info-punkta Turisti\u010dke organizacije Ulcinj bi\u0107e otvorena u srijedu, a do kraja nedjelje bi\u0107e otvoreni i punktovi na Velikoj pla\u017ei i u \u0160toju.\" \/>\n<meta property=\"og:url\" content=\"https:\/\/www.visit-ulcinj.com\/blog\/2013\/06\/26\/ulcinj-otvaranje-info-punktova\/\" \/>\n<meta property=\"og:site_name\" content=\"Lajme nga Ulqini\" \/>\n<meta property=\"article:published_time\" content=\"2013-06-26T06:02:38+00:00\" \/>\n<meta property=\"article:modified_time\" content=\"2013-06-26T06:04:45+00:00\" \/>\n<meta property=\"og:image\" content=\"http:\/\/www.visit-ulcinj.com\/blog\/wp-content\/uploads\/2013\/06\/Otvaranje-info-punktova-Ulcinj.jpg\" \/>\n<meta name=\"twitter:label1\" content=\"Written by\" \/>\n\t<meta name=\"twitter:data1\" content=\"ulqini\" \/>\n\t<meta name=\"twitter:label2\" content=\"Est. reading time\" \/>\n\t<meta name=\"twitter:data2\" content=\"1 minute\" \/>\n<script type=\"application\/ld+json\" class=\"yoast-schema-graph\">{\"@context\":\"https:\/\/schema.org\",\"@graph\":[{\"@type\":\"WebSite\",\"@id\":\"https:\/\/www.visit-ulcinj.com\/blog\/#website\",\"url\":\"https:\/\/www.visit-ulcinj.com\/blog\/\",\"name\":\"Lajme nga Ulqini\",\"description\":\"Lajme,Vijesti,Ulqini,Ulqin,Crna Gora,Mali i Zi\",\"potentialAction\":[{\"@type\":\"SearchAction\",\"target\":{\"@type\":\"EntryPoint\",\"urlTemplate\":\"https:\/\/www.visit-ulcinj.com\/blog\/?s={search_term_string}\"},\"query-input\":\"required name=search_term_string\"}],\"inLanguage\":\"en-US\"},{\"@type\":\"ImageObject\",\"inLanguage\":\"en-US\",\"@id\":\"https:\/\/www.visit-ulcinj.com\/blog\/2013\/06\/26\/ulcinj-otvaranje-info-punktova\/#primaryimage\",\"url\":\"https:\/\/www.visit-ulcinj.com\/blog\/wp-content\/uploads\/2013\/06\/Otvaranje-info-punktova-Ulcinj.jpg\",\"contentUrl\":\"https:\/\/www.visit-ulcinj.com\/blog\/wp-content\/uploads\/2013\/06\/Otvaranje-info-punktova-Ulcinj.jpg\",\"width\":640,\"height\":456},{\"@type\":\"WebPage\",\"@id\":\"https:\/\/www.visit-ulcinj.com\/blog\/2013\/06\/26\/ulcinj-otvaranje-info-punktova\/#webpage\",\"url\":\"https:\/\/www.visit-ulcinj.com\/blog\/2013\/06\/26\/ulcinj-otvaranje-info-punktova\/\",\"name\":\"Ulcinj: Otvaranje info-punktova - Lajme nga Ulqini\",\"isPartOf\":{\"@id\":\"https:\/\/www.visit-ulcinj.com\/blog\/#website\"},\"primaryImageOfPage\":{\"@id\":\"https:\/\/www.visit-ulcinj.com\/blog\/2013\/06\/26\/ulcinj-otvaranje-info-punktova\/#primaryimage\"},\"datePublished\":\"2013-06-26T06:02:38+00:00\",\"dateModified\":\"2013-06-26T06:04:45+00:00\",\"author\":{\"@id\":\"https:\/\/www.visit-ulcinj.com\/blog\/#\/schema\/person\/dcab619c614d3038751c63bc2aadc06d\"},\"description\":\"ULCINJ \u2013 Dva info-punkta Turisti\u010dke organizacije Ulcinj bi\u0107e otvorena u srijedu, a do kraja nedjelje bi\u0107e otvoreni i punktovi na Velikoj pla\u017ei i u \u0160toju.\",\"breadcrumb\":{\"@id\":\"https:\/\/www.visit-ulcinj.com\/blog\/2013\/06\/26\/ulcinj-otvaranje-info-punktova\/#breadcrumb\"},\"inLanguage\":\"en-US\",\"potentialAction\":[{\"@type\":\"ReadAction\",\"target\":[\"https:\/\/www.visit-ulcinj.com\/blog\/2013\/06\/26\/ulcinj-otvaranje-info-punktova\/\"]}]},{\"@type\":\"BreadcrumbList\",\"@id\":\"https:\/\/www.visit-ulcinj.com\/blog\/2013\/06\/26\/ulcinj-otvaranje-info-punktova\/#breadcrumb\",\"itemListElement\":[{\"@type\":\"ListItem\",\"position\":1,\"name\":\"Ulcinj: Otvaranje info-punktova\"}]},{\"@type\":\"Person\",\"@id\":\"https:\/\/www.visit-ulcinj.com\/blog\/#\/schema\/person\/dcab619c614d3038751c63bc2aadc06d\",\"name\":\"ulqini\",\"sameAs\":[\"http:\/\/www.visit-ulcinj.com\"],\"url\":\"https:\/\/www.visit-ulcinj.com\/blog\/author\/admin\/\"}]}<\/script>\n<!-- \/ Yoast SEO plugin. -->","yoast_head_json":{"title":"Ulcinj: Otvaranje info-punktova - Lajme nga Ulqini","description":"ULCINJ \u2013 Dva info-punkta Turisti\u010dke organizacije Ulcinj bi\u0107e otvorena u srijedu, a do kraja nedjelje bi\u0107e otvoreni i punktovi na Velikoj pla\u017ei i u \u0160toju.","robots":{"index":"index","follow":"follow","max-snippet":"max-snippet:-1","max-image-preview":"max-image-preview:large","max-video-preview":"max-video-preview:-1"},"canonical":"https:\/\/www.visit-ulcinj.com\/blog\/2013\/06\/26\/ulcinj-otvaranje-info-punktova\/","og_locale":"en_US","og_type":"article","og_title":"Ulcinj: Otvaranje info-punktova - Lajme nga Ulqini","og_description":"ULCINJ \u2013 Dva info-punkta Turisti\u010dke organizacije Ulcinj bi\u0107e otvorena u srijedu, a do kraja nedjelje bi\u0107e otvoreni i punktovi na Velikoj pla\u017ei i u \u0160toju.","og_url":"https:\/\/www.visit-ulcinj.com\/blog\/2013\/06\/26\/ulcinj-otvaranje-info-punktova\/","og_site_name":"Lajme nga Ulqini","article_published_time":"2013-06-26T06:02:38+00:00","article_modified_time":"2013-06-26T06:04:45+00:00","og_image":[{"url":"http:\/\/www.visit-ulcinj.com\/blog\/wp-content\/uploads\/2013\/06\/Otvaranje-info-punktova-Ulcinj.jpg"}],"twitter_misc":{"Written by":"ulqini","Est. reading time":"1 minute"},"schema":{"@context":"https:\/\/schema.org","@graph":[{"@type":"WebSite","@id":"https:\/\/www.visit-ulcinj.com\/blog\/#website","url":"https:\/\/www.visit-ulcinj.com\/blog\/","name":"Lajme nga Ulqini","description":"Lajme,Vijesti,Ulqini,Ulqin,Crna Gora,Mali i Zi","potentialAction":[{"@type":"SearchAction","target":{"@type":"EntryPoint","urlTemplate":"https:\/\/www.visit-ulcinj.com\/blog\/?s={search_term_string}"},"query-input":"required name=search_term_string"}],"inLanguage":"en-US"},{"@type":"ImageObject","inLanguage":"en-US","@id":"https:\/\/www.visit-ulcinj.com\/blog\/2013\/06\/26\/ulcinj-otvaranje-info-punktova\/#primaryimage","url":"https:\/\/www.visit-ulcinj.com\/blog\/wp-content\/uploads\/2013\/06\/Otvaranje-info-punktova-Ulcinj.jpg","contentUrl":"https:\/\/www.visit-ulcinj.com\/blog\/wp-content\/uploads\/2013\/06\/Otvaranje-info-punktova-Ulcinj.jpg","width":640,"height":456},{"@type":"WebPage","@id":"https:\/\/www.visit-ulcinj.com\/blog\/2013\/06\/26\/ulcinj-otvaranje-info-punktova\/#webpage","url":"https:\/\/www.visit-ulcinj.com\/blog\/2013\/06\/26\/ulcinj-otvaranje-info-punktova\/","name":"Ulcinj: Otvaranje info-punktova - Lajme nga Ulqini","isPartOf":{"@id":"https:\/\/www.visit-ulcinj.com\/blog\/#website"},"primaryImageOfPage":{"@id":"https:\/\/www.visit-ulcinj.com\/blog\/2013\/06\/26\/ulcinj-otvaranje-info-punktova\/#primaryimage"},"datePublished":"2013-06-26T06:02:38+00:00","dateModified":"2013-06-26T06:04:45+00:00","author":{"@id":"https:\/\/www.visit-ulcinj.com\/blog\/#\/schema\/person\/dcab619c614d3038751c63bc2aadc06d"},"description":"ULCINJ \u2013 Dva info-punkta Turisti\u010dke organizacije Ulcinj bi\u0107e otvorena u srijedu, a do kraja nedjelje bi\u0107e otvoreni i punktovi na Velikoj pla\u017ei i u \u0160toju.","breadcrumb":{"@id":"https:\/\/www.visit-ulcinj.com\/blog\/2013\/06\/26\/ulcinj-otvaranje-info-punktova\/#breadcrumb"},"inLanguage":"en-US","potentialAction":[{"@type":"ReadAction","target":["https:\/\/www.visit-ulcinj.com\/blog\/2013\/06\/26\/ulcinj-otvaranje-info-punktova\/"]}]},{"@type":"BreadcrumbList","@id":"https:\/\/www.visit-ulcinj.com\/blog\/2013\/06\/26\/ulcinj-otvaranje-info-punktova\/#breadcrumb","itemListElement":[{"@type":"ListItem","position":1,"name":"Ulcinj: Otvaranje info-punktova"}]},{"@type":"Person","@id":"https:\/\/www.visit-ulcinj.com\/blog\/#\/schema\/person\/dcab619c614d3038751c63bc2aadc06d","name":"ulqini","sameAs":["http:\/\/www.visit-ulcinj.com"],"url":"https:\/\/www.visit-ulcinj.com\/blog\/author\/admin\/"}]}},"jetpack_featured_media_url":"","jetpack_sharing_enabled":true,"jetpack_shortlink":"https:\/\/wp.me\/pe6lTn-iUf","_links":{"self":[{"href":"https:\/\/www.visit-ulcinj.com\/blog\/wp-json\/wp\/v2\/posts\/72679"}],"collection":[{"href":"https:\/\/www.visit-ulcinj.com\/blog\/wp-json\/wp\/v2\/posts"}],"about":[{"href":"https:\/\/www.visit-ulcinj.com\/blog\/wp-json\/wp\/v2\/types\/post"}],"author":[{"embeddable":true,"href":"https:\/\/www.visit-ulcinj.com\/blog\/wp-json\/wp\/v2\/users\/1"}],"replies":[{"embeddable":true,"href":"https:\/\/www.visit-ulcinj.com\/blog\/wp-json\/wp\/v2\/comments?post=72679"}],"version-history":[{"count":3,"href":"https:\/\/www.visit-ulcinj.com\/blog\/wp-json\/wp\/v2\/posts\/72679\/revisions"}],"predecessor-version":[{"id":72682,"href":"https:\/\/www.visit-ulcinj.com\/blog\/wp-json\/wp\/v2\/posts\/72679\/revisions\/72682"}],"wp:attachment":[{"href":"https:\/\/www.visit-ulcinj.com\/blog\/wp-json\/wp\/v2\/media?parent=72679"}],"wp:term":[{"taxonomy":"category","embeddable":true,"href":"https:\/\/www.visit-ulcinj.com\/blog\/wp-json\/wp\/v2\/categories?post=72679"},{"taxonomy":"post_tag","embeddable":true,"href":"https:\/\/www.visit-ulcinj.com\/blog\/wp-json\/wp\/v2\/tags?post=72679"}],"curies":[{"name":"wp","href":"https:\/\/api.w.org\/{rel}","templated":true}]}}