{"id":72692,"date":"2013-06-26T17:45:04","date_gmt":"2013-06-26T16:45:04","guid":{"rendered":"http:\/\/www.visit-ulcinj.com\/blog\/?p=72692"},"modified":"2013-06-26T17:45:17","modified_gmt":"2013-06-26T16:45:17","slug":"dite-zie-ne-mal-te-zi-per-rumunet","status":"publish","type":"post","link":"https:\/\/www.visit-ulcinj.com\/blog\/2013\/06\/26\/dite-zie-ne-mal-te-zi-per-rumunet\/","title":{"rendered":"Dit\u00eb zie n\u00eb Mal t\u00eb Zi p\u00ebr rumun\u00ebt"},"content":{"rendered":"<p><a href=\"http:\/\/www.visit-ulcinj.com\/blog\/wp-content\/uploads\/2013\/06\/aksidenti-i-autobusit-rumun.1.jpg\"><img loading=\"lazy\" class=\"alignleft  wp-image-72658\" alt=\"aksidenti i autobusit rumun.1\" src=\"http:\/\/www.visit-ulcinj.com\/blog\/wp-content\/uploads\/2013\/06\/aksidenti-i-autobusit-rumun.1.jpg\" width=\"508\" height=\"360\" \/><\/a>Podgoric\u00eb, 26 qershor\u00a0 &#8211;\u00a0 Mali i Zi sot mban zi p\u00ebr 18 rumun\u00ebt, q\u00eb humb\u00ebn jet\u00ebn n\u00eb gryk\u00eb t\u00eb Mora\u00e7\u00ebs, por edhe p\u00ebr kat\u00ebr t\u00eb rinj q\u00eb vdiq\u00ebn af\u00ebr Tivarit.<\/p>\n<p>N\u00eb aksidentin e komunikacionit n\u00eb magjistralen Podgoric\u00eb-Kollashin, vdiq\u00ebn 18 udh\u00ebtar\u00eb, 29 u l\u00ebnduan, nga t\u00eb cil\u00ebt tre vazhdojn\u00eb t\u00eb p\u00ebrballen me rrezikun p\u00ebr jet\u00eb. Shkaku i fatkeq\u00ebsis\u00eb ende nuk \u00ebsht\u00eb gjetur.<\/p>\n<p>Nj\u00eb tjet\u00ebr tragjedi goditi Malin e Zi k\u00ebt\u00eb jav\u00eb. Derisa po punonin p\u00ebr hapjen e nj\u00eb bunari n\u00eb Tivar vdiq\u00ebn kat\u00ebr t\u00eb rinj.<\/p>\n<p>Koha Net<\/p>\n","protected":false},"excerpt":{"rendered":"<p>Podgoric\u00eb, 26 qershor\u00a0 &#8211;\u00a0 Mali i Zi sot mban zi p\u00ebr 18 rumun\u00ebt, q\u00eb humb\u00ebn jet\u00ebn n\u00eb gryk\u00eb t\u00eb Mora\u00e7\u00ebs, por edhe p\u00ebr kat\u00ebr t\u00eb rinj q\u00eb vdiq\u00ebn af\u00ebr Tivarit. N\u00eb aksidentin e komunikacionit n\u00eb magjistralen Podgoric\u00eb-Kollashin, vdiq\u00ebn 18 udh\u00ebtar\u00eb, 29 u l\u00ebnduan, nga t\u00eb cil\u00ebt tre vazhdojn\u00eb t\u00eb p\u00ebrballen me rrezikun p\u00ebr jet\u00eb. Shkaku [&hellip;]<\/p>\n","protected":false},"author":1,"featured_media":0,"comment_status":"closed","ping_status":"closed","sticky":false,"template":"","format":"standard","meta":{"spay_email":"","jetpack_publicize_message":"","jetpack_is_tweetstorm":false,"jetpack_publicize_feature_enabled":true},"categories":[14],"tags":[],"jetpack_publicize_connections":[],"yoast_head":"<!-- This site is optimized with the Yoast SEO plugin v19.1 - https:\/\/yoast.com\/wordpress\/plugins\/seo\/ -->\n<title>Dit\u00eb zie n\u00eb Mal t\u00eb Zi p\u00ebr rumun\u00ebt - Lajme nga Ulqini<\/title>\n<meta name=\"description\" content=\"Podgoric\u00eb, 26 qershor\u00a0 -\u00a0 Mali i Zi sot mban zi p\u00ebr 18 rumun\u00ebt, q\u00eb humb\u00ebn jet\u00ebn n\u00eb gryk\u00eb t\u00eb Mora\u00e7\u00ebs, por edhe p\u00ebr kat\u00ebr t\u00eb rinj q\u00eb vdiq\u00ebn af\u00ebr Tivarit. N\u00eb\" \/>\n<meta name=\"robots\" content=\"index, follow, max-snippet:-1, max-image-preview:large, max-video-preview:-1\" \/>\n<link rel=\"canonical\" href=\"https:\/\/www.visit-ulcinj.com\/blog\/2013\/06\/26\/dite-zie-ne-mal-te-zi-per-rumunet\/\" \/>\n<meta property=\"og:locale\" content=\"en_US\" \/>\n<meta property=\"og:type\" content=\"article\" \/>\n<meta property=\"og:title\" content=\"Dit\u00eb zie n\u00eb Mal t\u00eb Zi p\u00ebr rumun\u00ebt - Lajme nga Ulqini\" \/>\n<meta property=\"og:description\" content=\"Podgoric\u00eb, 26 qershor\u00a0 -\u00a0 Mali i Zi sot mban zi p\u00ebr 18 rumun\u00ebt, q\u00eb humb\u00ebn jet\u00ebn n\u00eb gryk\u00eb t\u00eb Mora\u00e7\u00ebs, por edhe p\u00ebr kat\u00ebr t\u00eb rinj q\u00eb vdiq\u00ebn af\u00ebr Tivarit. N\u00eb\" \/>\n<meta property=\"og:url\" content=\"https:\/\/www.visit-ulcinj.com\/blog\/2013\/06\/26\/dite-zie-ne-mal-te-zi-per-rumunet\/\" \/>\n<meta property=\"og:site_name\" content=\"Lajme nga Ulqini\" \/>\n<meta property=\"article:published_time\" content=\"2013-06-26T16:45:04+00:00\" \/>\n<meta property=\"article:modified_time\" content=\"2013-06-26T16:45:17+00:00\" \/>\n<meta property=\"og:image\" content=\"http:\/\/www.visit-ulcinj.com\/blog\/wp-content\/uploads\/2013\/06\/aksidenti-i-autobusit-rumun.1.jpg\" \/>\n<meta name=\"twitter:label1\" content=\"Written by\" \/>\n\t<meta name=\"twitter:data1\" content=\"ulqini\" \/>\n\t<meta name=\"twitter:label2\" content=\"Est. reading time\" \/>\n\t<meta name=\"twitter:data2\" content=\"1 minute\" \/>\n<script type=\"application\/ld+json\" class=\"yoast-schema-graph\">{\"@context\":\"https:\/\/schema.org\",\"@graph\":[{\"@type\":\"WebSite\",\"@id\":\"https:\/\/www.visit-ulcinj.com\/blog\/#website\",\"url\":\"https:\/\/www.visit-ulcinj.com\/blog\/\",\"name\":\"Lajme nga Ulqini\",\"description\":\"Lajme,Vijesti,Ulqini,Ulqin,Crna Gora,Mali i Zi\",\"potentialAction\":[{\"@type\":\"SearchAction\",\"target\":{\"@type\":\"EntryPoint\",\"urlTemplate\":\"https:\/\/www.visit-ulcinj.com\/blog\/?s={search_term_string}\"},\"query-input\":\"required name=search_term_string\"}],\"inLanguage\":\"en-US\"},{\"@type\":\"ImageObject\",\"inLanguage\":\"en-US\",\"@id\":\"https:\/\/www.visit-ulcinj.com\/blog\/2013\/06\/26\/dite-zie-ne-mal-te-zi-per-rumunet\/#primaryimage\",\"url\":\"https:\/\/www.visit-ulcinj.com\/blog\/wp-content\/uploads\/2013\/06\/aksidenti-i-autobusit-rumun.1.jpg\",\"contentUrl\":\"https:\/\/www.visit-ulcinj.com\/blog\/wp-content\/uploads\/2013\/06\/aksidenti-i-autobusit-rumun.1.jpg\",\"width\":625,\"height\":428},{\"@type\":\"WebPage\",\"@id\":\"https:\/\/www.visit-ulcinj.com\/blog\/2013\/06\/26\/dite-zie-ne-mal-te-zi-per-rumunet\/#webpage\",\"url\":\"https:\/\/www.visit-ulcinj.com\/blog\/2013\/06\/26\/dite-zie-ne-mal-te-zi-per-rumunet\/\",\"name\":\"Dit\u00eb zie n\u00eb Mal t\u00eb Zi p\u00ebr rumun\u00ebt - Lajme nga Ulqini\",\"isPartOf\":{\"@id\":\"https:\/\/www.visit-ulcinj.com\/blog\/#website\"},\"primaryImageOfPage\":{\"@id\":\"https:\/\/www.visit-ulcinj.com\/blog\/2013\/06\/26\/dite-zie-ne-mal-te-zi-per-rumunet\/#primaryimage\"},\"datePublished\":\"2013-06-26T16:45:04+00:00\",\"dateModified\":\"2013-06-26T16:45:17+00:00\",\"author\":{\"@id\":\"https:\/\/www.visit-ulcinj.com\/blog\/#\/schema\/person\/dcab619c614d3038751c63bc2aadc06d\"},\"description\":\"Podgoric\u00eb, 26 qershor\u00a0 -\u00a0 Mali i Zi sot mban zi p\u00ebr 18 rumun\u00ebt, q\u00eb humb\u00ebn jet\u00ebn n\u00eb gryk\u00eb t\u00eb Mora\u00e7\u00ebs, por edhe p\u00ebr kat\u00ebr t\u00eb rinj q\u00eb vdiq\u00ebn af\u00ebr Tivarit. N\u00eb\",\"breadcrumb\":{\"@id\":\"https:\/\/www.visit-ulcinj.com\/blog\/2013\/06\/26\/dite-zie-ne-mal-te-zi-per-rumunet\/#breadcrumb\"},\"inLanguage\":\"en-US\",\"potentialAction\":[{\"@type\":\"ReadAction\",\"target\":[\"https:\/\/www.visit-ulcinj.com\/blog\/2013\/06\/26\/dite-zie-ne-mal-te-zi-per-rumunet\/\"]}]},{\"@type\":\"BreadcrumbList\",\"@id\":\"https:\/\/www.visit-ulcinj.com\/blog\/2013\/06\/26\/dite-zie-ne-mal-te-zi-per-rumunet\/#breadcrumb\",\"itemListElement\":[{\"@type\":\"ListItem\",\"position\":1,\"name\":\"Dit\u00eb zie n\u00eb Mal t\u00eb Zi p\u00ebr rumun\u00ebt\"}]},{\"@type\":\"Person\",\"@id\":\"https:\/\/www.visit-ulcinj.com\/blog\/#\/schema\/person\/dcab619c614d3038751c63bc2aadc06d\",\"name\":\"ulqini\",\"sameAs\":[\"http:\/\/www.visit-ulcinj.com\"],\"url\":\"https:\/\/www.visit-ulcinj.com\/blog\/author\/admin\/\"}]}<\/script>\n<!-- \/ Yoast SEO plugin. -->","yoast_head_json":{"title":"Dit\u00eb zie n\u00eb Mal t\u00eb Zi p\u00ebr rumun\u00ebt - Lajme nga Ulqini","description":"Podgoric\u00eb, 26 qershor\u00a0 -\u00a0 Mali i Zi sot mban zi p\u00ebr 18 rumun\u00ebt, q\u00eb humb\u00ebn jet\u00ebn n\u00eb gryk\u00eb t\u00eb Mora\u00e7\u00ebs, por edhe p\u00ebr kat\u00ebr t\u00eb rinj q\u00eb vdiq\u00ebn af\u00ebr Tivarit. N\u00eb","robots":{"index":"index","follow":"follow","max-snippet":"max-snippet:-1","max-image-preview":"max-image-preview:large","max-video-preview":"max-video-preview:-1"},"canonical":"https:\/\/www.visit-ulcinj.com\/blog\/2013\/06\/26\/dite-zie-ne-mal-te-zi-per-rumunet\/","og_locale":"en_US","og_type":"article","og_title":"Dit\u00eb zie n\u00eb Mal t\u00eb Zi p\u00ebr rumun\u00ebt - Lajme nga Ulqini","og_description":"Podgoric\u00eb, 26 qershor\u00a0 -\u00a0 Mali i Zi sot mban zi p\u00ebr 18 rumun\u00ebt, q\u00eb humb\u00ebn jet\u00ebn n\u00eb gryk\u00eb t\u00eb Mora\u00e7\u00ebs, por edhe p\u00ebr kat\u00ebr t\u00eb rinj q\u00eb vdiq\u00ebn af\u00ebr Tivarit. N\u00eb","og_url":"https:\/\/www.visit-ulcinj.com\/blog\/2013\/06\/26\/dite-zie-ne-mal-te-zi-per-rumunet\/","og_site_name":"Lajme nga Ulqini","article_published_time":"2013-06-26T16:45:04+00:00","article_modified_time":"2013-06-26T16:45:17+00:00","og_image":[{"url":"http:\/\/www.visit-ulcinj.com\/blog\/wp-content\/uploads\/2013\/06\/aksidenti-i-autobusit-rumun.1.jpg"}],"twitter_misc":{"Written by":"ulqini","Est. reading time":"1 minute"},"schema":{"@context":"https:\/\/schema.org","@graph":[{"@type":"WebSite","@id":"https:\/\/www.visit-ulcinj.com\/blog\/#website","url":"https:\/\/www.visit-ulcinj.com\/blog\/","name":"Lajme nga Ulqini","description":"Lajme,Vijesti,Ulqini,Ulqin,Crna Gora,Mali i Zi","potentialAction":[{"@type":"SearchAction","target":{"@type":"EntryPoint","urlTemplate":"https:\/\/www.visit-ulcinj.com\/blog\/?s={search_term_string}"},"query-input":"required name=search_term_string"}],"inLanguage":"en-US"},{"@type":"ImageObject","inLanguage":"en-US","@id":"https:\/\/www.visit-ulcinj.com\/blog\/2013\/06\/26\/dite-zie-ne-mal-te-zi-per-rumunet\/#primaryimage","url":"https:\/\/www.visit-ulcinj.com\/blog\/wp-content\/uploads\/2013\/06\/aksidenti-i-autobusit-rumun.1.jpg","contentUrl":"https:\/\/www.visit-ulcinj.com\/blog\/wp-content\/uploads\/2013\/06\/aksidenti-i-autobusit-rumun.1.jpg","width":625,"height":428},{"@type":"WebPage","@id":"https:\/\/www.visit-ulcinj.com\/blog\/2013\/06\/26\/dite-zie-ne-mal-te-zi-per-rumunet\/#webpage","url":"https:\/\/www.visit-ulcinj.com\/blog\/2013\/06\/26\/dite-zie-ne-mal-te-zi-per-rumunet\/","name":"Dit\u00eb zie n\u00eb Mal t\u00eb Zi p\u00ebr rumun\u00ebt - Lajme nga Ulqini","isPartOf":{"@id":"https:\/\/www.visit-ulcinj.com\/blog\/#website"},"primaryImageOfPage":{"@id":"https:\/\/www.visit-ulcinj.com\/blog\/2013\/06\/26\/dite-zie-ne-mal-te-zi-per-rumunet\/#primaryimage"},"datePublished":"2013-06-26T16:45:04+00:00","dateModified":"2013-06-26T16:45:17+00:00","author":{"@id":"https:\/\/www.visit-ulcinj.com\/blog\/#\/schema\/person\/dcab619c614d3038751c63bc2aadc06d"},"description":"Podgoric\u00eb, 26 qershor\u00a0 -\u00a0 Mali i Zi sot mban zi p\u00ebr 18 rumun\u00ebt, q\u00eb humb\u00ebn jet\u00ebn n\u00eb gryk\u00eb t\u00eb Mora\u00e7\u00ebs, por edhe p\u00ebr kat\u00ebr t\u00eb rinj q\u00eb vdiq\u00ebn af\u00ebr Tivarit. N\u00eb","breadcrumb":{"@id":"https:\/\/www.visit-ulcinj.com\/blog\/2013\/06\/26\/dite-zie-ne-mal-te-zi-per-rumunet\/#breadcrumb"},"inLanguage":"en-US","potentialAction":[{"@type":"ReadAction","target":["https:\/\/www.visit-ulcinj.com\/blog\/2013\/06\/26\/dite-zie-ne-mal-te-zi-per-rumunet\/"]}]},{"@type":"BreadcrumbList","@id":"https:\/\/www.visit-ulcinj.com\/blog\/2013\/06\/26\/dite-zie-ne-mal-te-zi-per-rumunet\/#breadcrumb","itemListElement":[{"@type":"ListItem","position":1,"name":"Dit\u00eb zie n\u00eb Mal t\u00eb Zi p\u00ebr rumun\u00ebt"}]},{"@type":"Person","@id":"https:\/\/www.visit-ulcinj.com\/blog\/#\/schema\/person\/dcab619c614d3038751c63bc2aadc06d","name":"ulqini","sameAs":["http:\/\/www.visit-ulcinj.com"],"url":"https:\/\/www.visit-ulcinj.com\/blog\/author\/admin\/"}]}},"jetpack_featured_media_url":"","jetpack_sharing_enabled":true,"jetpack_shortlink":"https:\/\/wp.me\/pe6lTn-iUs","_links":{"self":[{"href":"https:\/\/www.visit-ulcinj.com\/blog\/wp-json\/wp\/v2\/posts\/72692"}],"collection":[{"href":"https:\/\/www.visit-ulcinj.com\/blog\/wp-json\/wp\/v2\/posts"}],"about":[{"href":"https:\/\/www.visit-ulcinj.com\/blog\/wp-json\/wp\/v2\/types\/post"}],"author":[{"embeddable":true,"href":"https:\/\/www.visit-ulcinj.com\/blog\/wp-json\/wp\/v2\/users\/1"}],"replies":[{"embeddable":true,"href":"https:\/\/www.visit-ulcinj.com\/blog\/wp-json\/wp\/v2\/comments?post=72692"}],"version-history":[{"count":2,"href":"https:\/\/www.visit-ulcinj.com\/blog\/wp-json\/wp\/v2\/posts\/72692\/revisions"}],"predecessor-version":[{"id":72694,"href":"https:\/\/www.visit-ulcinj.com\/blog\/wp-json\/wp\/v2\/posts\/72692\/revisions\/72694"}],"wp:attachment":[{"href":"https:\/\/www.visit-ulcinj.com\/blog\/wp-json\/wp\/v2\/media?parent=72692"}],"wp:term":[{"taxonomy":"category","embeddable":true,"href":"https:\/\/www.visit-ulcinj.com\/blog\/wp-json\/wp\/v2\/categories?post=72692"},{"taxonomy":"post_tag","embeddable":true,"href":"https:\/\/www.visit-ulcinj.com\/blog\/wp-json\/wp\/v2\/tags?post=72692"}],"curies":[{"name":"wp","href":"https:\/\/api.w.org\/{rel}","templated":true}]}}