{"id":72695,"date":"2013-06-27T06:17:34","date_gmt":"2013-06-27T05:17:34","guid":{"rendered":"http:\/\/www.visit-ulcinj.com\/blog\/?p=72695"},"modified":"2013-07-02T06:28:52","modified_gmt":"2013-07-02T05:28:52","slug":"tahiri-ben-homazhe-te-varri-i-veprimtarit-ulqinak-naser-lamoja","status":"publish","type":"post","link":"https:\/\/www.visit-ulcinj.com\/blog\/2013\/06\/27\/tahiri-ben-homazhe-te-varri-i-veprimtarit-ulqinak-naser-lamoja\/","title":{"rendered":"Tahiri b\u00ebn homazhe te varri i veprimtarit ulqinak, Naser Lamoja"},"content":{"rendered":"<p><a href=\"http:\/\/www.visit-ulcinj.com\/blog\/wp-content\/uploads\/2013\/06\/Besnik-Tahiri-homazhe-Naser-Lamoja-Ulqin.jpg\"><img loading=\"lazy\" class=\"alignleft  wp-image-72696\" alt=\"Besnik Tahiri homazhe Naser Lamoja-Ulqin\" src=\"http:\/\/www.visit-ulcinj.com\/blog\/wp-content\/uploads\/2013\/06\/Besnik-Tahiri-homazhe-Naser-Lamoja-Ulqin.jpg\" width=\"506\" height=\"360\" \/><\/a>Kryetari i Aleanc\u00ebs p\u00ebr Prishtin\u00ebn, Besnik Tahiri, ka b\u00ebra homazhe pran\u00eb varrit t\u00eb veprimtarit t\u00eb shquar nga Ulqini, Naser Lamoja i cili vdiq papritmas.<\/p>\n<p>Naserin e njoha p\u00ebr her\u00eb t\u00eb par\u00eb n\u00eb korrikun e 1999 n\u00eb Prishtin\u00eb, dhe q\u00eb nga at\u00ebher\u00eb kemi qen\u00eb miq shum\u00eb t\u00eb mir\u00eb.<\/p>\n<p>P\u00ebr ata q\u00eb nuk e njoh\u00ebn, Naseri gjat\u00eb veprimtaris\u00eb s\u00eb tij u angazhua fuqish\u00ebm n\u00eb p\u00ebrkrahje t\u00eb refugjat\u00ebve nga Kosova t\u00eb cil\u00ebt q\u00ebndruan n\u00eb Ulqin gjat\u00eb periudh\u00ebs s\u00eb luft\u00ebs (1999).<br \/>\n<a href=\"http:\/\/www.visit-ulcinj.com\/blog\/wp-content\/uploads\/2013\/06\/Besnik-Tahiri-homazhe-Naser-Lamoja-Ulqin.1.jpg\"><img loading=\"lazy\" class=\"alignleft  wp-image-72697\" alt=\"Besnik Tahiri homazhe Naser Lamoja-Ulqin.1\" src=\"http:\/\/www.visit-ulcinj.com\/blog\/wp-content\/uploads\/2013\/06\/Besnik-Tahiri-homazhe-Naser-Lamoja-Ulqin.1.jpg\" width=\"508\" height=\"360\" \/><\/a><a href=\"http:\/\/www.visit-ulcinj.com\/blog\/wp-content\/uploads\/2013\/06\/Naser-Lamoja-Ulqin.jpg\"><img loading=\"lazy\" class=\"alignleft  wp-image-72700\" alt=\"Naser-Lamoja-Ulqin\" src=\"http:\/\/www.visit-ulcinj.com\/blog\/wp-content\/uploads\/2013\/06\/Naser-Lamoja-Ulqin.jpg\" width=\"508\" height=\"360\" \/><\/a><\/p>\n<p>Duke qen\u00eb njeri me zem\u00ebrgjer\u00ebsi t\u00eb madhe, ai k\u00ebto aktivitete i b\u00ebri si n\u00eb cil\u00ebsi t\u00eb nd\u00ebrmarr\u00ebsit ashtu edhe p\u00ebrmes pun\u00ebs s\u00eb tij n\u00eb Shoqat\u00ebn Humanitare Drita e cila u themelua n\u00eb Ulqin enkas p\u00ebr t\u00eb ndihmuar njer\u00ebzit n\u00eb nevoj\u00eb q\u00eb q\u00ebndronin si refugjat\u00eb n\u00eb Ulqin, thuhet n\u00eb njoftimin e zyr\u00ebs s\u00eb Besnik Tahirit.<\/p>\n<p>&nbsp;<\/p>\n<p><strong>(ORAinfo)<\/strong><\/p>\n<p><a href=\"http:\/\/www.visit-ulcinj.com\/blog\/wp-content\/uploads\/2013\/06\/Naser-Lamoja-me-vajz-dhe-djal.jpg\"><img loading=\"lazy\" class=\"alignleft  wp-image-72704\" alt=\"Naser-Lamoja-me-vajz-dhe-djal\" src=\"http:\/\/www.visit-ulcinj.com\/blog\/wp-content\/uploads\/2013\/06\/Naser-Lamoja-me-vajz-dhe-djal.jpg\" width=\"508\" height=\"360\" \/><\/a><\/p>\n<p>Te kerkuam&#8230; E s&#8217;te gjetem te humbem babi. Ne mjegulla te zeza prap te kerkuam&#8230; U humbe u bere jehone. Ne qiellin e fundit i lutem profetet melekeve te na zbresin. Por ti nuk zbrite. U shendrove&#8230;<br \/>\nNe tmerr e vaj. Babi ishe krenaria jone dhe do te mbetesh.<br \/>\nJe ne mua ne zemren time.<\/p>\n<p data-ft=\"{&quot;tn&quot;:&quot;C&quot;}\"><strong><a id=\"js_53\" href=\"https:\/\/www.facebook.com\/hafize.lamoja?hc_location=timeline\" data-hovercard=\"\/ajax\/hovercard\/user.php?id=100003556476519&amp;extragetparams=%7B%22hc_location%22%3A%22timeline%22%7D\">Hafize Fizi Lamoja <\/a>Facebook<\/strong><\/p>\n","protected":false},"excerpt":{"rendered":"<p>Kryetari i Aleanc\u00ebs p\u00ebr Prishtin\u00ebn, Besnik Tahiri, ka b\u00ebra homazhe pran\u00eb varrit t\u00eb veprimtarit t\u00eb shquar nga Ulqini, Naser Lamoja i cili vdiq papritmas. Naserin e njoha p\u00ebr her\u00eb t\u00eb par\u00eb n\u00eb korrikun e 1999 n\u00eb Prishtin\u00eb, dhe q\u00eb nga at\u00ebher\u00eb kemi qen\u00eb miq shum\u00eb t\u00eb mir\u00eb. P\u00ebr ata q\u00eb nuk e njoh\u00ebn, Naseri gjat\u00eb [&hellip;]<\/p>\n","protected":false},"author":1,"featured_media":0,"comment_status":"closed","ping_status":"closed","sticky":false,"template":"","format":"standard","meta":{"spay_email":"","jetpack_publicize_message":"","jetpack_is_tweetstorm":false,"jetpack_publicize_feature_enabled":true},"categories":[1,11],"tags":[],"jetpack_publicize_connections":[],"yoast_head":"<!-- This site is optimized with the Yoast SEO plugin v19.1 - https:\/\/yoast.com\/wordpress\/plugins\/seo\/ -->\n<title>Tahiri b\u00ebn homazhe te varri i veprimtarit ulqinak, Naser Lamoja - Lajme nga Ulqini<\/title>\n<meta name=\"description\" content=\"Kryetari i Aleanc\u00ebs p\u00ebr Prishtin\u00ebn, Besnik Tahiri, ka b\u00ebra homazhe pran\u00eb varrit t\u00eb veprimtarit t\u00eb shquar nga Ulqini, Naser Lamoja i cili vdiq papritmas.\" \/>\n<meta name=\"robots\" content=\"index, follow, max-snippet:-1, max-image-preview:large, max-video-preview:-1\" \/>\n<link rel=\"canonical\" href=\"https:\/\/www.visit-ulcinj.com\/blog\/2013\/06\/27\/tahiri-ben-homazhe-te-varri-i-veprimtarit-ulqinak-naser-lamoja\/\" \/>\n<meta property=\"og:locale\" content=\"en_US\" \/>\n<meta property=\"og:type\" content=\"article\" \/>\n<meta property=\"og:title\" content=\"Tahiri b\u00ebn homazhe te varri i veprimtarit ulqinak, Naser Lamoja - Lajme nga Ulqini\" \/>\n<meta property=\"og:description\" content=\"Kryetari i Aleanc\u00ebs p\u00ebr Prishtin\u00ebn, Besnik Tahiri, ka b\u00ebra homazhe pran\u00eb varrit t\u00eb veprimtarit t\u00eb shquar nga Ulqini, Naser Lamoja i cili vdiq papritmas.\" \/>\n<meta property=\"og:url\" content=\"https:\/\/www.visit-ulcinj.com\/blog\/2013\/06\/27\/tahiri-ben-homazhe-te-varri-i-veprimtarit-ulqinak-naser-lamoja\/\" \/>\n<meta property=\"og:site_name\" content=\"Lajme nga Ulqini\" \/>\n<meta property=\"article:published_time\" content=\"2013-06-27T05:17:34+00:00\" \/>\n<meta property=\"article:modified_time\" content=\"2013-07-02T05:28:52+00:00\" \/>\n<meta property=\"og:image\" content=\"http:\/\/www.visit-ulcinj.com\/blog\/wp-content\/uploads\/2013\/06\/Besnik-Tahiri-homazhe-Naser-Lamoja-Ulqin.jpg\" \/>\n<meta name=\"twitter:label1\" content=\"Written by\" \/>\n\t<meta name=\"twitter:data1\" content=\"ulqini\" \/>\n\t<meta name=\"twitter:label2\" content=\"Est. reading time\" \/>\n\t<meta name=\"twitter:data2\" content=\"1 minute\" \/>\n<script type=\"application\/ld+json\" class=\"yoast-schema-graph\">{\"@context\":\"https:\/\/schema.org\",\"@graph\":[{\"@type\":\"WebSite\",\"@id\":\"https:\/\/www.visit-ulcinj.com\/blog\/#website\",\"url\":\"https:\/\/www.visit-ulcinj.com\/blog\/\",\"name\":\"Lajme nga Ulqini\",\"description\":\"Lajme,Vijesti,Ulqini,Ulqin,Crna Gora,Mali i Zi\",\"potentialAction\":[{\"@type\":\"SearchAction\",\"target\":{\"@type\":\"EntryPoint\",\"urlTemplate\":\"https:\/\/www.visit-ulcinj.com\/blog\/?s={search_term_string}\"},\"query-input\":\"required name=search_term_string\"}],\"inLanguage\":\"en-US\"},{\"@type\":\"ImageObject\",\"inLanguage\":\"en-US\",\"@id\":\"https:\/\/www.visit-ulcinj.com\/blog\/2013\/06\/27\/tahiri-ben-homazhe-te-varri-i-veprimtarit-ulqinak-naser-lamoja\/#primaryimage\",\"url\":\"https:\/\/www.visit-ulcinj.com\/blog\/wp-content\/uploads\/2013\/06\/Besnik-Tahiri-homazhe-Naser-Lamoja-Ulqin.jpg\",\"contentUrl\":\"https:\/\/www.visit-ulcinj.com\/blog\/wp-content\/uploads\/2013\/06\/Besnik-Tahiri-homazhe-Naser-Lamoja-Ulqin.jpg\",\"width\":960,\"height\":720},{\"@type\":\"WebPage\",\"@id\":\"https:\/\/www.visit-ulcinj.com\/blog\/2013\/06\/27\/tahiri-ben-homazhe-te-varri-i-veprimtarit-ulqinak-naser-lamoja\/#webpage\",\"url\":\"https:\/\/www.visit-ulcinj.com\/blog\/2013\/06\/27\/tahiri-ben-homazhe-te-varri-i-veprimtarit-ulqinak-naser-lamoja\/\",\"name\":\"Tahiri b\u00ebn homazhe te varri i veprimtarit ulqinak, Naser Lamoja - Lajme nga Ulqini\",\"isPartOf\":{\"@id\":\"https:\/\/www.visit-ulcinj.com\/blog\/#website\"},\"primaryImageOfPage\":{\"@id\":\"https:\/\/www.visit-ulcinj.com\/blog\/2013\/06\/27\/tahiri-ben-homazhe-te-varri-i-veprimtarit-ulqinak-naser-lamoja\/#primaryimage\"},\"datePublished\":\"2013-06-27T05:17:34+00:00\",\"dateModified\":\"2013-07-02T05:28:52+00:00\",\"author\":{\"@id\":\"https:\/\/www.visit-ulcinj.com\/blog\/#\/schema\/person\/dcab619c614d3038751c63bc2aadc06d\"},\"description\":\"Kryetari i Aleanc\u00ebs p\u00ebr Prishtin\u00ebn, Besnik Tahiri, ka b\u00ebra homazhe pran\u00eb varrit t\u00eb veprimtarit t\u00eb shquar nga Ulqini, Naser Lamoja i cili vdiq papritmas.\",\"breadcrumb\":{\"@id\":\"https:\/\/www.visit-ulcinj.com\/blog\/2013\/06\/27\/tahiri-ben-homazhe-te-varri-i-veprimtarit-ulqinak-naser-lamoja\/#breadcrumb\"},\"inLanguage\":\"en-US\",\"potentialAction\":[{\"@type\":\"ReadAction\",\"target\":[\"https:\/\/www.visit-ulcinj.com\/blog\/2013\/06\/27\/tahiri-ben-homazhe-te-varri-i-veprimtarit-ulqinak-naser-lamoja\/\"]}]},{\"@type\":\"BreadcrumbList\",\"@id\":\"https:\/\/www.visit-ulcinj.com\/blog\/2013\/06\/27\/tahiri-ben-homazhe-te-varri-i-veprimtarit-ulqinak-naser-lamoja\/#breadcrumb\",\"itemListElement\":[{\"@type\":\"ListItem\",\"position\":1,\"name\":\"Tahiri b\u00ebn homazhe te varri i veprimtarit ulqinak, Naser Lamoja\"}]},{\"@type\":\"Person\",\"@id\":\"https:\/\/www.visit-ulcinj.com\/blog\/#\/schema\/person\/dcab619c614d3038751c63bc2aadc06d\",\"name\":\"ulqini\",\"sameAs\":[\"http:\/\/www.visit-ulcinj.com\"],\"url\":\"https:\/\/www.visit-ulcinj.com\/blog\/author\/admin\/\"}]}<\/script>\n<!-- \/ Yoast SEO plugin. -->","yoast_head_json":{"title":"Tahiri b\u00ebn homazhe te varri i veprimtarit ulqinak, Naser Lamoja - Lajme nga Ulqini","description":"Kryetari i Aleanc\u00ebs p\u00ebr Prishtin\u00ebn, Besnik Tahiri, ka b\u00ebra homazhe pran\u00eb varrit t\u00eb veprimtarit t\u00eb shquar nga Ulqini, Naser Lamoja i cili vdiq papritmas.","robots":{"index":"index","follow":"follow","max-snippet":"max-snippet:-1","max-image-preview":"max-image-preview:large","max-video-preview":"max-video-preview:-1"},"canonical":"https:\/\/www.visit-ulcinj.com\/blog\/2013\/06\/27\/tahiri-ben-homazhe-te-varri-i-veprimtarit-ulqinak-naser-lamoja\/","og_locale":"en_US","og_type":"article","og_title":"Tahiri b\u00ebn homazhe te varri i veprimtarit ulqinak, Naser Lamoja - Lajme nga Ulqini","og_description":"Kryetari i Aleanc\u00ebs p\u00ebr Prishtin\u00ebn, Besnik Tahiri, ka b\u00ebra homazhe pran\u00eb varrit t\u00eb veprimtarit t\u00eb shquar nga Ulqini, Naser Lamoja i cili vdiq papritmas.","og_url":"https:\/\/www.visit-ulcinj.com\/blog\/2013\/06\/27\/tahiri-ben-homazhe-te-varri-i-veprimtarit-ulqinak-naser-lamoja\/","og_site_name":"Lajme nga Ulqini","article_published_time":"2013-06-27T05:17:34+00:00","article_modified_time":"2013-07-02T05:28:52+00:00","og_image":[{"url":"http:\/\/www.visit-ulcinj.com\/blog\/wp-content\/uploads\/2013\/06\/Besnik-Tahiri-homazhe-Naser-Lamoja-Ulqin.jpg"}],"twitter_misc":{"Written by":"ulqini","Est. reading time":"1 minute"},"schema":{"@context":"https:\/\/schema.org","@graph":[{"@type":"WebSite","@id":"https:\/\/www.visit-ulcinj.com\/blog\/#website","url":"https:\/\/www.visit-ulcinj.com\/blog\/","name":"Lajme nga Ulqini","description":"Lajme,Vijesti,Ulqini,Ulqin,Crna Gora,Mali i Zi","potentialAction":[{"@type":"SearchAction","target":{"@type":"EntryPoint","urlTemplate":"https:\/\/www.visit-ulcinj.com\/blog\/?s={search_term_string}"},"query-input":"required name=search_term_string"}],"inLanguage":"en-US"},{"@type":"ImageObject","inLanguage":"en-US","@id":"https:\/\/www.visit-ulcinj.com\/blog\/2013\/06\/27\/tahiri-ben-homazhe-te-varri-i-veprimtarit-ulqinak-naser-lamoja\/#primaryimage","url":"https:\/\/www.visit-ulcinj.com\/blog\/wp-content\/uploads\/2013\/06\/Besnik-Tahiri-homazhe-Naser-Lamoja-Ulqin.jpg","contentUrl":"https:\/\/www.visit-ulcinj.com\/blog\/wp-content\/uploads\/2013\/06\/Besnik-Tahiri-homazhe-Naser-Lamoja-Ulqin.jpg","width":960,"height":720},{"@type":"WebPage","@id":"https:\/\/www.visit-ulcinj.com\/blog\/2013\/06\/27\/tahiri-ben-homazhe-te-varri-i-veprimtarit-ulqinak-naser-lamoja\/#webpage","url":"https:\/\/www.visit-ulcinj.com\/blog\/2013\/06\/27\/tahiri-ben-homazhe-te-varri-i-veprimtarit-ulqinak-naser-lamoja\/","name":"Tahiri b\u00ebn homazhe te varri i veprimtarit ulqinak, Naser Lamoja - Lajme nga Ulqini","isPartOf":{"@id":"https:\/\/www.visit-ulcinj.com\/blog\/#website"},"primaryImageOfPage":{"@id":"https:\/\/www.visit-ulcinj.com\/blog\/2013\/06\/27\/tahiri-ben-homazhe-te-varri-i-veprimtarit-ulqinak-naser-lamoja\/#primaryimage"},"datePublished":"2013-06-27T05:17:34+00:00","dateModified":"2013-07-02T05:28:52+00:00","author":{"@id":"https:\/\/www.visit-ulcinj.com\/blog\/#\/schema\/person\/dcab619c614d3038751c63bc2aadc06d"},"description":"Kryetari i Aleanc\u00ebs p\u00ebr Prishtin\u00ebn, Besnik Tahiri, ka b\u00ebra homazhe pran\u00eb varrit t\u00eb veprimtarit t\u00eb shquar nga Ulqini, Naser Lamoja i cili vdiq papritmas.","breadcrumb":{"@id":"https:\/\/www.visit-ulcinj.com\/blog\/2013\/06\/27\/tahiri-ben-homazhe-te-varri-i-veprimtarit-ulqinak-naser-lamoja\/#breadcrumb"},"inLanguage":"en-US","potentialAction":[{"@type":"ReadAction","target":["https:\/\/www.visit-ulcinj.com\/blog\/2013\/06\/27\/tahiri-ben-homazhe-te-varri-i-veprimtarit-ulqinak-naser-lamoja\/"]}]},{"@type":"BreadcrumbList","@id":"https:\/\/www.visit-ulcinj.com\/blog\/2013\/06\/27\/tahiri-ben-homazhe-te-varri-i-veprimtarit-ulqinak-naser-lamoja\/#breadcrumb","itemListElement":[{"@type":"ListItem","position":1,"name":"Tahiri b\u00ebn homazhe te varri i veprimtarit ulqinak, Naser Lamoja"}]},{"@type":"Person","@id":"https:\/\/www.visit-ulcinj.com\/blog\/#\/schema\/person\/dcab619c614d3038751c63bc2aadc06d","name":"ulqini","sameAs":["http:\/\/www.visit-ulcinj.com"],"url":"https:\/\/www.visit-ulcinj.com\/blog\/author\/admin\/"}]}},"jetpack_featured_media_url":"","jetpack_sharing_enabled":true,"jetpack_shortlink":"https:\/\/wp.me\/pe6lTn-iUv","_links":{"self":[{"href":"https:\/\/www.visit-ulcinj.com\/blog\/wp-json\/wp\/v2\/posts\/72695"}],"collection":[{"href":"https:\/\/www.visit-ulcinj.com\/blog\/wp-json\/wp\/v2\/posts"}],"about":[{"href":"https:\/\/www.visit-ulcinj.com\/blog\/wp-json\/wp\/v2\/types\/post"}],"author":[{"embeddable":true,"href":"https:\/\/www.visit-ulcinj.com\/blog\/wp-json\/wp\/v2\/users\/1"}],"replies":[{"embeddable":true,"href":"https:\/\/www.visit-ulcinj.com\/blog\/wp-json\/wp\/v2\/comments?post=72695"}],"version-history":[{"count":8,"href":"https:\/\/www.visit-ulcinj.com\/blog\/wp-json\/wp\/v2\/posts\/72695\/revisions"}],"predecessor-version":[{"id":72857,"href":"https:\/\/www.visit-ulcinj.com\/blog\/wp-json\/wp\/v2\/posts\/72695\/revisions\/72857"}],"wp:attachment":[{"href":"https:\/\/www.visit-ulcinj.com\/blog\/wp-json\/wp\/v2\/media?parent=72695"}],"wp:term":[{"taxonomy":"category","embeddable":true,"href":"https:\/\/www.visit-ulcinj.com\/blog\/wp-json\/wp\/v2\/categories?post=72695"},{"taxonomy":"post_tag","embeddable":true,"href":"https:\/\/www.visit-ulcinj.com\/blog\/wp-json\/wp\/v2\/tags?post=72695"}],"curies":[{"name":"wp","href":"https:\/\/api.w.org\/{rel}","templated":true}]}}