{"id":72706,"date":"2013-06-27T15:19:33","date_gmt":"2013-06-27T14:19:33","guid":{"rendered":"http:\/\/www.visit-ulcinj.com\/blog\/?p=72706"},"modified":"2013-06-27T15:20:19","modified_gmt":"2013-06-27T14:20:19","slug":"maloku-rtcg-diskriminon-shqiptaret","status":"publish","type":"post","link":"https:\/\/www.visit-ulcinj.com\/blog\/2013\/06\/27\/maloku-rtcg-diskriminon-shqiptaret\/","title":{"rendered":"Maloku: RTCG diskriminon shqiptar\u00ebt"},"content":{"rendered":"<p><strong><a href=\"http:\/\/www.visit-ulcinj.com\/blog\/wp-content\/uploads\/2013\/06\/Albinot-Maloku-analist-politik.png\"><img loading=\"lazy\" class=\"alignleft  wp-image-72707\" alt=\"Albinot-Maloku-analist-politik\" src=\"http:\/\/www.visit-ulcinj.com\/blog\/wp-content\/uploads\/2013\/06\/Albinot-Maloku-analist-politik.png\" width=\"508\" height=\"288\" \/><\/a>Nga Albinot MALOKU <\/strong><\/p>\n<p>Kryeministri i Malit t\u00eb Zi, Millo Gjukanoviq n\u00eb nj\u00eb intervist\u00eb t\u00eb para disa kohe tek \u201cBugajski Hour\u201d pati th\u00ebn\u00eb se \u201cHarmonia multi-etnike dhe stabiliteti n\u00eb Mal t\u00eb Zi nuk u vun\u00eb asnj\u00ebher\u00eb n\u00eb dyshim\u201d. P\u00ebr t\u00eb vazhduar se me kujdes jemi duke shiquar n\u00eb zgjidhjen e problemeve q\u00eb mund t\u00eb ken\u00eb pakicat, edhe ajo shqiptare. Ajo \u00e7far\u00eb foli KM Gjukanoviq n\u00eb at\u00eb emision tek Janusz Bugajski ishte tentim p\u00ebr t\u00eb fshehur problemet e thella q\u00eb kan\u00eb shqiptar\u00ebt n\u00eb Mal t\u00eb Zi, por edhe komunitetet e tjera etnike.<\/p>\n<p>Ballafaqimet e shqiptar\u00ebve n\u00eb Mal t\u00eb Zi p\u00ebrfshijn\u00eb shum\u00eb segmente t\u00eb jet\u00ebs s\u00eb tyre atje, e q\u00eb k\u00ebto ballafaqime vin\u00eb, sa si produkt i dob\u00ebsis\u00eb p\u00ebr t\u00eb vepruar i klas\u00ebs politike shqiptare atje, e sa nga politikat e shp\u00ebrfaqura diskriminuese ndaj shqiptar\u00ebve nga ana e Podgoric\u00ebs zyrtare.<\/p>\n<p>Ajo q\u00eb shqet\u00ebson koh\u00ebve t\u00eb fundit \u00ebsht\u00eb periudha n\u00eb t\u00eb cil\u00ebn po kalon sidomos Programi shqip i Radio-Televizionit t\u00eb Malit t\u00eb Zi (RTCG). Duhet kujtuar se RTCG \u0451sht\u0451 medium shtet\u00ebror\u00eb, i cila nga viti 1998 filloi s\u00eb realizuari programe informative edhe n\u00eb gjuh\u00ebn shqipe n\u00eb Mal t\u00eb Zi. Kjo periudh\u00eb ishte kthes\u00eb pozitive e nj\u00eb fillim t\u00eb mbar\u00eb n\u00eb k\u00ebt\u00eb fush\u00eb. \u201cKompletimi me nj\u00eb staf t\u00eb gjer\u00eb i redaksis\u00eb s\u00eb Radios s\u00eb Malit t\u00eb Zi dhe formimi i Programit shqip t\u00eb televizionit shtet\u00ebror, n\u00eb qershor t\u00eb vitit \u201898, pastaj formimi i gazet\u00ebs s\u00eb p\u00ebrjavshme n\u00eb gjuh\u00ebn shqipe \u201cKoha javore\u201d dy vjet m\u00eb von\u00eb, u prit mir\u00eb nga komuniteti shqiptar dhe nj\u00ebkoh\u00ebsisht ishte sinjal pozitiv p\u00ebr t\u00eb ardhmen e tij.\u201d \u2013 vler\u00ebson gazetari i Programit n\u00eb Gjuh\u00ebn Shqipe i RTCG- s\u00eb, Musa Gjoka. \u201cK\u00ebto momente ishin shpres\u00ebdh\u00ebn\u00ebse p\u00ebr nj\u00eb qasje t\u00eb re t\u00eb institucioneve shtet\u00ebrore n\u00eb realizimin e nj\u00eb t\u00eb drejte t\u00eb popullat\u00ebs shqiptare, t\u00eb drejt\u00ebs n\u00eb informim.\u201d \u2013 p\u00ebrfundon ai n\u00eb nj\u00eb tekst autorial n\u00eb t\u00eb p\u00ebrjavshmen shqiptare n\u00eb Mal t\u00eb Zi, \u201cKoha Javore\u201d.<\/p>\n<p>Emisioni disa minut\u0451sh i quajtur \u201cMozaiku\u201d, ipet nj\u0451 her\u0451 n\u0451 jav\u0451. Ky emision kishte nj\u00eb shtrirje kohore 60 minuta, ku n\u00eb fillim quhej \u201cMozaiku 60\u201d, por pas nj\u00eb kohe filloi shkurtimi i tij nj\u00ebher\u00eb n\u00eb 40, mandej 35 e k\u00ebshtu me radh\u00eb, meqrast edhe pjes\u00ebza \u201c60\u201d iu hoq. Arsyeja t\u0451 cil\u0451n e japin nga RTV Mali i Zi, p\u0451r k\u0451t\u0451 shkurtim, \u0451sht\u0451 ajo financiare. E q\u00eb \u00ebsht\u00eb e \u00e7uditshme t\u0451 shkurtohet bash ajo pjes\u0451 ku i dedikohet pakic\u0451s shqiptare n\u0451 Mal t\u0451 Zi.<\/p>\n<p>Si qershi n\u00eb tort\u00eb diskriminimit t\u00eb k\u00ebtij emisioni i b\u00ebhet nd\u00ebrrimi i shum\u00eb hersh\u00ebm i koh\u00ebs s\u00eb transmetimit. I \u00e7do ditsh\u00ebm \u0451sht\u0451 emisioni i lajmeve n\u0451 gjuh\u00ebn shqipe. Koh\u0451zgjatja e t\u00eb cilit ishte 15 minuta, nd\u00ebrsa tani \u00ebsht\u00eb 10 minuta.<\/p>\n<p>Publicisti Nail Draga k\u00ebt\u00eb diskriminim q\u00eb po i b\u00ebhet Programit shqip t\u00eb Radio- Televizionit t\u00eb Malit t\u00eb Zi e konsideron t\u00eb pa merituar. \u201cShqiptar\u00ebt nuk e votuan pavar\u00ebsin\u00eb e Malit t\u00eb Zi n\u00eb k\u00ebt\u00eb form\u00eb e p\u00ebrmbajtje q\u00eb po sillet pushteti ndaj shqiptar\u00ebve.\u201d \u2013 vler\u00ebson Draga. \u201cRedaktor, gjoja i programit t\u00eb pakicave (lexo) n\u00eb gjuh\u00ebn shqipe, \u00ebsht\u00eb malazias q\u00eb nuk e din asnj\u00eb fjal\u00eb n\u00eb gjuh\u00ebn shqipe. A thua se nuk ka pasur shqiptar? Edhe k\u00ebsaj i thon\u00eb barazi qytetare e nacionale n\u00eb stilin malazez.\u201d \u2013 konkludon ai, p\u00ebr t\u00eb vazhduar se gazetar\u00ebt shqiptar i kan\u00eb larguar disa si teprica teknologjike, por nga k\u00ebta nuk kemi ndonj\u00eb reagim, p\u00ebrve\u00e7 s\u00eb fundi t\u00eb gazetarit Musa Gjoka.<\/p>\n<p>Spektri politik shqiptar n\u00eb Mal t\u00eb Zi \u00ebsht\u00eb i obliguar q\u00eb z\u00ebsh\u00ebm t\u00eb reagoj\u00eb n\u00eb koh\u00ebn kur tentohet t\u00eb vendoset me metoda t\u00eb sofistikuara \u201cdemokratike\u201d terr informativ nga Radio-Televizioni i Malit t\u00eb Zi n\u00eb raport me shqiptar\u00ebt. \u201cP\u00ebr fat t\u00eb keq spektri politik shqiptar n\u00eb Mal t\u00eb Zi \u00ebsht\u00eb n\u00eb pozit\u00ebn m\u00eb t\u00eb keqe prej fillimit t\u00eb pluralizmit, k\u00ebt\u00eb e d\u00ebshmon p\u00ebrfaq\u00ebsimi shum\u00eb i dob\u00ebt n\u00eb Kuvendin e Malit t\u00eb Zi dhe n\u00eb Qeveri. Prandaj edhe fuqia e tyre p\u00ebr t\u00eb b\u00ebr\u00eb trysni, n\u00eb drejtim t\u00eb p\u00ebrmir\u00ebsimi t\u00eb pozit\u00ebs s\u00eb Programit n\u00eb Gjuh\u00ebn shqipe n\u00eb RTCG \u00ebsht\u00eb e vog\u00ebl.\u201d \u2013 komenton gazetari Musa Gjoka. Duhet p\u00ebrkujtuar se n\u00eb Marr\u00ebveshjen p\u00ebr formimin e koalicionit figuron edhe aneksi p\u00ebr p\u00ebrmir\u00ebsimin e pozit\u00ebs s\u00eb medies n\u00eb gjuh\u00ebn shqipe. Marr\u00ebveshja edhe pse e n\u00ebnshkruar n\u00eb fund t\u00eb viti t\u00eb kaluar ende nuk ka filluar t\u00eb jet\u00ebsohet.<\/p>\n<p>Republika e Malit t\u00eb Zi dhe kryeministri i saj, jan\u00eb shprehur p\u00ebr qasje evropiane ndaj t\u00eb drejtave t\u00eb komuniteteve n\u00eb k\u00ebt\u00eb shtet, por kjo nuk po duket n\u00eb horizont. P\u00ebrderisa shp\u00ebrfaq\u00ebn veprime t\u00eb atilla q\u00eb e marxhinalizojn\u00eb median n\u00eb gjuh\u00ebn shqipe, e garantuar me \u00e7do dokument komb\u00ebtar e nd\u00ebrkomb\u00ebtar si e drejt n\u00eb informim, nuk mund t\u00eb mendojm\u00eb p\u00ebr nj\u00eb shtet i cili pretendon standardet evropiane.<\/p>\n","protected":false},"excerpt":{"rendered":"<p>Nga Albinot MALOKU Kryeministri i Malit t\u00eb Zi, Millo Gjukanoviq n\u00eb nj\u00eb intervist\u00eb t\u00eb para disa kohe tek \u201cBugajski Hour\u201d pati th\u00ebn\u00eb se \u201cHarmonia multi-etnike dhe stabiliteti n\u00eb Mal t\u00eb Zi nuk u vun\u00eb asnj\u00ebher\u00eb n\u00eb dyshim\u201d. P\u00ebr t\u00eb vazhduar se me kujdes jemi duke shiquar n\u00eb zgjidhjen e problemeve q\u00eb mund t\u00eb ken\u00eb pakicat, [&hellip;]<\/p>\n","protected":false},"author":1,"featured_media":0,"comment_status":"closed","ping_status":"closed","sticky":false,"template":"","format":"standard","meta":{"spay_email":"","jetpack_publicize_message":"","jetpack_is_tweetstorm":false,"jetpack_publicize_feature_enabled":true},"categories":[6],"tags":[],"jetpack_publicize_connections":[],"yoast_head":"<!-- This site is optimized with the Yoast SEO plugin v19.1 - https:\/\/yoast.com\/wordpress\/plugins\/seo\/ -->\n<title>Maloku: RTCG diskriminon shqiptar\u00ebt - Lajme nga Ulqini<\/title>\n<meta name=\"description\" content=\"Nga Albinot MALOKU Kryeministri i Malit t\u00eb Zi, Millo Gjukanoviq n\u00eb nj\u00eb intervist\u00eb t\u00eb para disa kohe tek \u201cBugajski Hour\u201d pati th\u00ebn\u00eb se \u201cHarmonia\" \/>\n<meta name=\"robots\" content=\"index, follow, max-snippet:-1, max-image-preview:large, max-video-preview:-1\" \/>\n<link rel=\"canonical\" href=\"https:\/\/www.visit-ulcinj.com\/blog\/2013\/06\/27\/maloku-rtcg-diskriminon-shqiptaret\/\" \/>\n<meta property=\"og:locale\" content=\"en_US\" \/>\n<meta property=\"og:type\" content=\"article\" \/>\n<meta property=\"og:title\" content=\"Maloku: RTCG diskriminon shqiptar\u00ebt - Lajme nga Ulqini\" \/>\n<meta property=\"og:description\" content=\"Nga Albinot MALOKU Kryeministri i Malit t\u00eb Zi, Millo Gjukanoviq n\u00eb nj\u00eb intervist\u00eb t\u00eb para disa kohe tek \u201cBugajski Hour\u201d pati th\u00ebn\u00eb se \u201cHarmonia\" \/>\n<meta property=\"og:url\" content=\"https:\/\/www.visit-ulcinj.com\/blog\/2013\/06\/27\/maloku-rtcg-diskriminon-shqiptaret\/\" \/>\n<meta property=\"og:site_name\" content=\"Lajme nga Ulqini\" \/>\n<meta property=\"article:published_time\" content=\"2013-06-27T14:19:33+00:00\" \/>\n<meta property=\"article:modified_time\" content=\"2013-06-27T14:20:19+00:00\" \/>\n<meta property=\"og:image\" content=\"http:\/\/www.visit-ulcinj.com\/blog\/wp-content\/uploads\/2013\/06\/Albinot-Maloku-analist-politik.png\" \/>\n<meta name=\"twitter:label1\" content=\"Written by\" \/>\n\t<meta name=\"twitter:data1\" content=\"ulqini\" \/>\n\t<meta name=\"twitter:label2\" content=\"Est. reading time\" \/>\n\t<meta name=\"twitter:data2\" content=\"4 minutes\" \/>\n<script type=\"application\/ld+json\" class=\"yoast-schema-graph\">{\"@context\":\"https:\/\/schema.org\",\"@graph\":[{\"@type\":\"WebSite\",\"@id\":\"https:\/\/www.visit-ulcinj.com\/blog\/#website\",\"url\":\"https:\/\/www.visit-ulcinj.com\/blog\/\",\"name\":\"Lajme nga Ulqini\",\"description\":\"Lajme,Vijesti,Ulqini,Ulqin,Crna Gora,Mali i Zi\",\"potentialAction\":[{\"@type\":\"SearchAction\",\"target\":{\"@type\":\"EntryPoint\",\"urlTemplate\":\"https:\/\/www.visit-ulcinj.com\/blog\/?s={search_term_string}\"},\"query-input\":\"required name=search_term_string\"}],\"inLanguage\":\"en-US\"},{\"@type\":\"ImageObject\",\"inLanguage\":\"en-US\",\"@id\":\"https:\/\/www.visit-ulcinj.com\/blog\/2013\/06\/27\/maloku-rtcg-diskriminon-shqiptaret\/#primaryimage\",\"url\":\"https:\/\/www.visit-ulcinj.com\/blog\/wp-content\/uploads\/2013\/06\/Albinot-Maloku-analist-politik.png\",\"contentUrl\":\"https:\/\/www.visit-ulcinj.com\/blog\/wp-content\/uploads\/2013\/06\/Albinot-Maloku-analist-politik.png\",\"width\":1000,\"height\":288},{\"@type\":\"WebPage\",\"@id\":\"https:\/\/www.visit-ulcinj.com\/blog\/2013\/06\/27\/maloku-rtcg-diskriminon-shqiptaret\/#webpage\",\"url\":\"https:\/\/www.visit-ulcinj.com\/blog\/2013\/06\/27\/maloku-rtcg-diskriminon-shqiptaret\/\",\"name\":\"Maloku: RTCG diskriminon shqiptar\u00ebt - Lajme nga Ulqini\",\"isPartOf\":{\"@id\":\"https:\/\/www.visit-ulcinj.com\/blog\/#website\"},\"primaryImageOfPage\":{\"@id\":\"https:\/\/www.visit-ulcinj.com\/blog\/2013\/06\/27\/maloku-rtcg-diskriminon-shqiptaret\/#primaryimage\"},\"datePublished\":\"2013-06-27T14:19:33+00:00\",\"dateModified\":\"2013-06-27T14:20:19+00:00\",\"author\":{\"@id\":\"https:\/\/www.visit-ulcinj.com\/blog\/#\/schema\/person\/dcab619c614d3038751c63bc2aadc06d\"},\"description\":\"Nga Albinot MALOKU Kryeministri i Malit t\u00eb Zi, Millo Gjukanoviq n\u00eb nj\u00eb intervist\u00eb t\u00eb para disa kohe tek \u201cBugajski Hour\u201d pati th\u00ebn\u00eb se \u201cHarmonia\",\"breadcrumb\":{\"@id\":\"https:\/\/www.visit-ulcinj.com\/blog\/2013\/06\/27\/maloku-rtcg-diskriminon-shqiptaret\/#breadcrumb\"},\"inLanguage\":\"en-US\",\"potentialAction\":[{\"@type\":\"ReadAction\",\"target\":[\"https:\/\/www.visit-ulcinj.com\/blog\/2013\/06\/27\/maloku-rtcg-diskriminon-shqiptaret\/\"]}]},{\"@type\":\"BreadcrumbList\",\"@id\":\"https:\/\/www.visit-ulcinj.com\/blog\/2013\/06\/27\/maloku-rtcg-diskriminon-shqiptaret\/#breadcrumb\",\"itemListElement\":[{\"@type\":\"ListItem\",\"position\":1,\"name\":\"Maloku: RTCG diskriminon shqiptar\u00ebt\"}]},{\"@type\":\"Person\",\"@id\":\"https:\/\/www.visit-ulcinj.com\/blog\/#\/schema\/person\/dcab619c614d3038751c63bc2aadc06d\",\"name\":\"ulqini\",\"sameAs\":[\"http:\/\/www.visit-ulcinj.com\"],\"url\":\"https:\/\/www.visit-ulcinj.com\/blog\/author\/admin\/\"}]}<\/script>\n<!-- \/ Yoast SEO plugin. -->","yoast_head_json":{"title":"Maloku: RTCG diskriminon shqiptar\u00ebt - Lajme nga Ulqini","description":"Nga Albinot MALOKU Kryeministri i Malit t\u00eb Zi, Millo Gjukanoviq n\u00eb nj\u00eb intervist\u00eb t\u00eb para disa kohe tek \u201cBugajski Hour\u201d pati th\u00ebn\u00eb se \u201cHarmonia","robots":{"index":"index","follow":"follow","max-snippet":"max-snippet:-1","max-image-preview":"max-image-preview:large","max-video-preview":"max-video-preview:-1"},"canonical":"https:\/\/www.visit-ulcinj.com\/blog\/2013\/06\/27\/maloku-rtcg-diskriminon-shqiptaret\/","og_locale":"en_US","og_type":"article","og_title":"Maloku: RTCG diskriminon shqiptar\u00ebt - Lajme nga Ulqini","og_description":"Nga Albinot MALOKU Kryeministri i Malit t\u00eb Zi, Millo Gjukanoviq n\u00eb nj\u00eb intervist\u00eb t\u00eb para disa kohe tek \u201cBugajski Hour\u201d pati th\u00ebn\u00eb se \u201cHarmonia","og_url":"https:\/\/www.visit-ulcinj.com\/blog\/2013\/06\/27\/maloku-rtcg-diskriminon-shqiptaret\/","og_site_name":"Lajme nga Ulqini","article_published_time":"2013-06-27T14:19:33+00:00","article_modified_time":"2013-06-27T14:20:19+00:00","og_image":[{"url":"http:\/\/www.visit-ulcinj.com\/blog\/wp-content\/uploads\/2013\/06\/Albinot-Maloku-analist-politik.png"}],"twitter_misc":{"Written by":"ulqini","Est. reading time":"4 minutes"},"schema":{"@context":"https:\/\/schema.org","@graph":[{"@type":"WebSite","@id":"https:\/\/www.visit-ulcinj.com\/blog\/#website","url":"https:\/\/www.visit-ulcinj.com\/blog\/","name":"Lajme nga Ulqini","description":"Lajme,Vijesti,Ulqini,Ulqin,Crna Gora,Mali i Zi","potentialAction":[{"@type":"SearchAction","target":{"@type":"EntryPoint","urlTemplate":"https:\/\/www.visit-ulcinj.com\/blog\/?s={search_term_string}"},"query-input":"required name=search_term_string"}],"inLanguage":"en-US"},{"@type":"ImageObject","inLanguage":"en-US","@id":"https:\/\/www.visit-ulcinj.com\/blog\/2013\/06\/27\/maloku-rtcg-diskriminon-shqiptaret\/#primaryimage","url":"https:\/\/www.visit-ulcinj.com\/blog\/wp-content\/uploads\/2013\/06\/Albinot-Maloku-analist-politik.png","contentUrl":"https:\/\/www.visit-ulcinj.com\/blog\/wp-content\/uploads\/2013\/06\/Albinot-Maloku-analist-politik.png","width":1000,"height":288},{"@type":"WebPage","@id":"https:\/\/www.visit-ulcinj.com\/blog\/2013\/06\/27\/maloku-rtcg-diskriminon-shqiptaret\/#webpage","url":"https:\/\/www.visit-ulcinj.com\/blog\/2013\/06\/27\/maloku-rtcg-diskriminon-shqiptaret\/","name":"Maloku: RTCG diskriminon shqiptar\u00ebt - Lajme nga Ulqini","isPartOf":{"@id":"https:\/\/www.visit-ulcinj.com\/blog\/#website"},"primaryImageOfPage":{"@id":"https:\/\/www.visit-ulcinj.com\/blog\/2013\/06\/27\/maloku-rtcg-diskriminon-shqiptaret\/#primaryimage"},"datePublished":"2013-06-27T14:19:33+00:00","dateModified":"2013-06-27T14:20:19+00:00","author":{"@id":"https:\/\/www.visit-ulcinj.com\/blog\/#\/schema\/person\/dcab619c614d3038751c63bc2aadc06d"},"description":"Nga Albinot MALOKU Kryeministri i Malit t\u00eb Zi, Millo Gjukanoviq n\u00eb nj\u00eb intervist\u00eb t\u00eb para disa kohe tek \u201cBugajski Hour\u201d pati th\u00ebn\u00eb se \u201cHarmonia","breadcrumb":{"@id":"https:\/\/www.visit-ulcinj.com\/blog\/2013\/06\/27\/maloku-rtcg-diskriminon-shqiptaret\/#breadcrumb"},"inLanguage":"en-US","potentialAction":[{"@type":"ReadAction","target":["https:\/\/www.visit-ulcinj.com\/blog\/2013\/06\/27\/maloku-rtcg-diskriminon-shqiptaret\/"]}]},{"@type":"BreadcrumbList","@id":"https:\/\/www.visit-ulcinj.com\/blog\/2013\/06\/27\/maloku-rtcg-diskriminon-shqiptaret\/#breadcrumb","itemListElement":[{"@type":"ListItem","position":1,"name":"Maloku: RTCG diskriminon shqiptar\u00ebt"}]},{"@type":"Person","@id":"https:\/\/www.visit-ulcinj.com\/blog\/#\/schema\/person\/dcab619c614d3038751c63bc2aadc06d","name":"ulqini","sameAs":["http:\/\/www.visit-ulcinj.com"],"url":"https:\/\/www.visit-ulcinj.com\/blog\/author\/admin\/"}]}},"jetpack_featured_media_url":"","jetpack_sharing_enabled":true,"jetpack_shortlink":"https:\/\/wp.me\/pe6lTn-iUG","_links":{"self":[{"href":"https:\/\/www.visit-ulcinj.com\/blog\/wp-json\/wp\/v2\/posts\/72706"}],"collection":[{"href":"https:\/\/www.visit-ulcinj.com\/blog\/wp-json\/wp\/v2\/posts"}],"about":[{"href":"https:\/\/www.visit-ulcinj.com\/blog\/wp-json\/wp\/v2\/types\/post"}],"author":[{"embeddable":true,"href":"https:\/\/www.visit-ulcinj.com\/blog\/wp-json\/wp\/v2\/users\/1"}],"replies":[{"embeddable":true,"href":"https:\/\/www.visit-ulcinj.com\/blog\/wp-json\/wp\/v2\/comments?post=72706"}],"version-history":[{"count":2,"href":"https:\/\/www.visit-ulcinj.com\/blog\/wp-json\/wp\/v2\/posts\/72706\/revisions"}],"predecessor-version":[{"id":72709,"href":"https:\/\/www.visit-ulcinj.com\/blog\/wp-json\/wp\/v2\/posts\/72706\/revisions\/72709"}],"wp:attachment":[{"href":"https:\/\/www.visit-ulcinj.com\/blog\/wp-json\/wp\/v2\/media?parent=72706"}],"wp:term":[{"taxonomy":"category","embeddable":true,"href":"https:\/\/www.visit-ulcinj.com\/blog\/wp-json\/wp\/v2\/categories?post=72706"},{"taxonomy":"post_tag","embeddable":true,"href":"https:\/\/www.visit-ulcinj.com\/blog\/wp-json\/wp\/v2\/tags?post=72706"}],"curies":[{"name":"wp","href":"https:\/\/api.w.org\/{rel}","templated":true}]}}