{"id":72710,"date":"2013-06-27T17:39:57","date_gmt":"2013-06-27T16:39:57","guid":{"rendered":"http:\/\/www.visit-ulcinj.com\/blog\/?p=72710"},"modified":"2013-06-27T22:58:29","modified_gmt":"2013-06-27T21:58:29","slug":"vandalistet-demtojne-kacemen-e-ulqinit","status":"publish","type":"post","link":"https:\/\/www.visit-ulcinj.com\/blog\/2013\/06\/27\/vandalistet-demtojne-kacemen-e-ulqinit\/","title":{"rendered":"Vandalist\u00ebt d\u00ebmtojn\u00eb Kacemen e Ulqinit"},"content":{"rendered":"<p><a href=\"http:\/\/www.visit-ulcinj.com\/blog\/wp-content\/uploads\/2013\/06\/Vandalistet-demtojn-Kacemen-e-Ulqinit.jpg\"><img loading=\"lazy\" class=\"alignleft  wp-image-72711\" alt=\"Vandalistet demtojn Kacemen e Ulqinit\" src=\"http:\/\/www.visit-ulcinj.com\/blog\/wp-content\/uploads\/2013\/06\/Vandalistet-demtojn-Kacemen-e-Ulqinit.jpg\" width=\"508\" height=\"360\" \/><\/a>Pas denoncimeve t\u00eb shumta nga qytetar\u00eb t\u00eb cil\u00ebt ia don\u00eb t\u00eb mir\u00ebn qytetit dhe pas ndjekjes s\u00eb situat\u00ebs sidomos n\u00eb Kacemen e Ulqinit, Ismet Karamanaga vendosi t\u00eb b\u00ebj\u00eb publike Fotografiat dhe tentativat e vandalist\u00ebve t\u00eb cil\u00ebt nuk dihen motivet q\u00eb d\u00ebmtojn\u00eb materjalin n\u00eb rrug\u00ebn dhe pushimoren e Kacemes.<br \/>\n<a href=\"http:\/\/www.visit-ulcinj.com\/blog\/wp-content\/uploads\/2013\/06\/Vandalistet-demtojn-Kacemen-e-Ulqinit-3.jpg\"><img loading=\"lazy\" class=\"alignleft  wp-image-72712\" alt=\"Vandalistet demtojn Kacemen e Ulqinit-3\" src=\"http:\/\/www.visit-ulcinj.com\/blog\/wp-content\/uploads\/2013\/06\/Vandalistet-demtojn-Kacemen-e-Ulqinit-3.jpg\" width=\"508\" height=\"360\" \/><\/a><\/p>\n<p>B\u00ebjm\u00eb apel deri te t\u00eb gjith\u00eb qytetar\u00ebt q\u00eb n\u00ebse v\u00ebrejn\u00eb se dikush shkakton \u00e7far\u00ebdo d\u00ebmi n\u00eb rrug\u00ebt publike apo t\u00eb mirat tjera materiale, menj\u00ebher\u00eb t\u00eb lajm\u00ebroj\u00eb organet e rendit dhe personat kompetent n\u00eb Komun\u00ebn e Ulqinit q\u00eb sa m\u00eb shpejt\u00eb t\u00eb kapen keqb\u00ebr\u00ebsit dhe t\u00eb marrin d\u00ebnimin e merituar.<\/p>\n<p><a href=\"http:\/\/www.visit-ulcinj.com\/blog\/wp-content\/uploads\/2013\/06\/Vandalistet-demtojn-Kacemen-e-Ulqinit-2.jpg\"><img loading=\"lazy\" class=\"alignleft  wp-image-72713\" alt=\"Vandalistet demtojn Kacemen e Ulqinit-2\" src=\"http:\/\/www.visit-ulcinj.com\/blog\/wp-content\/uploads\/2013\/06\/Vandalistet-demtojn-Kacemen-e-Ulqinit-2.jpg\" width=\"508\" height=\"360\" \/><\/a><br \/>\n<a href=\"http:\/\/www.visit-ulcinj.com\/blog\/wp-content\/uploads\/2013\/06\/Vandalistet-demtojn-Kacemen-e-Ulqinit-4.jpg\"><img loading=\"lazy\" src=\"http:\/\/www.visit-ulcinj.com\/blog\/wp-content\/uploads\/2013\/06\/Vandalistet-demtojn-Kacemen-e-Ulqinit-4.jpg\" alt=\"Vandalistet demtojn Kacemen e Ulqinit-4\" width=\"508\" height=\"360\" class=\"alignleft size-full wp-image-72714\" \/><\/a><br \/>\n&nbsp;<\/p>\n","protected":false},"excerpt":{"rendered":"<p>Pas denoncimeve t\u00eb shumta nga qytetar\u00eb t\u00eb cil\u00ebt ia don\u00eb t\u00eb mir\u00ebn qytetit dhe pas ndjekjes s\u00eb situat\u00ebs sidomos n\u00eb Kacemen e Ulqinit, Ismet Karamanaga vendosi t\u00eb b\u00ebj\u00eb publike Fotografiat dhe tentativat e vandalist\u00ebve t\u00eb cil\u00ebt nuk dihen motivet q\u00eb d\u00ebmtojn\u00eb materjalin n\u00eb rrug\u00ebn dhe pushimoren e Kacemes. B\u00ebjm\u00eb apel deri te t\u00eb gjith\u00eb qytetar\u00ebt [&hellip;]<\/p>\n","protected":false},"author":1,"featured_media":0,"comment_status":"closed","ping_status":"closed","sticky":false,"template":"","format":"standard","meta":{"spay_email":"","jetpack_publicize_message":"","jetpack_is_tweetstorm":false,"jetpack_publicize_feature_enabled":true},"categories":[13],"tags":[],"jetpack_publicize_connections":[],"yoast_head":"<!-- This site is optimized with the Yoast SEO plugin v19.1 - https:\/\/yoast.com\/wordpress\/plugins\/seo\/ -->\n<title>Vandalist\u00ebt d\u00ebmtojn\u00eb Kacemen e Ulqinit - Lajme nga Ulqini<\/title>\n<meta name=\"description\" content=\"Pas denoncimeve t\u00eb shumta nga qytetar\u00eb t\u00eb cil\u00ebt ia don\u00eb t\u00eb mir\u00ebn qytetit dhe pas ndjekjes s\u00eb situat\u00ebs sidomos n\u00eb Kacemen e Ulqinit, Ismet Karamanaga\" \/>\n<meta name=\"robots\" content=\"index, follow, max-snippet:-1, max-image-preview:large, max-video-preview:-1\" \/>\n<link rel=\"canonical\" href=\"https:\/\/www.visit-ulcinj.com\/blog\/2013\/06\/27\/vandalistet-demtojne-kacemen-e-ulqinit\/\" \/>\n<meta property=\"og:locale\" content=\"en_US\" \/>\n<meta property=\"og:type\" content=\"article\" \/>\n<meta property=\"og:title\" content=\"Vandalist\u00ebt d\u00ebmtojn\u00eb Kacemen e Ulqinit - Lajme nga Ulqini\" \/>\n<meta property=\"og:description\" content=\"Pas denoncimeve t\u00eb shumta nga qytetar\u00eb t\u00eb cil\u00ebt ia don\u00eb t\u00eb mir\u00ebn qytetit dhe pas ndjekjes s\u00eb situat\u00ebs sidomos n\u00eb Kacemen e Ulqinit, Ismet Karamanaga\" \/>\n<meta property=\"og:url\" content=\"https:\/\/www.visit-ulcinj.com\/blog\/2013\/06\/27\/vandalistet-demtojne-kacemen-e-ulqinit\/\" \/>\n<meta property=\"og:site_name\" content=\"Lajme nga Ulqini\" \/>\n<meta property=\"article:published_time\" content=\"2013-06-27T16:39:57+00:00\" \/>\n<meta property=\"article:modified_time\" content=\"2013-06-27T21:58:29+00:00\" \/>\n<meta property=\"og:image\" content=\"http:\/\/www.visit-ulcinj.com\/blog\/wp-content\/uploads\/2013\/06\/Vandalistet-demtojn-Kacemen-e-Ulqinit.jpg\" \/>\n<meta name=\"twitter:label1\" content=\"Written by\" \/>\n\t<meta name=\"twitter:data1\" content=\"ulqini\" \/>\n\t<meta name=\"twitter:label2\" content=\"Est. reading time\" \/>\n\t<meta name=\"twitter:data2\" content=\"1 minute\" \/>\n<script type=\"application\/ld+json\" class=\"yoast-schema-graph\">{\"@context\":\"https:\/\/schema.org\",\"@graph\":[{\"@type\":\"WebSite\",\"@id\":\"https:\/\/www.visit-ulcinj.com\/blog\/#website\",\"url\":\"https:\/\/www.visit-ulcinj.com\/blog\/\",\"name\":\"Lajme nga Ulqini\",\"description\":\"Lajme,Vijesti,Ulqini,Ulqin,Crna Gora,Mali i Zi\",\"potentialAction\":[{\"@type\":\"SearchAction\",\"target\":{\"@type\":\"EntryPoint\",\"urlTemplate\":\"https:\/\/www.visit-ulcinj.com\/blog\/?s={search_term_string}\"},\"query-input\":\"required name=search_term_string\"}],\"inLanguage\":\"en-US\"},{\"@type\":\"ImageObject\",\"inLanguage\":\"en-US\",\"@id\":\"https:\/\/www.visit-ulcinj.com\/blog\/2013\/06\/27\/vandalistet-demtojne-kacemen-e-ulqinit\/#primaryimage\",\"url\":\"https:\/\/www.visit-ulcinj.com\/blog\/wp-content\/uploads\/2013\/06\/Vandalistet-demtojn-Kacemen-e-Ulqinit.jpg\",\"contentUrl\":\"https:\/\/www.visit-ulcinj.com\/blog\/wp-content\/uploads\/2013\/06\/Vandalistet-demtojn-Kacemen-e-Ulqinit.jpg\",\"width\":960,\"height\":720},{\"@type\":\"WebPage\",\"@id\":\"https:\/\/www.visit-ulcinj.com\/blog\/2013\/06\/27\/vandalistet-demtojne-kacemen-e-ulqinit\/#webpage\",\"url\":\"https:\/\/www.visit-ulcinj.com\/blog\/2013\/06\/27\/vandalistet-demtojne-kacemen-e-ulqinit\/\",\"name\":\"Vandalist\u00ebt d\u00ebmtojn\u00eb Kacemen e Ulqinit - Lajme nga Ulqini\",\"isPartOf\":{\"@id\":\"https:\/\/www.visit-ulcinj.com\/blog\/#website\"},\"primaryImageOfPage\":{\"@id\":\"https:\/\/www.visit-ulcinj.com\/blog\/2013\/06\/27\/vandalistet-demtojne-kacemen-e-ulqinit\/#primaryimage\"},\"datePublished\":\"2013-06-27T16:39:57+00:00\",\"dateModified\":\"2013-06-27T21:58:29+00:00\",\"author\":{\"@id\":\"https:\/\/www.visit-ulcinj.com\/blog\/#\/schema\/person\/dcab619c614d3038751c63bc2aadc06d\"},\"description\":\"Pas denoncimeve t\u00eb shumta nga qytetar\u00eb t\u00eb cil\u00ebt ia don\u00eb t\u00eb mir\u00ebn qytetit dhe pas ndjekjes s\u00eb situat\u00ebs sidomos n\u00eb Kacemen e Ulqinit, Ismet Karamanaga\",\"breadcrumb\":{\"@id\":\"https:\/\/www.visit-ulcinj.com\/blog\/2013\/06\/27\/vandalistet-demtojne-kacemen-e-ulqinit\/#breadcrumb\"},\"inLanguage\":\"en-US\",\"potentialAction\":[{\"@type\":\"ReadAction\",\"target\":[\"https:\/\/www.visit-ulcinj.com\/blog\/2013\/06\/27\/vandalistet-demtojne-kacemen-e-ulqinit\/\"]}]},{\"@type\":\"BreadcrumbList\",\"@id\":\"https:\/\/www.visit-ulcinj.com\/blog\/2013\/06\/27\/vandalistet-demtojne-kacemen-e-ulqinit\/#breadcrumb\",\"itemListElement\":[{\"@type\":\"ListItem\",\"position\":1,\"name\":\"Vandalist\u00ebt d\u00ebmtojn\u00eb Kacemen e Ulqinit\"}]},{\"@type\":\"Person\",\"@id\":\"https:\/\/www.visit-ulcinj.com\/blog\/#\/schema\/person\/dcab619c614d3038751c63bc2aadc06d\",\"name\":\"ulqini\",\"sameAs\":[\"http:\/\/www.visit-ulcinj.com\"],\"url\":\"https:\/\/www.visit-ulcinj.com\/blog\/author\/admin\/\"}]}<\/script>\n<!-- \/ Yoast SEO plugin. -->","yoast_head_json":{"title":"Vandalist\u00ebt d\u00ebmtojn\u00eb Kacemen e Ulqinit - Lajme nga Ulqini","description":"Pas denoncimeve t\u00eb shumta nga qytetar\u00eb t\u00eb cil\u00ebt ia don\u00eb t\u00eb mir\u00ebn qytetit dhe pas ndjekjes s\u00eb situat\u00ebs sidomos n\u00eb Kacemen e Ulqinit, Ismet Karamanaga","robots":{"index":"index","follow":"follow","max-snippet":"max-snippet:-1","max-image-preview":"max-image-preview:large","max-video-preview":"max-video-preview:-1"},"canonical":"https:\/\/www.visit-ulcinj.com\/blog\/2013\/06\/27\/vandalistet-demtojne-kacemen-e-ulqinit\/","og_locale":"en_US","og_type":"article","og_title":"Vandalist\u00ebt d\u00ebmtojn\u00eb Kacemen e Ulqinit - Lajme nga Ulqini","og_description":"Pas denoncimeve t\u00eb shumta nga qytetar\u00eb t\u00eb cil\u00ebt ia don\u00eb t\u00eb mir\u00ebn qytetit dhe pas ndjekjes s\u00eb situat\u00ebs sidomos n\u00eb Kacemen e Ulqinit, Ismet Karamanaga","og_url":"https:\/\/www.visit-ulcinj.com\/blog\/2013\/06\/27\/vandalistet-demtojne-kacemen-e-ulqinit\/","og_site_name":"Lajme nga Ulqini","article_published_time":"2013-06-27T16:39:57+00:00","article_modified_time":"2013-06-27T21:58:29+00:00","og_image":[{"url":"http:\/\/www.visit-ulcinj.com\/blog\/wp-content\/uploads\/2013\/06\/Vandalistet-demtojn-Kacemen-e-Ulqinit.jpg"}],"twitter_misc":{"Written by":"ulqini","Est. reading time":"1 minute"},"schema":{"@context":"https:\/\/schema.org","@graph":[{"@type":"WebSite","@id":"https:\/\/www.visit-ulcinj.com\/blog\/#website","url":"https:\/\/www.visit-ulcinj.com\/blog\/","name":"Lajme nga Ulqini","description":"Lajme,Vijesti,Ulqini,Ulqin,Crna Gora,Mali i Zi","potentialAction":[{"@type":"SearchAction","target":{"@type":"EntryPoint","urlTemplate":"https:\/\/www.visit-ulcinj.com\/blog\/?s={search_term_string}"},"query-input":"required name=search_term_string"}],"inLanguage":"en-US"},{"@type":"ImageObject","inLanguage":"en-US","@id":"https:\/\/www.visit-ulcinj.com\/blog\/2013\/06\/27\/vandalistet-demtojne-kacemen-e-ulqinit\/#primaryimage","url":"https:\/\/www.visit-ulcinj.com\/blog\/wp-content\/uploads\/2013\/06\/Vandalistet-demtojn-Kacemen-e-Ulqinit.jpg","contentUrl":"https:\/\/www.visit-ulcinj.com\/blog\/wp-content\/uploads\/2013\/06\/Vandalistet-demtojn-Kacemen-e-Ulqinit.jpg","width":960,"height":720},{"@type":"WebPage","@id":"https:\/\/www.visit-ulcinj.com\/blog\/2013\/06\/27\/vandalistet-demtojne-kacemen-e-ulqinit\/#webpage","url":"https:\/\/www.visit-ulcinj.com\/blog\/2013\/06\/27\/vandalistet-demtojne-kacemen-e-ulqinit\/","name":"Vandalist\u00ebt d\u00ebmtojn\u00eb Kacemen e Ulqinit - Lajme nga Ulqini","isPartOf":{"@id":"https:\/\/www.visit-ulcinj.com\/blog\/#website"},"primaryImageOfPage":{"@id":"https:\/\/www.visit-ulcinj.com\/blog\/2013\/06\/27\/vandalistet-demtojne-kacemen-e-ulqinit\/#primaryimage"},"datePublished":"2013-06-27T16:39:57+00:00","dateModified":"2013-06-27T21:58:29+00:00","author":{"@id":"https:\/\/www.visit-ulcinj.com\/blog\/#\/schema\/person\/dcab619c614d3038751c63bc2aadc06d"},"description":"Pas denoncimeve t\u00eb shumta nga qytetar\u00eb t\u00eb cil\u00ebt ia don\u00eb t\u00eb mir\u00ebn qytetit dhe pas ndjekjes s\u00eb situat\u00ebs sidomos n\u00eb Kacemen e Ulqinit, Ismet Karamanaga","breadcrumb":{"@id":"https:\/\/www.visit-ulcinj.com\/blog\/2013\/06\/27\/vandalistet-demtojne-kacemen-e-ulqinit\/#breadcrumb"},"inLanguage":"en-US","potentialAction":[{"@type":"ReadAction","target":["https:\/\/www.visit-ulcinj.com\/blog\/2013\/06\/27\/vandalistet-demtojne-kacemen-e-ulqinit\/"]}]},{"@type":"BreadcrumbList","@id":"https:\/\/www.visit-ulcinj.com\/blog\/2013\/06\/27\/vandalistet-demtojne-kacemen-e-ulqinit\/#breadcrumb","itemListElement":[{"@type":"ListItem","position":1,"name":"Vandalist\u00ebt d\u00ebmtojn\u00eb Kacemen e Ulqinit"}]},{"@type":"Person","@id":"https:\/\/www.visit-ulcinj.com\/blog\/#\/schema\/person\/dcab619c614d3038751c63bc2aadc06d","name":"ulqini","sameAs":["http:\/\/www.visit-ulcinj.com"],"url":"https:\/\/www.visit-ulcinj.com\/blog\/author\/admin\/"}]}},"jetpack_featured_media_url":"","jetpack_sharing_enabled":true,"jetpack_shortlink":"https:\/\/wp.me\/pe6lTn-iUK","_links":{"self":[{"href":"https:\/\/www.visit-ulcinj.com\/blog\/wp-json\/wp\/v2\/posts\/72710"}],"collection":[{"href":"https:\/\/www.visit-ulcinj.com\/blog\/wp-json\/wp\/v2\/posts"}],"about":[{"href":"https:\/\/www.visit-ulcinj.com\/blog\/wp-json\/wp\/v2\/types\/post"}],"author":[{"embeddable":true,"href":"https:\/\/www.visit-ulcinj.com\/blog\/wp-json\/wp\/v2\/users\/1"}],"replies":[{"embeddable":true,"href":"https:\/\/www.visit-ulcinj.com\/blog\/wp-json\/wp\/v2\/comments?post=72710"}],"version-history":[{"count":2,"href":"https:\/\/www.visit-ulcinj.com\/blog\/wp-json\/wp\/v2\/posts\/72710\/revisions"}],"predecessor-version":[{"id":72730,"href":"https:\/\/www.visit-ulcinj.com\/blog\/wp-json\/wp\/v2\/posts\/72710\/revisions\/72730"}],"wp:attachment":[{"href":"https:\/\/www.visit-ulcinj.com\/blog\/wp-json\/wp\/v2\/media?parent=72710"}],"wp:term":[{"taxonomy":"category","embeddable":true,"href":"https:\/\/www.visit-ulcinj.com\/blog\/wp-json\/wp\/v2\/categories?post=72710"},{"taxonomy":"post_tag","embeddable":true,"href":"https:\/\/www.visit-ulcinj.com\/blog\/wp-json\/wp\/v2\/tags?post=72710"}],"curies":[{"name":"wp","href":"https:\/\/api.w.org\/{rel}","templated":true}]}}