{"id":72717,"date":"2013-06-27T17:52:05","date_gmt":"2013-06-27T16:52:05","guid":{"rendered":"http:\/\/www.visit-ulcinj.com\/blog\/?p=72717"},"modified":"2013-06-27T17:52:21","modified_gmt":"2013-06-27T16:52:21","slug":"edhe-krijuesit-shqiptare-te-jene-laureate-te-cmimeve-shteterore","status":"publish","type":"post","link":"https:\/\/www.visit-ulcinj.com\/blog\/2013\/06\/27\/edhe-krijuesit-shqiptare-te-jene-laureate-te-cmimeve-shteterore\/","title":{"rendered":"Edhe krijuesit shqiptar\u00eb t\u00eb jen\u00eb laureat\u00eb t\u00eb \u00e7mimeve shtet\u00ebrore"},"content":{"rendered":"<p><strong><a href=\"http:\/\/www.visit-ulcinj.com\/blog\/wp-content\/uploads\/2013\/06\/Laureat\u00eb-e-Cmimeve-shtetrore.jpg\"><img loading=\"lazy\" class=\"alignleft  wp-image-72718\" alt=\"Laureat\u00eb e Cmimeve shtetrore\" src=\"http:\/\/www.visit-ulcinj.com\/blog\/wp-content\/uploads\/2013\/06\/Laureat\u00eb-e-Cmimeve-shtetrore.jpg\" width=\"508\" height=\"360\" \/><\/a>Shkruan: Ibrahim Berjashi,shkrimtar dhe publicist<\/strong><\/p>\n<p>Ulqin,27 qershor- Si njeriu q\u00eb I ka v\u00ebn\u00eb themelet e let\u00ebrsis\u00eb dhe gazetaris\u00eb shqiptare n\u00eb Malin e Zi,p\u00ebrkrahi propozimin dhe arsyetimin e kryeparlamentarit malazias, Ranko Krivokapiq lidhur me Draftligjin mbi \u00e7mimet shtet\u00ebrore n\u00eb k\u00ebt\u00eb shtet.<br \/>\nPor, ky ligj ka shum\u00eb arsye ,q\u00eb t\u00eb definoj\u00eb edhe t\u00eb drejt\u00ebn e shqiptar\u00ebve (poet\u00ebve,shkrimtar\u00ebve,<wbr \/>publicist\u00ebve,kompozitor\u00ebve&#8230;)<wbr \/>,t\u00eb cil\u00ebt jetojn\u00eb edhe krijojn\u00eb n\u00eb Malin e Zi edhe jan\u00eb pjes\u00eb e mozaikut kulturor t\u00eb shoq\u00ebris\u00eb malazeze,por veprat e tyre jan\u00eb n\u00eb gjuh\u00ebn e k\u00ebtij etnitetit, at\u00eb shqipe, p\u00ebr t\u00eb qen\u00eb laureat\u00eb t\u00eb \u00e7mimeve prestigjoze shtet\u00ebrore t\u00eb Malit t\u00eb Zi.<br \/>\nK\u00ebrkesa dhe iniciativa t\u00eb k\u00ebsaj natyre jan\u00eb evidencuar edhe shtruar nga deputet\u00ebt shqiptar\u00eb q\u00eb n\u00eb mandatin e kaluar t\u00eb Kuvendit t\u00eb Malit t\u00eb Zi,n\u00eb Ministrin\u00eb mbi t\u00eb drejtat e njeriut dhe pakicave,n\u00eb Ministrin\u00eb e Kultur\u00ebs, n\u00eb Qendr\u00ebn e ruajtjes dhe zhvillimit t\u00eb kultur\u00ebs s\u00eb pakicave t\u00eb Malit t\u00eb Zi , n\u00eb K\u00ebshillin Nacional t\u00eb Shqiptar\u00ebve n\u00eb Malin e Zi,por nuk ka hasur n\u00eb p\u00ebrkrahje t\u00eb ligjven\u00ebsit as t\u00eb ekzekutivit shtet\u00ebror t\u00eb Malit t\u00eb Zi.<br \/>\nMeq\u00eb kryeparlamentari z. Krivokapiq ,si\u00e7 njoftojn\u00eb mediat e Podgoric\u00ebs,ka nd\u00ebrmarr\u00eb k\u00ebt\u00eb nism\u00eb,konsideroj se ky Ligj,me nj\u00eb nen t\u00eb posa\u00e7\u00ebm,duhet t u\u00a0 siguroj\u00eb t\u00eb drejt\u00ebn edhe krijuesve shqiptar\u00eb q\u00eb jetojn\u00eb e veprojn\u00eb n\u00eb Malin e Zi,t\u00eb drejt\u00ebn e pjes\u00ebmarrjes n\u00eb Juri,t\u00eb kandidmit,vler\u00ebsimit dhe t\u00eb nderimit me \u00e7mimet shtet\u00ebrore t\u00eb veprave t\u00eb krijuara n\u00eb gjuh\u00ebn e tyre amtare, shqipe.<\/p>\n<p>\u00cbsht\u00eb detyr\u00eb njer\u00ebzore,humanitare,kulturore dhe \u00a0nacionale e deputet\u00ebve shqiptar\u00eb t\u00eb shtrojn\u00eb dhe arsyetojn\u00eb n\u00eb Parlamentin shtet\u00ebror t\u00eb Malit t\u00eb Zi,arsyetimin e inkorporimit t\u00eb k\u00ebsaj t\u00eb drejte civilizuese t\u00eb frym\u00ebs s\u00eb integrimeve multietnike dhe multievroatlantike.<\/p>\n","protected":false},"excerpt":{"rendered":"<p>Shkruan: Ibrahim Berjashi,shkrimtar dhe publicist Ulqin,27 qershor- Si njeriu q\u00eb I ka v\u00ebn\u00eb themelet e let\u00ebrsis\u00eb dhe gazetaris\u00eb shqiptare n\u00eb Malin e Zi,p\u00ebrkrahi propozimin dhe arsyetimin e kryeparlamentarit malazias, Ranko Krivokapiq lidhur me Draftligjin mbi \u00e7mimet shtet\u00ebrore n\u00eb k\u00ebt\u00eb shtet. Por, ky ligj ka shum\u00eb arsye ,q\u00eb t\u00eb definoj\u00eb edhe t\u00eb drejt\u00ebn e shqiptar\u00ebve (poet\u00ebve,shkrimtar\u00ebve,publicist\u00ebve,kompozitor\u00ebve&#8230;),t\u00eb [&hellip;]<\/p>\n","protected":false},"author":1,"featured_media":0,"comment_status":"closed","ping_status":"closed","sticky":false,"template":"","format":"standard","meta":{"spay_email":"","jetpack_publicize_message":"","jetpack_is_tweetstorm":false,"jetpack_publicize_feature_enabled":true},"categories":[4],"tags":[],"jetpack_publicize_connections":[],"yoast_head":"<!-- This site is optimized with the Yoast SEO plugin v19.1 - https:\/\/yoast.com\/wordpress\/plugins\/seo\/ -->\n<title>Edhe krijuesit shqiptar\u00eb t\u00eb jen\u00eb laureat\u00eb t\u00eb \u00e7mimeve shtet\u00ebrore - Lajme nga Ulqini<\/title>\n<meta name=\"description\" content=\"Shkruan: Ibrahim Berjashi,shkrimtar dhe publicist Ulqin,27 qershor- Si njeriu q\u00eb I ka v\u00ebn\u00eb themelet e let\u00ebrsis\u00eb dhe gazetaris\u00eb shqiptare n\u00eb Malin e\" \/>\n<meta name=\"robots\" content=\"index, follow, max-snippet:-1, max-image-preview:large, max-video-preview:-1\" \/>\n<link rel=\"canonical\" href=\"https:\/\/www.visit-ulcinj.com\/blog\/2013\/06\/27\/edhe-krijuesit-shqiptare-te-jene-laureate-te-cmimeve-shteterore\/\" \/>\n<meta property=\"og:locale\" content=\"en_US\" \/>\n<meta property=\"og:type\" content=\"article\" \/>\n<meta property=\"og:title\" content=\"Edhe krijuesit shqiptar\u00eb t\u00eb jen\u00eb laureat\u00eb t\u00eb \u00e7mimeve shtet\u00ebrore - Lajme nga Ulqini\" \/>\n<meta property=\"og:description\" content=\"Shkruan: Ibrahim Berjashi,shkrimtar dhe publicist Ulqin,27 qershor- Si njeriu q\u00eb I ka v\u00ebn\u00eb themelet e let\u00ebrsis\u00eb dhe gazetaris\u00eb shqiptare n\u00eb Malin e\" \/>\n<meta property=\"og:url\" content=\"https:\/\/www.visit-ulcinj.com\/blog\/2013\/06\/27\/edhe-krijuesit-shqiptare-te-jene-laureate-te-cmimeve-shteterore\/\" \/>\n<meta property=\"og:site_name\" content=\"Lajme nga Ulqini\" \/>\n<meta property=\"article:published_time\" content=\"2013-06-27T16:52:05+00:00\" \/>\n<meta property=\"article:modified_time\" content=\"2013-06-27T16:52:21+00:00\" \/>\n<meta name=\"twitter:label1\" content=\"Written by\" \/>\n\t<meta name=\"twitter:data1\" content=\"ulqini\" \/>\n\t<meta name=\"twitter:label2\" content=\"Est. reading time\" \/>\n\t<meta name=\"twitter:data2\" content=\"2 minutes\" \/>\n<script type=\"application\/ld+json\" class=\"yoast-schema-graph\">{\"@context\":\"https:\/\/schema.org\",\"@graph\":[{\"@type\":\"WebSite\",\"@id\":\"https:\/\/www.visit-ulcinj.com\/blog\/#website\",\"url\":\"https:\/\/www.visit-ulcinj.com\/blog\/\",\"name\":\"Lajme nga Ulqini\",\"description\":\"Lajme,Vijesti,Ulqini,Ulqin,Crna Gora,Mali i Zi\",\"potentialAction\":[{\"@type\":\"SearchAction\",\"target\":{\"@type\":\"EntryPoint\",\"urlTemplate\":\"https:\/\/www.visit-ulcinj.com\/blog\/?s={search_term_string}\"},\"query-input\":\"required name=search_term_string\"}],\"inLanguage\":\"en-US\"},{\"@type\":\"WebPage\",\"@id\":\"https:\/\/www.visit-ulcinj.com\/blog\/2013\/06\/27\/edhe-krijuesit-shqiptare-te-jene-laureate-te-cmimeve-shteterore\/#webpage\",\"url\":\"https:\/\/www.visit-ulcinj.com\/blog\/2013\/06\/27\/edhe-krijuesit-shqiptare-te-jene-laureate-te-cmimeve-shteterore\/\",\"name\":\"Edhe krijuesit shqiptar\u00eb t\u00eb jen\u00eb laureat\u00eb t\u00eb \u00e7mimeve shtet\u00ebrore - Lajme nga Ulqini\",\"isPartOf\":{\"@id\":\"https:\/\/www.visit-ulcinj.com\/blog\/#website\"},\"datePublished\":\"2013-06-27T16:52:05+00:00\",\"dateModified\":\"2013-06-27T16:52:21+00:00\",\"author\":{\"@id\":\"https:\/\/www.visit-ulcinj.com\/blog\/#\/schema\/person\/dcab619c614d3038751c63bc2aadc06d\"},\"description\":\"Shkruan: Ibrahim Berjashi,shkrimtar dhe publicist Ulqin,27 qershor- Si njeriu q\u00eb I ka v\u00ebn\u00eb themelet e let\u00ebrsis\u00eb dhe gazetaris\u00eb shqiptare n\u00eb Malin e\",\"breadcrumb\":{\"@id\":\"https:\/\/www.visit-ulcinj.com\/blog\/2013\/06\/27\/edhe-krijuesit-shqiptare-te-jene-laureate-te-cmimeve-shteterore\/#breadcrumb\"},\"inLanguage\":\"en-US\",\"potentialAction\":[{\"@type\":\"ReadAction\",\"target\":[\"https:\/\/www.visit-ulcinj.com\/blog\/2013\/06\/27\/edhe-krijuesit-shqiptare-te-jene-laureate-te-cmimeve-shteterore\/\"]}]},{\"@type\":\"BreadcrumbList\",\"@id\":\"https:\/\/www.visit-ulcinj.com\/blog\/2013\/06\/27\/edhe-krijuesit-shqiptare-te-jene-laureate-te-cmimeve-shteterore\/#breadcrumb\",\"itemListElement\":[{\"@type\":\"ListItem\",\"position\":1,\"name\":\"Edhe krijuesit shqiptar\u00eb t\u00eb jen\u00eb laureat\u00eb t\u00eb \u00e7mimeve shtet\u00ebrore\"}]},{\"@type\":\"Person\",\"@id\":\"https:\/\/www.visit-ulcinj.com\/blog\/#\/schema\/person\/dcab619c614d3038751c63bc2aadc06d\",\"name\":\"ulqini\",\"sameAs\":[\"http:\/\/www.visit-ulcinj.com\"],\"url\":\"https:\/\/www.visit-ulcinj.com\/blog\/author\/admin\/\"}]}<\/script>\n<!-- \/ Yoast SEO plugin. -->","yoast_head_json":{"title":"Edhe krijuesit shqiptar\u00eb t\u00eb jen\u00eb laureat\u00eb t\u00eb \u00e7mimeve shtet\u00ebrore - Lajme nga Ulqini","description":"Shkruan: Ibrahim Berjashi,shkrimtar dhe publicist Ulqin,27 qershor- Si njeriu q\u00eb I ka v\u00ebn\u00eb themelet e let\u00ebrsis\u00eb dhe gazetaris\u00eb shqiptare n\u00eb Malin e","robots":{"index":"index","follow":"follow","max-snippet":"max-snippet:-1","max-image-preview":"max-image-preview:large","max-video-preview":"max-video-preview:-1"},"canonical":"https:\/\/www.visit-ulcinj.com\/blog\/2013\/06\/27\/edhe-krijuesit-shqiptare-te-jene-laureate-te-cmimeve-shteterore\/","og_locale":"en_US","og_type":"article","og_title":"Edhe krijuesit shqiptar\u00eb t\u00eb jen\u00eb laureat\u00eb t\u00eb \u00e7mimeve shtet\u00ebrore - Lajme nga Ulqini","og_description":"Shkruan: Ibrahim Berjashi,shkrimtar dhe publicist Ulqin,27 qershor- Si njeriu q\u00eb I ka v\u00ebn\u00eb themelet e let\u00ebrsis\u00eb dhe gazetaris\u00eb shqiptare n\u00eb Malin e","og_url":"https:\/\/www.visit-ulcinj.com\/blog\/2013\/06\/27\/edhe-krijuesit-shqiptare-te-jene-laureate-te-cmimeve-shteterore\/","og_site_name":"Lajme nga Ulqini","article_published_time":"2013-06-27T16:52:05+00:00","article_modified_time":"2013-06-27T16:52:21+00:00","twitter_misc":{"Written by":"ulqini","Est. reading time":"2 minutes"},"schema":{"@context":"https:\/\/schema.org","@graph":[{"@type":"WebSite","@id":"https:\/\/www.visit-ulcinj.com\/blog\/#website","url":"https:\/\/www.visit-ulcinj.com\/blog\/","name":"Lajme nga Ulqini","description":"Lajme,Vijesti,Ulqini,Ulqin,Crna Gora,Mali i Zi","potentialAction":[{"@type":"SearchAction","target":{"@type":"EntryPoint","urlTemplate":"https:\/\/www.visit-ulcinj.com\/blog\/?s={search_term_string}"},"query-input":"required name=search_term_string"}],"inLanguage":"en-US"},{"@type":"WebPage","@id":"https:\/\/www.visit-ulcinj.com\/blog\/2013\/06\/27\/edhe-krijuesit-shqiptare-te-jene-laureate-te-cmimeve-shteterore\/#webpage","url":"https:\/\/www.visit-ulcinj.com\/blog\/2013\/06\/27\/edhe-krijuesit-shqiptare-te-jene-laureate-te-cmimeve-shteterore\/","name":"Edhe krijuesit shqiptar\u00eb t\u00eb jen\u00eb laureat\u00eb t\u00eb \u00e7mimeve shtet\u00ebrore - Lajme nga Ulqini","isPartOf":{"@id":"https:\/\/www.visit-ulcinj.com\/blog\/#website"},"datePublished":"2013-06-27T16:52:05+00:00","dateModified":"2013-06-27T16:52:21+00:00","author":{"@id":"https:\/\/www.visit-ulcinj.com\/blog\/#\/schema\/person\/dcab619c614d3038751c63bc2aadc06d"},"description":"Shkruan: Ibrahim Berjashi,shkrimtar dhe publicist Ulqin,27 qershor- Si njeriu q\u00eb I ka v\u00ebn\u00eb themelet e let\u00ebrsis\u00eb dhe gazetaris\u00eb shqiptare n\u00eb Malin e","breadcrumb":{"@id":"https:\/\/www.visit-ulcinj.com\/blog\/2013\/06\/27\/edhe-krijuesit-shqiptare-te-jene-laureate-te-cmimeve-shteterore\/#breadcrumb"},"inLanguage":"en-US","potentialAction":[{"@type":"ReadAction","target":["https:\/\/www.visit-ulcinj.com\/blog\/2013\/06\/27\/edhe-krijuesit-shqiptare-te-jene-laureate-te-cmimeve-shteterore\/"]}]},{"@type":"BreadcrumbList","@id":"https:\/\/www.visit-ulcinj.com\/blog\/2013\/06\/27\/edhe-krijuesit-shqiptare-te-jene-laureate-te-cmimeve-shteterore\/#breadcrumb","itemListElement":[{"@type":"ListItem","position":1,"name":"Edhe krijuesit shqiptar\u00eb t\u00eb jen\u00eb laureat\u00eb t\u00eb \u00e7mimeve shtet\u00ebrore"}]},{"@type":"Person","@id":"https:\/\/www.visit-ulcinj.com\/blog\/#\/schema\/person\/dcab619c614d3038751c63bc2aadc06d","name":"ulqini","sameAs":["http:\/\/www.visit-ulcinj.com"],"url":"https:\/\/www.visit-ulcinj.com\/blog\/author\/admin\/"}]}},"jetpack_featured_media_url":"","jetpack_sharing_enabled":true,"jetpack_shortlink":"https:\/\/wp.me\/pe6lTn-iUR","_links":{"self":[{"href":"https:\/\/www.visit-ulcinj.com\/blog\/wp-json\/wp\/v2\/posts\/72717"}],"collection":[{"href":"https:\/\/www.visit-ulcinj.com\/blog\/wp-json\/wp\/v2\/posts"}],"about":[{"href":"https:\/\/www.visit-ulcinj.com\/blog\/wp-json\/wp\/v2\/types\/post"}],"author":[{"embeddable":true,"href":"https:\/\/www.visit-ulcinj.com\/blog\/wp-json\/wp\/v2\/users\/1"}],"replies":[{"embeddable":true,"href":"https:\/\/www.visit-ulcinj.com\/blog\/wp-json\/wp\/v2\/comments?post=72717"}],"version-history":[{"count":2,"href":"https:\/\/www.visit-ulcinj.com\/blog\/wp-json\/wp\/v2\/posts\/72717\/revisions"}],"predecessor-version":[{"id":72720,"href":"https:\/\/www.visit-ulcinj.com\/blog\/wp-json\/wp\/v2\/posts\/72717\/revisions\/72720"}],"wp:attachment":[{"href":"https:\/\/www.visit-ulcinj.com\/blog\/wp-json\/wp\/v2\/media?parent=72717"}],"wp:term":[{"taxonomy":"category","embeddable":true,"href":"https:\/\/www.visit-ulcinj.com\/blog\/wp-json\/wp\/v2\/categories?post=72717"},{"taxonomy":"post_tag","embeddable":true,"href":"https:\/\/www.visit-ulcinj.com\/blog\/wp-json\/wp\/v2\/tags?post=72717"}],"curies":[{"name":"wp","href":"https:\/\/api.w.org\/{rel}","templated":true}]}}