{"id":72721,"date":"2013-06-27T18:23:04","date_gmt":"2013-06-27T17:23:04","guid":{"rendered":"http:\/\/www.visit-ulcinj.com\/blog\/?p=72721"},"modified":"2013-06-27T18:25:11","modified_gmt":"2013-06-27T17:25:11","slug":"pulla-postare-me-figurat-e-hafiz-ali-ulqinakut-dhe-rexhep-mitrovices","status":"publish","type":"post","link":"https:\/\/www.visit-ulcinj.com\/blog\/2013\/06\/27\/pulla-postare-me-figurat-e-hafiz-ali-ulqinakut-dhe-rexhep-mitrovices\/","title":{"rendered":"Pulla postare me figurat e Hafiz Ali Ulqinakut dhe Rexhep Mitrovic\u00ebs"},"content":{"rendered":"<p><strong><a href=\"http:\/\/www.visit-ulcinj.com\/blog\/wp-content\/uploads\/2013\/06\/Pulla-postare-me-figurat-e-Hafiz-Ali-Ulqinakut-dhe-Rexhep-Mitrovic\u00ebs.jpg\"><img loading=\"lazy\" class=\"alignleft  wp-image-72722\" alt=\"Pulla postare me figurat e Hafiz Ali Ulqinakut dhe Rexhep Mitrovic\u00ebs\" src=\"http:\/\/www.visit-ulcinj.com\/blog\/wp-content\/uploads\/2013\/06\/Pulla-postare-me-figurat-e-Hafiz-Ali-Ulqinakut-dhe-Rexhep-Mitrovic\u00ebs.jpg\" width=\"508\" height=\"380\" srcset=\"https:\/\/www.visit-ulcinj.com\/blog\/wp-content\/uploads\/2013\/06\/Pulla-postare-me-figurat-e-Hafiz-Ali-Ulqinakut-dhe-Rexhep-Mitrovic\u00ebs.jpg 1024w, https:\/\/www.visit-ulcinj.com\/blog\/wp-content\/uploads\/2013\/06\/Pulla-postare-me-figurat-e-Hafiz-Ali-Ulqinakut-dhe-Rexhep-Mitrovic\u00ebs-300x225.jpg 300w\" sizes=\"(max-width: 508px) 100vw, 508px\" \/><\/a>Informat\u00eb<\/strong><\/p>\n<p style=\"text-align: center;\"><strong>Pulla postare me figurat e Hafiz Ali Ulqinakut dhe Rexhep Mitrovic\u00ebs<\/strong><\/p>\n<p>&nbsp;<\/p>\n<p>Shkup, 27.06.2013 &#8211; Postat e Maqedonis\u00eb n\u00eb bashk\u00ebpunim me Shoqat\u00ebn e Historian\u00ebve Shqiptar\u00eb t\u00eb Maqedonis\u00eb (SHHSHM), sot promovuan dy pullat postare me figurat e shquara t\u00eb historis\u00eb ton\u00eb komb\u00ebtare, Hafiz Ali Ulqinaku dhe Rexhep Mitrovica. Konkretisht, k\u00ebto pulla promovohen me rastin e 125 vjetorit t\u00eb vdekjes s\u00eb Hafiz Ali Ulqinakut, dhe 100 vjetorit t\u00eb lindjes s\u00eb Rexhep Mitrovic\u00ebs.<\/p>\n<p>Fillimisht, z\u00ebvend\u00ebskryeministri Musa Xhaferi, duke p\u00ebrg\u00ebzuar p\u00ebr pun\u00ebn e Post\u00ebs s\u00eb Maqedonis\u00eb, thesoi se ajo ka dh\u00ebn\u00eb nj\u00eb kontribut t\u00eb \u00e7muar p\u00ebr afirmimin e figurave tona komb\u00ebtare, si\u00e7 \u00ebsht\u00eb edhe rasti i sot\u00ebm me rilindasit Hafiz Ali Ulqinaku dhe Rexhep Mitrovica.<\/p>\n<p>Drejtori i Postave t\u00eb Maqedonis\u00eb, Rafiz Aliti, tha se me k\u00ebt\u00eb promovim t\u00eb sot\u00ebm q\u00eb po e b\u00ebjm\u00eb n\u00eb bashk\u00ebpunim me Shoqat\u00ebn e Historian\u00ebve t\u00eb Maqedonis\u00eb, kemi p\u00ebr q\u00ebllim q\u00eb ta afirmojm\u00eb Republik\u00ebn e Maqedonis\u00eb si shtet shum\u00ebetnik dhe shum\u00ebkulturor. Sipas tij, Ali Ulqinaku, n\u00eb gjith\u00eb shkrimet q\u00eb hasen n\u00eb studimet shqiptare, mbetet rilind\u00ebs i vlersuar n\u00eb letrat shqipe Duke qen\u00eb n\u00eb 160-vjetorin e lindjes dhe n\u00eb 100-vjetorin e vdekjes s\u00eb tij, jemi t\u00eb mendimit se sot ka ardhur koha q\u00eb vepra e tij t\u00eb vihet n\u00eb piedestal t\u00eb kultur\u00ebs shqiptare, aty ku n\u00eb fakt e ka vendin e merituar. Rexhep Mitrovica \u00ebsht\u00eb nj\u00eb figur\u00eb madhore, komplekse e dramatike, luft\u00ebtar i or\u00ebve t\u00eb para p\u00ebr krijimin e Shqip\u00ebris\u00eb etnike, nj\u00eb personalitet i shquar dhe i ve\u00e7ant\u00eb i luft\u00ebs p\u00ebr liri, demokraci dhe bashkim komb\u00ebtar. Aliti pastaj u ndau disa mysafir\u00ebve t\u00eb pranish\u00ebm, komplete t\u00eb pullave postare me p\u00ebrmbajtje nga historia dhe kultura shqiptare, n\u00eb mesin e t\u00eb cil\u00ebve edhe kryetarit t\u00eb Sarajit, Bekim Murati, ish-ambasadorit Blerim Reka, etj.<\/p>\n<p>T\u00eb pranishmit i p\u00ebrsh\u00ebndeti edhe ambasadori i Shqip\u00ebris\u00eb, Arben \u00c7ejku, p\u00ebrfaq\u00ebsuesi i Postave t\u00eb Kosov\u00ebs, si dhe pinjolli i familjes s\u00eb Hasan Prishtin\u00ebs \u2013 Mehmet Prishtina, i cili duke e p\u00ebrkujtuar figur\u00ebn e Rexhep Mitrovic\u00ebs, theksoi se paraadh\u00ebsit ende betohen \u2018pasha tri dit\u00eb Shqipni\u2019, duke aluaduar n\u00eb koh\u00ebn e tij kur ishte kryeminist\u00ebr i Shqip\u00ebris\u00eb.<\/p>\n<p>Kryetari i Shoqat\u00ebs s\u00eb Historian\u00ebve Shqiptar\u00eb t\u00eb Maqedonis\u00eb, Skender Asani, paraqiti n\u00eb pika t\u00eb shkurtra nj\u00eb pjes\u00eb t\u00eb biografis\u00eb dhe veprimaris\u00ebs\u00eb k\u00ebtyre dy figurave t\u00eb m\u00ebdha komb\u00ebtare. Emri i Hafiz Ali Ulqinakut (1853-1913), p\u00ebrkon me dy nga ngjarjet m\u00eb t\u00eb m\u00ebdha n\u00eb historin\u00eb ton\u00eb komb\u00ebtate, Lidhjen e Prizrenit dhe shpalljen e Pavr\u00ebsis\u00eb s\u00eb Shqip\u00ebris\u00eb. Nd\u00ebrsa, edhe Rexhep Mitrovica (1887 &#8211; 1967) \u00ebsht\u00eb ngusht\u00eb i lidhur me Shkupin dhe t\u00eb gjitha trojet shqiptare, duke qen\u00eb se nj\u00eb pjes\u00eb t\u00eb shkollimit t\u00eb tij e kishte kryer n\u00eb Shkup, ishte firm\u00ebtar i aktit t\u00eb Pavar\u00ebsis\u00eb s\u00eb Shqip\u00ebris\u00eb, drejtues i Lidhje s\u00eb Dyt\u00eb t\u00eb Prizrenit dhe kryeminist\u00ebr i Shqip\u00ebris\u00eb s\u00eb bashkuar n\u00eb vitet 1943-1944.<\/p>\n<p>&nbsp;<\/p>\n<p><strong>\/www.shhshm.org\/<\/strong><\/p>\n","protected":false},"excerpt":{"rendered":"<p>Informat\u00eb Pulla postare me figurat e Hafiz Ali Ulqinakut dhe Rexhep Mitrovic\u00ebs &nbsp; Shkup, 27.06.2013 &#8211; Postat e Maqedonis\u00eb n\u00eb bashk\u00ebpunim me Shoqat\u00ebn e Historian\u00ebve Shqiptar\u00eb t\u00eb Maqedonis\u00eb (SHHSHM), sot promovuan dy pullat postare me figurat e shquara t\u00eb historis\u00eb ton\u00eb komb\u00ebtare, Hafiz Ali Ulqinaku dhe Rexhep Mitrovica. Konkretisht, k\u00ebto pulla promovohen me rastin e [&hellip;]<\/p>\n","protected":false},"author":1,"featured_media":0,"comment_status":"closed","ping_status":"closed","sticky":false,"template":"","format":"standard","meta":{"spay_email":"","jetpack_publicize_message":"","jetpack_is_tweetstorm":false,"jetpack_publicize_feature_enabled":true},"categories":[14],"tags":[],"jetpack_publicize_connections":[],"yoast_head":"<!-- This site is optimized with the Yoast SEO plugin v19.1 - https:\/\/yoast.com\/wordpress\/plugins\/seo\/ -->\n<title>Pulla postare me figurat e Hafiz Ali Ulqinakut dhe Rexhep Mitrovic\u00ebs - Lajme nga Ulqini<\/title>\n<meta name=\"description\" content=\"Informat\u00eb Pulla postare me figurat e Hafiz Ali Ulqinakut dhe Rexhep Mitrovic\u00ebs &nbsp; Shkup, 27.06.2013 - Postat e Maqedonis\u00eb n\u00eb bashk\u00ebpunim me Shoqat\u00ebn e\" \/>\n<meta name=\"robots\" content=\"index, follow, max-snippet:-1, max-image-preview:large, max-video-preview:-1\" \/>\n<link rel=\"canonical\" href=\"https:\/\/www.visit-ulcinj.com\/blog\/2013\/06\/27\/pulla-postare-me-figurat-e-hafiz-ali-ulqinakut-dhe-rexhep-mitrovices\/\" \/>\n<meta property=\"og:locale\" content=\"en_US\" \/>\n<meta property=\"og:type\" content=\"article\" \/>\n<meta property=\"og:title\" content=\"Pulla postare me figurat e Hafiz Ali Ulqinakut dhe Rexhep Mitrovic\u00ebs - Lajme nga Ulqini\" \/>\n<meta property=\"og:description\" content=\"Informat\u00eb Pulla postare me figurat e Hafiz Ali Ulqinakut dhe Rexhep Mitrovic\u00ebs &nbsp; Shkup, 27.06.2013 - Postat e Maqedonis\u00eb n\u00eb bashk\u00ebpunim me Shoqat\u00ebn e\" \/>\n<meta property=\"og:url\" content=\"https:\/\/www.visit-ulcinj.com\/blog\/2013\/06\/27\/pulla-postare-me-figurat-e-hafiz-ali-ulqinakut-dhe-rexhep-mitrovices\/\" \/>\n<meta property=\"og:site_name\" content=\"Lajme nga Ulqini\" \/>\n<meta property=\"article:published_time\" content=\"2013-06-27T17:23:04+00:00\" \/>\n<meta property=\"article:modified_time\" content=\"2013-06-27T17:25:11+00:00\" \/>\n<meta name=\"twitter:label1\" content=\"Written by\" \/>\n\t<meta name=\"twitter:data1\" content=\"ulqini\" \/>\n\t<meta name=\"twitter:label2\" content=\"Est. reading time\" \/>\n\t<meta name=\"twitter:data2\" content=\"3 minutes\" \/>\n<script type=\"application\/ld+json\" class=\"yoast-schema-graph\">{\"@context\":\"https:\/\/schema.org\",\"@graph\":[{\"@type\":\"WebSite\",\"@id\":\"https:\/\/www.visit-ulcinj.com\/blog\/#website\",\"url\":\"https:\/\/www.visit-ulcinj.com\/blog\/\",\"name\":\"Lajme nga Ulqini\",\"description\":\"Lajme,Vijesti,Ulqini,Ulqin,Crna Gora,Mali i Zi\",\"potentialAction\":[{\"@type\":\"SearchAction\",\"target\":{\"@type\":\"EntryPoint\",\"urlTemplate\":\"https:\/\/www.visit-ulcinj.com\/blog\/?s={search_term_string}\"},\"query-input\":\"required name=search_term_string\"}],\"inLanguage\":\"en-US\"},{\"@type\":\"WebPage\",\"@id\":\"https:\/\/www.visit-ulcinj.com\/blog\/2013\/06\/27\/pulla-postare-me-figurat-e-hafiz-ali-ulqinakut-dhe-rexhep-mitrovices\/#webpage\",\"url\":\"https:\/\/www.visit-ulcinj.com\/blog\/2013\/06\/27\/pulla-postare-me-figurat-e-hafiz-ali-ulqinakut-dhe-rexhep-mitrovices\/\",\"name\":\"Pulla postare me figurat e Hafiz Ali Ulqinakut dhe Rexhep Mitrovic\u00ebs - Lajme nga Ulqini\",\"isPartOf\":{\"@id\":\"https:\/\/www.visit-ulcinj.com\/blog\/#website\"},\"datePublished\":\"2013-06-27T17:23:04+00:00\",\"dateModified\":\"2013-06-27T17:25:11+00:00\",\"author\":{\"@id\":\"https:\/\/www.visit-ulcinj.com\/blog\/#\/schema\/person\/dcab619c614d3038751c63bc2aadc06d\"},\"description\":\"Informat\u00eb Pulla postare me figurat e Hafiz Ali Ulqinakut dhe Rexhep Mitrovic\u00ebs &nbsp; Shkup, 27.06.2013 - Postat e Maqedonis\u00eb n\u00eb bashk\u00ebpunim me Shoqat\u00ebn e\",\"breadcrumb\":{\"@id\":\"https:\/\/www.visit-ulcinj.com\/blog\/2013\/06\/27\/pulla-postare-me-figurat-e-hafiz-ali-ulqinakut-dhe-rexhep-mitrovices\/#breadcrumb\"},\"inLanguage\":\"en-US\",\"potentialAction\":[{\"@type\":\"ReadAction\",\"target\":[\"https:\/\/www.visit-ulcinj.com\/blog\/2013\/06\/27\/pulla-postare-me-figurat-e-hafiz-ali-ulqinakut-dhe-rexhep-mitrovices\/\"]}]},{\"@type\":\"BreadcrumbList\",\"@id\":\"https:\/\/www.visit-ulcinj.com\/blog\/2013\/06\/27\/pulla-postare-me-figurat-e-hafiz-ali-ulqinakut-dhe-rexhep-mitrovices\/#breadcrumb\",\"itemListElement\":[{\"@type\":\"ListItem\",\"position\":1,\"name\":\"Pulla postare me figurat e Hafiz Ali Ulqinakut dhe Rexhep Mitrovic\u00ebs\"}]},{\"@type\":\"Person\",\"@id\":\"https:\/\/www.visit-ulcinj.com\/blog\/#\/schema\/person\/dcab619c614d3038751c63bc2aadc06d\",\"name\":\"ulqini\",\"sameAs\":[\"http:\/\/www.visit-ulcinj.com\"],\"url\":\"https:\/\/www.visit-ulcinj.com\/blog\/author\/admin\/\"}]}<\/script>\n<!-- \/ Yoast SEO plugin. -->","yoast_head_json":{"title":"Pulla postare me figurat e Hafiz Ali Ulqinakut dhe Rexhep Mitrovic\u00ebs - Lajme nga Ulqini","description":"Informat\u00eb Pulla postare me figurat e Hafiz Ali Ulqinakut dhe Rexhep Mitrovic\u00ebs &nbsp; Shkup, 27.06.2013 - Postat e Maqedonis\u00eb n\u00eb bashk\u00ebpunim me Shoqat\u00ebn e","robots":{"index":"index","follow":"follow","max-snippet":"max-snippet:-1","max-image-preview":"max-image-preview:large","max-video-preview":"max-video-preview:-1"},"canonical":"https:\/\/www.visit-ulcinj.com\/blog\/2013\/06\/27\/pulla-postare-me-figurat-e-hafiz-ali-ulqinakut-dhe-rexhep-mitrovices\/","og_locale":"en_US","og_type":"article","og_title":"Pulla postare me figurat e Hafiz Ali Ulqinakut dhe Rexhep Mitrovic\u00ebs - Lajme nga Ulqini","og_description":"Informat\u00eb Pulla postare me figurat e Hafiz Ali Ulqinakut dhe Rexhep Mitrovic\u00ebs &nbsp; Shkup, 27.06.2013 - Postat e Maqedonis\u00eb n\u00eb bashk\u00ebpunim me Shoqat\u00ebn e","og_url":"https:\/\/www.visit-ulcinj.com\/blog\/2013\/06\/27\/pulla-postare-me-figurat-e-hafiz-ali-ulqinakut-dhe-rexhep-mitrovices\/","og_site_name":"Lajme nga Ulqini","article_published_time":"2013-06-27T17:23:04+00:00","article_modified_time":"2013-06-27T17:25:11+00:00","twitter_misc":{"Written by":"ulqini","Est. reading time":"3 minutes"},"schema":{"@context":"https:\/\/schema.org","@graph":[{"@type":"WebSite","@id":"https:\/\/www.visit-ulcinj.com\/blog\/#website","url":"https:\/\/www.visit-ulcinj.com\/blog\/","name":"Lajme nga Ulqini","description":"Lajme,Vijesti,Ulqini,Ulqin,Crna Gora,Mali i Zi","potentialAction":[{"@type":"SearchAction","target":{"@type":"EntryPoint","urlTemplate":"https:\/\/www.visit-ulcinj.com\/blog\/?s={search_term_string}"},"query-input":"required name=search_term_string"}],"inLanguage":"en-US"},{"@type":"WebPage","@id":"https:\/\/www.visit-ulcinj.com\/blog\/2013\/06\/27\/pulla-postare-me-figurat-e-hafiz-ali-ulqinakut-dhe-rexhep-mitrovices\/#webpage","url":"https:\/\/www.visit-ulcinj.com\/blog\/2013\/06\/27\/pulla-postare-me-figurat-e-hafiz-ali-ulqinakut-dhe-rexhep-mitrovices\/","name":"Pulla postare me figurat e Hafiz Ali Ulqinakut dhe Rexhep Mitrovic\u00ebs - Lajme nga Ulqini","isPartOf":{"@id":"https:\/\/www.visit-ulcinj.com\/blog\/#website"},"datePublished":"2013-06-27T17:23:04+00:00","dateModified":"2013-06-27T17:25:11+00:00","author":{"@id":"https:\/\/www.visit-ulcinj.com\/blog\/#\/schema\/person\/dcab619c614d3038751c63bc2aadc06d"},"description":"Informat\u00eb Pulla postare me figurat e Hafiz Ali Ulqinakut dhe Rexhep Mitrovic\u00ebs &nbsp; Shkup, 27.06.2013 - Postat e Maqedonis\u00eb n\u00eb bashk\u00ebpunim me Shoqat\u00ebn e","breadcrumb":{"@id":"https:\/\/www.visit-ulcinj.com\/blog\/2013\/06\/27\/pulla-postare-me-figurat-e-hafiz-ali-ulqinakut-dhe-rexhep-mitrovices\/#breadcrumb"},"inLanguage":"en-US","potentialAction":[{"@type":"ReadAction","target":["https:\/\/www.visit-ulcinj.com\/blog\/2013\/06\/27\/pulla-postare-me-figurat-e-hafiz-ali-ulqinakut-dhe-rexhep-mitrovices\/"]}]},{"@type":"BreadcrumbList","@id":"https:\/\/www.visit-ulcinj.com\/blog\/2013\/06\/27\/pulla-postare-me-figurat-e-hafiz-ali-ulqinakut-dhe-rexhep-mitrovices\/#breadcrumb","itemListElement":[{"@type":"ListItem","position":1,"name":"Pulla postare me figurat e Hafiz Ali Ulqinakut dhe Rexhep Mitrovic\u00ebs"}]},{"@type":"Person","@id":"https:\/\/www.visit-ulcinj.com\/blog\/#\/schema\/person\/dcab619c614d3038751c63bc2aadc06d","name":"ulqini","sameAs":["http:\/\/www.visit-ulcinj.com"],"url":"https:\/\/www.visit-ulcinj.com\/blog\/author\/admin\/"}]}},"jetpack_featured_media_url":"","jetpack_sharing_enabled":true,"jetpack_shortlink":"https:\/\/wp.me\/pe6lTn-iUV","_links":{"self":[{"href":"https:\/\/www.visit-ulcinj.com\/blog\/wp-json\/wp\/v2\/posts\/72721"}],"collection":[{"href":"https:\/\/www.visit-ulcinj.com\/blog\/wp-json\/wp\/v2\/posts"}],"about":[{"href":"https:\/\/www.visit-ulcinj.com\/blog\/wp-json\/wp\/v2\/types\/post"}],"author":[{"embeddable":true,"href":"https:\/\/www.visit-ulcinj.com\/blog\/wp-json\/wp\/v2\/users\/1"}],"replies":[{"embeddable":true,"href":"https:\/\/www.visit-ulcinj.com\/blog\/wp-json\/wp\/v2\/comments?post=72721"}],"version-history":[{"count":2,"href":"https:\/\/www.visit-ulcinj.com\/blog\/wp-json\/wp\/v2\/posts\/72721\/revisions"}],"predecessor-version":[{"id":72724,"href":"https:\/\/www.visit-ulcinj.com\/blog\/wp-json\/wp\/v2\/posts\/72721\/revisions\/72724"}],"wp:attachment":[{"href":"https:\/\/www.visit-ulcinj.com\/blog\/wp-json\/wp\/v2\/media?parent=72721"}],"wp:term":[{"taxonomy":"category","embeddable":true,"href":"https:\/\/www.visit-ulcinj.com\/blog\/wp-json\/wp\/v2\/categories?post=72721"},{"taxonomy":"post_tag","embeddable":true,"href":"https:\/\/www.visit-ulcinj.com\/blog\/wp-json\/wp\/v2\/tags?post=72721"}],"curies":[{"name":"wp","href":"https:\/\/api.w.org\/{rel}","templated":true}]}}