{"id":72740,"date":"2013-06-28T17:10:34","date_gmt":"2013-06-28T16:10:34","guid":{"rendered":"http:\/\/www.visit-ulcinj.com\/blog\/?p=72740"},"modified":"2013-07-01T18:35:23","modified_gmt":"2013-07-01T17:35:23","slug":"konferenca-per-media-e-dhene-sot-nga-nazif-cungu","status":"publish","type":"post","link":"https:\/\/www.visit-ulcinj.com\/blog\/2013\/06\/28\/konferenca-per-media-e-dhene-sot-nga-nazif-cungu\/","title":{"rendered":"Konferenca p\u00ebr media e dh\u00ebn\u00eb sot nga Nazif Cungu"},"content":{"rendered":"<p><a href=\"http:\/\/www.visit-ulcinj.com\/blog\/wp-content\/uploads\/2013\/06\/Nazif-Cungu-Ulqin.jpg\"><img loading=\"lazy\" class=\"alignleft  wp-image-72741\" alt=\"Nazif-Cungu-Ulqin\" src=\"http:\/\/www.visit-ulcinj.com\/blog\/wp-content\/uploads\/2013\/06\/Nazif-Cungu-Ulqin.jpg\" width=\"508\" height=\"360\" \/><\/a>T\u00eb nderuar qytetar,<\/p>\n<p>T\u00eb nderuar p\u00ebrfaqsues t\u00eb medijave,<\/p>\n<p><b>Jemi n\u00eb prag t\u00eb<\/b> sezonit turistike dhe dua tu ju informoj lidhur me disa aktivitete e nd\u00ebrmarra nga komuna e Ulqinit p\u00ebr mbarvajtjen e k\u00ebtij sezoni\u00a0 si dhe me disa aktivitete t\u00eb tjera t\u00eb rend\u00ebsishme p\u00ebr komun\u00ebn ton\u00eb.<\/p>\n<p><b>Gjat\u00eb k\u00ebtij viti komuna<\/b> e Ulqinit dhe Organizata Turistike e Ulqinit kan\u00eb nd\u00ebrmarr aktivitete te nevojshme p\u00ebr prezantimin e qytetit si destinacion turistik. K\u00ebshtu kemi marr\u00eb pjes\u00eb n\u00eb panairet t\u00eb ndryshme turistike mbrenda dhe jasht vendit ku vlen t\u00eb theksohet ai i Berlinit, Budapestit, Prag\u00ebs, Prishtin\u00ebs, Beogradit, Sarajev\u00ebs e t\u00eb tjer\u00eb.<\/p>\n<p><b>Gjat\u00eb dit\u00ebve t\u00eb fundit<\/b> n\u00eb komun\u00ebn ton\u00eb jan\u00eb pergadit 5 qendra informative t\u00eb cilat do t\u00eb sherbejn\u00eb p\u00ebr t\u00eb informur musafir\u00ebt duke iu ofruar atyre edhe materiale promovuese falas. <b>Poashtu kto qendra<\/b> do tju sherbejn\u00eb qytetarve tan\u00eb p\u00ebr t\u00eb b\u00ebr\u00eb pagesen e takses s\u00eb banimit q\u00eb deri tani \u00ebsht\u00eb b\u00ebr\u00eb n\u00eb agjensionet turistike. Ne diten e sotme ne Ulqin jane te regjistruar reth 5.000 turist qe do te thot 10% me shume se vitin e kaluar,ne te njajten periudhe.<\/p>\n<p><b>Sa i p\u00ebrket rregullimit<\/b> t\u00eb komunikacionit p\u00ebr k\u00ebt\u00eb sezon\u00eb turistike ka p\u00ebrmirsime t\u00eb dukshme krahasuar me vitin e kaluar. Si\u00e7 e dini, gjat\u00eb muajit maj \u00ebsht\u00eb l\u00ebshuar p\u00ebr qarkullim ura mbi Port Milen\u00eb,nj\u00eb investim shum\u00eb i rend\u00ebsishem p\u00ebr qytetin ton\u00eb e cila zgjedh problemin e qarkullimit n\u00eb Plazhin e Madh dhe shmang\u00eb radh\u00ebt e gjata t\u00eb cilat jan\u00eb krijuar gjat\u00eb sezoneve t\u00eb m\u00ebhershme turistik. (unaza,expropriimi i rruges Murateve,vazhdimi i rruges)<\/p>\n<p><b>N\u00eb fazen p\u00ebrfundimtare<\/b> \u00ebsht\u00eb edhe rikonstruktimi i faz\u00ebs s\u00eb dyt\u00eb t\u00eb rrug\u00ebs Sukubin\u00eb-Ulqin nga\u00a0 Kat\u00ebrkolla deri Kryrth\u00eb. Kjo rrug\u00eb\u00a0 \u00ebsht\u00eb nj\u00eb nga rrug\u00ebt m\u00eb t\u00eb frekuentuara nga musafir\u00ebt q\u00eb vizitojn\u00eb qytetin ton\u00eb dhe me nd\u00ebrtimin e saj do tju mund\u00ebsoj atyre standart dhe siguri m\u00eb t\u00eb madhe n\u00eb qarkullim.<\/p>\n<p><b>Poashtu ka p\u00ebrfunduar vendosja<\/b> e sinjalizimit rrugor\u00eb horizontal dhe gjat\u00eb dit\u00ebve t\u00eb fundit \u00ebsht\u00eb duke p\u00ebrfunduar vendosja e sinjalizimit vertikal n\u00eb t\u00ebr\u00eb teritorin e komun\u00ebs son\u00eb. Punimet p\u00ebr vendosjen e k\u00ebtyre sinjalizimeve kapin vleren prej rreth 50.000euro dhe do t\u00eb ndikoj dukshem n\u00eb rregullimin e komunikacionit n\u00eb qytet.<\/p>\n<p><b>Nj\u00eb \u00e7eshtje shum\u00eb me rend\u00ebsi<\/b> mbetet edhe kalimi kufitar Sukubin\u00eb \u2013 Muriqan ku p\u00ebr shkak t\u00eb fluksit \u00a0t\u00eb madh\u00eb t\u00eb kalimtar\u00ebve\u00a0 gjat\u00eb sezonit turistik krijohen rradh\u00eb t\u00eb gjata.\u00a0 Ne si pushtet vendor\u00eb kemi marr iniciativa p\u00ebr t\u00eb diskutuar me subjektet relevante p\u00ebr mund\u00ebsin\u00eb e p\u00ebrshpejtimit t\u00eb k\u00ebtyre kalimeve kufitare. Poashtu me k\u00ebto subjekte kemi diskutuar edhe lidhur me nd\u00ebrmarrjen e nj\u00eb iniciative t\u00eb p\u00ebrbashk\u00ebt n\u00eb mes t\u00eb dy shteteve p\u00ebr zgj\u00ebrimin e kapaciteteve kalimtare si dhe sh\u00ebndrrimin e k\u00ebsaj pike kalimtare n\u00eb pik\u00eb doganore p\u00ebr qarkullimin e lir\u00eb t\u00eb madhrave.<\/p>\n<p><b>Dua te ju njoftoj poasht<\/b> se Komuna e Ulqinit \u00a0ka punuar edhe n\u00eb regullimin e infrastruktur\u00ebs s\u00eb trotuarve, ndri\u00e7imit publik, vend parkime e k\u00ebshtu me rradh\u00eb.<\/p>\n<p><b>N\u00eb qytet jan\u00eb nd\u00ebrtuar<\/b> mbi 2000metra trotuar, kryesisht n\u00eb Plazhin e Madh, p\u00ebr rreth objektit t\u00eb\u00a0 Nd\u00ebrmarrjes Komunale Publike dhe Uj\u00ebsjell\u00ebsit, pran\u00eb hyrjes s\u00eb stacionit t\u00eb autobusave si dhe n\u00eb zona tjera t\u00eb qytetit. Poashtu kan\u00eb p\u00ebrfunduar punimet n\u00eb nd\u00ebrtimin e trotuarve\u00a0 n\u00eb t\u00eb dy an\u00ebt e rrug\u00ebs n\u00eb qend\u00ebr t\u00eb Katerkoll\u00ebs.<\/p>\n<p><b>Deri n\u00eb fund t\u00eb k\u00ebtij<\/b> muaji p\u00ebrfundojn\u00eb punimet n\u00eb vendosjen e ndri\u00e7imit publik n\u00eb rrugen Mujo Ulqinaku,\u00a0 pran\u00eb stacionit t\u00eb autobusave,\u00a0 n\u00eb rrug\u00ebn nga ura e Port Milen\u00ebs deri tek kryq\u00ebzimi i rrug\u00ebs q\u00eb t\u00eb \u00e7on p\u00ebr n\u00eb Shtoj, n\u00eb lagjen Gjerana e k\u00ebshtu me rradh\u00eb.<\/p>\n<p><b>Me\u00a0 kompanine Spinel<\/b> nga Kotori ashte n\u00ebnshkrua kontrata per ndri\u00e7imin publik prej Feriallnit deri te Qendra e Shtojit. Vlera e k\u00ebtij investimi ashte reth 200.000 EUR. Vazhdon projektimi per ndricim deri te Buna.<\/p>\n<p><b>Poashtu \u00ebsht\u00eb duke u<\/b> punur n\u00eb rregullimin e vendparkingut pas objektit t\u00eb komun\u00ebs s\u00eb Ulqinit me kapacitet prej 61 dhe ky investimi kap vleren prej 83.000euro.<\/p>\n<p><b>Dua t\u00eb theksuar se<\/b> Komuna e Ulqinit dhe Nd\u00ebrmarrja Komunale Publike i ka marr\u00eb t\u00eb gjitha masat p\u00ebr t\u00eb siguar pastertin\u00eb e nevojshme p\u00ebr qytetar\u00ebt dhe musafiret q\u00eb viziton\u00eb qytetin ton\u00eb. Me k\u00ebt\u00eb rast dua tu drejtohem t\u00eb gjith\u00eb qytetar\u00ebve tan\u00eb q\u00eb t\u00eb respektojn\u00eb vendin dhe orarin e gjuajtjes s\u00eb mbeturinave dhe n\u00eb k\u00ebt\u00eb m\u00ebnyre t\u00eb kontribojm\u00eb t\u00eb gjith\u00eb p\u00ebr nj\u00eb qytet t\u00eb paster.<\/p>\n<p><b>Sa i p\u00ebrket furnizimit<\/b> me uj\u00eb t\u00eb pijshem, sasit e ujit jane te mjaftueshme,por friksohem se per shkak te gjendjes se vesshtir finasiare mund te kemi probleme ne furnizim. <b>Une e kam refuzua kerkesen<\/b> e nd\u00ebrmarrjes komunale per rritjen e \u00e7mimit te ujit per arsye se duhet te merren masa te rrepta ne ndaljen e humbjeve te ujit,vjedhnis dhe racionalizimit te pun\u00ebtoreve.<\/p>\n<p>Per shkak te gjendjes se veshtir finasiare ne nd\u00ebrmarrjen Komunale \u2013 ujesjelles dhe kanalizim,mund te vij deri te problemet ne furnizim me uje per shka<\/p>\n<p>Nga data 1 korrik\u00a0 hyn\u00eb n\u00eb fuqi urdh\u00ebri p\u00ebr ndalimin e ndezjeve t\u00eb zjarreve dhe bashk\u00eb me masat tjera parandaluese t\u00eb cilat i ka nd\u00ebrmarr\u00eb Sh\u00ebrbimi i Mbrojtjes s\u00eb komun\u00ebs s\u00eb Ulqinit do t\u00eb ndikojn\u00eb sigurin\u00eb e t\u00eb gjith\u00eb qytetar\u00ebve tan\u00eb.<\/p>\n<p>Poashtu duhet theksoj q\u00eb n\u00eb komun\u00ebn ton\u00eb \u00e7do jav\u00eb mbahet takimi i rregullt i grupit kordinues i p\u00ebrb\u00ebr\u00eb nga p\u00ebrfaq\u00ebsues t\u00eb komunes se Ulqinit, nd\u00ebrmarrjeve publike t\u00eb Ulqinit, policis\u00eb s\u00eb Ulqinit, p\u00ebrfaq\u00ebsuesve t\u00eb inspeksioneve republikan si dhe subjekteve t\u00eb tjera relevante\u00a0 t\u00eb cil\u00ebt merren me p\u00ebrcjelljen e\u00a0 mbarvajtjes s\u00eb k\u00ebtij sezoni turistik.<\/p>\n<p>Sa i perket ecuris\u00eb s\u00eb pun\u00ebs n\u00eb hartimin e planeve urbanistike, dua tju informoj q\u00eb jan\u00eb duke u punuar 22 plane urbanistike me t\u00eb cilat do t\u00eb mbulohet i gjith\u00eb territori i komun\u00ebs s\u00eb Ulqinit. N\u00eb k\u00ebt\u00eb drejtim jemi duke punuar me nj\u00eb transparenc\u00eb t\u00eb plot\u00eb ku p\u00ebrmes formave t\u00eb ndryshme n\u00eb k\u00ebt\u00eb proces drejtp\u00ebrdrejt jan\u00eb p\u00ebrfshir\u00eb edhe qytetar\u00ebt tan\u00eb me mbi 400 sygjerime.<\/p>\n<p>N\u00eb nd\u00ebrkoh\u00eb \u00ebsht\u00eb p\u00ebrpunuar dokumentacioni teknik p\u00ebr rregullimin e lokacionit tek Hollegroja, punimet do te nisin pas sezonit turistik. Vlera e punimeve \u00ebsht\u00eb 85 000eur.<\/p>\n<p>\u00cbsht\u00eb p\u00ebrfunduar dokumentacioni teknik p\u00ebr rekonstruimin e Mendreqes. Punimet do t\u00eb fillojn pas sezonit turistik.<\/p>\n<p>\u00cbsht\u00eb hapur tenderi p\u00ebr shitjen tokes \u00a0n\u00eb Pinjesh.<\/p>\n<p>Pritet q\u00eb k\u00ebto dit\u00eb do t\u00eb dal n\u00eb shqyrtim publik skica e projektit urbanistik p\u00ebr hotelin Mediteran si dhe pas 27 viteve \u00ebsht\u00eb p\u00ebrgatitur detyra projektuese p\u00ebr hartimin e planit urbanistike p\u00ebr qendren e Kat\u00ebrkoll\u00ebs.<\/p>\n<p>N\u00eb vijim \u00ebsht\u00eb p\u00ebrpunimi i dokumentacionit p\u00ebr ndarjen e ujrave t\u00eb zeza nga ujrat atmosferike \u00a0p\u00ebr kat\u00ebr zona Kodra. Mali i Bardh, Totoshi dhe Bratica. Projektin e realizon Ministria turizmit nga mjetet e Bank\u00ebs evropiane p\u00ebr investim.<\/p>\n<p>Jan\u00eb dh\u00ebn\u00eb 50 kushte urbanistike q\u00eb \u00ebsht\u00eb 40% m\u00eb tep\u00ebr se n\u00eb t\u00eb njejten periull\u00eb t\u00eb vitit t\u00eb kaluar.<\/p>\n<p>Jan\u00eb dh\u00ebn\u00eb 4 leje nd\u00ebrtimore dhe n\u00eb p\u00ebrgatitje jan\u00eb edhe 10 tjera.<\/p>\n<p>Dh\u00ebnia e k\u00ebtyre leje \u00ebsht\u00eb rezultat i pun\u00ebs intenzive n\u00eb miratimin e planeve urbanistike gjat\u00eb vitit t\u00eb kaluar.<\/p>\n<p>&nbsp;<\/p>\n<div><\/div>\n<div><strong>Komuna e Ulqinit\/Op\u0161tina Ulcinj<\/strong><\/div>\n<div><strong>Kabineti i Kryetari\/Kabinet Predsjednika<\/strong><\/div>\n<div><strong>Tel: 412 056<\/strong><\/div>\n<div><\/div>\n<div><strong>Op\u0161tina Ulcinj \/ Komuna e Ulqinit<\/strong><br \/>\nTel: +382 30 412 050<br \/>\nFax: +382 30 412 413<br \/>\nAdresa: Bul. Skenderbeu bb, 85360 Ulcinj, MNE<\/div>\n<div><a href=\"http:\/\/www.visit-ulcinj.com\/blog\/wp-content\/uploads\/2013\/06\/Sinjalizimi-ne-Ulqin.jpg\"><img loading=\"lazy\" class=\"alignleft  wp-image-72751\" alt=\"Sinjalizimi ne Ulqin\" src=\"http:\/\/www.visit-ulcinj.com\/blog\/wp-content\/uploads\/2013\/06\/Sinjalizimi-ne-Ulqin.jpg\" width=\"508\" height=\"360\" \/><\/a> <a href=\"http:\/\/www.visit-ulcinj.com\/blog\/wp-content\/uploads\/2013\/06\/Sinjalizimi-ne-Ulqin.1.jpg\"><img loading=\"lazy\" class=\"alignleft  wp-image-72752\" alt=\"Sinjalizimi ne Ulqin.1\" src=\"http:\/\/www.visit-ulcinj.com\/blog\/wp-content\/uploads\/2013\/06\/Sinjalizimi-ne-Ulqin.1.jpg\" width=\"508\" height=\"360\" \/><\/a> <a href=\"http:\/\/www.visit-ulcinj.com\/blog\/wp-content\/uploads\/2013\/06\/rruga-ne-plazhin-e-madhe-ulqin.jpg\"><img loading=\"lazy\" class=\"alignleft  wp-image-72753\" alt=\"rruga ne plazhin e madhe-ulqin\" src=\"http:\/\/www.visit-ulcinj.com\/blog\/wp-content\/uploads\/2013\/06\/rruga-ne-plazhin-e-madhe-ulqin.jpg\" width=\"508\" height=\"360\" \/><\/a> <a href=\"http:\/\/www.visit-ulcinj.com\/blog\/wp-content\/uploads\/2013\/06\/rruga-sukubin-krythe.jpg\"><img loading=\"lazy\" class=\"alignleft  wp-image-72754\" alt=\"rruga sukubin-krythe\" src=\"http:\/\/www.visit-ulcinj.com\/blog\/wp-content\/uploads\/2013\/06\/rruga-sukubin-krythe.jpg\" width=\"508\" height=\"360\" \/><\/a><\/div>\n","protected":false},"excerpt":{"rendered":"<p>T\u00eb nderuar qytetar, T\u00eb nderuar p\u00ebrfaqsues t\u00eb medijave, Jemi n\u00eb prag t\u00eb sezonit turistike dhe dua tu ju informoj lidhur me disa aktivitete e nd\u00ebrmarra nga komuna e Ulqinit p\u00ebr mbarvajtjen e k\u00ebtij sezoni\u00a0 si dhe me disa aktivitete t\u00eb tjera t\u00eb rend\u00ebsishme p\u00ebr komun\u00ebn ton\u00eb. Gjat\u00eb k\u00ebtij viti komuna e Ulqinit dhe Organizata Turistike [&hellip;]<\/p>\n","protected":false},"author":1,"featured_media":0,"comment_status":"closed","ping_status":"closed","sticky":false,"template":"","format":"standard","meta":{"spay_email":"","jetpack_publicize_message":"","jetpack_is_tweetstorm":false,"jetpack_publicize_feature_enabled":true},"categories":[5,1],"tags":[],"jetpack_publicize_connections":[],"yoast_head":"<!-- This site is optimized with the Yoast SEO plugin v19.1 - https:\/\/yoast.com\/wordpress\/plugins\/seo\/ -->\n<title>Konferenca p\u00ebr media e dh\u00ebn\u00eb sot nga Nazif Cungu - Lajme nga Ulqini<\/title>\n<meta name=\"description\" content=\"T\u00eb nderuar qytetar, T\u00eb nderuar p\u00ebrfaqsues t\u00eb medijave, Jemi n\u00eb prag t\u00eb sezonit turistike dhe dua tu ju informoj lidhur me disa aktivitete e nd\u00ebrmarra nga\" \/>\n<meta name=\"robots\" content=\"index, follow, max-snippet:-1, max-image-preview:large, max-video-preview:-1\" \/>\n<link rel=\"canonical\" href=\"https:\/\/www.visit-ulcinj.com\/blog\/2013\/06\/28\/konferenca-per-media-e-dhene-sot-nga-nazif-cungu\/\" \/>\n<meta property=\"og:locale\" content=\"en_US\" \/>\n<meta property=\"og:type\" content=\"article\" \/>\n<meta property=\"og:title\" content=\"Konferenca p\u00ebr media e dh\u00ebn\u00eb sot nga Nazif Cungu - Lajme nga Ulqini\" \/>\n<meta property=\"og:description\" content=\"T\u00eb nderuar qytetar, T\u00eb nderuar p\u00ebrfaqsues t\u00eb medijave, Jemi n\u00eb prag t\u00eb sezonit turistike dhe dua tu ju informoj lidhur me disa aktivitete e nd\u00ebrmarra nga\" \/>\n<meta property=\"og:url\" content=\"https:\/\/www.visit-ulcinj.com\/blog\/2013\/06\/28\/konferenca-per-media-e-dhene-sot-nga-nazif-cungu\/\" \/>\n<meta property=\"og:site_name\" content=\"Lajme nga Ulqini\" \/>\n<meta property=\"article:published_time\" content=\"2013-06-28T16:10:34+00:00\" \/>\n<meta property=\"article:modified_time\" content=\"2013-07-01T17:35:23+00:00\" \/>\n<meta property=\"og:image\" content=\"http:\/\/www.visit-ulcinj.com\/blog\/wp-content\/uploads\/2013\/06\/Nazif-Cungu-Ulqin.jpg\" \/>\n<meta name=\"twitter:label1\" content=\"Written by\" \/>\n\t<meta name=\"twitter:data1\" content=\"ulqini\" \/>\n\t<meta name=\"twitter:label2\" content=\"Est. reading time\" \/>\n\t<meta name=\"twitter:data2\" content=\"6 minutes\" \/>\n<script type=\"application\/ld+json\" class=\"yoast-schema-graph\">{\"@context\":\"https:\/\/schema.org\",\"@graph\":[{\"@type\":\"WebSite\",\"@id\":\"https:\/\/www.visit-ulcinj.com\/blog\/#website\",\"url\":\"https:\/\/www.visit-ulcinj.com\/blog\/\",\"name\":\"Lajme nga Ulqini\",\"description\":\"Lajme,Vijesti,Ulqini,Ulqin,Crna Gora,Mali i Zi\",\"potentialAction\":[{\"@type\":\"SearchAction\",\"target\":{\"@type\":\"EntryPoint\",\"urlTemplate\":\"https:\/\/www.visit-ulcinj.com\/blog\/?s={search_term_string}\"},\"query-input\":\"required name=search_term_string\"}],\"inLanguage\":\"en-US\"},{\"@type\":\"ImageObject\",\"inLanguage\":\"en-US\",\"@id\":\"https:\/\/www.visit-ulcinj.com\/blog\/2013\/06\/28\/konferenca-per-media-e-dhene-sot-nga-nazif-cungu\/#primaryimage\",\"url\":\"https:\/\/www.visit-ulcinj.com\/blog\/wp-content\/uploads\/2013\/06\/Nazif-Cungu-Ulqin.jpg\",\"contentUrl\":\"https:\/\/www.visit-ulcinj.com\/blog\/wp-content\/uploads\/2013\/06\/Nazif-Cungu-Ulqin.jpg\",\"width\":508,\"height\":381},{\"@type\":\"WebPage\",\"@id\":\"https:\/\/www.visit-ulcinj.com\/blog\/2013\/06\/28\/konferenca-per-media-e-dhene-sot-nga-nazif-cungu\/#webpage\",\"url\":\"https:\/\/www.visit-ulcinj.com\/blog\/2013\/06\/28\/konferenca-per-media-e-dhene-sot-nga-nazif-cungu\/\",\"name\":\"Konferenca p\u00ebr media e dh\u00ebn\u00eb sot nga Nazif Cungu - Lajme nga Ulqini\",\"isPartOf\":{\"@id\":\"https:\/\/www.visit-ulcinj.com\/blog\/#website\"},\"primaryImageOfPage\":{\"@id\":\"https:\/\/www.visit-ulcinj.com\/blog\/2013\/06\/28\/konferenca-per-media-e-dhene-sot-nga-nazif-cungu\/#primaryimage\"},\"datePublished\":\"2013-06-28T16:10:34+00:00\",\"dateModified\":\"2013-07-01T17:35:23+00:00\",\"author\":{\"@id\":\"https:\/\/www.visit-ulcinj.com\/blog\/#\/schema\/person\/dcab619c614d3038751c63bc2aadc06d\"},\"description\":\"T\u00eb nderuar qytetar, T\u00eb nderuar p\u00ebrfaqsues t\u00eb medijave, Jemi n\u00eb prag t\u00eb sezonit turistike dhe dua tu ju informoj lidhur me disa aktivitete e nd\u00ebrmarra nga\",\"breadcrumb\":{\"@id\":\"https:\/\/www.visit-ulcinj.com\/blog\/2013\/06\/28\/konferenca-per-media-e-dhene-sot-nga-nazif-cungu\/#breadcrumb\"},\"inLanguage\":\"en-US\",\"potentialAction\":[{\"@type\":\"ReadAction\",\"target\":[\"https:\/\/www.visit-ulcinj.com\/blog\/2013\/06\/28\/konferenca-per-media-e-dhene-sot-nga-nazif-cungu\/\"]}]},{\"@type\":\"BreadcrumbList\",\"@id\":\"https:\/\/www.visit-ulcinj.com\/blog\/2013\/06\/28\/konferenca-per-media-e-dhene-sot-nga-nazif-cungu\/#breadcrumb\",\"itemListElement\":[{\"@type\":\"ListItem\",\"position\":1,\"name\":\"Konferenca p\u00ebr media e dh\u00ebn\u00eb sot nga Nazif Cungu\"}]},{\"@type\":\"Person\",\"@id\":\"https:\/\/www.visit-ulcinj.com\/blog\/#\/schema\/person\/dcab619c614d3038751c63bc2aadc06d\",\"name\":\"ulqini\",\"sameAs\":[\"http:\/\/www.visit-ulcinj.com\"],\"url\":\"https:\/\/www.visit-ulcinj.com\/blog\/author\/admin\/\"}]}<\/script>\n<!-- \/ Yoast SEO plugin. -->","yoast_head_json":{"title":"Konferenca p\u00ebr media e dh\u00ebn\u00eb sot nga Nazif Cungu - Lajme nga Ulqini","description":"T\u00eb nderuar qytetar, T\u00eb nderuar p\u00ebrfaqsues t\u00eb medijave, Jemi n\u00eb prag t\u00eb sezonit turistike dhe dua tu ju informoj lidhur me disa aktivitete e nd\u00ebrmarra nga","robots":{"index":"index","follow":"follow","max-snippet":"max-snippet:-1","max-image-preview":"max-image-preview:large","max-video-preview":"max-video-preview:-1"},"canonical":"https:\/\/www.visit-ulcinj.com\/blog\/2013\/06\/28\/konferenca-per-media-e-dhene-sot-nga-nazif-cungu\/","og_locale":"en_US","og_type":"article","og_title":"Konferenca p\u00ebr media e dh\u00ebn\u00eb sot nga Nazif Cungu - Lajme nga Ulqini","og_description":"T\u00eb nderuar qytetar, T\u00eb nderuar p\u00ebrfaqsues t\u00eb medijave, Jemi n\u00eb prag t\u00eb sezonit turistike dhe dua tu ju informoj lidhur me disa aktivitete e nd\u00ebrmarra nga","og_url":"https:\/\/www.visit-ulcinj.com\/blog\/2013\/06\/28\/konferenca-per-media-e-dhene-sot-nga-nazif-cungu\/","og_site_name":"Lajme nga Ulqini","article_published_time":"2013-06-28T16:10:34+00:00","article_modified_time":"2013-07-01T17:35:23+00:00","og_image":[{"url":"http:\/\/www.visit-ulcinj.com\/blog\/wp-content\/uploads\/2013\/06\/Nazif-Cungu-Ulqin.jpg"}],"twitter_misc":{"Written by":"ulqini","Est. reading time":"6 minutes"},"schema":{"@context":"https:\/\/schema.org","@graph":[{"@type":"WebSite","@id":"https:\/\/www.visit-ulcinj.com\/blog\/#website","url":"https:\/\/www.visit-ulcinj.com\/blog\/","name":"Lajme nga Ulqini","description":"Lajme,Vijesti,Ulqini,Ulqin,Crna Gora,Mali i Zi","potentialAction":[{"@type":"SearchAction","target":{"@type":"EntryPoint","urlTemplate":"https:\/\/www.visit-ulcinj.com\/blog\/?s={search_term_string}"},"query-input":"required name=search_term_string"}],"inLanguage":"en-US"},{"@type":"ImageObject","inLanguage":"en-US","@id":"https:\/\/www.visit-ulcinj.com\/blog\/2013\/06\/28\/konferenca-per-media-e-dhene-sot-nga-nazif-cungu\/#primaryimage","url":"https:\/\/www.visit-ulcinj.com\/blog\/wp-content\/uploads\/2013\/06\/Nazif-Cungu-Ulqin.jpg","contentUrl":"https:\/\/www.visit-ulcinj.com\/blog\/wp-content\/uploads\/2013\/06\/Nazif-Cungu-Ulqin.jpg","width":508,"height":381},{"@type":"WebPage","@id":"https:\/\/www.visit-ulcinj.com\/blog\/2013\/06\/28\/konferenca-per-media-e-dhene-sot-nga-nazif-cungu\/#webpage","url":"https:\/\/www.visit-ulcinj.com\/blog\/2013\/06\/28\/konferenca-per-media-e-dhene-sot-nga-nazif-cungu\/","name":"Konferenca p\u00ebr media e dh\u00ebn\u00eb sot nga Nazif Cungu - Lajme nga Ulqini","isPartOf":{"@id":"https:\/\/www.visit-ulcinj.com\/blog\/#website"},"primaryImageOfPage":{"@id":"https:\/\/www.visit-ulcinj.com\/blog\/2013\/06\/28\/konferenca-per-media-e-dhene-sot-nga-nazif-cungu\/#primaryimage"},"datePublished":"2013-06-28T16:10:34+00:00","dateModified":"2013-07-01T17:35:23+00:00","author":{"@id":"https:\/\/www.visit-ulcinj.com\/blog\/#\/schema\/person\/dcab619c614d3038751c63bc2aadc06d"},"description":"T\u00eb nderuar qytetar, T\u00eb nderuar p\u00ebrfaqsues t\u00eb medijave, Jemi n\u00eb prag t\u00eb sezonit turistike dhe dua tu ju informoj lidhur me disa aktivitete e nd\u00ebrmarra nga","breadcrumb":{"@id":"https:\/\/www.visit-ulcinj.com\/blog\/2013\/06\/28\/konferenca-per-media-e-dhene-sot-nga-nazif-cungu\/#breadcrumb"},"inLanguage":"en-US","potentialAction":[{"@type":"ReadAction","target":["https:\/\/www.visit-ulcinj.com\/blog\/2013\/06\/28\/konferenca-per-media-e-dhene-sot-nga-nazif-cungu\/"]}]},{"@type":"BreadcrumbList","@id":"https:\/\/www.visit-ulcinj.com\/blog\/2013\/06\/28\/konferenca-per-media-e-dhene-sot-nga-nazif-cungu\/#breadcrumb","itemListElement":[{"@type":"ListItem","position":1,"name":"Konferenca p\u00ebr media e dh\u00ebn\u00eb sot nga Nazif Cungu"}]},{"@type":"Person","@id":"https:\/\/www.visit-ulcinj.com\/blog\/#\/schema\/person\/dcab619c614d3038751c63bc2aadc06d","name":"ulqini","sameAs":["http:\/\/www.visit-ulcinj.com"],"url":"https:\/\/www.visit-ulcinj.com\/blog\/author\/admin\/"}]}},"jetpack_featured_media_url":"","jetpack_sharing_enabled":true,"jetpack_shortlink":"https:\/\/wp.me\/pe6lTn-iVe","_links":{"self":[{"href":"https:\/\/www.visit-ulcinj.com\/blog\/wp-json\/wp\/v2\/posts\/72740"}],"collection":[{"href":"https:\/\/www.visit-ulcinj.com\/blog\/wp-json\/wp\/v2\/posts"}],"about":[{"href":"https:\/\/www.visit-ulcinj.com\/blog\/wp-json\/wp\/v2\/types\/post"}],"author":[{"embeddable":true,"href":"https:\/\/www.visit-ulcinj.com\/blog\/wp-json\/wp\/v2\/users\/1"}],"replies":[{"embeddable":true,"href":"https:\/\/www.visit-ulcinj.com\/blog\/wp-json\/wp\/v2\/comments?post=72740"}],"version-history":[{"count":6,"href":"https:\/\/www.visit-ulcinj.com\/blog\/wp-json\/wp\/v2\/posts\/72740\/revisions"}],"predecessor-version":[{"id":72755,"href":"https:\/\/www.visit-ulcinj.com\/blog\/wp-json\/wp\/v2\/posts\/72740\/revisions\/72755"}],"wp:attachment":[{"href":"https:\/\/www.visit-ulcinj.com\/blog\/wp-json\/wp\/v2\/media?parent=72740"}],"wp:term":[{"taxonomy":"category","embeddable":true,"href":"https:\/\/www.visit-ulcinj.com\/blog\/wp-json\/wp\/v2\/categories?post=72740"},{"taxonomy":"post_tag","embeddable":true,"href":"https:\/\/www.visit-ulcinj.com\/blog\/wp-json\/wp\/v2\/tags?post=72740"}],"curies":[{"name":"wp","href":"https:\/\/api.w.org\/{rel}","templated":true}]}}