{"id":72764,"date":"2013-06-28T18:19:46","date_gmt":"2013-06-28T17:19:46","guid":{"rendered":"http:\/\/www.visit-ulcinj.com\/blog\/?p=72764"},"modified":"2013-06-28T18:20:02","modified_gmt":"2013-06-28T17:20:02","slug":"mogul-ngritet-padi-penale-kunder-punonjesve-te-policise","status":"publish","type":"post","link":"https:\/\/www.visit-ulcinj.com\/blog\/2013\/06\/28\/mogul-ngritet-padi-penale-kunder-punonjesve-te-policise\/","title":{"rendered":"MogUL: Ngritet padi penale kund\u00ebr punonj\u00ebsve t\u00eb policis\u00eb"},"content":{"rendered":"<p><a href=\"http:\/\/www.visit-ulcinj.com\/blog\/wp-content\/uploads\/2013\/06\/MogUL-Ngritet-padi-penale.jpg\"><img loading=\"lazy\" class=\"alignleft  wp-image-72765\" alt=\"MogUL- Ngritet padi penale\" src=\"http:\/\/www.visit-ulcinj.com\/blog\/wp-content\/uploads\/2013\/06\/MogUL-Ngritet-padi-penale.jpg\" width=\"508\" height=\"360\" \/><\/a>\u201cMogUL me p\u00ebrkrahjen e Aleanc\u00ebs qytetare, ka ngritur padi penale kund\u00ebr punonj\u00ebsve t\u00eb policis\u00eb, si edhe ndaj punonj\u00ebsve t\u00eb KHT \u201eRiviera e Ulqinit\u201c t\u00eb cil\u00ebt me dat\u00ebn 15 qershor 2013, n\u00eb rrug\u00ebn publike regjionale (Rruga regjionale Ulqin-Ad\u00eb R 17, e sh\u00ebnuar si parcela kadastrale num\u00ebr 1405 Rrug\u00ebt publike, nr. 110 Shtoj i ep\u00ebrm, si pron\u00eb e shtetit \u2013 t\u00eb mirat detare) kan\u00eb penguar dhe ndaluar kalimin e qytetar\u00ebve t\u00eb mbledhur. Padija penale \u00ebsht\u00eb d\u00ebrguar me 26 qershor tek Prokurori themelor shtet\u00ebror n\u00eb Ulqin, dhe e nj\u00ebjta \u00ebsht\u00eb d\u00ebrguar dhe Ministris\u00eb s\u00eb drejt\u00ebsis\u00eb, Prokurorit t\u00eb lart t\u00eb shtetit, Ministris\u00eb s\u00eb pun\u00ebve t\u00eb brendshme, drejtorit t\u00eb Drejtoris\u00eb s\u00eb policis\u00eb. Ombudspersonit, departamentit p\u00ebr kontroll t\u00eb brendshme t\u00eb pun\u00ebs s\u00eb policis\u00eb dhe K\u00ebshillit p\u00ebr kontroll qytetare t\u00eb pun\u00ebs s\u00eb policis\u00eb.<\/p>\n<p>Punonj\u00ebsit e policis\u00eb at\u00eb dit\u00eb, jo vet\u00ebm q\u00eb nuk kan\u00eb kryer detyr\u00ebn dhe obligimin e vet n\u00eb baz\u00eb t\u00eb s\u00eb cil\u00ebs duhet ti mund\u00ebsonin qytetar\u00ebve t\u00eb realizojn\u00eb t\u00eb drejtat e veta p\u00ebr lirin\u00eb e l\u00ebvizjes, por, ato b\u00ebn\u00eb t\u00eb kund\u00ebrt\u00ebn, i asistuan pun\u00ebtor\u00ebve t\u00eb KHT \u201cRiviera e Ulqinit\u201d n\u00eb ndalimin e l\u00ebvizjes t\u00eb nj\u00eb grupi t\u00eb qytetar\u00ebve n\u00eb rrug\u00ebn publike. N\u00eb k\u00ebt\u00eb m\u00ebnyr\u00eb ato n\u00eb m\u00ebnyr\u00eb t\u00eb drejtp\u00ebrdrejt kan\u00eb marr\u00eb pjes\u00eb n\u00eb shkeljen e T\u00eb Drejt\u00ebs kushtetuese dhe kan\u00eb kryer vep\u00ebr penale sepse n\u00eb m\u00ebnyr\u00eb t\u00eb paligjshme kan\u00eb shfryt\u00ebzuar pozicionin zyrtar.<\/p>\n<p>N\u00eb rastin konkret apelojm\u00eb n\u00eb institucionet kompetente, t\u00eb cil\u00ebt i kemi lajm\u00ebruar n\u00eb m\u00ebnyr\u00eb direkte p\u00ebr Padin\u00eb, q\u00eb t\u00eb reagojn\u00eb n\u00eb m\u00ebnyr\u00eb t\u00eb ligjshme dhe n\u00eb pajtim me ligjin t\u00eb d\u00ebnojn\u00eb shkel\u00ebsit dhe ato q\u00eb dhan\u00eb vendim q\u00eb t\u00eb kryhet kjo vep\u00ebr penale\u201d, thuhet n\u00eb fund t\u00eb kumtes\u00ebs s\u00eb MogUL.<\/p>\n<p>&nbsp;<\/p>\n<p><strong><strong>Ulqin, 28.06.2013<\/strong><\/strong><\/p>\n<p><strong> Monitoring group Ulqin- Mogul<\/strong><\/p>\n","protected":false},"excerpt":{"rendered":"<p>\u201cMogUL me p\u00ebrkrahjen e Aleanc\u00ebs qytetare, ka ngritur padi penale kund\u00ebr punonj\u00ebsve t\u00eb policis\u00eb, si edhe ndaj punonj\u00ebsve t\u00eb KHT \u201eRiviera e Ulqinit\u201c t\u00eb cil\u00ebt me dat\u00ebn 15 qershor 2013, n\u00eb rrug\u00ebn publike regjionale (Rruga regjionale Ulqin-Ad\u00eb R 17, e sh\u00ebnuar si parcela kadastrale num\u00ebr 1405 Rrug\u00ebt publike, nr. 110 Shtoj i ep\u00ebrm, si pron\u00eb [&hellip;]<\/p>\n","protected":false},"author":1,"featured_media":0,"comment_status":"closed","ping_status":"closed","sticky":false,"template":"","format":"standard","meta":{"spay_email":"","jetpack_publicize_message":"","jetpack_is_tweetstorm":false,"jetpack_publicize_feature_enabled":true},"categories":[12],"tags":[],"jetpack_publicize_connections":[],"yoast_head":"<!-- This site is optimized with the Yoast SEO plugin v19.1 - https:\/\/yoast.com\/wordpress\/plugins\/seo\/ -->\n<title>MogUL: Ngritet padi penale kund\u00ebr punonj\u00ebsve t\u00eb policis\u00eb - Lajme nga Ulqini<\/title>\n<meta name=\"description\" content=\"\u201cMogUL me p\u00ebrkrahjen e Aleanc\u00ebs qytetare, ka ngritur padi penale kund\u00ebr punonj\u00ebsve t\u00eb policis\u00eb, si edhe ndaj punonj\u00ebsve t\u00eb KHT \u201eRiviera e Ulqinit\u201c t\u00eb\" \/>\n<meta name=\"robots\" content=\"index, follow, max-snippet:-1, max-image-preview:large, max-video-preview:-1\" \/>\n<link rel=\"canonical\" href=\"https:\/\/www.visit-ulcinj.com\/blog\/2013\/06\/28\/mogul-ngritet-padi-penale-kunder-punonjesve-te-policise\/\" \/>\n<meta property=\"og:locale\" content=\"en_US\" \/>\n<meta property=\"og:type\" content=\"article\" \/>\n<meta property=\"og:title\" content=\"MogUL: Ngritet padi penale kund\u00ebr punonj\u00ebsve t\u00eb policis\u00eb - Lajme nga Ulqini\" \/>\n<meta property=\"og:description\" content=\"\u201cMogUL me p\u00ebrkrahjen e Aleanc\u00ebs qytetare, ka ngritur padi penale kund\u00ebr punonj\u00ebsve t\u00eb policis\u00eb, si edhe ndaj punonj\u00ebsve t\u00eb KHT \u201eRiviera e Ulqinit\u201c t\u00eb\" \/>\n<meta property=\"og:url\" content=\"https:\/\/www.visit-ulcinj.com\/blog\/2013\/06\/28\/mogul-ngritet-padi-penale-kunder-punonjesve-te-policise\/\" \/>\n<meta property=\"og:site_name\" content=\"Lajme nga Ulqini\" \/>\n<meta property=\"article:published_time\" content=\"2013-06-28T17:19:46+00:00\" \/>\n<meta property=\"article:modified_time\" content=\"2013-06-28T17:20:02+00:00\" \/>\n<meta property=\"og:image\" content=\"http:\/\/www.visit-ulcinj.com\/blog\/wp-content\/uploads\/2013\/06\/MogUL-Ngritet-padi-penale.jpg\" \/>\n<meta name=\"twitter:label1\" content=\"Written by\" \/>\n\t<meta name=\"twitter:data1\" content=\"ulqini\" \/>\n\t<meta name=\"twitter:label2\" content=\"Est. reading time\" \/>\n\t<meta name=\"twitter:data2\" content=\"2 minutes\" \/>\n<script type=\"application\/ld+json\" class=\"yoast-schema-graph\">{\"@context\":\"https:\/\/schema.org\",\"@graph\":[{\"@type\":\"WebSite\",\"@id\":\"https:\/\/www.visit-ulcinj.com\/blog\/#website\",\"url\":\"https:\/\/www.visit-ulcinj.com\/blog\/\",\"name\":\"Lajme nga Ulqini\",\"description\":\"Lajme,Vijesti,Ulqini,Ulqin,Crna Gora,Mali i Zi\",\"potentialAction\":[{\"@type\":\"SearchAction\",\"target\":{\"@type\":\"EntryPoint\",\"urlTemplate\":\"https:\/\/www.visit-ulcinj.com\/blog\/?s={search_term_string}\"},\"query-input\":\"required name=search_term_string\"}],\"inLanguage\":\"en-US\"},{\"@type\":\"ImageObject\",\"inLanguage\":\"en-US\",\"@id\":\"https:\/\/www.visit-ulcinj.com\/blog\/2013\/06\/28\/mogul-ngritet-padi-penale-kunder-punonjesve-te-policise\/#primaryimage\",\"url\":\"https:\/\/www.visit-ulcinj.com\/blog\/wp-content\/uploads\/2013\/06\/MogUL-Ngritet-padi-penale.jpg\",\"contentUrl\":\"https:\/\/www.visit-ulcinj.com\/blog\/wp-content\/uploads\/2013\/06\/MogUL-Ngritet-padi-penale.jpg\",\"width\":640,\"height\":480},{\"@type\":\"WebPage\",\"@id\":\"https:\/\/www.visit-ulcinj.com\/blog\/2013\/06\/28\/mogul-ngritet-padi-penale-kunder-punonjesve-te-policise\/#webpage\",\"url\":\"https:\/\/www.visit-ulcinj.com\/blog\/2013\/06\/28\/mogul-ngritet-padi-penale-kunder-punonjesve-te-policise\/\",\"name\":\"MogUL: Ngritet padi penale kund\u00ebr punonj\u00ebsve t\u00eb policis\u00eb - Lajme nga Ulqini\",\"isPartOf\":{\"@id\":\"https:\/\/www.visit-ulcinj.com\/blog\/#website\"},\"primaryImageOfPage\":{\"@id\":\"https:\/\/www.visit-ulcinj.com\/blog\/2013\/06\/28\/mogul-ngritet-padi-penale-kunder-punonjesve-te-policise\/#primaryimage\"},\"datePublished\":\"2013-06-28T17:19:46+00:00\",\"dateModified\":\"2013-06-28T17:20:02+00:00\",\"author\":{\"@id\":\"https:\/\/www.visit-ulcinj.com\/blog\/#\/schema\/person\/dcab619c614d3038751c63bc2aadc06d\"},\"description\":\"\u201cMogUL me p\u00ebrkrahjen e Aleanc\u00ebs qytetare, ka ngritur padi penale kund\u00ebr punonj\u00ebsve t\u00eb policis\u00eb, si edhe ndaj punonj\u00ebsve t\u00eb KHT \u201eRiviera e Ulqinit\u201c t\u00eb\",\"breadcrumb\":{\"@id\":\"https:\/\/www.visit-ulcinj.com\/blog\/2013\/06\/28\/mogul-ngritet-padi-penale-kunder-punonjesve-te-policise\/#breadcrumb\"},\"inLanguage\":\"en-US\",\"potentialAction\":[{\"@type\":\"ReadAction\",\"target\":[\"https:\/\/www.visit-ulcinj.com\/blog\/2013\/06\/28\/mogul-ngritet-padi-penale-kunder-punonjesve-te-policise\/\"]}]},{\"@type\":\"BreadcrumbList\",\"@id\":\"https:\/\/www.visit-ulcinj.com\/blog\/2013\/06\/28\/mogul-ngritet-padi-penale-kunder-punonjesve-te-policise\/#breadcrumb\",\"itemListElement\":[{\"@type\":\"ListItem\",\"position\":1,\"name\":\"MogUL: Ngritet padi penale kund\u00ebr punonj\u00ebsve t\u00eb policis\u00eb\"}]},{\"@type\":\"Person\",\"@id\":\"https:\/\/www.visit-ulcinj.com\/blog\/#\/schema\/person\/dcab619c614d3038751c63bc2aadc06d\",\"name\":\"ulqini\",\"sameAs\":[\"http:\/\/www.visit-ulcinj.com\"],\"url\":\"https:\/\/www.visit-ulcinj.com\/blog\/author\/admin\/\"}]}<\/script>\n<!-- \/ Yoast SEO plugin. -->","yoast_head_json":{"title":"MogUL: Ngritet padi penale kund\u00ebr punonj\u00ebsve t\u00eb policis\u00eb - Lajme nga Ulqini","description":"\u201cMogUL me p\u00ebrkrahjen e Aleanc\u00ebs qytetare, ka ngritur padi penale kund\u00ebr punonj\u00ebsve t\u00eb policis\u00eb, si edhe ndaj punonj\u00ebsve t\u00eb KHT \u201eRiviera e Ulqinit\u201c t\u00eb","robots":{"index":"index","follow":"follow","max-snippet":"max-snippet:-1","max-image-preview":"max-image-preview:large","max-video-preview":"max-video-preview:-1"},"canonical":"https:\/\/www.visit-ulcinj.com\/blog\/2013\/06\/28\/mogul-ngritet-padi-penale-kunder-punonjesve-te-policise\/","og_locale":"en_US","og_type":"article","og_title":"MogUL: Ngritet padi penale kund\u00ebr punonj\u00ebsve t\u00eb policis\u00eb - Lajme nga Ulqini","og_description":"\u201cMogUL me p\u00ebrkrahjen e Aleanc\u00ebs qytetare, ka ngritur padi penale kund\u00ebr punonj\u00ebsve t\u00eb policis\u00eb, si edhe ndaj punonj\u00ebsve t\u00eb KHT \u201eRiviera e Ulqinit\u201c t\u00eb","og_url":"https:\/\/www.visit-ulcinj.com\/blog\/2013\/06\/28\/mogul-ngritet-padi-penale-kunder-punonjesve-te-policise\/","og_site_name":"Lajme nga Ulqini","article_published_time":"2013-06-28T17:19:46+00:00","article_modified_time":"2013-06-28T17:20:02+00:00","og_image":[{"url":"http:\/\/www.visit-ulcinj.com\/blog\/wp-content\/uploads\/2013\/06\/MogUL-Ngritet-padi-penale.jpg"}],"twitter_misc":{"Written by":"ulqini","Est. reading time":"2 minutes"},"schema":{"@context":"https:\/\/schema.org","@graph":[{"@type":"WebSite","@id":"https:\/\/www.visit-ulcinj.com\/blog\/#website","url":"https:\/\/www.visit-ulcinj.com\/blog\/","name":"Lajme nga Ulqini","description":"Lajme,Vijesti,Ulqini,Ulqin,Crna Gora,Mali i Zi","potentialAction":[{"@type":"SearchAction","target":{"@type":"EntryPoint","urlTemplate":"https:\/\/www.visit-ulcinj.com\/blog\/?s={search_term_string}"},"query-input":"required name=search_term_string"}],"inLanguage":"en-US"},{"@type":"ImageObject","inLanguage":"en-US","@id":"https:\/\/www.visit-ulcinj.com\/blog\/2013\/06\/28\/mogul-ngritet-padi-penale-kunder-punonjesve-te-policise\/#primaryimage","url":"https:\/\/www.visit-ulcinj.com\/blog\/wp-content\/uploads\/2013\/06\/MogUL-Ngritet-padi-penale.jpg","contentUrl":"https:\/\/www.visit-ulcinj.com\/blog\/wp-content\/uploads\/2013\/06\/MogUL-Ngritet-padi-penale.jpg","width":640,"height":480},{"@type":"WebPage","@id":"https:\/\/www.visit-ulcinj.com\/blog\/2013\/06\/28\/mogul-ngritet-padi-penale-kunder-punonjesve-te-policise\/#webpage","url":"https:\/\/www.visit-ulcinj.com\/blog\/2013\/06\/28\/mogul-ngritet-padi-penale-kunder-punonjesve-te-policise\/","name":"MogUL: Ngritet padi penale kund\u00ebr punonj\u00ebsve t\u00eb policis\u00eb - Lajme nga Ulqini","isPartOf":{"@id":"https:\/\/www.visit-ulcinj.com\/blog\/#website"},"primaryImageOfPage":{"@id":"https:\/\/www.visit-ulcinj.com\/blog\/2013\/06\/28\/mogul-ngritet-padi-penale-kunder-punonjesve-te-policise\/#primaryimage"},"datePublished":"2013-06-28T17:19:46+00:00","dateModified":"2013-06-28T17:20:02+00:00","author":{"@id":"https:\/\/www.visit-ulcinj.com\/blog\/#\/schema\/person\/dcab619c614d3038751c63bc2aadc06d"},"description":"\u201cMogUL me p\u00ebrkrahjen e Aleanc\u00ebs qytetare, ka ngritur padi penale kund\u00ebr punonj\u00ebsve t\u00eb policis\u00eb, si edhe ndaj punonj\u00ebsve t\u00eb KHT \u201eRiviera e Ulqinit\u201c t\u00eb","breadcrumb":{"@id":"https:\/\/www.visit-ulcinj.com\/blog\/2013\/06\/28\/mogul-ngritet-padi-penale-kunder-punonjesve-te-policise\/#breadcrumb"},"inLanguage":"en-US","potentialAction":[{"@type":"ReadAction","target":["https:\/\/www.visit-ulcinj.com\/blog\/2013\/06\/28\/mogul-ngritet-padi-penale-kunder-punonjesve-te-policise\/"]}]},{"@type":"BreadcrumbList","@id":"https:\/\/www.visit-ulcinj.com\/blog\/2013\/06\/28\/mogul-ngritet-padi-penale-kunder-punonjesve-te-policise\/#breadcrumb","itemListElement":[{"@type":"ListItem","position":1,"name":"MogUL: Ngritet padi penale kund\u00ebr punonj\u00ebsve t\u00eb policis\u00eb"}]},{"@type":"Person","@id":"https:\/\/www.visit-ulcinj.com\/blog\/#\/schema\/person\/dcab619c614d3038751c63bc2aadc06d","name":"ulqini","sameAs":["http:\/\/www.visit-ulcinj.com"],"url":"https:\/\/www.visit-ulcinj.com\/blog\/author\/admin\/"}]}},"jetpack_featured_media_url":"","jetpack_sharing_enabled":true,"jetpack_shortlink":"https:\/\/wp.me\/pe6lTn-iVC","_links":{"self":[{"href":"https:\/\/www.visit-ulcinj.com\/blog\/wp-json\/wp\/v2\/posts\/72764"}],"collection":[{"href":"https:\/\/www.visit-ulcinj.com\/blog\/wp-json\/wp\/v2\/posts"}],"about":[{"href":"https:\/\/www.visit-ulcinj.com\/blog\/wp-json\/wp\/v2\/types\/post"}],"author":[{"embeddable":true,"href":"https:\/\/www.visit-ulcinj.com\/blog\/wp-json\/wp\/v2\/users\/1"}],"replies":[{"embeddable":true,"href":"https:\/\/www.visit-ulcinj.com\/blog\/wp-json\/wp\/v2\/comments?post=72764"}],"version-history":[{"count":2,"href":"https:\/\/www.visit-ulcinj.com\/blog\/wp-json\/wp\/v2\/posts\/72764\/revisions"}],"predecessor-version":[{"id":72767,"href":"https:\/\/www.visit-ulcinj.com\/blog\/wp-json\/wp\/v2\/posts\/72764\/revisions\/72767"}],"wp:attachment":[{"href":"https:\/\/www.visit-ulcinj.com\/blog\/wp-json\/wp\/v2\/media?parent=72764"}],"wp:term":[{"taxonomy":"category","embeddable":true,"href":"https:\/\/www.visit-ulcinj.com\/blog\/wp-json\/wp\/v2\/categories?post=72764"},{"taxonomy":"post_tag","embeddable":true,"href":"https:\/\/www.visit-ulcinj.com\/blog\/wp-json\/wp\/v2\/tags?post=72764"}],"curies":[{"name":"wp","href":"https:\/\/api.w.org\/{rel}","templated":true}]}}