{"id":7277,"date":"2008-12-15T16:03:08","date_gmt":"2008-12-15T15:03:08","guid":{"rendered":"http:\/\/www.visit-ulcinj.com\/blog\/?p=7277"},"modified":"2008-12-15T16:11:48","modified_gmt":"2008-12-15T15:11:48","slug":"kt-ulqini-nder-me-te-miret","status":"publish","type":"post","link":"https:\/\/www.visit-ulcinj.com\/blog\/2008\/12\/15\/kt-ulqini-nder-me-te-miret\/","title":{"rendered":"KT &#8220;Ulqini&#8221; nd\u00ebr m\u00eb t\u00eb mir\u00ebt"},"content":{"rendered":"<p><a href=\"http:\/\/www.visit-ulcinj.com\/blog\/wp-content\/uploads\/2008\/12\/taekwondo-klub-ulqini1.jpg\"><img loading=\"lazy\" class=\"alignleft size-medium wp-image-7280\" title=\"taekwondo-klub-ulqini1\" src=\"http:\/\/www.visit-ulcinj.com\/blog\/wp-content\/uploads\/2008\/12\/taekwondo-klub-ulqini1-297x300.jpg\" alt=\"\" width=\"297\" height=\"300\" srcset=\"https:\/\/www.visit-ulcinj.com\/blog\/wp-content\/uploads\/2008\/12\/taekwondo-klub-ulqini1-297x300.jpg 297w, https:\/\/www.visit-ulcinj.com\/blog\/wp-content\/uploads\/2008\/12\/taekwondo-klub-ulqini1.jpg 356w\" sizes=\"(max-width: 297px) 100vw, 297px\" \/><\/a>T\u00eb diel\u00ebn n\u00eb podgoric\u00eb u mbajt kupa e malit t\u00eb zi n\u00eb taekwondo p\u00ebr pionier\u00eb, kadet\u00eb, junior\u00eb dhe senior\u00eb<br \/>\nN\u00eb renditjen e p\u00ebrgjithshme &#8220;Ulqini&#8221;-t i takoi vendi i dyt\u00eb n\u00eb kategorin\u00eb e kadet\u00ebve, nd\u00ebrsa vendi i tret\u00eb n\u00eb kategorit\u00eb e pionier\u00ebve, junior\u00ebve dhe senior\u00ebve.<br \/>\nArijeta Zatoviq u shpall kampione e dyfisht\u00eb e Malit t\u00eb Zi, n\u00eb kategorin\u00eb e junior\u00ebve dhe at\u00eb t\u00eb senior\u00ebve.<br \/>\nKlubi i Taekwondos\u00eb &#8220;Ulqini&#8221; d\u00ebshmoi edhe nj\u00eb her\u00eb se \u00ebsht\u00eb nj\u00ebri nd\u00ebr klubet m\u00eb t\u00eb mir\u00eb n\u00eb k\u00ebt\u00eb sport n\u00eb nivel vendor. Garuesit e k\u00ebtij klubi fituan plot 24 medalje, prej t\u00eb cilave shtat\u00eb t\u00eb arta, 11 t\u00eb argjendta dhe gjasht\u00eb t\u00eb bronzta, n\u00eb Kup\u00ebn e Malit t\u00eb Zi p\u00ebr Pionier\u00eb, Kadet\u00eb, Junior\u00eb dhe Senior\u00eb e cila u mbajt t\u00eb diel\u00ebn n\u00eb Podgoric\u00eb. P\u00ebrve\u00e7 k\u00ebtyre medaljeve, KT &#8220;Ulqini&#8221; fitoi edhe kat\u00ebr kupa.<br \/>\nN\u00eb renditjen e p\u00ebrgjithshme &#8220;Ulqini&#8221;-t i takoi vendi i dyt\u00eb n\u00eb kategorin\u00eb e kadet\u00ebve, nd\u00ebrsa vendi i tret\u00eb n\u00eb kategorit\u00eb e pionier\u00ebve, junior\u00ebve dhe senior\u00ebve.<br \/>\nMedalje t\u00eb arta nga KT &#8220;Ulqini&#8221; n\u00eb Kup\u00ebn e Malit t\u00eb Zi fituan Arijeta Zatoviq, e cila u shpall kampione e dyfisht\u00eb, n\u00eb kategorin\u00eb e junior\u00ebve dhe at\u00eb t\u00eb senior\u00ebve, pastai Allmedin Suka, Esad Kraja, Nail Karamanaga, Ardijana Karamanaga dhe Medina Kanaqi.<br \/>\nMe nga dy medalje t\u00eb argjendta u kuror\u00ebzuan Artan Zenuni dhe Leonard Dobreci, nd\u00ebrsa nga nj\u00eb medalje t\u00eb argjendt\u00eb fituan Allmedin Suka, Besnik Shata, Arben Kollari, Artan Fici, Adnan Hasa, Genc Hasa dhe Bojan Vladisavleviq.<br \/>\nDy medalje t\u00eb bronzta p\u00ebr KT &#8220;Ulqini&#8221;-n i fitoi Ardijan Zenuni, nd\u00ebrsa nga nj\u00eb Besnik Shata, Arian Muslimi, Rinor Jahja dhe Izedin Kurti.<br \/>\n<strong>(Kohapress)<\/strong><\/p>\n<!--YouTube Error: bad URL entered-->\n","protected":false},"excerpt":{"rendered":"<p>T\u00eb diel\u00ebn n\u00eb podgoric\u00eb u mbajt kupa e malit t\u00eb zi n\u00eb taekwondo p\u00ebr pionier\u00eb, kadet\u00eb, junior\u00eb dhe senior\u00eb N\u00eb renditjen e p\u00ebrgjithshme &#8220;Ulqini&#8221;-t i takoi vendi i dyt\u00eb n\u00eb kategorin\u00eb e kadet\u00ebve, nd\u00ebrsa vendi i tret\u00eb n\u00eb kategorit\u00eb e pionier\u00ebve, junior\u00ebve dhe senior\u00ebve. Arijeta Zatoviq u shpall kampione e dyfisht\u00eb e Malit t\u00eb Zi, [&hellip;]<\/p>\n","protected":false},"author":1,"featured_media":0,"comment_status":"open","ping_status":"closed","sticky":false,"template":"","format":"standard","meta":{"spay_email":"","jetpack_publicize_message":"","jetpack_is_tweetstorm":false,"jetpack_publicize_feature_enabled":true},"categories":[3],"tags":[95,5237,5238],"jetpack_publicize_connections":[],"yoast_head":"<!-- This site is optimized with the Yoast SEO plugin v19.1 - https:\/\/yoast.com\/wordpress\/plugins\/seo\/ -->\n<title>KT &quot;Ulqini&quot; nd\u00ebr m\u00eb t\u00eb mir\u00ebt - Lajme nga Ulqini<\/title>\n<meta name=\"description\" content=\"T\u00eb diel\u00ebn n\u00eb podgoric\u00eb u mbajt kupa e malit t\u00eb zi n\u00eb taekwondo p\u00ebr pionier\u00eb, kadet\u00eb, junior\u00eb dhe senior\u00eb N\u00eb renditjen e p\u00ebrgjithshme &quot;Ulqini&quot;-t i takoi\" \/>\n<meta name=\"robots\" content=\"index, follow, max-snippet:-1, max-image-preview:large, max-video-preview:-1\" \/>\n<link rel=\"canonical\" href=\"https:\/\/www.visit-ulcinj.com\/blog\/2008\/12\/15\/kt-ulqini-nder-me-te-miret\/\" \/>\n<meta property=\"og:locale\" content=\"en_US\" \/>\n<meta property=\"og:type\" content=\"article\" \/>\n<meta property=\"og:title\" content=\"KT &quot;Ulqini&quot; nd\u00ebr m\u00eb t\u00eb mir\u00ebt - Lajme nga Ulqini\" \/>\n<meta property=\"og:description\" content=\"T\u00eb diel\u00ebn n\u00eb podgoric\u00eb u mbajt kupa e malit t\u00eb zi n\u00eb taekwondo p\u00ebr pionier\u00eb, kadet\u00eb, junior\u00eb dhe senior\u00eb N\u00eb renditjen e p\u00ebrgjithshme &quot;Ulqini&quot;-t i takoi\" \/>\n<meta property=\"og:url\" content=\"https:\/\/www.visit-ulcinj.com\/blog\/2008\/12\/15\/kt-ulqini-nder-me-te-miret\/\" \/>\n<meta property=\"og:site_name\" content=\"Lajme nga Ulqini\" \/>\n<meta property=\"article:published_time\" content=\"2008-12-15T15:03:08+00:00\" \/>\n<meta property=\"article:modified_time\" content=\"2008-12-15T15:11:48+00:00\" \/>\n<meta property=\"og:image\" content=\"http:\/\/www.visit-ulcinj.com\/blog\/wp-content\/uploads\/2008\/12\/taekwondo-klub-ulqini1-297x300.jpg\" \/>\n<meta name=\"twitter:label1\" content=\"Written by\" \/>\n\t<meta name=\"twitter:data1\" content=\"ulqini\" \/>\n\t<meta name=\"twitter:label2\" content=\"Est. reading time\" \/>\n\t<meta name=\"twitter:data2\" content=\"2 minutes\" \/>\n<script type=\"application\/ld+json\" class=\"yoast-schema-graph\">{\"@context\":\"https:\/\/schema.org\",\"@graph\":[{\"@type\":\"WebSite\",\"@id\":\"https:\/\/www.visit-ulcinj.com\/blog\/#website\",\"url\":\"https:\/\/www.visit-ulcinj.com\/blog\/\",\"name\":\"Lajme nga Ulqini\",\"description\":\"Lajme,Vijesti,Ulqini,Ulqin,Crna Gora,Mali i Zi\",\"potentialAction\":[{\"@type\":\"SearchAction\",\"target\":{\"@type\":\"EntryPoint\",\"urlTemplate\":\"https:\/\/www.visit-ulcinj.com\/blog\/?s={search_term_string}\"},\"query-input\":\"required name=search_term_string\"}],\"inLanguage\":\"en-US\"},{\"@type\":\"ImageObject\",\"inLanguage\":\"en-US\",\"@id\":\"https:\/\/www.visit-ulcinj.com\/blog\/2008\/12\/15\/kt-ulqini-nder-me-te-miret\/#primaryimage\",\"url\":\"http:\/\/www.visit-ulcinj.com\/blog\/wp-content\/uploads\/2008\/12\/taekwondo-klub-ulqini1-297x300.jpg\",\"contentUrl\":\"http:\/\/www.visit-ulcinj.com\/blog\/wp-content\/uploads\/2008\/12\/taekwondo-klub-ulqini1-297x300.jpg\"},{\"@type\":\"WebPage\",\"@id\":\"https:\/\/www.visit-ulcinj.com\/blog\/2008\/12\/15\/kt-ulqini-nder-me-te-miret\/#webpage\",\"url\":\"https:\/\/www.visit-ulcinj.com\/blog\/2008\/12\/15\/kt-ulqini-nder-me-te-miret\/\",\"name\":\"KT \\\"Ulqini\\\" nd\u00ebr m\u00eb t\u00eb mir\u00ebt - Lajme nga Ulqini\",\"isPartOf\":{\"@id\":\"https:\/\/www.visit-ulcinj.com\/blog\/#website\"},\"primaryImageOfPage\":{\"@id\":\"https:\/\/www.visit-ulcinj.com\/blog\/2008\/12\/15\/kt-ulqini-nder-me-te-miret\/#primaryimage\"},\"datePublished\":\"2008-12-15T15:03:08+00:00\",\"dateModified\":\"2008-12-15T15:11:48+00:00\",\"author\":{\"@id\":\"https:\/\/www.visit-ulcinj.com\/blog\/#\/schema\/person\/dcab619c614d3038751c63bc2aadc06d\"},\"description\":\"T\u00eb diel\u00ebn n\u00eb podgoric\u00eb u mbajt kupa e malit t\u00eb zi n\u00eb taekwondo p\u00ebr pionier\u00eb, kadet\u00eb, junior\u00eb dhe senior\u00eb N\u00eb renditjen e p\u00ebrgjithshme \\\"Ulqini\\\"-t i takoi\",\"breadcrumb\":{\"@id\":\"https:\/\/www.visit-ulcinj.com\/blog\/2008\/12\/15\/kt-ulqini-nder-me-te-miret\/#breadcrumb\"},\"inLanguage\":\"en-US\",\"potentialAction\":[{\"@type\":\"ReadAction\",\"target\":[\"https:\/\/www.visit-ulcinj.com\/blog\/2008\/12\/15\/kt-ulqini-nder-me-te-miret\/\"]}]},{\"@type\":\"BreadcrumbList\",\"@id\":\"https:\/\/www.visit-ulcinj.com\/blog\/2008\/12\/15\/kt-ulqini-nder-me-te-miret\/#breadcrumb\",\"itemListElement\":[{\"@type\":\"ListItem\",\"position\":1,\"name\":\"KT &#8220;Ulqini&#8221; nd\u00ebr m\u00eb t\u00eb mir\u00ebt\"}]},{\"@type\":\"Person\",\"@id\":\"https:\/\/www.visit-ulcinj.com\/blog\/#\/schema\/person\/dcab619c614d3038751c63bc2aadc06d\",\"name\":\"ulqini\",\"sameAs\":[\"http:\/\/www.visit-ulcinj.com\"],\"url\":\"https:\/\/www.visit-ulcinj.com\/blog\/author\/admin\/\"}]}<\/script>\n<!-- \/ Yoast SEO plugin. -->","yoast_head_json":{"title":"KT \"Ulqini\" nd\u00ebr m\u00eb t\u00eb mir\u00ebt - Lajme nga Ulqini","description":"T\u00eb diel\u00ebn n\u00eb podgoric\u00eb u mbajt kupa e malit t\u00eb zi n\u00eb taekwondo p\u00ebr pionier\u00eb, kadet\u00eb, junior\u00eb dhe senior\u00eb N\u00eb renditjen e p\u00ebrgjithshme \"Ulqini\"-t i takoi","robots":{"index":"index","follow":"follow","max-snippet":"max-snippet:-1","max-image-preview":"max-image-preview:large","max-video-preview":"max-video-preview:-1"},"canonical":"https:\/\/www.visit-ulcinj.com\/blog\/2008\/12\/15\/kt-ulqini-nder-me-te-miret\/","og_locale":"en_US","og_type":"article","og_title":"KT \"Ulqini\" nd\u00ebr m\u00eb t\u00eb mir\u00ebt - Lajme nga Ulqini","og_description":"T\u00eb diel\u00ebn n\u00eb podgoric\u00eb u mbajt kupa e malit t\u00eb zi n\u00eb taekwondo p\u00ebr pionier\u00eb, kadet\u00eb, junior\u00eb dhe senior\u00eb N\u00eb renditjen e p\u00ebrgjithshme \"Ulqini\"-t i takoi","og_url":"https:\/\/www.visit-ulcinj.com\/blog\/2008\/12\/15\/kt-ulqini-nder-me-te-miret\/","og_site_name":"Lajme nga Ulqini","article_published_time":"2008-12-15T15:03:08+00:00","article_modified_time":"2008-12-15T15:11:48+00:00","og_image":[{"url":"http:\/\/www.visit-ulcinj.com\/blog\/wp-content\/uploads\/2008\/12\/taekwondo-klub-ulqini1-297x300.jpg"}],"twitter_misc":{"Written by":"ulqini","Est. reading time":"2 minutes"},"schema":{"@context":"https:\/\/schema.org","@graph":[{"@type":"WebSite","@id":"https:\/\/www.visit-ulcinj.com\/blog\/#website","url":"https:\/\/www.visit-ulcinj.com\/blog\/","name":"Lajme nga Ulqini","description":"Lajme,Vijesti,Ulqini,Ulqin,Crna Gora,Mali i Zi","potentialAction":[{"@type":"SearchAction","target":{"@type":"EntryPoint","urlTemplate":"https:\/\/www.visit-ulcinj.com\/blog\/?s={search_term_string}"},"query-input":"required name=search_term_string"}],"inLanguage":"en-US"},{"@type":"ImageObject","inLanguage":"en-US","@id":"https:\/\/www.visit-ulcinj.com\/blog\/2008\/12\/15\/kt-ulqini-nder-me-te-miret\/#primaryimage","url":"http:\/\/www.visit-ulcinj.com\/blog\/wp-content\/uploads\/2008\/12\/taekwondo-klub-ulqini1-297x300.jpg","contentUrl":"http:\/\/www.visit-ulcinj.com\/blog\/wp-content\/uploads\/2008\/12\/taekwondo-klub-ulqini1-297x300.jpg"},{"@type":"WebPage","@id":"https:\/\/www.visit-ulcinj.com\/blog\/2008\/12\/15\/kt-ulqini-nder-me-te-miret\/#webpage","url":"https:\/\/www.visit-ulcinj.com\/blog\/2008\/12\/15\/kt-ulqini-nder-me-te-miret\/","name":"KT \"Ulqini\" nd\u00ebr m\u00eb t\u00eb mir\u00ebt - Lajme nga Ulqini","isPartOf":{"@id":"https:\/\/www.visit-ulcinj.com\/blog\/#website"},"primaryImageOfPage":{"@id":"https:\/\/www.visit-ulcinj.com\/blog\/2008\/12\/15\/kt-ulqini-nder-me-te-miret\/#primaryimage"},"datePublished":"2008-12-15T15:03:08+00:00","dateModified":"2008-12-15T15:11:48+00:00","author":{"@id":"https:\/\/www.visit-ulcinj.com\/blog\/#\/schema\/person\/dcab619c614d3038751c63bc2aadc06d"},"description":"T\u00eb diel\u00ebn n\u00eb podgoric\u00eb u mbajt kupa e malit t\u00eb zi n\u00eb taekwondo p\u00ebr pionier\u00eb, kadet\u00eb, junior\u00eb dhe senior\u00eb N\u00eb renditjen e p\u00ebrgjithshme \"Ulqini\"-t i takoi","breadcrumb":{"@id":"https:\/\/www.visit-ulcinj.com\/blog\/2008\/12\/15\/kt-ulqini-nder-me-te-miret\/#breadcrumb"},"inLanguage":"en-US","potentialAction":[{"@type":"ReadAction","target":["https:\/\/www.visit-ulcinj.com\/blog\/2008\/12\/15\/kt-ulqini-nder-me-te-miret\/"]}]},{"@type":"BreadcrumbList","@id":"https:\/\/www.visit-ulcinj.com\/blog\/2008\/12\/15\/kt-ulqini-nder-me-te-miret\/#breadcrumb","itemListElement":[{"@type":"ListItem","position":1,"name":"KT &#8220;Ulqini&#8221; nd\u00ebr m\u00eb t\u00eb mir\u00ebt"}]},{"@type":"Person","@id":"https:\/\/www.visit-ulcinj.com\/blog\/#\/schema\/person\/dcab619c614d3038751c63bc2aadc06d","name":"ulqini","sameAs":["http:\/\/www.visit-ulcinj.com"],"url":"https:\/\/www.visit-ulcinj.com\/blog\/author\/admin\/"}]}},"jetpack_featured_media_url":"","jetpack_sharing_enabled":true,"jetpack_shortlink":"https:\/\/wp.me\/pe6lTn-1Tn","_links":{"self":[{"href":"https:\/\/www.visit-ulcinj.com\/blog\/wp-json\/wp\/v2\/posts\/7277"}],"collection":[{"href":"https:\/\/www.visit-ulcinj.com\/blog\/wp-json\/wp\/v2\/posts"}],"about":[{"href":"https:\/\/www.visit-ulcinj.com\/blog\/wp-json\/wp\/v2\/types\/post"}],"author":[{"embeddable":true,"href":"https:\/\/www.visit-ulcinj.com\/blog\/wp-json\/wp\/v2\/users\/1"}],"replies":[{"embeddable":true,"href":"https:\/\/www.visit-ulcinj.com\/blog\/wp-json\/wp\/v2\/comments?post=7277"}],"version-history":[{"count":0,"href":"https:\/\/www.visit-ulcinj.com\/blog\/wp-json\/wp\/v2\/posts\/7277\/revisions"}],"wp:attachment":[{"href":"https:\/\/www.visit-ulcinj.com\/blog\/wp-json\/wp\/v2\/media?parent=7277"}],"wp:term":[{"taxonomy":"category","embeddable":true,"href":"https:\/\/www.visit-ulcinj.com\/blog\/wp-json\/wp\/v2\/categories?post=7277"},{"taxonomy":"post_tag","embeddable":true,"href":"https:\/\/www.visit-ulcinj.com\/blog\/wp-json\/wp\/v2\/tags?post=7277"}],"curies":[{"name":"wp","href":"https:\/\/api.w.org\/{rel}","templated":true}]}}