{"id":72776,"date":"2013-06-28T20:36:00","date_gmt":"2013-06-28T19:36:00","guid":{"rendered":"http:\/\/www.visit-ulcinj.com\/blog\/?p=72776"},"modified":"2013-06-30T14:34:37","modified_gmt":"2013-06-30T13:34:37","slug":"deklarata-e-udsh-se-mbi-vendimet-e-gjykates-ne-lidhje-me-kompensimin-e-punetoreve","status":"publish","type":"post","link":"https:\/\/www.visit-ulcinj.com\/blog\/2013\/06\/28\/deklarata-e-udsh-se-mbi-vendimet-e-gjykates-ne-lidhje-me-kompensimin-e-punetoreve\/","title":{"rendered":"Deklarata e UDSH &#8211; s\u00eb mbi vendimet e Gjykat\u00ebs n\u00eb lidhje me kompensimin e pun\u00ebtor\u00ebve"},"content":{"rendered":"<p><a href=\"http:\/\/www.visit-ulcinj.com\/blog\/wp-content\/uploads\/2013\/06\/MEHMET-ZENKA-UDSH-ULQIN.jpg\"><img loading=\"lazy\" class=\"alignleft  wp-image-72777\" alt=\"MEHMET ZENKA-UDSH-ULQIN\" src=\"http:\/\/www.visit-ulcinj.com\/blog\/wp-content\/uploads\/2013\/06\/MEHMET-ZENKA-UDSH-ULQIN.jpg\" width=\"508\" height=\"360\" \/><\/a>Unioni Demokratik i Shqiptar\u00ebve mir\u00ebpriti vendimin e gjykat\u00ebs e cila detyron hotelin \u201cOtrant\u201d q\u00eb pun\u00ebtor\u00ebve t\u00eb cil\u00ebt n\u00eb m\u00ebnyr\u00eb t\u00eb paligjshme, n\u00eb t\u00eb drejt\u00eb t\u00eb Zotit dhe n\u00eb m\u00ebnyr\u00eb krejt\u00ebsisht jonjer\u00ebzore dhe johumane jan\u00eb p\u00ebrjashtuar nga puna, ti paguhen rrogat e mbetura.<\/p>\n<p>Nga zemra i uroj pun\u00ebtor\u00ebt e hotelit \u201cOtrant\u201d n\u00eb k\u00ebt\u00eb fitore t\u00eb madhe ligjore, ishte koha q\u00eb ato njer\u00ebz t\u00eb p\u00ebrjetojn\u00eb momente lumturie p\u00ebr to dhe familjet e tyre.<\/p>\n<p>Me k\u00ebt\u00eb vendim korrigjohet nj\u00eb nga nj\u00eb s\u00ebr\u00eb padrejt\u00ebsish t\u00eb b\u00ebr\u00eb ndaj disa mij\u00ebra pun\u00ebtor\u00ebve t\u00eb komun\u00ebs s\u00eb Ulqinit t\u00eb cil\u00ebt dy dekadat e fundit kan\u00eb mbetur pa pun\u00eb. \u00cbsht\u00eb d\u00ebm i madh dhe turp akoma m\u00eb i madh fakti q\u00eb mjeshtrit e turizmit dhe gastronomis\u00eb t\u00eb Ulqinit dhe Malit t\u00eb Zi mbas pun\u00ebs s\u00eb tyre t\u00eb ndershme p\u00ebr disa dekada t\u00eb p\u00ebrjashtohen nga puna dhe bukvalisht t\u00eb d\u00ebbohen n\u00eb rrug\u00eb.<\/p>\n<p>Si ndryshe t\u00eb komentojm\u00eb turpin e madh q\u00eb njoh\u00ebsit eminent t\u00eb gastronomis\u00eb dhe fituesit e \u00e7mimeve t\u00eb ndryshme t\u00eb fituara n\u00eb gara t\u00eb ndryshme nga Ulqini n\u00eb Opati, i kan\u00eb konvertuar n\u00eb shit\u00ebs t\u00eb cigareve, gazetave dhe shit\u00ebs n\u00eb kiosk\u00eb. Kjo ndodh sepse hotelet tan\u00eb jan\u00eb shitur njer\u00ebzve q\u00eb porosisin capuccino pa qum\u00ebsht!<\/p>\n<p>Edhe nj\u00ebher\u00eb nga thell\u00ebsia e shpirtit dhe zemr\u00ebs ju uroj miqve dhe koleg\u00ebve t\u00eb mi p\u00ebr fitoren e merituar, m\u00eb n\u00eb fund e drejta i arriti edhe ato.<\/p>\n<p>FALIMINDERIT ZOTIT!<\/p>\n<p>&nbsp;<\/p>\n<p>&nbsp;<\/p>\n<p>Ulqin , m\u00eb 28.06.2013<\/p>\n<p>&nbsp;<\/p>\n<p>Kryetari i UDSH-s\u00eb,<\/p>\n<p>Mehmed \u00a0C. Zenka, d.v.<\/p>\n","protected":false},"excerpt":{"rendered":"<p>Unioni Demokratik i Shqiptar\u00ebve mir\u00ebpriti vendimin e gjykat\u00ebs e cila detyron hotelin \u201cOtrant\u201d q\u00eb pun\u00ebtor\u00ebve t\u00eb cil\u00ebt n\u00eb m\u00ebnyr\u00eb t\u00eb paligjshme, n\u00eb t\u00eb drejt\u00eb t\u00eb Zotit dhe n\u00eb m\u00ebnyr\u00eb krejt\u00ebsisht jonjer\u00ebzore dhe johumane jan\u00eb p\u00ebrjashtuar nga puna, ti paguhen rrogat e mbetura. Nga zemra i uroj pun\u00ebtor\u00ebt e hotelit \u201cOtrant\u201d n\u00eb k\u00ebt\u00eb fitore t\u00eb madhe [&hellip;]<\/p>\n","protected":false},"author":1,"featured_media":0,"comment_status":"closed","ping_status":"closed","sticky":false,"template":"","format":"standard","meta":{"spay_email":"","jetpack_publicize_message":"","jetpack_is_tweetstorm":false,"jetpack_publicize_feature_enabled":true},"categories":[6],"tags":[],"jetpack_publicize_connections":[],"yoast_head":"<!-- This site is optimized with the Yoast SEO plugin v19.1 - https:\/\/yoast.com\/wordpress\/plugins\/seo\/ -->\n<title>Deklarata e UDSH - s\u00eb mbi vendimet e Gjykat\u00ebs n\u00eb lidhje me kompensimin e pun\u00ebtor\u00ebve - Lajme nga Ulqini<\/title>\n<meta name=\"description\" content=\"Unioni Demokratik i Shqiptar\u00ebve mir\u00ebpriti vendimin e gjykat\u00ebs e cila detyron hotelin \u201cOtrant\u201d q\u00eb pun\u00ebtor\u00ebve t\u00eb cil\u00ebt n\u00eb m\u00ebnyr\u00eb t\u00eb paligjshme, n\u00eb t\u00eb drejt\u00eb\" \/>\n<meta name=\"robots\" content=\"index, follow, max-snippet:-1, max-image-preview:large, max-video-preview:-1\" \/>\n<link rel=\"canonical\" href=\"https:\/\/www.visit-ulcinj.com\/blog\/2013\/06\/28\/deklarata-e-udsh-se-mbi-vendimet-e-gjykates-ne-lidhje-me-kompensimin-e-punetoreve\/\" \/>\n<meta property=\"og:locale\" content=\"en_US\" \/>\n<meta property=\"og:type\" content=\"article\" \/>\n<meta property=\"og:title\" content=\"Deklarata e UDSH - s\u00eb mbi vendimet e Gjykat\u00ebs n\u00eb lidhje me kompensimin e pun\u00ebtor\u00ebve - Lajme nga Ulqini\" \/>\n<meta property=\"og:description\" content=\"Unioni Demokratik i Shqiptar\u00ebve mir\u00ebpriti vendimin e gjykat\u00ebs e cila detyron hotelin \u201cOtrant\u201d q\u00eb pun\u00ebtor\u00ebve t\u00eb cil\u00ebt n\u00eb m\u00ebnyr\u00eb t\u00eb paligjshme, n\u00eb t\u00eb drejt\u00eb\" \/>\n<meta property=\"og:url\" content=\"https:\/\/www.visit-ulcinj.com\/blog\/2013\/06\/28\/deklarata-e-udsh-se-mbi-vendimet-e-gjykates-ne-lidhje-me-kompensimin-e-punetoreve\/\" \/>\n<meta property=\"og:site_name\" content=\"Lajme nga Ulqini\" \/>\n<meta property=\"article:published_time\" content=\"2013-06-28T19:36:00+00:00\" \/>\n<meta property=\"article:modified_time\" content=\"2013-06-30T13:34:37+00:00\" \/>\n<meta property=\"og:image\" content=\"http:\/\/www.visit-ulcinj.com\/blog\/wp-content\/uploads\/2013\/06\/MEHMET-ZENKA-UDSH-ULQIN.jpg\" \/>\n<meta name=\"twitter:label1\" content=\"Written by\" \/>\n\t<meta name=\"twitter:data1\" content=\"ulqini\" \/>\n\t<meta name=\"twitter:label2\" content=\"Est. reading time\" \/>\n\t<meta name=\"twitter:data2\" content=\"1 minute\" \/>\n<script type=\"application\/ld+json\" class=\"yoast-schema-graph\">{\"@context\":\"https:\/\/schema.org\",\"@graph\":[{\"@type\":\"WebSite\",\"@id\":\"https:\/\/www.visit-ulcinj.com\/blog\/#website\",\"url\":\"https:\/\/www.visit-ulcinj.com\/blog\/\",\"name\":\"Lajme nga Ulqini\",\"description\":\"Lajme,Vijesti,Ulqini,Ulqin,Crna Gora,Mali i Zi\",\"potentialAction\":[{\"@type\":\"SearchAction\",\"target\":{\"@type\":\"EntryPoint\",\"urlTemplate\":\"https:\/\/www.visit-ulcinj.com\/blog\/?s={search_term_string}\"},\"query-input\":\"required name=search_term_string\"}],\"inLanguage\":\"en-US\"},{\"@type\":\"ImageObject\",\"inLanguage\":\"en-US\",\"@id\":\"https:\/\/www.visit-ulcinj.com\/blog\/2013\/06\/28\/deklarata-e-udsh-se-mbi-vendimet-e-gjykates-ne-lidhje-me-kompensimin-e-punetoreve\/#primaryimage\",\"url\":\"https:\/\/www.visit-ulcinj.com\/blog\/wp-content\/uploads\/2013\/06\/MEHMET-ZENKA-UDSH-ULQIN.jpg\",\"contentUrl\":\"https:\/\/www.visit-ulcinj.com\/blog\/wp-content\/uploads\/2013\/06\/MEHMET-ZENKA-UDSH-ULQIN.jpg\",\"width\":960,\"height\":856},{\"@type\":\"WebPage\",\"@id\":\"https:\/\/www.visit-ulcinj.com\/blog\/2013\/06\/28\/deklarata-e-udsh-se-mbi-vendimet-e-gjykates-ne-lidhje-me-kompensimin-e-punetoreve\/#webpage\",\"url\":\"https:\/\/www.visit-ulcinj.com\/blog\/2013\/06\/28\/deklarata-e-udsh-se-mbi-vendimet-e-gjykates-ne-lidhje-me-kompensimin-e-punetoreve\/\",\"name\":\"Deklarata e UDSH - s\u00eb mbi vendimet e Gjykat\u00ebs n\u00eb lidhje me kompensimin e pun\u00ebtor\u00ebve - Lajme nga Ulqini\",\"isPartOf\":{\"@id\":\"https:\/\/www.visit-ulcinj.com\/blog\/#website\"},\"primaryImageOfPage\":{\"@id\":\"https:\/\/www.visit-ulcinj.com\/blog\/2013\/06\/28\/deklarata-e-udsh-se-mbi-vendimet-e-gjykates-ne-lidhje-me-kompensimin-e-punetoreve\/#primaryimage\"},\"datePublished\":\"2013-06-28T19:36:00+00:00\",\"dateModified\":\"2013-06-30T13:34:37+00:00\",\"author\":{\"@id\":\"https:\/\/www.visit-ulcinj.com\/blog\/#\/schema\/person\/dcab619c614d3038751c63bc2aadc06d\"},\"description\":\"Unioni Demokratik i Shqiptar\u00ebve mir\u00ebpriti vendimin e gjykat\u00ebs e cila detyron hotelin \u201cOtrant\u201d q\u00eb pun\u00ebtor\u00ebve t\u00eb cil\u00ebt n\u00eb m\u00ebnyr\u00eb t\u00eb paligjshme, n\u00eb t\u00eb drejt\u00eb\",\"breadcrumb\":{\"@id\":\"https:\/\/www.visit-ulcinj.com\/blog\/2013\/06\/28\/deklarata-e-udsh-se-mbi-vendimet-e-gjykates-ne-lidhje-me-kompensimin-e-punetoreve\/#breadcrumb\"},\"inLanguage\":\"en-US\",\"potentialAction\":[{\"@type\":\"ReadAction\",\"target\":[\"https:\/\/www.visit-ulcinj.com\/blog\/2013\/06\/28\/deklarata-e-udsh-se-mbi-vendimet-e-gjykates-ne-lidhje-me-kompensimin-e-punetoreve\/\"]}]},{\"@type\":\"BreadcrumbList\",\"@id\":\"https:\/\/www.visit-ulcinj.com\/blog\/2013\/06\/28\/deklarata-e-udsh-se-mbi-vendimet-e-gjykates-ne-lidhje-me-kompensimin-e-punetoreve\/#breadcrumb\",\"itemListElement\":[{\"@type\":\"ListItem\",\"position\":1,\"name\":\"Deklarata e UDSH &#8211; s\u00eb mbi vendimet e Gjykat\u00ebs n\u00eb lidhje me kompensimin e pun\u00ebtor\u00ebve\"}]},{\"@type\":\"Person\",\"@id\":\"https:\/\/www.visit-ulcinj.com\/blog\/#\/schema\/person\/dcab619c614d3038751c63bc2aadc06d\",\"name\":\"ulqini\",\"sameAs\":[\"http:\/\/www.visit-ulcinj.com\"],\"url\":\"https:\/\/www.visit-ulcinj.com\/blog\/author\/admin\/\"}]}<\/script>\n<!-- \/ Yoast SEO plugin. -->","yoast_head_json":{"title":"Deklarata e UDSH - s\u00eb mbi vendimet e Gjykat\u00ebs n\u00eb lidhje me kompensimin e pun\u00ebtor\u00ebve - Lajme nga Ulqini","description":"Unioni Demokratik i Shqiptar\u00ebve mir\u00ebpriti vendimin e gjykat\u00ebs e cila detyron hotelin \u201cOtrant\u201d q\u00eb pun\u00ebtor\u00ebve t\u00eb cil\u00ebt n\u00eb m\u00ebnyr\u00eb t\u00eb paligjshme, n\u00eb t\u00eb drejt\u00eb","robots":{"index":"index","follow":"follow","max-snippet":"max-snippet:-1","max-image-preview":"max-image-preview:large","max-video-preview":"max-video-preview:-1"},"canonical":"https:\/\/www.visit-ulcinj.com\/blog\/2013\/06\/28\/deklarata-e-udsh-se-mbi-vendimet-e-gjykates-ne-lidhje-me-kompensimin-e-punetoreve\/","og_locale":"en_US","og_type":"article","og_title":"Deklarata e UDSH - s\u00eb mbi vendimet e Gjykat\u00ebs n\u00eb lidhje me kompensimin e pun\u00ebtor\u00ebve - Lajme nga Ulqini","og_description":"Unioni Demokratik i Shqiptar\u00ebve mir\u00ebpriti vendimin e gjykat\u00ebs e cila detyron hotelin \u201cOtrant\u201d q\u00eb pun\u00ebtor\u00ebve t\u00eb cil\u00ebt n\u00eb m\u00ebnyr\u00eb t\u00eb paligjshme, n\u00eb t\u00eb drejt\u00eb","og_url":"https:\/\/www.visit-ulcinj.com\/blog\/2013\/06\/28\/deklarata-e-udsh-se-mbi-vendimet-e-gjykates-ne-lidhje-me-kompensimin-e-punetoreve\/","og_site_name":"Lajme nga Ulqini","article_published_time":"2013-06-28T19:36:00+00:00","article_modified_time":"2013-06-30T13:34:37+00:00","og_image":[{"url":"http:\/\/www.visit-ulcinj.com\/blog\/wp-content\/uploads\/2013\/06\/MEHMET-ZENKA-UDSH-ULQIN.jpg"}],"twitter_misc":{"Written by":"ulqini","Est. reading time":"1 minute"},"schema":{"@context":"https:\/\/schema.org","@graph":[{"@type":"WebSite","@id":"https:\/\/www.visit-ulcinj.com\/blog\/#website","url":"https:\/\/www.visit-ulcinj.com\/blog\/","name":"Lajme nga Ulqini","description":"Lajme,Vijesti,Ulqini,Ulqin,Crna Gora,Mali i Zi","potentialAction":[{"@type":"SearchAction","target":{"@type":"EntryPoint","urlTemplate":"https:\/\/www.visit-ulcinj.com\/blog\/?s={search_term_string}"},"query-input":"required name=search_term_string"}],"inLanguage":"en-US"},{"@type":"ImageObject","inLanguage":"en-US","@id":"https:\/\/www.visit-ulcinj.com\/blog\/2013\/06\/28\/deklarata-e-udsh-se-mbi-vendimet-e-gjykates-ne-lidhje-me-kompensimin-e-punetoreve\/#primaryimage","url":"https:\/\/www.visit-ulcinj.com\/blog\/wp-content\/uploads\/2013\/06\/MEHMET-ZENKA-UDSH-ULQIN.jpg","contentUrl":"https:\/\/www.visit-ulcinj.com\/blog\/wp-content\/uploads\/2013\/06\/MEHMET-ZENKA-UDSH-ULQIN.jpg","width":960,"height":856},{"@type":"WebPage","@id":"https:\/\/www.visit-ulcinj.com\/blog\/2013\/06\/28\/deklarata-e-udsh-se-mbi-vendimet-e-gjykates-ne-lidhje-me-kompensimin-e-punetoreve\/#webpage","url":"https:\/\/www.visit-ulcinj.com\/blog\/2013\/06\/28\/deklarata-e-udsh-se-mbi-vendimet-e-gjykates-ne-lidhje-me-kompensimin-e-punetoreve\/","name":"Deklarata e UDSH - s\u00eb mbi vendimet e Gjykat\u00ebs n\u00eb lidhje me kompensimin e pun\u00ebtor\u00ebve - Lajme nga Ulqini","isPartOf":{"@id":"https:\/\/www.visit-ulcinj.com\/blog\/#website"},"primaryImageOfPage":{"@id":"https:\/\/www.visit-ulcinj.com\/blog\/2013\/06\/28\/deklarata-e-udsh-se-mbi-vendimet-e-gjykates-ne-lidhje-me-kompensimin-e-punetoreve\/#primaryimage"},"datePublished":"2013-06-28T19:36:00+00:00","dateModified":"2013-06-30T13:34:37+00:00","author":{"@id":"https:\/\/www.visit-ulcinj.com\/blog\/#\/schema\/person\/dcab619c614d3038751c63bc2aadc06d"},"description":"Unioni Demokratik i Shqiptar\u00ebve mir\u00ebpriti vendimin e gjykat\u00ebs e cila detyron hotelin \u201cOtrant\u201d q\u00eb pun\u00ebtor\u00ebve t\u00eb cil\u00ebt n\u00eb m\u00ebnyr\u00eb t\u00eb paligjshme, n\u00eb t\u00eb drejt\u00eb","breadcrumb":{"@id":"https:\/\/www.visit-ulcinj.com\/blog\/2013\/06\/28\/deklarata-e-udsh-se-mbi-vendimet-e-gjykates-ne-lidhje-me-kompensimin-e-punetoreve\/#breadcrumb"},"inLanguage":"en-US","potentialAction":[{"@type":"ReadAction","target":["https:\/\/www.visit-ulcinj.com\/blog\/2013\/06\/28\/deklarata-e-udsh-se-mbi-vendimet-e-gjykates-ne-lidhje-me-kompensimin-e-punetoreve\/"]}]},{"@type":"BreadcrumbList","@id":"https:\/\/www.visit-ulcinj.com\/blog\/2013\/06\/28\/deklarata-e-udsh-se-mbi-vendimet-e-gjykates-ne-lidhje-me-kompensimin-e-punetoreve\/#breadcrumb","itemListElement":[{"@type":"ListItem","position":1,"name":"Deklarata e UDSH &#8211; s\u00eb mbi vendimet e Gjykat\u00ebs n\u00eb lidhje me kompensimin e pun\u00ebtor\u00ebve"}]},{"@type":"Person","@id":"https:\/\/www.visit-ulcinj.com\/blog\/#\/schema\/person\/dcab619c614d3038751c63bc2aadc06d","name":"ulqini","sameAs":["http:\/\/www.visit-ulcinj.com"],"url":"https:\/\/www.visit-ulcinj.com\/blog\/author\/admin\/"}]}},"jetpack_featured_media_url":"","jetpack_sharing_enabled":true,"jetpack_shortlink":"https:\/\/wp.me\/pe6lTn-iVO","_links":{"self":[{"href":"https:\/\/www.visit-ulcinj.com\/blog\/wp-json\/wp\/v2\/posts\/72776"}],"collection":[{"href":"https:\/\/www.visit-ulcinj.com\/blog\/wp-json\/wp\/v2\/posts"}],"about":[{"href":"https:\/\/www.visit-ulcinj.com\/blog\/wp-json\/wp\/v2\/types\/post"}],"author":[{"embeddable":true,"href":"https:\/\/www.visit-ulcinj.com\/blog\/wp-json\/wp\/v2\/users\/1"}],"replies":[{"embeddable":true,"href":"https:\/\/www.visit-ulcinj.com\/blog\/wp-json\/wp\/v2\/comments?post=72776"}],"version-history":[{"count":3,"href":"https:\/\/www.visit-ulcinj.com\/blog\/wp-json\/wp\/v2\/posts\/72776\/revisions"}],"predecessor-version":[{"id":72827,"href":"https:\/\/www.visit-ulcinj.com\/blog\/wp-json\/wp\/v2\/posts\/72776\/revisions\/72827"}],"wp:attachment":[{"href":"https:\/\/www.visit-ulcinj.com\/blog\/wp-json\/wp\/v2\/media?parent=72776"}],"wp:term":[{"taxonomy":"category","embeddable":true,"href":"https:\/\/www.visit-ulcinj.com\/blog\/wp-json\/wp\/v2\/categories?post=72776"},{"taxonomy":"post_tag","embeddable":true,"href":"https:\/\/www.visit-ulcinj.com\/blog\/wp-json\/wp\/v2\/tags?post=72776"}],"curies":[{"name":"wp","href":"https:\/\/api.w.org\/{rel}","templated":true}]}}