{"id":72785,"date":"2013-06-29T16:07:24","date_gmt":"2013-06-29T15:07:24","guid":{"rendered":"http:\/\/www.visit-ulcinj.com\/blog\/?p=72785"},"modified":"2013-06-29T16:07:42","modified_gmt":"2013-06-29T15:07:42","slug":"vendi-dyte-ne-turneun-evropian-per-rrezart-cungun","status":"publish","type":"post","link":"https:\/\/www.visit-ulcinj.com\/blog\/2013\/06\/29\/vendi-dyte-ne-turneun-evropian-per-rrezart-cungun\/","title":{"rendered":"Vendi dyt\u00eb ne turneun evropian per Rrezart Cungun"},"content":{"rendered":"<p><a href=\"http:\/\/www.visit-ulcinj.com\/blog\/wp-content\/uploads\/2013\/06\/Vendi-dyt\u00eb-ne-turneun-evropian-per-Rrezart-Cungun.jpg\"><img loading=\"lazy\" class=\"alignleft  wp-image-72786\" alt=\"Vendi dyt\u00eb ne turneun evropian per Rrezart Cungun\" src=\"http:\/\/www.visit-ulcinj.com\/blog\/wp-content\/uploads\/2013\/06\/Vendi-dyt\u00eb-ne-turneun-evropian-per-Rrezart-Cungun.jpg\" width=\"508\" height=\"360\" \/><\/a>Jav\u00ebn e kaluar u organizua turneu i tenisit n\u00eb Veli Loshinj t\u00eb Kroacis. Turneu ishte i nivelit europian dhe i kategoris s\u00eb lart\u00eb. Nga Ulqini morri pjes Rrezart Cungu.<\/p>\n<p>N\u00eb singel Rrezarti n\u00eb xhiron e par\u00eb u takua me Jakov Martinis. Rrezarti fitoi me rezultatin 6:4 5:7 6:3. N\u00eb xhiron e dyt\u00eb humbi nga Alen Rogiq Haxhaliq me rezultatin 2:6 5:7.<br \/>\nRrezarti s\u00ebbashku me partnerin e ti Borna Gojo nga Kroacia ishin m\u00eb t\u00eb suksesshem n\u00eb dubel.<br \/>\nN\u00eb xhiron e par e fituan Filip Kesina dhe Jakov Martinis (6:4 5:7 10:6).<\/p>\n<p>Ne cerek- finale u takuan me Milos Radenkoviq dhe Jernej Zaplotnik, por loja u prefundua shpejt, sepse njeri nga kundershtaret u lendua dhe u detyruan te dorzojn lojen.<br \/>\nAmandej Gorucan dhe Sven Lah ishin kund\u00ebrshtar\u00ebt ne gjys\u00ebm-finale. Rrezarti dhe Borno fituan me rezultatin 6:3 6:2.<\/p>\n<p>&nbsp;<\/p>\n<p>Kundershtaret ne finale ishin Jure Frank dhe Nejc Sitar. Rrezarti dhe Bornoja humben me rezultatin 7:5 3:6 6:10, dhe keshtu i takoj vendi i dyte ne kete turnej.<br \/>\nPas keti turneut, Rrezarti sebashku me trajnerin e ti Zoran Ivanisheviq, do te marrin pjes ne turneu e radhes ne Slloveni.<\/p>\n","protected":false},"excerpt":{"rendered":"<p>Jav\u00ebn e kaluar u organizua turneu i tenisit n\u00eb Veli Loshinj t\u00eb Kroacis. Turneu ishte i nivelit europian dhe i kategoris s\u00eb lart\u00eb. Nga Ulqini morri pjes Rrezart Cungu. N\u00eb singel Rrezarti n\u00eb xhiron e par\u00eb u takua me Jakov Martinis. Rrezarti fitoi me rezultatin 6:4 5:7 6:3. N\u00eb xhiron e dyt\u00eb humbi nga Alen [&hellip;]<\/p>\n","protected":false},"author":1,"featured_media":0,"comment_status":"closed","ping_status":"closed","sticky":false,"template":"","format":"standard","meta":{"spay_email":"","jetpack_publicize_message":"","jetpack_is_tweetstorm":false,"jetpack_publicize_feature_enabled":true},"categories":[3],"tags":[],"jetpack_publicize_connections":[],"yoast_head":"<!-- This site is optimized with the Yoast SEO plugin v19.1 - https:\/\/yoast.com\/wordpress\/plugins\/seo\/ -->\n<title>Vendi dyt\u00eb ne turneun evropian per Rrezart Cungun - Lajme nga Ulqini<\/title>\n<meta name=\"description\" content=\"Jav\u00ebn e kaluar u organizua turneu i tenisit n\u00eb Veli Loshinj t\u00eb Kroacis. Turneu ishte i nivelit europian dhe i kategoris s\u00eb lart\u00eb. Nga Ulqini morri pjes\" \/>\n<meta name=\"robots\" content=\"index, follow, max-snippet:-1, max-image-preview:large, max-video-preview:-1\" \/>\n<link rel=\"canonical\" href=\"https:\/\/www.visit-ulcinj.com\/blog\/2013\/06\/29\/vendi-dyte-ne-turneun-evropian-per-rrezart-cungun\/\" \/>\n<meta property=\"og:locale\" content=\"en_US\" \/>\n<meta property=\"og:type\" content=\"article\" \/>\n<meta property=\"og:title\" content=\"Vendi dyt\u00eb ne turneun evropian per Rrezart Cungun - Lajme nga Ulqini\" \/>\n<meta property=\"og:description\" content=\"Jav\u00ebn e kaluar u organizua turneu i tenisit n\u00eb Veli Loshinj t\u00eb Kroacis. Turneu ishte i nivelit europian dhe i kategoris s\u00eb lart\u00eb. Nga Ulqini morri pjes\" \/>\n<meta property=\"og:url\" content=\"https:\/\/www.visit-ulcinj.com\/blog\/2013\/06\/29\/vendi-dyte-ne-turneun-evropian-per-rrezart-cungun\/\" \/>\n<meta property=\"og:site_name\" content=\"Lajme nga Ulqini\" \/>\n<meta property=\"article:published_time\" content=\"2013-06-29T15:07:24+00:00\" \/>\n<meta property=\"article:modified_time\" content=\"2013-06-29T15:07:42+00:00\" \/>\n<meta name=\"twitter:label1\" content=\"Written by\" \/>\n\t<meta name=\"twitter:data1\" content=\"ulqini\" \/>\n\t<meta name=\"twitter:label2\" content=\"Est. reading time\" \/>\n\t<meta name=\"twitter:data2\" content=\"1 minute\" \/>\n<script type=\"application\/ld+json\" class=\"yoast-schema-graph\">{\"@context\":\"https:\/\/schema.org\",\"@graph\":[{\"@type\":\"WebSite\",\"@id\":\"https:\/\/www.visit-ulcinj.com\/blog\/#website\",\"url\":\"https:\/\/www.visit-ulcinj.com\/blog\/\",\"name\":\"Lajme nga Ulqini\",\"description\":\"Lajme,Vijesti,Ulqini,Ulqin,Crna Gora,Mali i Zi\",\"potentialAction\":[{\"@type\":\"SearchAction\",\"target\":{\"@type\":\"EntryPoint\",\"urlTemplate\":\"https:\/\/www.visit-ulcinj.com\/blog\/?s={search_term_string}\"},\"query-input\":\"required name=search_term_string\"}],\"inLanguage\":\"en-US\"},{\"@type\":\"WebPage\",\"@id\":\"https:\/\/www.visit-ulcinj.com\/blog\/2013\/06\/29\/vendi-dyte-ne-turneun-evropian-per-rrezart-cungun\/#webpage\",\"url\":\"https:\/\/www.visit-ulcinj.com\/blog\/2013\/06\/29\/vendi-dyte-ne-turneun-evropian-per-rrezart-cungun\/\",\"name\":\"Vendi dyt\u00eb ne turneun evropian per Rrezart Cungun - Lajme nga Ulqini\",\"isPartOf\":{\"@id\":\"https:\/\/www.visit-ulcinj.com\/blog\/#website\"},\"datePublished\":\"2013-06-29T15:07:24+00:00\",\"dateModified\":\"2013-06-29T15:07:42+00:00\",\"author\":{\"@id\":\"https:\/\/www.visit-ulcinj.com\/blog\/#\/schema\/person\/dcab619c614d3038751c63bc2aadc06d\"},\"description\":\"Jav\u00ebn e kaluar u organizua turneu i tenisit n\u00eb Veli Loshinj t\u00eb Kroacis. Turneu ishte i nivelit europian dhe i kategoris s\u00eb lart\u00eb. Nga Ulqini morri pjes\",\"breadcrumb\":{\"@id\":\"https:\/\/www.visit-ulcinj.com\/blog\/2013\/06\/29\/vendi-dyte-ne-turneun-evropian-per-rrezart-cungun\/#breadcrumb\"},\"inLanguage\":\"en-US\",\"potentialAction\":[{\"@type\":\"ReadAction\",\"target\":[\"https:\/\/www.visit-ulcinj.com\/blog\/2013\/06\/29\/vendi-dyte-ne-turneun-evropian-per-rrezart-cungun\/\"]}]},{\"@type\":\"BreadcrumbList\",\"@id\":\"https:\/\/www.visit-ulcinj.com\/blog\/2013\/06\/29\/vendi-dyte-ne-turneun-evropian-per-rrezart-cungun\/#breadcrumb\",\"itemListElement\":[{\"@type\":\"ListItem\",\"position\":1,\"name\":\"Vendi dyt\u00eb ne turneun evropian per Rrezart Cungun\"}]},{\"@type\":\"Person\",\"@id\":\"https:\/\/www.visit-ulcinj.com\/blog\/#\/schema\/person\/dcab619c614d3038751c63bc2aadc06d\",\"name\":\"ulqini\",\"sameAs\":[\"http:\/\/www.visit-ulcinj.com\"],\"url\":\"https:\/\/www.visit-ulcinj.com\/blog\/author\/admin\/\"}]}<\/script>\n<!-- \/ Yoast SEO plugin. -->","yoast_head_json":{"title":"Vendi dyt\u00eb ne turneun evropian per Rrezart Cungun - Lajme nga Ulqini","description":"Jav\u00ebn e kaluar u organizua turneu i tenisit n\u00eb Veli Loshinj t\u00eb Kroacis. Turneu ishte i nivelit europian dhe i kategoris s\u00eb lart\u00eb. Nga Ulqini morri pjes","robots":{"index":"index","follow":"follow","max-snippet":"max-snippet:-1","max-image-preview":"max-image-preview:large","max-video-preview":"max-video-preview:-1"},"canonical":"https:\/\/www.visit-ulcinj.com\/blog\/2013\/06\/29\/vendi-dyte-ne-turneun-evropian-per-rrezart-cungun\/","og_locale":"en_US","og_type":"article","og_title":"Vendi dyt\u00eb ne turneun evropian per Rrezart Cungun - Lajme nga Ulqini","og_description":"Jav\u00ebn e kaluar u organizua turneu i tenisit n\u00eb Veli Loshinj t\u00eb Kroacis. Turneu ishte i nivelit europian dhe i kategoris s\u00eb lart\u00eb. Nga Ulqini morri pjes","og_url":"https:\/\/www.visit-ulcinj.com\/blog\/2013\/06\/29\/vendi-dyte-ne-turneun-evropian-per-rrezart-cungun\/","og_site_name":"Lajme nga Ulqini","article_published_time":"2013-06-29T15:07:24+00:00","article_modified_time":"2013-06-29T15:07:42+00:00","twitter_misc":{"Written by":"ulqini","Est. reading time":"1 minute"},"schema":{"@context":"https:\/\/schema.org","@graph":[{"@type":"WebSite","@id":"https:\/\/www.visit-ulcinj.com\/blog\/#website","url":"https:\/\/www.visit-ulcinj.com\/blog\/","name":"Lajme nga Ulqini","description":"Lajme,Vijesti,Ulqini,Ulqin,Crna Gora,Mali i Zi","potentialAction":[{"@type":"SearchAction","target":{"@type":"EntryPoint","urlTemplate":"https:\/\/www.visit-ulcinj.com\/blog\/?s={search_term_string}"},"query-input":"required name=search_term_string"}],"inLanguage":"en-US"},{"@type":"WebPage","@id":"https:\/\/www.visit-ulcinj.com\/blog\/2013\/06\/29\/vendi-dyte-ne-turneun-evropian-per-rrezart-cungun\/#webpage","url":"https:\/\/www.visit-ulcinj.com\/blog\/2013\/06\/29\/vendi-dyte-ne-turneun-evropian-per-rrezart-cungun\/","name":"Vendi dyt\u00eb ne turneun evropian per Rrezart Cungun - Lajme nga Ulqini","isPartOf":{"@id":"https:\/\/www.visit-ulcinj.com\/blog\/#website"},"datePublished":"2013-06-29T15:07:24+00:00","dateModified":"2013-06-29T15:07:42+00:00","author":{"@id":"https:\/\/www.visit-ulcinj.com\/blog\/#\/schema\/person\/dcab619c614d3038751c63bc2aadc06d"},"description":"Jav\u00ebn e kaluar u organizua turneu i tenisit n\u00eb Veli Loshinj t\u00eb Kroacis. Turneu ishte i nivelit europian dhe i kategoris s\u00eb lart\u00eb. Nga Ulqini morri pjes","breadcrumb":{"@id":"https:\/\/www.visit-ulcinj.com\/blog\/2013\/06\/29\/vendi-dyte-ne-turneun-evropian-per-rrezart-cungun\/#breadcrumb"},"inLanguage":"en-US","potentialAction":[{"@type":"ReadAction","target":["https:\/\/www.visit-ulcinj.com\/blog\/2013\/06\/29\/vendi-dyte-ne-turneun-evropian-per-rrezart-cungun\/"]}]},{"@type":"BreadcrumbList","@id":"https:\/\/www.visit-ulcinj.com\/blog\/2013\/06\/29\/vendi-dyte-ne-turneun-evropian-per-rrezart-cungun\/#breadcrumb","itemListElement":[{"@type":"ListItem","position":1,"name":"Vendi dyt\u00eb ne turneun evropian per Rrezart Cungun"}]},{"@type":"Person","@id":"https:\/\/www.visit-ulcinj.com\/blog\/#\/schema\/person\/dcab619c614d3038751c63bc2aadc06d","name":"ulqini","sameAs":["http:\/\/www.visit-ulcinj.com"],"url":"https:\/\/www.visit-ulcinj.com\/blog\/author\/admin\/"}]}},"jetpack_featured_media_url":"","jetpack_sharing_enabled":true,"jetpack_shortlink":"https:\/\/wp.me\/pe6lTn-iVX","_links":{"self":[{"href":"https:\/\/www.visit-ulcinj.com\/blog\/wp-json\/wp\/v2\/posts\/72785"}],"collection":[{"href":"https:\/\/www.visit-ulcinj.com\/blog\/wp-json\/wp\/v2\/posts"}],"about":[{"href":"https:\/\/www.visit-ulcinj.com\/blog\/wp-json\/wp\/v2\/types\/post"}],"author":[{"embeddable":true,"href":"https:\/\/www.visit-ulcinj.com\/blog\/wp-json\/wp\/v2\/users\/1"}],"replies":[{"embeddable":true,"href":"https:\/\/www.visit-ulcinj.com\/blog\/wp-json\/wp\/v2\/comments?post=72785"}],"version-history":[{"count":2,"href":"https:\/\/www.visit-ulcinj.com\/blog\/wp-json\/wp\/v2\/posts\/72785\/revisions"}],"predecessor-version":[{"id":72788,"href":"https:\/\/www.visit-ulcinj.com\/blog\/wp-json\/wp\/v2\/posts\/72785\/revisions\/72788"}],"wp:attachment":[{"href":"https:\/\/www.visit-ulcinj.com\/blog\/wp-json\/wp\/v2\/media?parent=72785"}],"wp:term":[{"taxonomy":"category","embeddable":true,"href":"https:\/\/www.visit-ulcinj.com\/blog\/wp-json\/wp\/v2\/categories?post=72785"},{"taxonomy":"post_tag","embeddable":true,"href":"https:\/\/www.visit-ulcinj.com\/blog\/wp-json\/wp\/v2\/tags?post=72785"}],"curies":[{"name":"wp","href":"https:\/\/api.w.org\/{rel}","templated":true}]}}