{"id":72802,"date":"2013-06-29T17:22:21","date_gmt":"2013-06-29T16:22:21","guid":{"rendered":"http:\/\/www.visit-ulcinj.com\/blog\/?p=72802"},"modified":"2013-06-29T17:23:30","modified_gmt":"2013-06-29T16:23:30","slug":"verimet-disa-ne-bregdet-disa-ne-shtepi","status":"publish","type":"post","link":"https:\/\/www.visit-ulcinj.com\/blog\/2013\/06\/29\/verimet-disa-ne-bregdet-disa-ne-shtepi\/","title":{"rendered":"Verimet &#8211; disa n\u00eb bregdet, disa n\u00eb sht\u00ebpi"},"content":{"rendered":"<p><a href=\"http:\/\/www.visit-ulcinj.com\/blog\/wp-content\/uploads\/2013\/06\/Pamje-nga-Ulqini-Foto-Gresa-Kraja.jpg\"><img loading=\"lazy\" class=\"alignleft  wp-image-72803\" alt=\"Pamje nga Ulqini -Foto- Gresa Kraja\" src=\"http:\/\/www.visit-ulcinj.com\/blog\/wp-content\/uploads\/2013\/06\/Pamje-nga-Ulqini-Foto-Gresa-Kraja.jpg\" width=\"508\" height=\"360\" \/><\/a><strong>Nga <a href=\"http:\/\/www.evropaelire.org\/author\/17606.html\">Nadie Ahmeti<\/a><\/strong><br \/>\nPushimet verore tashm\u00eb kan\u00eb filluar, nd\u00ebrsa disa t\u00eb rinj\u00a0 jan\u00eb duke planifikuar dhe shqyrtuar mund\u00ebsit\u00eb financiare p\u00ebr bregdetet e preferuara dhe vendet turistike. Nd\u00ebrsa, disa t\u00eb tjer\u00eb, pavar\u00ebsisht d\u00ebshirave p\u00ebr verime, mund\u00ebsit\u00eb financiare nuk lejojn\u00eb q\u00eb t\u00eb realizohen d\u00ebshirat e tyre.<\/p>\n<p>Megjithat\u00eb, bregdetet shqiptare vazhdojn\u00eb t\u00eb jen\u00eb bregdetet m\u00eb t\u00eb p\u00eblqyera dhe me \u00e7mime m\u00eb t\u00eb arsyeshme, thon\u00eb disa t\u00eb rinj p\u00ebr rubrik\u00ebn e p\u00ebrjavshme VOX, t\u00eb Radios Evropa e Lir\u00eb.<\/p>\n<p><strong>Atdhe Neziri <\/strong>thot\u00eb se gjat\u00eb k\u00ebtij viti ka planifikuar q\u00eb pushimet t\u2019i kaloj\u00eb n\u00eb Ksamil.<\/p>\n<p>\u201cN\u00eb Ksamil, 12 dit\u00eb apo m\u00eb shum\u00eb. \u00c7mimet jan\u00eb t\u00eb nj\u00ebjta sikurse n\u00eb Durr\u00ebs, por vet\u00ebm se rruga \u00ebsht\u00eb m\u00eb e gjat\u00eb. \u00cbsht\u00eb vend shum\u00eb i bukur\u201d, tregon Atdheu.<\/p>\n<p>Edhe Fatbardha me familje synon q\u00eb pushimet t\u2019i kaloj\u00eb n\u00eb bregdetet shqiptare:<\/p>\n<p>\u201cUn\u00eb shkoj zakonisht me an\u00ebtar\u00ebt e familjes n\u00eb pushim, k\u00ebshtu q\u00eb ata zgjedhin edhe bregdetin. Por, me siguri n\u00eb Shqip\u00ebri diku. Zakonisht kemi shkuar n\u00eb bregdetin e Durr\u00ebsit, por vitin e kaluar kemi qen\u00eb n\u00eb Velipoj\u00eb\u00a0 dhe me siguri se edhe gjat\u00eb k\u00ebtij viti do t\u00eb shkojm\u00eb n\u00eb Velipoj\u00eb\u201d.<\/p>\n<p>P\u00ebr dallim nga Durr\u00ebsi, bregdeti i Ulqinit duket t\u00eb jet\u00eb m\u00eb atraktiv p\u00ebr <strong>Sanije Isufin.<\/strong><\/p>\n<p>\u201cUn\u00eb m\u00eb shum\u00eb e preferoj Malin e Zi, sepse ka m\u00eb shum\u00eb atmosfer\u00eb p\u00ebr t\u00eb rinjt\u00eb. Un\u00eb nuk jam e martuar dhe p\u00ebr k\u00ebt\u00eb m\u00eb p\u00eblq\u00ebn ndoshta m\u00eb shum\u00eb\u201d, thekson Sanija.<\/p>\n<p><strong>M\u00ebrgim Toplani,<\/strong> nga Peja, \u00ebsht\u00eb student n\u00eb Departamentin e Gjeografis\u00eb dhe thot\u00eb se angazhimet p\u00ebr provimet p\u00ebr afatin e shtatorit, nuk l\u00ebn\u00eb hap\u00ebsir\u00eb t\u00eb mjaftueshme p\u00ebr pushime t\u00eb gjata. Megjithat\u00eb, ai shpreson se ndonj\u00eb vikend ta kaloj\u00eb n\u00eb Velipoj\u00eb.<\/p>\n<p>\u201cKam angazhime p\u00ebr provime. Ndoshta ndonj\u00eb vit tjet\u00ebr, pasi t\u2019i p\u00ebrfundoj obligimet si student i rregullt, meq\u00eb \u00ebsht\u00eb periudh\u00eb provimesh, afatet e qershorit &#8211; shtatorit. Por, ndoshta ndonj\u00eb vikend \u00ebsht\u00eb af\u00ebr Velipoja. Nd\u00ebrsa, parat\u00eb duhet t\u2019i siguroj nga prind\u00ebrit\u201d, shprehet M\u00ebrgimi.<\/p>\n<p>Por, <strong>Sokol Dema,<\/strong> nga Ka\u00e7aniku, punon n\u00eb Finland\u00eb, nd\u00ebrsa p\u00ebr pushimet verore ka planifikuar t\u00eb sh\u00ebtis\u00eb n\u00ebp\u00ebr disa qytete t\u00eb m\u00ebdha evropiane.<\/p>\n<p>\u201cPo, besoj se n\u00eb Rusi dhe Holand\u00eb, pastaj dal n\u00eb kryeqendra tjera, n\u00ebp\u00ebr metropole. Qejfi m\u00eb i madh se Stambolli thon\u00eb\u201d, tregon Sokoli.<\/p>\n<p>Besa, e cila punon n\u00eb sektorin publik, d\u00ebshiron q\u00eb pushimet t\u2019i kaloj\u00eb n\u00eb Turqi:<\/p>\n<p>\u201cMe d\u00ebshir\u00eb do t\u00eb pushoja n\u00eb Turqi, sepse me f\u00ebmij\u00eb mund t\u00eb pushoj vet\u00ebm atje. Por, varet nga moti. Krejt qershori shkoi me temperatura t\u00eb ul\u00ebta, korriku dhe gushti \u00ebsht\u00eb ramazan dhe duhet t\u00eb koordinohemi m\u00eb koleg\u00eb p\u00ebr pun\u00eb\u201d.<\/p>\n<p>N\u00eb an\u00ebn tjet\u00ebr, disa t\u00eb rinj nuk i fshehin d\u00ebshirat p\u00ebr pushime jasht\u00eb Kosov\u00ebs, por megjithat\u00eb ana financiare nuk mund\u00ebson nj\u00eb gj\u00eb t\u00eb till\u00eb.<\/p>\n<p>Nj\u00ebra nga to \u00ebsht\u00eb edhe <strong>Mihane Hyseni<\/strong>, studente n\u00eb Departamentin e Sociologjis\u00eb.<\/p>\n<p>\u201cPushimet do t\u2019i kaloj n\u00eb sht\u00ebpi. T\u00eb gjith\u00eb kan\u00eb nevoj\u00eb p\u00ebr pushime, por nuk ka mund\u00ebsi. Edhe prind\u00ebrit e mi kan\u00eb d\u00ebshir\u00eb t\u00eb na d\u00ebrgojn\u00eb n\u00eb ndonj\u00eb vend turistik, por nuk kan\u00eb mund\u00ebsi,\u00a0 dhe ne i kuptojm\u00eb\u201d, thot\u00eb Mihanja.<\/p>\n<p><strong>Ylberi,<\/strong> 24 vje\u00e7, nga Ka\u00e7aniku, pushimet verore do t\u2019i kaloj n\u00eb vendlindje. Ai e vler\u00ebson t\u00eb v\u00ebshtir\u00eb n\u00eb k\u00ebt\u00eb mosh\u00eb t\u00eb k\u00ebrkoj\u00eb para nga prind\u00ebrit p\u00ebr verime.<\/p>\n<p>\u201cNuk jan\u00eb kushtet. Un\u00eb jam n\u00eb mosh\u00eb p\u00ebr t\u00eb punuar, por nuk mund t\u00eb gjej ndonj\u00eb vend pune. N\u00eb k\u00ebt\u00eb mosh\u00eb \u00ebsht\u00eb e v\u00ebshtir\u00eb t\u00eb k\u00ebrkosh para nga prind\u00ebrit p\u00ebr verime. Kam d\u00ebshir\u00eb t\u00eb shkoj n\u00eb ndonj\u00eb bregdet, por nuk mundem\u201d, tregon Ylberi.<\/p>\n<p><strong>RFE\/RL<\/strong><\/p>\n","protected":false},"excerpt":{"rendered":"<p>Nga Nadie Ahmeti Pushimet verore tashm\u00eb kan\u00eb filluar, nd\u00ebrsa disa t\u00eb rinj\u00a0 jan\u00eb duke planifikuar dhe shqyrtuar mund\u00ebsit\u00eb financiare p\u00ebr bregdetet e preferuara dhe vendet turistike. Nd\u00ebrsa, disa t\u00eb tjer\u00eb, pavar\u00ebsisht d\u00ebshirave p\u00ebr verime, mund\u00ebsit\u00eb financiare nuk lejojn\u00eb q\u00eb t\u00eb realizohen d\u00ebshirat e tyre. Megjithat\u00eb, bregdetet shqiptare vazhdojn\u00eb t\u00eb jen\u00eb bregdetet m\u00eb t\u00eb p\u00eblqyera dhe [&hellip;]<\/p>\n","protected":false},"author":1,"featured_media":0,"comment_status":"closed","ping_status":"closed","sticky":false,"template":"","format":"standard","meta":{"spay_email":"","jetpack_publicize_message":"","jetpack_is_tweetstorm":false,"jetpack_publicize_feature_enabled":true},"categories":[14],"tags":[],"jetpack_publicize_connections":[],"yoast_head":"<!-- This site is optimized with the Yoast SEO plugin v19.1 - https:\/\/yoast.com\/wordpress\/plugins\/seo\/ -->\n<title>Verimet - disa n\u00eb bregdet, disa n\u00eb sht\u00ebpi - Lajme nga Ulqini<\/title>\n<meta name=\"description\" content=\"Nga Nadie Ahmeti Pushimet verore tashm\u00eb kan\u00eb filluar, nd\u00ebrsa disa t\u00eb rinj\u00a0 jan\u00eb duke planifikuar dhe shqyrtuar mund\u00ebsit\u00eb financiare p\u00ebr bregdetet e\" \/>\n<meta name=\"robots\" content=\"index, follow, max-snippet:-1, max-image-preview:large, max-video-preview:-1\" \/>\n<link rel=\"canonical\" href=\"https:\/\/www.visit-ulcinj.com\/blog\/2013\/06\/29\/verimet-disa-ne-bregdet-disa-ne-shtepi\/\" \/>\n<meta property=\"og:locale\" content=\"en_US\" \/>\n<meta property=\"og:type\" content=\"article\" \/>\n<meta property=\"og:title\" content=\"Verimet - disa n\u00eb bregdet, disa n\u00eb sht\u00ebpi - Lajme nga Ulqini\" \/>\n<meta property=\"og:description\" content=\"Nga Nadie Ahmeti Pushimet verore tashm\u00eb kan\u00eb filluar, nd\u00ebrsa disa t\u00eb rinj\u00a0 jan\u00eb duke planifikuar dhe shqyrtuar mund\u00ebsit\u00eb financiare p\u00ebr bregdetet e\" \/>\n<meta property=\"og:url\" content=\"https:\/\/www.visit-ulcinj.com\/blog\/2013\/06\/29\/verimet-disa-ne-bregdet-disa-ne-shtepi\/\" \/>\n<meta property=\"og:site_name\" content=\"Lajme nga Ulqini\" \/>\n<meta property=\"article:published_time\" content=\"2013-06-29T16:22:21+00:00\" \/>\n<meta property=\"article:modified_time\" content=\"2013-06-29T16:23:30+00:00\" \/>\n<meta property=\"og:image\" content=\"http:\/\/www.visit-ulcinj.com\/blog\/wp-content\/uploads\/2013\/06\/Pamje-nga-Ulqini-Foto-Gresa-Kraja.jpg\" \/>\n<meta name=\"twitter:label1\" content=\"Written by\" \/>\n\t<meta name=\"twitter:data1\" content=\"ulqini\" \/>\n\t<meta name=\"twitter:label2\" content=\"Est. reading time\" \/>\n\t<meta name=\"twitter:data2\" content=\"3 minutes\" \/>\n<script type=\"application\/ld+json\" class=\"yoast-schema-graph\">{\"@context\":\"https:\/\/schema.org\",\"@graph\":[{\"@type\":\"WebSite\",\"@id\":\"https:\/\/www.visit-ulcinj.com\/blog\/#website\",\"url\":\"https:\/\/www.visit-ulcinj.com\/blog\/\",\"name\":\"Lajme nga Ulqini\",\"description\":\"Lajme,Vijesti,Ulqini,Ulqin,Crna Gora,Mali i Zi\",\"potentialAction\":[{\"@type\":\"SearchAction\",\"target\":{\"@type\":\"EntryPoint\",\"urlTemplate\":\"https:\/\/www.visit-ulcinj.com\/blog\/?s={search_term_string}\"},\"query-input\":\"required name=search_term_string\"}],\"inLanguage\":\"en-US\"},{\"@type\":\"ImageObject\",\"inLanguage\":\"en-US\",\"@id\":\"https:\/\/www.visit-ulcinj.com\/blog\/2013\/06\/29\/verimet-disa-ne-bregdet-disa-ne-shtepi\/#primaryimage\",\"url\":\"https:\/\/www.visit-ulcinj.com\/blog\/wp-content\/uploads\/2013\/06\/Pamje-nga-Ulqini-Foto-Gresa-Kraja.jpg\",\"contentUrl\":\"https:\/\/www.visit-ulcinj.com\/blog\/wp-content\/uploads\/2013\/06\/Pamje-nga-Ulqini-Foto-Gresa-Kraja.jpg\",\"width\":640,\"height\":360},{\"@type\":\"WebPage\",\"@id\":\"https:\/\/www.visit-ulcinj.com\/blog\/2013\/06\/29\/verimet-disa-ne-bregdet-disa-ne-shtepi\/#webpage\",\"url\":\"https:\/\/www.visit-ulcinj.com\/blog\/2013\/06\/29\/verimet-disa-ne-bregdet-disa-ne-shtepi\/\",\"name\":\"Verimet - disa n\u00eb bregdet, disa n\u00eb sht\u00ebpi - Lajme nga Ulqini\",\"isPartOf\":{\"@id\":\"https:\/\/www.visit-ulcinj.com\/blog\/#website\"},\"primaryImageOfPage\":{\"@id\":\"https:\/\/www.visit-ulcinj.com\/blog\/2013\/06\/29\/verimet-disa-ne-bregdet-disa-ne-shtepi\/#primaryimage\"},\"datePublished\":\"2013-06-29T16:22:21+00:00\",\"dateModified\":\"2013-06-29T16:23:30+00:00\",\"author\":{\"@id\":\"https:\/\/www.visit-ulcinj.com\/blog\/#\/schema\/person\/dcab619c614d3038751c63bc2aadc06d\"},\"description\":\"Nga Nadie Ahmeti Pushimet verore tashm\u00eb kan\u00eb filluar, nd\u00ebrsa disa t\u00eb rinj\u00a0 jan\u00eb duke planifikuar dhe shqyrtuar mund\u00ebsit\u00eb financiare p\u00ebr bregdetet e\",\"breadcrumb\":{\"@id\":\"https:\/\/www.visit-ulcinj.com\/blog\/2013\/06\/29\/verimet-disa-ne-bregdet-disa-ne-shtepi\/#breadcrumb\"},\"inLanguage\":\"en-US\",\"potentialAction\":[{\"@type\":\"ReadAction\",\"target\":[\"https:\/\/www.visit-ulcinj.com\/blog\/2013\/06\/29\/verimet-disa-ne-bregdet-disa-ne-shtepi\/\"]}]},{\"@type\":\"BreadcrumbList\",\"@id\":\"https:\/\/www.visit-ulcinj.com\/blog\/2013\/06\/29\/verimet-disa-ne-bregdet-disa-ne-shtepi\/#breadcrumb\",\"itemListElement\":[{\"@type\":\"ListItem\",\"position\":1,\"name\":\"Verimet &#8211; disa n\u00eb bregdet, disa n\u00eb sht\u00ebpi\"}]},{\"@type\":\"Person\",\"@id\":\"https:\/\/www.visit-ulcinj.com\/blog\/#\/schema\/person\/dcab619c614d3038751c63bc2aadc06d\",\"name\":\"ulqini\",\"sameAs\":[\"http:\/\/www.visit-ulcinj.com\"],\"url\":\"https:\/\/www.visit-ulcinj.com\/blog\/author\/admin\/\"}]}<\/script>\n<!-- \/ Yoast SEO plugin. -->","yoast_head_json":{"title":"Verimet - disa n\u00eb bregdet, disa n\u00eb sht\u00ebpi - Lajme nga Ulqini","description":"Nga Nadie Ahmeti Pushimet verore tashm\u00eb kan\u00eb filluar, nd\u00ebrsa disa t\u00eb rinj\u00a0 jan\u00eb duke planifikuar dhe shqyrtuar mund\u00ebsit\u00eb financiare p\u00ebr bregdetet e","robots":{"index":"index","follow":"follow","max-snippet":"max-snippet:-1","max-image-preview":"max-image-preview:large","max-video-preview":"max-video-preview:-1"},"canonical":"https:\/\/www.visit-ulcinj.com\/blog\/2013\/06\/29\/verimet-disa-ne-bregdet-disa-ne-shtepi\/","og_locale":"en_US","og_type":"article","og_title":"Verimet - disa n\u00eb bregdet, disa n\u00eb sht\u00ebpi - Lajme nga Ulqini","og_description":"Nga Nadie Ahmeti Pushimet verore tashm\u00eb kan\u00eb filluar, nd\u00ebrsa disa t\u00eb rinj\u00a0 jan\u00eb duke planifikuar dhe shqyrtuar mund\u00ebsit\u00eb financiare p\u00ebr bregdetet e","og_url":"https:\/\/www.visit-ulcinj.com\/blog\/2013\/06\/29\/verimet-disa-ne-bregdet-disa-ne-shtepi\/","og_site_name":"Lajme nga Ulqini","article_published_time":"2013-06-29T16:22:21+00:00","article_modified_time":"2013-06-29T16:23:30+00:00","og_image":[{"url":"http:\/\/www.visit-ulcinj.com\/blog\/wp-content\/uploads\/2013\/06\/Pamje-nga-Ulqini-Foto-Gresa-Kraja.jpg"}],"twitter_misc":{"Written by":"ulqini","Est. reading time":"3 minutes"},"schema":{"@context":"https:\/\/schema.org","@graph":[{"@type":"WebSite","@id":"https:\/\/www.visit-ulcinj.com\/blog\/#website","url":"https:\/\/www.visit-ulcinj.com\/blog\/","name":"Lajme nga Ulqini","description":"Lajme,Vijesti,Ulqini,Ulqin,Crna Gora,Mali i Zi","potentialAction":[{"@type":"SearchAction","target":{"@type":"EntryPoint","urlTemplate":"https:\/\/www.visit-ulcinj.com\/blog\/?s={search_term_string}"},"query-input":"required name=search_term_string"}],"inLanguage":"en-US"},{"@type":"ImageObject","inLanguage":"en-US","@id":"https:\/\/www.visit-ulcinj.com\/blog\/2013\/06\/29\/verimet-disa-ne-bregdet-disa-ne-shtepi\/#primaryimage","url":"https:\/\/www.visit-ulcinj.com\/blog\/wp-content\/uploads\/2013\/06\/Pamje-nga-Ulqini-Foto-Gresa-Kraja.jpg","contentUrl":"https:\/\/www.visit-ulcinj.com\/blog\/wp-content\/uploads\/2013\/06\/Pamje-nga-Ulqini-Foto-Gresa-Kraja.jpg","width":640,"height":360},{"@type":"WebPage","@id":"https:\/\/www.visit-ulcinj.com\/blog\/2013\/06\/29\/verimet-disa-ne-bregdet-disa-ne-shtepi\/#webpage","url":"https:\/\/www.visit-ulcinj.com\/blog\/2013\/06\/29\/verimet-disa-ne-bregdet-disa-ne-shtepi\/","name":"Verimet - disa n\u00eb bregdet, disa n\u00eb sht\u00ebpi - Lajme nga Ulqini","isPartOf":{"@id":"https:\/\/www.visit-ulcinj.com\/blog\/#website"},"primaryImageOfPage":{"@id":"https:\/\/www.visit-ulcinj.com\/blog\/2013\/06\/29\/verimet-disa-ne-bregdet-disa-ne-shtepi\/#primaryimage"},"datePublished":"2013-06-29T16:22:21+00:00","dateModified":"2013-06-29T16:23:30+00:00","author":{"@id":"https:\/\/www.visit-ulcinj.com\/blog\/#\/schema\/person\/dcab619c614d3038751c63bc2aadc06d"},"description":"Nga Nadie Ahmeti Pushimet verore tashm\u00eb kan\u00eb filluar, nd\u00ebrsa disa t\u00eb rinj\u00a0 jan\u00eb duke planifikuar dhe shqyrtuar mund\u00ebsit\u00eb financiare p\u00ebr bregdetet e","breadcrumb":{"@id":"https:\/\/www.visit-ulcinj.com\/blog\/2013\/06\/29\/verimet-disa-ne-bregdet-disa-ne-shtepi\/#breadcrumb"},"inLanguage":"en-US","potentialAction":[{"@type":"ReadAction","target":["https:\/\/www.visit-ulcinj.com\/blog\/2013\/06\/29\/verimet-disa-ne-bregdet-disa-ne-shtepi\/"]}]},{"@type":"BreadcrumbList","@id":"https:\/\/www.visit-ulcinj.com\/blog\/2013\/06\/29\/verimet-disa-ne-bregdet-disa-ne-shtepi\/#breadcrumb","itemListElement":[{"@type":"ListItem","position":1,"name":"Verimet &#8211; disa n\u00eb bregdet, disa n\u00eb sht\u00ebpi"}]},{"@type":"Person","@id":"https:\/\/www.visit-ulcinj.com\/blog\/#\/schema\/person\/dcab619c614d3038751c63bc2aadc06d","name":"ulqini","sameAs":["http:\/\/www.visit-ulcinj.com"],"url":"https:\/\/www.visit-ulcinj.com\/blog\/author\/admin\/"}]}},"jetpack_featured_media_url":"","jetpack_sharing_enabled":true,"jetpack_shortlink":"https:\/\/wp.me\/pe6lTn-iWe","_links":{"self":[{"href":"https:\/\/www.visit-ulcinj.com\/blog\/wp-json\/wp\/v2\/posts\/72802"}],"collection":[{"href":"https:\/\/www.visit-ulcinj.com\/blog\/wp-json\/wp\/v2\/posts"}],"about":[{"href":"https:\/\/www.visit-ulcinj.com\/blog\/wp-json\/wp\/v2\/types\/post"}],"author":[{"embeddable":true,"href":"https:\/\/www.visit-ulcinj.com\/blog\/wp-json\/wp\/v2\/users\/1"}],"replies":[{"embeddable":true,"href":"https:\/\/www.visit-ulcinj.com\/blog\/wp-json\/wp\/v2\/comments?post=72802"}],"version-history":[{"count":2,"href":"https:\/\/www.visit-ulcinj.com\/blog\/wp-json\/wp\/v2\/posts\/72802\/revisions"}],"predecessor-version":[{"id":72805,"href":"https:\/\/www.visit-ulcinj.com\/blog\/wp-json\/wp\/v2\/posts\/72802\/revisions\/72805"}],"wp:attachment":[{"href":"https:\/\/www.visit-ulcinj.com\/blog\/wp-json\/wp\/v2\/media?parent=72802"}],"wp:term":[{"taxonomy":"category","embeddable":true,"href":"https:\/\/www.visit-ulcinj.com\/blog\/wp-json\/wp\/v2\/categories?post=72802"},{"taxonomy":"post_tag","embeddable":true,"href":"https:\/\/www.visit-ulcinj.com\/blog\/wp-json\/wp\/v2\/tags?post=72802"}],"curies":[{"name":"wp","href":"https:\/\/api.w.org\/{rel}","templated":true}]}}