{"id":72819,"date":"2013-06-29T18:28:48","date_gmt":"2013-06-29T17:28:48","guid":{"rendered":"http:\/\/www.visit-ulcinj.com\/blog\/?p=72819"},"modified":"2013-06-29T18:29:11","modified_gmt":"2013-06-29T17:29:11","slug":"pushime-in-per-dafinen-dhe-seldin-video","status":"publish","type":"post","link":"https:\/\/www.visit-ulcinj.com\/blog\/2013\/06\/29\/pushime-in-per-dafinen-dhe-seldin-video\/","title":{"rendered":"Pushime in per Dafinen dhe Seldin &#8211; Video"},"content":{"rendered":"<p><a href=\"http:\/\/www.visit-ulcinj.com\/blog\/wp-content\/uploads\/2013\/06\/Dafina-Seldi.png\"><img loading=\"lazy\" class=\"alignleft  wp-image-72820\" alt=\"Dafina- Seldi\" src=\"http:\/\/www.visit-ulcinj.com\/blog\/wp-content\/uploads\/2013\/06\/Dafina-Seldi.png\" width=\"508\" height=\"360\" \/><\/a>K\u00ebto imazhe vijn\u00eb nga pushimet e fundit t\u00eb Seldi Qalliut me t\u00eb dashur\u00ebn e tij, Dafina Zeka.<\/p>\n<p>Fotot jan\u00eb publikuar n\u00eb rrjetet sociale nga bukuroshja bionde, me t\u00eb cil\u00ebn\u00a0 k\u00ebng\u00ebtari \u00ebsht\u00eb n\u00eb lidhje prej m\u00eb shum\u00eb se nj\u00eb viti.<\/p>\n<p>Mes tyre \u00ebsht\u00eb p\u00ebrfolur madje edhe nj\u00eb fejes\u00eb, por vet\u00eb Qalliu s\u2019e ka pranuar kurr\u00eb k\u00ebt\u00eb gj\u00eb. Seldi sapo ka hedhur n\u00eb treg k\u00ebng\u00ebn e tij m\u00eb t\u00eb re, nj\u00eb rrym\u00eb t\u00eb cil\u00ebn ai s\u2019e kishte testuar kurr\u00eb m\u00eb par\u00eb tek vetja, por q\u00eb po rezulton shum\u00eb e suksesshme, pasi q\u00eb n\u00eb dit\u00ebt e para t\u00eb publikimit ka pasur nj\u00eb rekord klikimesh.<\/p>\n<p>&nbsp;<\/p>\n<p><strong>laj.me<\/strong><\/p>\n<p><iframe loading=\"lazy\" src=\"\/\/www.youtube.com\/embed\/e8GLVnJmw9A\" height=\"360\" width=\"508\" allowfullscreen=\"\" frameborder=\"0\"><\/iframe><\/p>\n","protected":false},"excerpt":{"rendered":"<p>K\u00ebto imazhe vijn\u00eb nga pushimet e fundit t\u00eb Seldi Qalliut me t\u00eb dashur\u00ebn e tij, Dafina Zeka. Fotot jan\u00eb publikuar n\u00eb rrjetet sociale nga bukuroshja bionde, me t\u00eb cil\u00ebn\u00a0 k\u00ebng\u00ebtari \u00ebsht\u00eb n\u00eb lidhje prej m\u00eb shum\u00eb se nj\u00eb viti. Mes tyre \u00ebsht\u00eb p\u00ebrfolur madje edhe nj\u00eb fejes\u00eb, por vet\u00eb Qalliu s\u2019e ka pranuar kurr\u00eb k\u00ebt\u00eb [&hellip;]<\/p>\n","protected":false},"author":1,"featured_media":0,"comment_status":"closed","ping_status":"closed","sticky":false,"template":"","format":"standard","meta":{"spay_email":"","jetpack_publicize_message":"","jetpack_is_tweetstorm":false,"jetpack_publicize_feature_enabled":true},"categories":[1],"tags":[],"jetpack_publicize_connections":[],"yoast_head":"<!-- This site is optimized with the Yoast SEO plugin v19.1 - https:\/\/yoast.com\/wordpress\/plugins\/seo\/ -->\n<title>Pushime in per Dafinen dhe Seldin - Video - Lajme nga Ulqini<\/title>\n<meta name=\"description\" content=\"K\u00ebto imazhe vijn\u00eb nga pushimet e fundit t\u00eb Seldi Qalliut me t\u00eb dashur\u00ebn e tij, Dafina Zeka. Fotot jan\u00eb publikuar n\u00eb rrjetet sociale nga bukuroshja bionde,\" \/>\n<meta name=\"robots\" content=\"index, follow, max-snippet:-1, max-image-preview:large, max-video-preview:-1\" \/>\n<link rel=\"canonical\" href=\"https:\/\/www.visit-ulcinj.com\/blog\/2013\/06\/29\/pushime-in-per-dafinen-dhe-seldin-video\/\" \/>\n<meta property=\"og:locale\" content=\"en_US\" \/>\n<meta property=\"og:type\" content=\"article\" \/>\n<meta property=\"og:title\" content=\"Pushime in per Dafinen dhe Seldin - Video - Lajme nga Ulqini\" \/>\n<meta property=\"og:description\" content=\"K\u00ebto imazhe vijn\u00eb nga pushimet e fundit t\u00eb Seldi Qalliut me t\u00eb dashur\u00ebn e tij, Dafina Zeka. Fotot jan\u00eb publikuar n\u00eb rrjetet sociale nga bukuroshja bionde,\" \/>\n<meta property=\"og:url\" content=\"https:\/\/www.visit-ulcinj.com\/blog\/2013\/06\/29\/pushime-in-per-dafinen-dhe-seldin-video\/\" \/>\n<meta property=\"og:site_name\" content=\"Lajme nga Ulqini\" \/>\n<meta property=\"article:published_time\" content=\"2013-06-29T17:28:48+00:00\" \/>\n<meta property=\"article:modified_time\" content=\"2013-06-29T17:29:11+00:00\" \/>\n<meta property=\"og:image\" content=\"http:\/\/www.visit-ulcinj.com\/blog\/wp-content\/uploads\/2013\/06\/Dafina-Seldi.png\" \/>\n<meta name=\"twitter:label1\" content=\"Written by\" \/>\n\t<meta name=\"twitter:data1\" content=\"ulqini\" \/>\n\t<meta name=\"twitter:label2\" content=\"Est. reading time\" \/>\n\t<meta name=\"twitter:data2\" content=\"1 minute\" \/>\n<script type=\"application\/ld+json\" class=\"yoast-schema-graph\">{\"@context\":\"https:\/\/schema.org\",\"@graph\":[{\"@type\":\"WebSite\",\"@id\":\"https:\/\/www.visit-ulcinj.com\/blog\/#website\",\"url\":\"https:\/\/www.visit-ulcinj.com\/blog\/\",\"name\":\"Lajme nga Ulqini\",\"description\":\"Lajme,Vijesti,Ulqini,Ulqin,Crna Gora,Mali i Zi\",\"potentialAction\":[{\"@type\":\"SearchAction\",\"target\":{\"@type\":\"EntryPoint\",\"urlTemplate\":\"https:\/\/www.visit-ulcinj.com\/blog\/?s={search_term_string}\"},\"query-input\":\"required name=search_term_string\"}],\"inLanguage\":\"en-US\"},{\"@type\":\"ImageObject\",\"inLanguage\":\"en-US\",\"@id\":\"https:\/\/www.visit-ulcinj.com\/blog\/2013\/06\/29\/pushime-in-per-dafinen-dhe-seldin-video\/#primaryimage\",\"url\":\"http:\/\/www.visit-ulcinj.com\/blog\/wp-content\/uploads\/2013\/06\/Dafina-Seldi.png\",\"contentUrl\":\"http:\/\/www.visit-ulcinj.com\/blog\/wp-content\/uploads\/2013\/06\/Dafina-Seldi.png\"},{\"@type\":\"WebPage\",\"@id\":\"https:\/\/www.visit-ulcinj.com\/blog\/2013\/06\/29\/pushime-in-per-dafinen-dhe-seldin-video\/#webpage\",\"url\":\"https:\/\/www.visit-ulcinj.com\/blog\/2013\/06\/29\/pushime-in-per-dafinen-dhe-seldin-video\/\",\"name\":\"Pushime in per Dafinen dhe Seldin - Video - Lajme nga Ulqini\",\"isPartOf\":{\"@id\":\"https:\/\/www.visit-ulcinj.com\/blog\/#website\"},\"primaryImageOfPage\":{\"@id\":\"https:\/\/www.visit-ulcinj.com\/blog\/2013\/06\/29\/pushime-in-per-dafinen-dhe-seldin-video\/#primaryimage\"},\"datePublished\":\"2013-06-29T17:28:48+00:00\",\"dateModified\":\"2013-06-29T17:29:11+00:00\",\"author\":{\"@id\":\"https:\/\/www.visit-ulcinj.com\/blog\/#\/schema\/person\/dcab619c614d3038751c63bc2aadc06d\"},\"description\":\"K\u00ebto imazhe vijn\u00eb nga pushimet e fundit t\u00eb Seldi Qalliut me t\u00eb dashur\u00ebn e tij, Dafina Zeka. Fotot jan\u00eb publikuar n\u00eb rrjetet sociale nga bukuroshja bionde,\",\"breadcrumb\":{\"@id\":\"https:\/\/www.visit-ulcinj.com\/blog\/2013\/06\/29\/pushime-in-per-dafinen-dhe-seldin-video\/#breadcrumb\"},\"inLanguage\":\"en-US\",\"potentialAction\":[{\"@type\":\"ReadAction\",\"target\":[\"https:\/\/www.visit-ulcinj.com\/blog\/2013\/06\/29\/pushime-in-per-dafinen-dhe-seldin-video\/\"]}]},{\"@type\":\"BreadcrumbList\",\"@id\":\"https:\/\/www.visit-ulcinj.com\/blog\/2013\/06\/29\/pushime-in-per-dafinen-dhe-seldin-video\/#breadcrumb\",\"itemListElement\":[{\"@type\":\"ListItem\",\"position\":1,\"name\":\"Pushime in per Dafinen dhe Seldin &#8211; Video\"}]},{\"@type\":\"Person\",\"@id\":\"https:\/\/www.visit-ulcinj.com\/blog\/#\/schema\/person\/dcab619c614d3038751c63bc2aadc06d\",\"name\":\"ulqini\",\"sameAs\":[\"http:\/\/www.visit-ulcinj.com\"],\"url\":\"https:\/\/www.visit-ulcinj.com\/blog\/author\/admin\/\"}]}<\/script>\n<!-- \/ Yoast SEO plugin. -->","yoast_head_json":{"title":"Pushime in per Dafinen dhe Seldin - Video - Lajme nga Ulqini","description":"K\u00ebto imazhe vijn\u00eb nga pushimet e fundit t\u00eb Seldi Qalliut me t\u00eb dashur\u00ebn e tij, Dafina Zeka. Fotot jan\u00eb publikuar n\u00eb rrjetet sociale nga bukuroshja bionde,","robots":{"index":"index","follow":"follow","max-snippet":"max-snippet:-1","max-image-preview":"max-image-preview:large","max-video-preview":"max-video-preview:-1"},"canonical":"https:\/\/www.visit-ulcinj.com\/blog\/2013\/06\/29\/pushime-in-per-dafinen-dhe-seldin-video\/","og_locale":"en_US","og_type":"article","og_title":"Pushime in per Dafinen dhe Seldin - Video - Lajme nga Ulqini","og_description":"K\u00ebto imazhe vijn\u00eb nga pushimet e fundit t\u00eb Seldi Qalliut me t\u00eb dashur\u00ebn e tij, Dafina Zeka. Fotot jan\u00eb publikuar n\u00eb rrjetet sociale nga bukuroshja bionde,","og_url":"https:\/\/www.visit-ulcinj.com\/blog\/2013\/06\/29\/pushime-in-per-dafinen-dhe-seldin-video\/","og_site_name":"Lajme nga Ulqini","article_published_time":"2013-06-29T17:28:48+00:00","article_modified_time":"2013-06-29T17:29:11+00:00","og_image":[{"url":"http:\/\/www.visit-ulcinj.com\/blog\/wp-content\/uploads\/2013\/06\/Dafina-Seldi.png"}],"twitter_misc":{"Written by":"ulqini","Est. reading time":"1 minute"},"schema":{"@context":"https:\/\/schema.org","@graph":[{"@type":"WebSite","@id":"https:\/\/www.visit-ulcinj.com\/blog\/#website","url":"https:\/\/www.visit-ulcinj.com\/blog\/","name":"Lajme nga Ulqini","description":"Lajme,Vijesti,Ulqini,Ulqin,Crna Gora,Mali i Zi","potentialAction":[{"@type":"SearchAction","target":{"@type":"EntryPoint","urlTemplate":"https:\/\/www.visit-ulcinj.com\/blog\/?s={search_term_string}"},"query-input":"required name=search_term_string"}],"inLanguage":"en-US"},{"@type":"ImageObject","inLanguage":"en-US","@id":"https:\/\/www.visit-ulcinj.com\/blog\/2013\/06\/29\/pushime-in-per-dafinen-dhe-seldin-video\/#primaryimage","url":"http:\/\/www.visit-ulcinj.com\/blog\/wp-content\/uploads\/2013\/06\/Dafina-Seldi.png","contentUrl":"http:\/\/www.visit-ulcinj.com\/blog\/wp-content\/uploads\/2013\/06\/Dafina-Seldi.png"},{"@type":"WebPage","@id":"https:\/\/www.visit-ulcinj.com\/blog\/2013\/06\/29\/pushime-in-per-dafinen-dhe-seldin-video\/#webpage","url":"https:\/\/www.visit-ulcinj.com\/blog\/2013\/06\/29\/pushime-in-per-dafinen-dhe-seldin-video\/","name":"Pushime in per Dafinen dhe Seldin - Video - Lajme nga Ulqini","isPartOf":{"@id":"https:\/\/www.visit-ulcinj.com\/blog\/#website"},"primaryImageOfPage":{"@id":"https:\/\/www.visit-ulcinj.com\/blog\/2013\/06\/29\/pushime-in-per-dafinen-dhe-seldin-video\/#primaryimage"},"datePublished":"2013-06-29T17:28:48+00:00","dateModified":"2013-06-29T17:29:11+00:00","author":{"@id":"https:\/\/www.visit-ulcinj.com\/blog\/#\/schema\/person\/dcab619c614d3038751c63bc2aadc06d"},"description":"K\u00ebto imazhe vijn\u00eb nga pushimet e fundit t\u00eb Seldi Qalliut me t\u00eb dashur\u00ebn e tij, Dafina Zeka. Fotot jan\u00eb publikuar n\u00eb rrjetet sociale nga bukuroshja bionde,","breadcrumb":{"@id":"https:\/\/www.visit-ulcinj.com\/blog\/2013\/06\/29\/pushime-in-per-dafinen-dhe-seldin-video\/#breadcrumb"},"inLanguage":"en-US","potentialAction":[{"@type":"ReadAction","target":["https:\/\/www.visit-ulcinj.com\/blog\/2013\/06\/29\/pushime-in-per-dafinen-dhe-seldin-video\/"]}]},{"@type":"BreadcrumbList","@id":"https:\/\/www.visit-ulcinj.com\/blog\/2013\/06\/29\/pushime-in-per-dafinen-dhe-seldin-video\/#breadcrumb","itemListElement":[{"@type":"ListItem","position":1,"name":"Pushime in per Dafinen dhe Seldin &#8211; Video"}]},{"@type":"Person","@id":"https:\/\/www.visit-ulcinj.com\/blog\/#\/schema\/person\/dcab619c614d3038751c63bc2aadc06d","name":"ulqini","sameAs":["http:\/\/www.visit-ulcinj.com"],"url":"https:\/\/www.visit-ulcinj.com\/blog\/author\/admin\/"}]}},"jetpack_featured_media_url":"","jetpack_sharing_enabled":true,"jetpack_shortlink":"https:\/\/wp.me\/pe6lTn-iWv","_links":{"self":[{"href":"https:\/\/www.visit-ulcinj.com\/blog\/wp-json\/wp\/v2\/posts\/72819"}],"collection":[{"href":"https:\/\/www.visit-ulcinj.com\/blog\/wp-json\/wp\/v2\/posts"}],"about":[{"href":"https:\/\/www.visit-ulcinj.com\/blog\/wp-json\/wp\/v2\/types\/post"}],"author":[{"embeddable":true,"href":"https:\/\/www.visit-ulcinj.com\/blog\/wp-json\/wp\/v2\/users\/1"}],"replies":[{"embeddable":true,"href":"https:\/\/www.visit-ulcinj.com\/blog\/wp-json\/wp\/v2\/comments?post=72819"}],"version-history":[{"count":2,"href":"https:\/\/www.visit-ulcinj.com\/blog\/wp-json\/wp\/v2\/posts\/72819\/revisions"}],"predecessor-version":[{"id":72822,"href":"https:\/\/www.visit-ulcinj.com\/blog\/wp-json\/wp\/v2\/posts\/72819\/revisions\/72822"}],"wp:attachment":[{"href":"https:\/\/www.visit-ulcinj.com\/blog\/wp-json\/wp\/v2\/media?parent=72819"}],"wp:term":[{"taxonomy":"category","embeddable":true,"href":"https:\/\/www.visit-ulcinj.com\/blog\/wp-json\/wp\/v2\/categories?post=72819"},{"taxonomy":"post_tag","embeddable":true,"href":"https:\/\/www.visit-ulcinj.com\/blog\/wp-json\/wp\/v2\/tags?post=72819"}],"curies":[{"name":"wp","href":"https:\/\/api.w.org\/{rel}","templated":true}]}}