{"id":72847,"date":"2013-07-02T06:10:36","date_gmt":"2013-07-02T05:10:36","guid":{"rendered":"http:\/\/www.visit-ulcinj.com\/blog\/?p=72847"},"modified":"2013-07-02T06:11:26","modified_gmt":"2013-07-02T05:11:26","slug":"dom-zdravlja-ulcinj-ni-pacijenata-ni-ljekara","status":"publish","type":"post","link":"https:\/\/www.visit-ulcinj.com\/blog\/2013\/07\/02\/dom-zdravlja-ulcinj-ni-pacijenata-ni-ljekara\/","title":{"rendered":"Dom zdravlja Ulcinj ni pacijenata ni ljekara"},"content":{"rendered":"<p><strong><a href=\"http:\/\/www.visit-ulcinj.com\/blog\/wp-content\/uploads\/2013\/07\/Dom-zdravlja-Ulcinj.jpg\"><img loading=\"lazy\" class=\"alignleft  wp-image-72848\" alt=\"Dom zdravlja Ulcinj\" src=\"http:\/\/www.visit-ulcinj.com\/blog\/wp-content\/uploads\/2013\/07\/Dom-zdravlja-Ulcinj.jpg\" width=\"508\" height=\"360\" \/><\/a>Nedjelja 30.06.2013. Dom zdravlja Ulcinj, sati 8.30<br \/>\n<\/strong><br \/>\nOtvorena vrata, prazan hodnik, ni pacijenata ni ljekara. Na samom kraju hodnika, jedna medicinska sestra koja vas upu\u0107uje na&#8221; Hitnu&#8221;. Mje\u0161tani su navikvi na ovakav nerad i na ovakvo pona\u0161anje, me\u0111utim turistima, posebno strancima je to neobi\u010dno i \u010dudno. Ali \u0161ta \u0107ete, ka\u017eu, ovo je Balkan i na tome se zavr\u0161ava.<\/p>\n<p>To \u0161to mi pretendujemo da budemo dio Evropske zajednice, je za neke od nas manje va\u017eno. Bitni smo mi i radno vrijeme koje nama odgovara, a nikako gostima i turisti\u010dkoj sezoni, koju vjerujem i zdravstvo \u010deka. I ja sam danas molio za jednu malu uslugu. Upu\u0107en sam na &#8220;Hitnu&#8221; i ako nisam bio ba\u0161 za &#8220;Hitnu&#8221;, ali po\u0161tovao sam proceduru. Mislio sam i iskreno se nadao, da s obzirom da sam mje\u0161tanin da \u0107u brzo obaviti posao. Me\u0111utim u&#8221; Hitoj&#8221; samo je jedna vrijedna dama na \u0161alteru radila, dok su ostali uglavnom, uklju\u010duju\u0107i i jednog&#8221; ljekara&#8221; razgovarali i gledali Tv.<br \/>\n<a href=\"http:\/\/www.visit-ulcinj.com\/blog\/wp-content\/uploads\/2013\/07\/Dom-zdravlja-Ulcinj.1.jpg\"><img loading=\"lazy\" class=\"alignleft  wp-image-72849\" alt=\"Dom zdravlja Ulcinj.1\" src=\"http:\/\/www.visit-ulcinj.com\/blog\/wp-content\/uploads\/2013\/07\/Dom-zdravlja-Ulcinj.1.jpg\" width=\"508\" height=\"360\" \/><\/a><\/p>\n<p>Ne bi u tome ni bilo ni\u010deg \u010dudnog, jer mi i ho\u0107emo da smo zdravi i da oni nemaju posla, ali, posla je bilo. I ja sam imao potrebu za malu intervenciju i na moju molbu da me pregleda, jedan mladi &#8220;ljekar&#8221;, je jedva ustao, i na putu do njegove ordinacije neprestano mi je dijelio savjete i lekcije, o etici i sli\u010dno..Naravno, odbio sam da me pregleda i razo\u010daran kadrom, u kojem i ja imam udjela kao dugogodi\u0161nji prosvjetni radnik, napustio Dom zdravlja. Sre\u0107om ovom momku nijesam predavao, ali sam ubije\u0111en da on, niti zna niti je pro\u010diatao&#8221; Hipokratovu zakljetvu&#8221;. Ali ho\u0107u ne\u0161to drugo da napi\u0161em.<\/p>\n<p>Do devedesetih godina se na\u0161 grad koliko _ toliko dr\u017eao, institucije sistema su uglavnom bile ovdje, i ako je i tada bila intencija komunista onog vremena, da nas pretvore u dio &#8220;Barskog sreza&#8221;. Od 90 pa na dalje, na\u0161 grad je izgubio i institucije i hotele, dok je na\u0161 turizam ostao na margini turisti\u010dkog prometa, regiona i na\u0161e Republike, i naravno, \u010ditav sistem je skoro potpuno pre\u0161ao pod kontrolom dr\u017eave.. Jedna od rijetkih institucija, koji je imao izvjesnu samostalnost je bio i Dom zdravlja, otvoreno je i porodili\u0161te i bilo je dobrih izgleda da tako i ostane. Na\u017ealost, sada je krenula incijativa da se te ingerencije potpuno i oduzmu.<br \/>\n<a href=\"http:\/\/www.visit-ulcinj.com\/blog\/wp-content\/uploads\/2013\/07\/Dom-zdravlja-Ulcinj.2.jpg\"><img loading=\"lazy\" class=\"alignleft  wp-image-72850\" alt=\"Dom zdravlja Ulcinj.2\" src=\"http:\/\/www.visit-ulcinj.com\/blog\/wp-content\/uploads\/2013\/07\/Dom-zdravlja-Ulcinj.2.jpg\" width=\"508\" height=\"360\" \/><\/a><\/p>\n<p>Bio sam veliki protivnik takvih odluka Ministarstva zdravlja i Vlade Republike Crne Gore, ali sada sam skoro ubije\u0111en da ovakvim odnosom prema pacijentima, nedisciplinom, i radnim vremenom uskla\u0111enom sebi, a ne turistima i njhovim potrebama, i ne zaslu\u017eujemo samostalnost. \u010cini mi se, da im je i Majka Tereza okrenula le\u0111a. Njen veli\u010danstven, sveti i humani lik, siguaran sam, zaslu\u017euje ili drugo mjesto ili druga\u010diji odnos&#8230;<\/p>\n<p><a href=\"https:\/\/www.facebook.com\/ismet.karamanaga?fref=ts\" target=\"_blank\"><strong>Ismet Karamanaga Facebook<\/strong><\/a><\/p>\n","protected":false},"excerpt":{"rendered":"<p>Nedjelja 30.06.2013. Dom zdravlja Ulcinj, sati 8.30 Otvorena vrata, prazan hodnik, ni pacijenata ni ljekara. Na samom kraju hodnika, jedna medicinska sestra koja vas upu\u0107uje na&#8221; Hitnu&#8221;. Mje\u0161tani su navikvi na ovakav nerad i na ovakvo pona\u0161anje, me\u0111utim turistima, posebno strancima je to neobi\u010dno i \u010dudno. Ali \u0161ta \u0107ete, ka\u017eu, ovo je Balkan i na [&hellip;]<\/p>\n","protected":false},"author":1,"featured_media":0,"comment_status":"closed","ping_status":"closed","sticky":false,"template":"","format":"standard","meta":{"spay_email":"","jetpack_publicize_message":"","jetpack_is_tweetstorm":false,"jetpack_publicize_feature_enabled":true},"categories":[8337],"tags":[],"jetpack_publicize_connections":[],"yoast_head":"<!-- This site is optimized with the Yoast SEO plugin v19.1 - https:\/\/yoast.com\/wordpress\/plugins\/seo\/ -->\n<title>Dom zdravlja Ulcinj ni pacijenata ni ljekara - Lajme nga Ulqini<\/title>\n<meta name=\"description\" content=\"Nedjelja 30.06.2013. Dom zdravlja Ulcinj, sati 8.30 Otvorena vrata, prazan hodnik, ni pacijenata ni ljekara. Na samom kraju hodnika, jedna medicinska\" \/>\n<meta name=\"robots\" content=\"index, follow, max-snippet:-1, max-image-preview:large, max-video-preview:-1\" \/>\n<link rel=\"canonical\" href=\"https:\/\/www.visit-ulcinj.com\/blog\/2013\/07\/02\/dom-zdravlja-ulcinj-ni-pacijenata-ni-ljekara\/\" \/>\n<meta property=\"og:locale\" content=\"en_US\" \/>\n<meta property=\"og:type\" content=\"article\" \/>\n<meta property=\"og:title\" content=\"Dom zdravlja Ulcinj ni pacijenata ni ljekara - Lajme nga Ulqini\" \/>\n<meta property=\"og:description\" content=\"Nedjelja 30.06.2013. Dom zdravlja Ulcinj, sati 8.30 Otvorena vrata, prazan hodnik, ni pacijenata ni ljekara. Na samom kraju hodnika, jedna medicinska\" \/>\n<meta property=\"og:url\" content=\"https:\/\/www.visit-ulcinj.com\/blog\/2013\/07\/02\/dom-zdravlja-ulcinj-ni-pacijenata-ni-ljekara\/\" \/>\n<meta property=\"og:site_name\" content=\"Lajme nga Ulqini\" \/>\n<meta property=\"article:published_time\" content=\"2013-07-02T05:10:36+00:00\" \/>\n<meta property=\"article:modified_time\" content=\"2013-07-02T05:11:26+00:00\" \/>\n<meta property=\"og:image\" content=\"http:\/\/www.visit-ulcinj.com\/blog\/wp-content\/uploads\/2013\/07\/Dom-zdravlja-Ulcinj.jpg\" \/>\n<meta name=\"twitter:label1\" content=\"Written by\" \/>\n\t<meta name=\"twitter:data1\" content=\"ulqini\" \/>\n\t<meta name=\"twitter:label2\" content=\"Est. reading time\" \/>\n\t<meta name=\"twitter:data2\" content=\"2 minutes\" \/>\n<script type=\"application\/ld+json\" class=\"yoast-schema-graph\">{\"@context\":\"https:\/\/schema.org\",\"@graph\":[{\"@type\":\"WebSite\",\"@id\":\"https:\/\/www.visit-ulcinj.com\/blog\/#website\",\"url\":\"https:\/\/www.visit-ulcinj.com\/blog\/\",\"name\":\"Lajme nga Ulqini\",\"description\":\"Lajme,Vijesti,Ulqini,Ulqin,Crna Gora,Mali i Zi\",\"potentialAction\":[{\"@type\":\"SearchAction\",\"target\":{\"@type\":\"EntryPoint\",\"urlTemplate\":\"https:\/\/www.visit-ulcinj.com\/blog\/?s={search_term_string}\"},\"query-input\":\"required name=search_term_string\"}],\"inLanguage\":\"en-US\"},{\"@type\":\"ImageObject\",\"inLanguage\":\"en-US\",\"@id\":\"https:\/\/www.visit-ulcinj.com\/blog\/2013\/07\/02\/dom-zdravlja-ulcinj-ni-pacijenata-ni-ljekara\/#primaryimage\",\"url\":\"https:\/\/www.visit-ulcinj.com\/blog\/wp-content\/uploads\/2013\/07\/Dom-zdravlja-Ulcinj.jpg\",\"contentUrl\":\"https:\/\/www.visit-ulcinj.com\/blog\/wp-content\/uploads\/2013\/07\/Dom-zdravlja-Ulcinj.jpg\",\"width\":960,\"height\":720},{\"@type\":\"WebPage\",\"@id\":\"https:\/\/www.visit-ulcinj.com\/blog\/2013\/07\/02\/dom-zdravlja-ulcinj-ni-pacijenata-ni-ljekara\/#webpage\",\"url\":\"https:\/\/www.visit-ulcinj.com\/blog\/2013\/07\/02\/dom-zdravlja-ulcinj-ni-pacijenata-ni-ljekara\/\",\"name\":\"Dom zdravlja Ulcinj ni pacijenata ni ljekara - Lajme nga Ulqini\",\"isPartOf\":{\"@id\":\"https:\/\/www.visit-ulcinj.com\/blog\/#website\"},\"primaryImageOfPage\":{\"@id\":\"https:\/\/www.visit-ulcinj.com\/blog\/2013\/07\/02\/dom-zdravlja-ulcinj-ni-pacijenata-ni-ljekara\/#primaryimage\"},\"datePublished\":\"2013-07-02T05:10:36+00:00\",\"dateModified\":\"2013-07-02T05:11:26+00:00\",\"author\":{\"@id\":\"https:\/\/www.visit-ulcinj.com\/blog\/#\/schema\/person\/dcab619c614d3038751c63bc2aadc06d\"},\"description\":\"Nedjelja 30.06.2013. Dom zdravlja Ulcinj, sati 8.30 Otvorena vrata, prazan hodnik, ni pacijenata ni ljekara. Na samom kraju hodnika, jedna medicinska\",\"breadcrumb\":{\"@id\":\"https:\/\/www.visit-ulcinj.com\/blog\/2013\/07\/02\/dom-zdravlja-ulcinj-ni-pacijenata-ni-ljekara\/#breadcrumb\"},\"inLanguage\":\"en-US\",\"potentialAction\":[{\"@type\":\"ReadAction\",\"target\":[\"https:\/\/www.visit-ulcinj.com\/blog\/2013\/07\/02\/dom-zdravlja-ulcinj-ni-pacijenata-ni-ljekara\/\"]}]},{\"@type\":\"BreadcrumbList\",\"@id\":\"https:\/\/www.visit-ulcinj.com\/blog\/2013\/07\/02\/dom-zdravlja-ulcinj-ni-pacijenata-ni-ljekara\/#breadcrumb\",\"itemListElement\":[{\"@type\":\"ListItem\",\"position\":1,\"name\":\"Dom zdravlja Ulcinj ni pacijenata ni ljekara\"}]},{\"@type\":\"Person\",\"@id\":\"https:\/\/www.visit-ulcinj.com\/blog\/#\/schema\/person\/dcab619c614d3038751c63bc2aadc06d\",\"name\":\"ulqini\",\"sameAs\":[\"http:\/\/www.visit-ulcinj.com\"],\"url\":\"https:\/\/www.visit-ulcinj.com\/blog\/author\/admin\/\"}]}<\/script>\n<!-- \/ Yoast SEO plugin. -->","yoast_head_json":{"title":"Dom zdravlja Ulcinj ni pacijenata ni ljekara - Lajme nga Ulqini","description":"Nedjelja 30.06.2013. Dom zdravlja Ulcinj, sati 8.30 Otvorena vrata, prazan hodnik, ni pacijenata ni ljekara. Na samom kraju hodnika, jedna medicinska","robots":{"index":"index","follow":"follow","max-snippet":"max-snippet:-1","max-image-preview":"max-image-preview:large","max-video-preview":"max-video-preview:-1"},"canonical":"https:\/\/www.visit-ulcinj.com\/blog\/2013\/07\/02\/dom-zdravlja-ulcinj-ni-pacijenata-ni-ljekara\/","og_locale":"en_US","og_type":"article","og_title":"Dom zdravlja Ulcinj ni pacijenata ni ljekara - Lajme nga Ulqini","og_description":"Nedjelja 30.06.2013. Dom zdravlja Ulcinj, sati 8.30 Otvorena vrata, prazan hodnik, ni pacijenata ni ljekara. Na samom kraju hodnika, jedna medicinska","og_url":"https:\/\/www.visit-ulcinj.com\/blog\/2013\/07\/02\/dom-zdravlja-ulcinj-ni-pacijenata-ni-ljekara\/","og_site_name":"Lajme nga Ulqini","article_published_time":"2013-07-02T05:10:36+00:00","article_modified_time":"2013-07-02T05:11:26+00:00","og_image":[{"url":"http:\/\/www.visit-ulcinj.com\/blog\/wp-content\/uploads\/2013\/07\/Dom-zdravlja-Ulcinj.jpg"}],"twitter_misc":{"Written by":"ulqini","Est. reading time":"2 minutes"},"schema":{"@context":"https:\/\/schema.org","@graph":[{"@type":"WebSite","@id":"https:\/\/www.visit-ulcinj.com\/blog\/#website","url":"https:\/\/www.visit-ulcinj.com\/blog\/","name":"Lajme nga Ulqini","description":"Lajme,Vijesti,Ulqini,Ulqin,Crna Gora,Mali i Zi","potentialAction":[{"@type":"SearchAction","target":{"@type":"EntryPoint","urlTemplate":"https:\/\/www.visit-ulcinj.com\/blog\/?s={search_term_string}"},"query-input":"required name=search_term_string"}],"inLanguage":"en-US"},{"@type":"ImageObject","inLanguage":"en-US","@id":"https:\/\/www.visit-ulcinj.com\/blog\/2013\/07\/02\/dom-zdravlja-ulcinj-ni-pacijenata-ni-ljekara\/#primaryimage","url":"https:\/\/www.visit-ulcinj.com\/blog\/wp-content\/uploads\/2013\/07\/Dom-zdravlja-Ulcinj.jpg","contentUrl":"https:\/\/www.visit-ulcinj.com\/blog\/wp-content\/uploads\/2013\/07\/Dom-zdravlja-Ulcinj.jpg","width":960,"height":720},{"@type":"WebPage","@id":"https:\/\/www.visit-ulcinj.com\/blog\/2013\/07\/02\/dom-zdravlja-ulcinj-ni-pacijenata-ni-ljekara\/#webpage","url":"https:\/\/www.visit-ulcinj.com\/blog\/2013\/07\/02\/dom-zdravlja-ulcinj-ni-pacijenata-ni-ljekara\/","name":"Dom zdravlja Ulcinj ni pacijenata ni ljekara - Lajme nga Ulqini","isPartOf":{"@id":"https:\/\/www.visit-ulcinj.com\/blog\/#website"},"primaryImageOfPage":{"@id":"https:\/\/www.visit-ulcinj.com\/blog\/2013\/07\/02\/dom-zdravlja-ulcinj-ni-pacijenata-ni-ljekara\/#primaryimage"},"datePublished":"2013-07-02T05:10:36+00:00","dateModified":"2013-07-02T05:11:26+00:00","author":{"@id":"https:\/\/www.visit-ulcinj.com\/blog\/#\/schema\/person\/dcab619c614d3038751c63bc2aadc06d"},"description":"Nedjelja 30.06.2013. Dom zdravlja Ulcinj, sati 8.30 Otvorena vrata, prazan hodnik, ni pacijenata ni ljekara. Na samom kraju hodnika, jedna medicinska","breadcrumb":{"@id":"https:\/\/www.visit-ulcinj.com\/blog\/2013\/07\/02\/dom-zdravlja-ulcinj-ni-pacijenata-ni-ljekara\/#breadcrumb"},"inLanguage":"en-US","potentialAction":[{"@type":"ReadAction","target":["https:\/\/www.visit-ulcinj.com\/blog\/2013\/07\/02\/dom-zdravlja-ulcinj-ni-pacijenata-ni-ljekara\/"]}]},{"@type":"BreadcrumbList","@id":"https:\/\/www.visit-ulcinj.com\/blog\/2013\/07\/02\/dom-zdravlja-ulcinj-ni-pacijenata-ni-ljekara\/#breadcrumb","itemListElement":[{"@type":"ListItem","position":1,"name":"Dom zdravlja Ulcinj ni pacijenata ni ljekara"}]},{"@type":"Person","@id":"https:\/\/www.visit-ulcinj.com\/blog\/#\/schema\/person\/dcab619c614d3038751c63bc2aadc06d","name":"ulqini","sameAs":["http:\/\/www.visit-ulcinj.com"],"url":"https:\/\/www.visit-ulcinj.com\/blog\/author\/admin\/"}]}},"jetpack_featured_media_url":"","jetpack_sharing_enabled":true,"jetpack_shortlink":"https:\/\/wp.me\/pe6lTn-iWX","_links":{"self":[{"href":"https:\/\/www.visit-ulcinj.com\/blog\/wp-json\/wp\/v2\/posts\/72847"}],"collection":[{"href":"https:\/\/www.visit-ulcinj.com\/blog\/wp-json\/wp\/v2\/posts"}],"about":[{"href":"https:\/\/www.visit-ulcinj.com\/blog\/wp-json\/wp\/v2\/types\/post"}],"author":[{"embeddable":true,"href":"https:\/\/www.visit-ulcinj.com\/blog\/wp-json\/wp\/v2\/users\/1"}],"replies":[{"embeddable":true,"href":"https:\/\/www.visit-ulcinj.com\/blog\/wp-json\/wp\/v2\/comments?post=72847"}],"version-history":[{"count":3,"href":"https:\/\/www.visit-ulcinj.com\/blog\/wp-json\/wp\/v2\/posts\/72847\/revisions"}],"predecessor-version":[{"id":72853,"href":"https:\/\/www.visit-ulcinj.com\/blog\/wp-json\/wp\/v2\/posts\/72847\/revisions\/72853"}],"wp:attachment":[{"href":"https:\/\/www.visit-ulcinj.com\/blog\/wp-json\/wp\/v2\/media?parent=72847"}],"wp:term":[{"taxonomy":"category","embeddable":true,"href":"https:\/\/www.visit-ulcinj.com\/blog\/wp-json\/wp\/v2\/categories?post=72847"},{"taxonomy":"post_tag","embeddable":true,"href":"https:\/\/www.visit-ulcinj.com\/blog\/wp-json\/wp\/v2\/tags?post=72847"}],"curies":[{"name":"wp","href":"https:\/\/api.w.org\/{rel}","templated":true}]}}