{"id":7286,"date":"2008-12-15T17:15:57","date_gmt":"2008-12-15T16:15:57","guid":{"rendered":"http:\/\/www.visit-ulcinj.com\/blog\/?p=7286"},"modified":"2008-12-23T18:25:10","modified_gmt":"2008-12-23T17:25:10","slug":"ulcinj-porodice-rudovic-i-delic-traze-od-drzave-da-im-vrati-imovinu-predaka","status":"publish","type":"post","link":"https:\/\/www.visit-ulcinj.com\/blog\/2008\/12\/15\/ulcinj-porodice-rudovic-i-delic-traze-od-drzave-da-im-vrati-imovinu-predaka\/","title":{"rendered":"Ulcinj: Porodice Rudovi? i Deli? tra\u017ee od dr\u017eave da im vrati imovinu predaka &#8211; Video"},"content":{"rendered":"<p><a href=\"http:\/\/www.visit-ulcinj.com\/blog\/wp-content\/uploads\/2008\/08\/zef-deliqi.jpg\"><img loading=\"lazy\" class=\"alignleft\" title=\"Zefa Deli?\" src=\"http:\/\/www.visit-ulcinj.com\/blog\/wp-content\/uploads\/2008\/08\/zef-deliqi.jpg\" alt=\"\" width=\"373\" height=\"281\" \/><\/a>Ulcinj &#8211; Stare ulcinjske familije Rudovi? i Deli?, koje u sporu sa dr\u017eavom pred Komisijom za povra?aj i obe\u0161te?enje i Ministarstvom finansija poku\u0161avaju da vrate imovinu u \u0160toju oduzetu 1950. godine, strahuju da bi od cijelog posla korist mogla da imaju tre?a lica. Atraktivni posjed u zale?u Velike pla\u017ee, kako je kazao jedan od nasljednika biv\u0161ih vlasnika Peko Rudovi?, na meti je \u201eUlcinjske rivijere\u201c koja, prema njegovim rije?ima, tu imovinu tretira kao svoju.<br \/>\n&#8211; I biv\u0161e rukovodstvo Ulcinjske rivijere govorilo je o ?e\u0161kom kampu kao imovini firme. Takva politika nastavlja se i sada kada je na ?elo kolektiva do\u0161ao Mikan Zec. Na\u0161a saznanja govore da i nova uprava \u201eUlcinjske rivijere\u201c poku\u0161ava da imovinu na\u0161ih predaka, koja je trenutno u vlasni\u0161tvu dr\u017eave, prevede na svoje ime &#8211; kazali su ju?e \u201eVijestima\u201c Rudovi? i Zefa Deli?. Oni sumnjaju da je vra?anje imovinje u \u0160toju \u201evrlo selektivno\u201c.<br \/>\n&#8211; Od 113.750 metara kvadratnih povr\u0161ine , koja nam je u vidu jedne parcele oduzeta 1950, 40 godina kasnije vra?eno nam je oko 33 hiljade metara kvadratnih. U me?uvremenu, u istom pojasu, imovina je vra?ena nekim kom\u0161ijama i ro?acima ali ne i nama- kazao je Rudovi?.<\/p>\n<p>Izvr\u0161ni direktor \u201eUlcinjske rivijere\u201c Mikan Zec ju?e nije htio detaljnije da komentari\u0161e optu\u017ebe nasljednika biv\u0161ih vlasnika ?e\u0161kog kampa.<br \/>\n&#8211; Samo poku\u0161avamo da odbranimo imovinu \u201eUlcinjske rivijere\u201c &#8211; kratko je u telefonskom razgovoru Zec ju?e kazao \u201eVijestima\u201c.<br \/>\nPodgori?ki advokat Zoran Piperovi?, koji zastupa porodice Rudovi? i Deli?, vjeruje da ?e zemlji\u0161te biti vra?eno nasljednicima biv\u0161ih vlasnika.<br \/>\n&#8211; Predmet je ?ist kao suza i ako ima zahtjeva koji se temelji na pravdi, pravi?nosti ljudskoj i bo\u017ejoj i moralu, onda je to ovaj. Ovo definitivno nije pravni?ka pri?a, budu?i da je sve kristalno jasno. Samo treba staviti ruku na srce i re?i da ne postoji niti jedan razlog da se ovim ljudima ne vrati ta imovina &#8211; kazao je Piperovi?.<\/p>\n<p>Rje\u0161enjem sreske ekspropricione komisije iz 1950, ku?a sa imovinom od 113,750m kvadratnih familija Dede, ?oke i Marka Rudovi?a i Zefe Deli?a, eksproprisana je radi formiranja poljoprivrednog dobra Jadran u svrhu izvo?enja melioracionih radova. ?etrdeset godina kasnije, dr\u017eava je porodicama vratila 33.639 metara kvadratnih, dok je preostalih oko 80 hiljada metara kvadratnih stavljeno na \u201estand by\u201c do dono\u0161enja saveznih propisa iz oblasti turizma. Op\u0161tinska komisija za povra?aj i obe\u0161te?enje prije dvije godine vratila je preostalu imovinu Rudovi?ima i Deli?u ali je rje\u0161enje, na \u017ealbu dr\u017eavnog tu\u017eila\u0161tva, ukinulo je Ministarstvo finansija i vratilo na ponovni postupak.<a href=\"http:\/\/www.visit-ulcinj.com\/blog\/wp-content\/uploads\/2008\/06\/zoran-piperovic.jpg\"><img loading=\"lazy\" class=\"alignright\" title=\"ZORAN PIPEROVIC\" src=\"http:\/\/www.visit-ulcinj.com\/blog\/wp-content\/uploads\/2008\/06\/zoran-piperovic.jpg\" alt=\"\" width=\"290\" height=\"190\" \/><\/a><\/p>\n<p>Piperovi? je kazao da melioracioni radovi nikada nijesu izvedeni na oduzetim imanjima porodica Rudovi? i Deli?. On je rekao da porodicama nije pla?en ni cent obe\u0161te?enja, da nije izvr\u0161ena kompenzacija niti bilo \u0161to drugo \u0161to bi li?ilo na obe\u0161te?enje ili kompenzaciju.<br \/>\n&#8211; Dr\u017eava ne spori ?injenice da na oduzetom zemlji\u0161tu nije ura?eno ono \u0161to je trebalo i da porodice nijesu obe\u0161te?ene na bilo koji na?in. Po zakonu o povra?aju i obe\u0161te?enju, stvar je vrlo jasna &#8211; imovinu bi trebalo vratiti nasljednicima biv\u0161ih vlasnika i tako ih po\u0161tedjeti muka i opravdanih bojazni &#8211; kazao je Piperovi?. On je kazao da je svu imovinu trebalo vratiti jo\u0161 1990.<br \/>\n&#8211; Dr\u017eava pedesete oduzima zemlji\u0161te radi melioracije, a 40 godina kasnije ?eka savezne propise iako zna da imovina u me?uvremenu nije privedena namjeni. Uostalom, koji su to savezni propisi donijeti s obzirom na to da \u201esavezne dr\u017eave\u201c vi\u0161e nema &#8211; pitao je Piperovi?.<\/p>\n<p><a href=\"http:\/\/www.visit-ulcinj.com\/blog\/wp-content\/uploads\/2008\/03\/zoran-piperovic.jpg\"><img loading=\"lazy\" class=\"alignleft\" title=\"ZORAN PIPEROVIC\" src=\"http:\/\/www.visit-ulcinj.com\/blog\/wp-content\/uploads\/2008\/03\/zoran-piperovic.jpg\" alt=\"\" width=\"190\" height=\"279\" \/><\/a>Navode?i da su zahtjevi Rudovi?a i Deli?a ?isti, moralni, pravedni i zakoniti, Piperovi? je kazao da nije imao namjeru da se u ovom slu?aju za sada obra?a javnosti \u201eali su porodice zabrinute jer su saznale da se pored njih i dr\u017eave, za posjed interesuje i \u201eUlcinjska rivijera\u201c i \u017eeli da ga iz ovih ili onih razloga uknji\u017ei na svoje ime\u201c.<br \/>\n&#8211; U razgovoru sa njima kazao sam im da ne postoje pravni ni moralni razlozi da se tako ne\u0161to mo\u017ee dogoditi. Imovina se vodi na dr\u017eavu, a da bi je \u201eUlcinjska rivijera\u201c prevela na svoje ime izme?u nje i dr\u017eave mora da postoji neki pravni posao. Dakle, niti ima pravnog osnova niti je moralno uzimati tu?u imovinu- kazao je Piperovi?. Osvr?u?i se na odluku Ministarstva finansija da ukine rje\u0161enje o povra?aju, on je kazao da je odluka bazirana na izvje\u0161taju vje\u0161taka koji je konstatovao da su \u201epostopice i stazice izme?u baraka, putevi\u201c.<\/p>\n<p>&#8211; Nema tamo puteva, to je obi?no smetli\u0161te od koga prijeti zaraza cijelom gradu. To je u novom izvje\u0161taju od 8.10. konstatovao i vje\u0161tak Andrija Marnikovi?. Da se bilo ko iz tu\u017eila\u0161tva bar jednom odazvao na brojne pozive i iza\u0161ao na lice mjesta, konstatovao bi to isto &#8211; kazao je Piperovi?.<br \/>\n&#8211; Da je sre?e, ovi ljudi ne bi trebali advokata. Dovoljan bi bio inicijalni akt prema Vladi i tu bi se pri?a zavr\u0161ila- kazao je Piperovi?.<\/p>\n<p><strong>Ni cunami ne sti\u017ee do imanja, a kamoli morsko dobro<\/strong><\/p>\n<p>U odgovoru na \u017ealbu dr\u017eavnog tu\u017eioca, Piperovi? je kazao da morsko dobro ne mo\u017ee biti razlog nevra?anja imovine.<br \/>\n&#8211; Ni cunami ne mo\u017ee sti?i dotle, a kamoli zakonom utvr?ena zona morskog dobra koja va\u017ei za sve op\u0161tine osim za Ulcinj. Uostalom, pro\u0161irenje zone morskog dobra svojevremeno, odra?eno je samo za Ulcinj i to uredbom Vlade iako je zakonom propisano da je to posao Skup\u0161tine &#8211; kazao je Piperovi?. On je dodao da u istom pojasu i na istoj udaljenosti od mora ve? postoje uknji\u017ebe drugih fizi?kih i pravnih lica.<\/p>\n<p><strong>Odluka katastra primjer drskosti i neznanja<\/strong><\/p>\n<p>Piperovi? da je Uprava za nekretnine, odnosno njenapodru?na jedinica Ulcinj \u201cvrlo specifi?an organ\u201d..<br \/>\n&#8211; S obzirom na to da je podru?na jedinica Ulcinj vrlo specifi?an organ, onda se neke stvari ne rje\u0161avaju na na?in kako bi trebalo. Jasno sam u zahtjevu naveo da tra\u017eim dio imovine za koji su oni sami kazali da ?eka savezne propise. Katastar odbacuje moj zahtjev i u rje\u0161enju ka\u017ee da je o ovom predmetu ve? jednom cjelokupno odlu?eno i da je to presu?ena stvar. ?ovjek ne treba da studira pravo, dovoljno je da pro?e pored zdanja tog fakulteta da bi znao da to nema blage veze. Odmah sam uputio \u017ealbu Ministarstvu fininasija i ne znam \u0161ta je sporno ministru Igoru Luk\u0161i?u da jo\u0161 ne odlu?i po ovoj \u017ealbi i ukine rje\u0161enje ulcinjskog katastra koje je par ekselans primjer bezakonja, drskosti i neznanja- kazao je Piperovi?. On je apelovao na ministarstvo da \u0161to prije odlu?i po \u017ealbi i pozvao regionlannu komisiju u Baru da hitno zaka\u017ee glavnu raspravu.<\/p>\n<p><strong>Generalni problem<\/strong><\/p>\n<p>Problem porodica Rudovi? i Deli? sa povra?ajem imovine u \u0160toju nije usamljen. Povra?aj imovine pred komisijom ili drugim dr\u017eavnim i op\u0161tinskim strukturama ?ekaju porodice Ivanovi?, Rudovi?, \u0160krelja, ?onovi?, Makovi?&#8230; Oni su apelovali na sve dr\u017eavne strukture da prije dono\u0161enja bilo kakvih planova za Veliku pla\u017eu, rije\u0161e imovinska pitanja tim prije \u0161to su postupci u toku.<br \/>\n<strong>S.A<\/strong><\/p>\n<p><strong>Izvor \/ Vijesti<\/strong><\/p>\n\n\t\t<style type=\"text\/css\">\n\t\t\t#gallery-1 {\n\t\t\t\tmargin: auto;\n\t\t\t}\n\t\t\t#gallery-1 .gallery-item {\n\t\t\t\tfloat: left;\n\t\t\t\tmargin-top: 10px;\n\t\t\t\ttext-align: center;\n\t\t\t\twidth: 33%;\n\t\t\t}\n\t\t\t#gallery-1 img {\n\t\t\t\tborder: 2px solid #cfcfcf;\n\t\t\t}\n\t\t\t#gallery-1 .gallery-caption {\n\t\t\t\tmargin-left: 0;\n\t\t\t}\n\t\t\t\/* see gallery_shortcode() in wp-includes\/media.php *\/\n\t\t<\/style>\n\t\t<div id='gallery-1' class='gallery galleryid-7286 gallery-columns-3 gallery-size-thumbnail'><dl class='gallery-item'>\n\t\t\t<dt class='gallery-icon landscape'>\n\t\t\t\t<a href='https:\/\/www.visit-ulcinj.com\/blog\/2008\/12\/15\/ulcinj-porodice-rudovic-i-delic-traze-od-drzave-da-im-vrati-imovinu-predaka\/ulcinjska_rivijera-2\/'><img width=\"150\" height=\"75\" src=\"https:\/\/www.visit-ulcinj.com\/blog\/wp-content\/uploads\/2008\/12\/ulcinjska_rivijera.jpg\" class=\"attachment-thumbnail size-thumbnail\" alt=\"\" loading=\"lazy\" \/><\/a>\n\t\t\t<\/dt><\/dl><dl class='gallery-item'>\n\t\t\t<dt class='gallery-icon landscape'>\n\t\t\t\t<a href='https:\/\/www.visit-ulcinj.com\/blog\/2008\/12\/15\/ulcinj-porodice-rudovic-i-delic-traze-od-drzave-da-im-vrati-imovinu-predaka\/ceski-kamp-ulcinj_\/'><img width=\"150\" height=\"150\" src=\"https:\/\/www.visit-ulcinj.com\/blog\/wp-content\/uploads\/2008\/12\/ceski-kamp-ulcinj_-150x150.jpg\" class=\"attachment-thumbnail size-thumbnail\" alt=\"\" loading=\"lazy\" \/><\/a>\n\t\t\t<\/dt><\/dl><dl class='gallery-item'>\n\t\t\t<dt class='gallery-icon landscape'>\n\t\t\t\t<a href='https:\/\/www.visit-ulcinj.com\/blog\/2008\/12\/15\/ulcinj-porodice-rudovic-i-delic-traze-od-drzave-da-im-vrati-imovinu-predaka\/ceski-kamp-ulcinj6\/'><img width=\"150\" height=\"150\" src=\"https:\/\/www.visit-ulcinj.com\/blog\/wp-content\/uploads\/2008\/12\/ceski-kamp-ulcinj6-150x150.jpg\" class=\"attachment-thumbnail size-thumbnail\" alt=\"\" loading=\"lazy\" \/><\/a>\n\t\t\t<\/dt><\/dl><br style=\"clear: both\" \/><dl class='gallery-item'>\n\t\t\t<dt class='gallery-icon landscape'>\n\t\t\t\t<a href='https:\/\/www.visit-ulcinj.com\/blog\/2008\/12\/15\/ulcinj-porodice-rudovic-i-delic-traze-od-drzave-da-im-vrati-imovinu-predaka\/ceski-kamp-ulcinj5\/'><img width=\"150\" height=\"150\" src=\"https:\/\/www.visit-ulcinj.com\/blog\/wp-content\/uploads\/2008\/12\/ceski-kamp-ulcinj5-150x150.jpg\" class=\"attachment-thumbnail size-thumbnail\" alt=\"\" loading=\"lazy\" \/><\/a>\n\t\t\t<\/dt><\/dl><dl class='gallery-item'>\n\t\t\t<dt class='gallery-icon landscape'>\n\t\t\t\t<a href='https:\/\/www.visit-ulcinj.com\/blog\/2008\/12\/15\/ulcinj-porodice-rudovic-i-delic-traze-od-drzave-da-im-vrati-imovinu-predaka\/ceski-kamp-ulcinj4\/'><img width=\"150\" height=\"150\" src=\"https:\/\/www.visit-ulcinj.com\/blog\/wp-content\/uploads\/2008\/12\/ceski-kamp-ulcinj4-150x150.jpg\" class=\"attachment-thumbnail size-thumbnail\" alt=\"\" loading=\"lazy\" \/><\/a>\n\t\t\t<\/dt><\/dl><dl class='gallery-item'>\n\t\t\t<dt class='gallery-icon landscape'>\n\t\t\t\t<a href='https:\/\/www.visit-ulcinj.com\/blog\/2008\/12\/15\/ulcinj-porodice-rudovic-i-delic-traze-od-drzave-da-im-vrati-imovinu-predaka\/ceski-kamp-ulcinj3\/'><img width=\"150\" height=\"150\" src=\"https:\/\/www.visit-ulcinj.com\/blog\/wp-content\/uploads\/2008\/12\/ceski-kamp-ulcinj3-150x150.jpg\" class=\"attachment-thumbnail size-thumbnail\" alt=\"\" loading=\"lazy\" \/><\/a>\n\t\t\t<\/dt><\/dl><br style=\"clear: both\" \/><dl class='gallery-item'>\n\t\t\t<dt class='gallery-icon landscape'>\n\t\t\t\t<a href='https:\/\/www.visit-ulcinj.com\/blog\/2008\/12\/15\/ulcinj-porodice-rudovic-i-delic-traze-od-drzave-da-im-vrati-imovinu-predaka\/ceski-kamp-ulcinj2\/'><img width=\"150\" height=\"150\" src=\"https:\/\/www.visit-ulcinj.com\/blog\/wp-content\/uploads\/2008\/12\/ceski-kamp-ulcinj2-150x150.jpg\" class=\"attachment-thumbnail size-thumbnail\" alt=\"\" loading=\"lazy\" \/><\/a>\n\t\t\t<\/dt><\/dl><dl class='gallery-item'>\n\t\t\t<dt class='gallery-icon landscape'>\n\t\t\t\t<a href='https:\/\/www.visit-ulcinj.com\/blog\/2008\/12\/15\/ulcinj-porodice-rudovic-i-delic-traze-od-drzave-da-im-vrati-imovinu-predaka\/ceski-kamp-ulcinj1\/'><img width=\"150\" height=\"150\" src=\"https:\/\/www.visit-ulcinj.com\/blog\/wp-content\/uploads\/2008\/12\/ceski-kamp-ulcinj1-150x150.jpg\" class=\"attachment-thumbnail size-thumbnail\" alt=\"\" loading=\"lazy\" \/><\/a>\n\t\t\t<\/dt><\/dl><dl class='gallery-item'>\n\t\t\t<dt class='gallery-icon landscape'>\n\t\t\t\t<a href='https:\/\/www.visit-ulcinj.com\/blog\/2008\/12\/15\/ulcinj-porodice-rudovic-i-delic-traze-od-drzave-da-im-vrati-imovinu-predaka\/ceski-kamp-ulcinj\/'><img width=\"150\" height=\"150\" src=\"https:\/\/www.visit-ulcinj.com\/blog\/wp-content\/uploads\/2008\/12\/ceski-kamp-ulcinj-150x150.jpg\" class=\"attachment-thumbnail size-thumbnail\" alt=\"\" loading=\"lazy\" \/><\/a>\n\t\t\t<\/dt><\/dl><br style=\"clear: both\" \/>\n\t\t<\/div>\n\n<!--YouTube Error: bad URL entered-->\n","protected":false},"excerpt":{"rendered":"<p>Ulcinj &#8211; Stare ulcinjske familije Rudovi? i Deli?, koje u sporu sa dr\u017eavom pred Komisijom za povra?aj i obe\u0161te?enje i Ministarstvom finansija poku\u0161avaju da vrate imovinu u \u0160toju oduzetu 1950. godine, strahuju da bi od cijelog posla korist mogla da imaju tre?a lica. Atraktivni posjed u zale?u Velike pla\u017ee, kako je kazao jedan od nasljednika [&hellip;]<\/p>\n","protected":false},"author":1,"featured_media":0,"comment_status":"open","ping_status":"closed","sticky":false,"template":"","format":"standard","meta":{"spay_email":"","jetpack_publicize_message":"","jetpack_is_tweetstorm":false,"jetpack_publicize_feature_enabled":true},"categories":[11],"tags":[2793,20,19,5241,4451],"jetpack_publicize_connections":[],"yoast_head":"<!-- This site is optimized with the Yoast SEO plugin v19.1 - https:\/\/yoast.com\/wordpress\/plugins\/seo\/ -->\n<title>Ulcinj: Porodice Rudovi? i Deli? tra\u017ee od dr\u017eave da im vrati imovinu predaka - Video - Lajme nga Ulqini<\/title>\n<meta name=\"description\" content=\"Ulcinj - Stare ulcinjske familije Rudovi? i Deli?, koje u sporu sa dr\u017eavom pred Komisijom za povra?aj i obe\u0161te?enje i Ministarstvom finansija poku\u0161avaju\" \/>\n<meta name=\"robots\" content=\"index, follow, max-snippet:-1, max-image-preview:large, max-video-preview:-1\" \/>\n<link rel=\"canonical\" href=\"https:\/\/www.visit-ulcinj.com\/blog\/2008\/12\/15\/ulcinj-porodice-rudovic-i-delic-traze-od-drzave-da-im-vrati-imovinu-predaka\/\" \/>\n<meta property=\"og:locale\" content=\"en_US\" \/>\n<meta property=\"og:type\" content=\"article\" \/>\n<meta property=\"og:title\" content=\"Ulcinj: Porodice Rudovi? i Deli? tra\u017ee od dr\u017eave da im vrati imovinu predaka - Video - Lajme nga Ulqini\" \/>\n<meta property=\"og:description\" content=\"Ulcinj - Stare ulcinjske familije Rudovi? i Deli?, koje u sporu sa dr\u017eavom pred Komisijom za povra?aj i obe\u0161te?enje i Ministarstvom finansija poku\u0161avaju\" \/>\n<meta property=\"og:url\" content=\"https:\/\/www.visit-ulcinj.com\/blog\/2008\/12\/15\/ulcinj-porodice-rudovic-i-delic-traze-od-drzave-da-im-vrati-imovinu-predaka\/\" \/>\n<meta property=\"og:site_name\" content=\"Lajme nga Ulqini\" \/>\n<meta property=\"article:published_time\" content=\"2008-12-15T16:15:57+00:00\" \/>\n<meta property=\"article:modified_time\" content=\"2008-12-23T17:25:10+00:00\" \/>\n<meta property=\"og:image\" content=\"https:\/\/www.visit-ulcinj.com\/blog\/wp-content\/uploads\/2008\/12\/ulcinjska_rivijera.jpg\" \/>\n<meta name=\"twitter:label1\" content=\"Written by\" \/>\n\t<meta name=\"twitter:data1\" content=\"ulqini\" \/>\n\t<meta name=\"twitter:label2\" content=\"Est. reading time\" \/>\n\t<meta name=\"twitter:data2\" content=\"6 minutes\" \/>\n<script type=\"application\/ld+json\" class=\"yoast-schema-graph\">{\"@context\":\"https:\/\/schema.org\",\"@graph\":[{\"@type\":\"WebSite\",\"@id\":\"https:\/\/www.visit-ulcinj.com\/blog\/#website\",\"url\":\"https:\/\/www.visit-ulcinj.com\/blog\/\",\"name\":\"Lajme nga Ulqini\",\"description\":\"Lajme,Vijesti,Ulqini,Ulqin,Crna Gora,Mali i Zi\",\"potentialAction\":[{\"@type\":\"SearchAction\",\"target\":{\"@type\":\"EntryPoint\",\"urlTemplate\":\"https:\/\/www.visit-ulcinj.com\/blog\/?s={search_term_string}\"},\"query-input\":\"required name=search_term_string\"}],\"inLanguage\":\"en-US\"},{\"@type\":\"ImageObject\",\"inLanguage\":\"en-US\",\"@id\":\"https:\/\/www.visit-ulcinj.com\/blog\/2008\/12\/15\/ulcinj-porodice-rudovic-i-delic-traze-od-drzave-da-im-vrati-imovinu-predaka\/#primaryimage\",\"url\":\"http:\/\/www.visit-ulcinj.com\/blog\/wp-content\/uploads\/2008\/08\/zef-deliqi.jpg\",\"contentUrl\":\"http:\/\/www.visit-ulcinj.com\/blog\/wp-content\/uploads\/2008\/08\/zef-deliqi.jpg\"},{\"@type\":\"WebPage\",\"@id\":\"https:\/\/www.visit-ulcinj.com\/blog\/2008\/12\/15\/ulcinj-porodice-rudovic-i-delic-traze-od-drzave-da-im-vrati-imovinu-predaka\/#webpage\",\"url\":\"https:\/\/www.visit-ulcinj.com\/blog\/2008\/12\/15\/ulcinj-porodice-rudovic-i-delic-traze-od-drzave-da-im-vrati-imovinu-predaka\/\",\"name\":\"Ulcinj: Porodice Rudovi? i Deli? tra\u017ee od dr\u017eave da im vrati imovinu predaka - Video - Lajme nga Ulqini\",\"isPartOf\":{\"@id\":\"https:\/\/www.visit-ulcinj.com\/blog\/#website\"},\"primaryImageOfPage\":{\"@id\":\"https:\/\/www.visit-ulcinj.com\/blog\/2008\/12\/15\/ulcinj-porodice-rudovic-i-delic-traze-od-drzave-da-im-vrati-imovinu-predaka\/#primaryimage\"},\"datePublished\":\"2008-12-15T16:15:57+00:00\",\"dateModified\":\"2008-12-23T17:25:10+00:00\",\"author\":{\"@id\":\"https:\/\/www.visit-ulcinj.com\/blog\/#\/schema\/person\/dcab619c614d3038751c63bc2aadc06d\"},\"description\":\"Ulcinj - Stare ulcinjske familije Rudovi? i Deli?, koje u sporu sa dr\u017eavom pred Komisijom za povra?aj i obe\u0161te?enje i Ministarstvom finansija poku\u0161avaju\",\"breadcrumb\":{\"@id\":\"https:\/\/www.visit-ulcinj.com\/blog\/2008\/12\/15\/ulcinj-porodice-rudovic-i-delic-traze-od-drzave-da-im-vrati-imovinu-predaka\/#breadcrumb\"},\"inLanguage\":\"en-US\",\"potentialAction\":[{\"@type\":\"ReadAction\",\"target\":[\"https:\/\/www.visit-ulcinj.com\/blog\/2008\/12\/15\/ulcinj-porodice-rudovic-i-delic-traze-od-drzave-da-im-vrati-imovinu-predaka\/\"]}]},{\"@type\":\"BreadcrumbList\",\"@id\":\"https:\/\/www.visit-ulcinj.com\/blog\/2008\/12\/15\/ulcinj-porodice-rudovic-i-delic-traze-od-drzave-da-im-vrati-imovinu-predaka\/#breadcrumb\",\"itemListElement\":[{\"@type\":\"ListItem\",\"position\":1,\"name\":\"Ulcinj: Porodice Rudovi? i Deli? tra\u017ee od dr\u017eave da im vrati imovinu predaka &#8211; Video\"}]},{\"@type\":\"Person\",\"@id\":\"https:\/\/www.visit-ulcinj.com\/blog\/#\/schema\/person\/dcab619c614d3038751c63bc2aadc06d\",\"name\":\"ulqini\",\"sameAs\":[\"http:\/\/www.visit-ulcinj.com\"],\"url\":\"https:\/\/www.visit-ulcinj.com\/blog\/author\/admin\/\"}]}<\/script>\n<!-- \/ Yoast SEO plugin. -->","yoast_head_json":{"title":"Ulcinj: Porodice Rudovi? i Deli? tra\u017ee od dr\u017eave da im vrati imovinu predaka - Video - Lajme nga Ulqini","description":"Ulcinj - Stare ulcinjske familije Rudovi? i Deli?, koje u sporu sa dr\u017eavom pred Komisijom za povra?aj i obe\u0161te?enje i Ministarstvom finansija poku\u0161avaju","robots":{"index":"index","follow":"follow","max-snippet":"max-snippet:-1","max-image-preview":"max-image-preview:large","max-video-preview":"max-video-preview:-1"},"canonical":"https:\/\/www.visit-ulcinj.com\/blog\/2008\/12\/15\/ulcinj-porodice-rudovic-i-delic-traze-od-drzave-da-im-vrati-imovinu-predaka\/","og_locale":"en_US","og_type":"article","og_title":"Ulcinj: Porodice Rudovi? i Deli? tra\u017ee od dr\u017eave da im vrati imovinu predaka - Video - Lajme nga Ulqini","og_description":"Ulcinj - Stare ulcinjske familije Rudovi? i Deli?, koje u sporu sa dr\u017eavom pred Komisijom za povra?aj i obe\u0161te?enje i Ministarstvom finansija poku\u0161avaju","og_url":"https:\/\/www.visit-ulcinj.com\/blog\/2008\/12\/15\/ulcinj-porodice-rudovic-i-delic-traze-od-drzave-da-im-vrati-imovinu-predaka\/","og_site_name":"Lajme nga Ulqini","article_published_time":"2008-12-15T16:15:57+00:00","article_modified_time":"2008-12-23T17:25:10+00:00","og_image":[{"url":"https:\/\/www.visit-ulcinj.com\/blog\/wp-content\/uploads\/2008\/12\/ulcinjska_rivijera.jpg"}],"twitter_misc":{"Written by":"ulqini","Est. reading time":"6 minutes"},"schema":{"@context":"https:\/\/schema.org","@graph":[{"@type":"WebSite","@id":"https:\/\/www.visit-ulcinj.com\/blog\/#website","url":"https:\/\/www.visit-ulcinj.com\/blog\/","name":"Lajme nga Ulqini","description":"Lajme,Vijesti,Ulqini,Ulqin,Crna Gora,Mali i Zi","potentialAction":[{"@type":"SearchAction","target":{"@type":"EntryPoint","urlTemplate":"https:\/\/www.visit-ulcinj.com\/blog\/?s={search_term_string}"},"query-input":"required name=search_term_string"}],"inLanguage":"en-US"},{"@type":"ImageObject","inLanguage":"en-US","@id":"https:\/\/www.visit-ulcinj.com\/blog\/2008\/12\/15\/ulcinj-porodice-rudovic-i-delic-traze-od-drzave-da-im-vrati-imovinu-predaka\/#primaryimage","url":"http:\/\/www.visit-ulcinj.com\/blog\/wp-content\/uploads\/2008\/08\/zef-deliqi.jpg","contentUrl":"http:\/\/www.visit-ulcinj.com\/blog\/wp-content\/uploads\/2008\/08\/zef-deliqi.jpg"},{"@type":"WebPage","@id":"https:\/\/www.visit-ulcinj.com\/blog\/2008\/12\/15\/ulcinj-porodice-rudovic-i-delic-traze-od-drzave-da-im-vrati-imovinu-predaka\/#webpage","url":"https:\/\/www.visit-ulcinj.com\/blog\/2008\/12\/15\/ulcinj-porodice-rudovic-i-delic-traze-od-drzave-da-im-vrati-imovinu-predaka\/","name":"Ulcinj: Porodice Rudovi? i Deli? tra\u017ee od dr\u017eave da im vrati imovinu predaka - Video - Lajme nga Ulqini","isPartOf":{"@id":"https:\/\/www.visit-ulcinj.com\/blog\/#website"},"primaryImageOfPage":{"@id":"https:\/\/www.visit-ulcinj.com\/blog\/2008\/12\/15\/ulcinj-porodice-rudovic-i-delic-traze-od-drzave-da-im-vrati-imovinu-predaka\/#primaryimage"},"datePublished":"2008-12-15T16:15:57+00:00","dateModified":"2008-12-23T17:25:10+00:00","author":{"@id":"https:\/\/www.visit-ulcinj.com\/blog\/#\/schema\/person\/dcab619c614d3038751c63bc2aadc06d"},"description":"Ulcinj - Stare ulcinjske familije Rudovi? i Deli?, koje u sporu sa dr\u017eavom pred Komisijom za povra?aj i obe\u0161te?enje i Ministarstvom finansija poku\u0161avaju","breadcrumb":{"@id":"https:\/\/www.visit-ulcinj.com\/blog\/2008\/12\/15\/ulcinj-porodice-rudovic-i-delic-traze-od-drzave-da-im-vrati-imovinu-predaka\/#breadcrumb"},"inLanguage":"en-US","potentialAction":[{"@type":"ReadAction","target":["https:\/\/www.visit-ulcinj.com\/blog\/2008\/12\/15\/ulcinj-porodice-rudovic-i-delic-traze-od-drzave-da-im-vrati-imovinu-predaka\/"]}]},{"@type":"BreadcrumbList","@id":"https:\/\/www.visit-ulcinj.com\/blog\/2008\/12\/15\/ulcinj-porodice-rudovic-i-delic-traze-od-drzave-da-im-vrati-imovinu-predaka\/#breadcrumb","itemListElement":[{"@type":"ListItem","position":1,"name":"Ulcinj: Porodice Rudovi? i Deli? tra\u017ee od dr\u017eave da im vrati imovinu predaka &#8211; Video"}]},{"@type":"Person","@id":"https:\/\/www.visit-ulcinj.com\/blog\/#\/schema\/person\/dcab619c614d3038751c63bc2aadc06d","name":"ulqini","sameAs":["http:\/\/www.visit-ulcinj.com"],"url":"https:\/\/www.visit-ulcinj.com\/blog\/author\/admin\/"}]}},"jetpack_featured_media_url":"","jetpack_sharing_enabled":true,"jetpack_shortlink":"https:\/\/wp.me\/pe6lTn-1Tw","_links":{"self":[{"href":"https:\/\/www.visit-ulcinj.com\/blog\/wp-json\/wp\/v2\/posts\/7286"}],"collection":[{"href":"https:\/\/www.visit-ulcinj.com\/blog\/wp-json\/wp\/v2\/posts"}],"about":[{"href":"https:\/\/www.visit-ulcinj.com\/blog\/wp-json\/wp\/v2\/types\/post"}],"author":[{"embeddable":true,"href":"https:\/\/www.visit-ulcinj.com\/blog\/wp-json\/wp\/v2\/users\/1"}],"replies":[{"embeddable":true,"href":"https:\/\/www.visit-ulcinj.com\/blog\/wp-json\/wp\/v2\/comments?post=7286"}],"version-history":[{"count":0,"href":"https:\/\/www.visit-ulcinj.com\/blog\/wp-json\/wp\/v2\/posts\/7286\/revisions"}],"wp:attachment":[{"href":"https:\/\/www.visit-ulcinj.com\/blog\/wp-json\/wp\/v2\/media?parent=7286"}],"wp:term":[{"taxonomy":"category","embeddable":true,"href":"https:\/\/www.visit-ulcinj.com\/blog\/wp-json\/wp\/v2\/categories?post=7286"},{"taxonomy":"post_tag","embeddable":true,"href":"https:\/\/www.visit-ulcinj.com\/blog\/wp-json\/wp\/v2\/tags?post=7286"}],"curies":[{"name":"wp","href":"https:\/\/api.w.org\/{rel}","templated":true}]}}