{"id":72861,"date":"2013-07-02T17:40:35","date_gmt":"2013-07-02T16:40:35","guid":{"rendered":"http:\/\/www.visit-ulcinj.com\/blog\/?p=72861"},"modified":"2013-07-02T17:40:58","modified_gmt":"2013-07-02T16:40:58","slug":"abazovic-dps-ne-moze-da-ispuni-evropske-uslove","status":"publish","type":"post","link":"https:\/\/www.visit-ulcinj.com\/blog\/2013\/07\/02\/abazovic-dps-ne-moze-da-ispuni-evropske-uslove\/","title":{"rendered":"Abazovic: DPS ne mo\u017ee da ispuni evropske uslove"},"content":{"rendered":"<div><a href=\"http:\/\/www.visit-ulcinj.com\/blog\/wp-content\/uploads\/2013\/07\/Dritan-Abazovic.jpg\"><img loading=\"lazy\" class=\"alignleft  wp-image-72862\" alt=\"Dritan-Abazovic\" src=\"http:\/\/www.visit-ulcinj.com\/blog\/wp-content\/uploads\/2013\/07\/Dritan-Abazovic.jpg\" width=\"508\" height=\"360\" \/><\/a>Zahtjevi koje je evropski komesar \u0160tefan File postavio pred Crnom Gorom su krajnje realni i dokaz su da nam Brisel vi\u0161e ne\u0107e gledati kroz prste kada su u pitanju integracije, ocijenio je ju\u010de poslanik Pozitivne Crne Gore Dritan Abazovi\u0107. Onje upozorio da smo se dosad \u201eprovla\u010dili s pri\u010dom da smo lideri u regionu i faktor stabilnosti na Balkanu \u0161to je i ta\u010dno, ali ne i dovoljno\u201d.<\/div>\n<div><\/div>\n<div>\n<p>&#8211; Moramo pokazati rezultate, a to se prije svega odnosi na borbu protiv korupcije i kriminala. Da bi stigli do toga prethodno moramo izvr\u0161iti ustavne promjene koje vode reformi pravosu\u0111a i omogu\u0107iti da se najgora karika vlasti kona\u010dno profesionalizuje i depolitizira. Istraga o aferi \u201eSnimak\u201d mora pokazati rezultat, jer u suprotnom dovodi se u pitanje svaki naredni izborni proces, \u0161to je izuzetno lo\u0161a poruka evropskim partnerima, rekao je Abazovi\u0107.<\/p>\n<p>Po njegovom mi\u0161ljenju, ako je neko u DPS i mislio da \u0107e i preko ove afere pro\u0107i kao da se ni\u0161ta nije desilo, prevario se. Ovaj proces, kako ka\u017ee, mora dobiti epilog isto kao i ostali koji su vezani za transparentno i fer odr\u017eavanje izbora, kao i eliminisanje svih zloupotreba u tom smislu.<\/p>\n<p>Izjava komesara Filea je stoga dobrodo\u0161la, i na nju ne treba gledati kao na optere\u0107enje, ve\u0107 kao na konkretnu pomo\u0107 i precizno ukazivanje na probleme sa kojima smo se prije ili kasnije morali suo\u010diti. Na\u0161 evropski put ne mo\u017ee biti poplo\u010dan samo retori\u010dkim zalaganjem za evropske vrijednosti i standarde, on mora biti izgra\u0111en iz konkretnih rezultata koje \u0107e osjetiti svaki gra\u0111anin istakao je Abazovi\u0107.<\/p>\n<p>Zaklju\u010dio je ocjenom da u Evropsku uniju \u201ene\u0107emo u\u0107i na lijepe o\u010di, za pristupnom klubu potrebne su konkretne akcije koje se ve\u0107 uveliko javljaju u regionu\u201d.<\/p>\n<p><strong>Izvor: DAN<\/strong><\/p>\n<\/div>\n","protected":false},"excerpt":{"rendered":"<p>Zahtjevi koje je evropski komesar \u0160tefan File postavio pred Crnom Gorom su krajnje realni i dokaz su da nam Brisel vi\u0161e ne\u0107e gledati kroz prste kada su u pitanju integracije, ocijenio je ju\u010de poslanik Pozitivne Crne Gore Dritan Abazovi\u0107. Onje upozorio da smo se dosad \u201eprovla\u010dili s pri\u010dom da smo lideri u regionu i faktor [&hellip;]<\/p>\n","protected":false},"author":1,"featured_media":0,"comment_status":"closed","ping_status":"closed","sticky":false,"template":"","format":"standard","meta":{"spay_email":"","jetpack_publicize_message":"","jetpack_is_tweetstorm":false,"jetpack_publicize_feature_enabled":true},"categories":[6950],"tags":[],"jetpack_publicize_connections":[],"yoast_head":"<!-- This site is optimized with the Yoast SEO plugin v19.1 - https:\/\/yoast.com\/wordpress\/plugins\/seo\/ -->\n<title>Abazovic: DPS ne mo\u017ee da ispuni evropske uslove - Lajme nga Ulqini<\/title>\n<meta name=\"description\" content=\"Zahtjevi koje je evropski komesar \u0160tefan File postavio pred Crnom Gorom su krajnje realni i dokaz su da nam Brisel vi\u0161e ne\u0107e gledati kroz prste kada su u\" \/>\n<meta name=\"robots\" content=\"index, follow, max-snippet:-1, max-image-preview:large, max-video-preview:-1\" \/>\n<link rel=\"canonical\" href=\"https:\/\/www.visit-ulcinj.com\/blog\/2013\/07\/02\/abazovic-dps-ne-moze-da-ispuni-evropske-uslove\/\" \/>\n<meta property=\"og:locale\" content=\"en_US\" \/>\n<meta property=\"og:type\" content=\"article\" \/>\n<meta property=\"og:title\" content=\"Abazovic: DPS ne mo\u017ee da ispuni evropske uslove - Lajme nga Ulqini\" \/>\n<meta property=\"og:description\" content=\"Zahtjevi koje je evropski komesar \u0160tefan File postavio pred Crnom Gorom su krajnje realni i dokaz su da nam Brisel vi\u0161e ne\u0107e gledati kroz prste kada su u\" \/>\n<meta property=\"og:url\" content=\"https:\/\/www.visit-ulcinj.com\/blog\/2013\/07\/02\/abazovic-dps-ne-moze-da-ispuni-evropske-uslove\/\" \/>\n<meta property=\"og:site_name\" content=\"Lajme nga Ulqini\" \/>\n<meta property=\"article:published_time\" content=\"2013-07-02T16:40:35+00:00\" \/>\n<meta property=\"article:modified_time\" content=\"2013-07-02T16:40:58+00:00\" \/>\n<meta property=\"og:image\" content=\"http:\/\/www.visit-ulcinj.com\/blog\/wp-content\/uploads\/2013\/07\/Dritan-Abazovic.jpg\" \/>\n<meta name=\"twitter:label1\" content=\"Written by\" \/>\n\t<meta name=\"twitter:data1\" content=\"ulqini\" \/>\n\t<meta name=\"twitter:label2\" content=\"Est. reading time\" \/>\n\t<meta name=\"twitter:data2\" content=\"2 minutes\" \/>\n<script type=\"application\/ld+json\" class=\"yoast-schema-graph\">{\"@context\":\"https:\/\/schema.org\",\"@graph\":[{\"@type\":\"WebSite\",\"@id\":\"https:\/\/www.visit-ulcinj.com\/blog\/#website\",\"url\":\"https:\/\/www.visit-ulcinj.com\/blog\/\",\"name\":\"Lajme nga Ulqini\",\"description\":\"Lajme,Vijesti,Ulqini,Ulqin,Crna Gora,Mali i Zi\",\"potentialAction\":[{\"@type\":\"SearchAction\",\"target\":{\"@type\":\"EntryPoint\",\"urlTemplate\":\"https:\/\/www.visit-ulcinj.com\/blog\/?s={search_term_string}\"},\"query-input\":\"required name=search_term_string\"}],\"inLanguage\":\"en-US\"},{\"@type\":\"ImageObject\",\"inLanguage\":\"en-US\",\"@id\":\"https:\/\/www.visit-ulcinj.com\/blog\/2013\/07\/02\/abazovic-dps-ne-moze-da-ispuni-evropske-uslove\/#primaryimage\",\"url\":\"https:\/\/www.visit-ulcinj.com\/blog\/wp-content\/uploads\/2013\/07\/Dritan-Abazovic.jpg\",\"contentUrl\":\"https:\/\/www.visit-ulcinj.com\/blog\/wp-content\/uploads\/2013\/07\/Dritan-Abazovic.jpg\",\"width\":999,\"height\":632},{\"@type\":\"WebPage\",\"@id\":\"https:\/\/www.visit-ulcinj.com\/blog\/2013\/07\/02\/abazovic-dps-ne-moze-da-ispuni-evropske-uslove\/#webpage\",\"url\":\"https:\/\/www.visit-ulcinj.com\/blog\/2013\/07\/02\/abazovic-dps-ne-moze-da-ispuni-evropske-uslove\/\",\"name\":\"Abazovic: DPS ne mo\u017ee da ispuni evropske uslove - Lajme nga Ulqini\",\"isPartOf\":{\"@id\":\"https:\/\/www.visit-ulcinj.com\/blog\/#website\"},\"primaryImageOfPage\":{\"@id\":\"https:\/\/www.visit-ulcinj.com\/blog\/2013\/07\/02\/abazovic-dps-ne-moze-da-ispuni-evropske-uslove\/#primaryimage\"},\"datePublished\":\"2013-07-02T16:40:35+00:00\",\"dateModified\":\"2013-07-02T16:40:58+00:00\",\"author\":{\"@id\":\"https:\/\/www.visit-ulcinj.com\/blog\/#\/schema\/person\/dcab619c614d3038751c63bc2aadc06d\"},\"description\":\"Zahtjevi koje je evropski komesar \u0160tefan File postavio pred Crnom Gorom su krajnje realni i dokaz su da nam Brisel vi\u0161e ne\u0107e gledati kroz prste kada su u\",\"breadcrumb\":{\"@id\":\"https:\/\/www.visit-ulcinj.com\/blog\/2013\/07\/02\/abazovic-dps-ne-moze-da-ispuni-evropske-uslove\/#breadcrumb\"},\"inLanguage\":\"en-US\",\"potentialAction\":[{\"@type\":\"ReadAction\",\"target\":[\"https:\/\/www.visit-ulcinj.com\/blog\/2013\/07\/02\/abazovic-dps-ne-moze-da-ispuni-evropske-uslove\/\"]}]},{\"@type\":\"BreadcrumbList\",\"@id\":\"https:\/\/www.visit-ulcinj.com\/blog\/2013\/07\/02\/abazovic-dps-ne-moze-da-ispuni-evropske-uslove\/#breadcrumb\",\"itemListElement\":[{\"@type\":\"ListItem\",\"position\":1,\"name\":\"Abazovic: DPS ne mo\u017ee da ispuni evropske uslove\"}]},{\"@type\":\"Person\",\"@id\":\"https:\/\/www.visit-ulcinj.com\/blog\/#\/schema\/person\/dcab619c614d3038751c63bc2aadc06d\",\"name\":\"ulqini\",\"sameAs\":[\"http:\/\/www.visit-ulcinj.com\"],\"url\":\"https:\/\/www.visit-ulcinj.com\/blog\/author\/admin\/\"}]}<\/script>\n<!-- \/ Yoast SEO plugin. -->","yoast_head_json":{"title":"Abazovic: DPS ne mo\u017ee da ispuni evropske uslove - Lajme nga Ulqini","description":"Zahtjevi koje je evropski komesar \u0160tefan File postavio pred Crnom Gorom su krajnje realni i dokaz su da nam Brisel vi\u0161e ne\u0107e gledati kroz prste kada su u","robots":{"index":"index","follow":"follow","max-snippet":"max-snippet:-1","max-image-preview":"max-image-preview:large","max-video-preview":"max-video-preview:-1"},"canonical":"https:\/\/www.visit-ulcinj.com\/blog\/2013\/07\/02\/abazovic-dps-ne-moze-da-ispuni-evropske-uslove\/","og_locale":"en_US","og_type":"article","og_title":"Abazovic: DPS ne mo\u017ee da ispuni evropske uslove - Lajme nga Ulqini","og_description":"Zahtjevi koje je evropski komesar \u0160tefan File postavio pred Crnom Gorom su krajnje realni i dokaz su da nam Brisel vi\u0161e ne\u0107e gledati kroz prste kada su u","og_url":"https:\/\/www.visit-ulcinj.com\/blog\/2013\/07\/02\/abazovic-dps-ne-moze-da-ispuni-evropske-uslove\/","og_site_name":"Lajme nga Ulqini","article_published_time":"2013-07-02T16:40:35+00:00","article_modified_time":"2013-07-02T16:40:58+00:00","og_image":[{"url":"http:\/\/www.visit-ulcinj.com\/blog\/wp-content\/uploads\/2013\/07\/Dritan-Abazovic.jpg"}],"twitter_misc":{"Written by":"ulqini","Est. reading time":"2 minutes"},"schema":{"@context":"https:\/\/schema.org","@graph":[{"@type":"WebSite","@id":"https:\/\/www.visit-ulcinj.com\/blog\/#website","url":"https:\/\/www.visit-ulcinj.com\/blog\/","name":"Lajme nga Ulqini","description":"Lajme,Vijesti,Ulqini,Ulqin,Crna Gora,Mali i Zi","potentialAction":[{"@type":"SearchAction","target":{"@type":"EntryPoint","urlTemplate":"https:\/\/www.visit-ulcinj.com\/blog\/?s={search_term_string}"},"query-input":"required name=search_term_string"}],"inLanguage":"en-US"},{"@type":"ImageObject","inLanguage":"en-US","@id":"https:\/\/www.visit-ulcinj.com\/blog\/2013\/07\/02\/abazovic-dps-ne-moze-da-ispuni-evropske-uslove\/#primaryimage","url":"https:\/\/www.visit-ulcinj.com\/blog\/wp-content\/uploads\/2013\/07\/Dritan-Abazovic.jpg","contentUrl":"https:\/\/www.visit-ulcinj.com\/blog\/wp-content\/uploads\/2013\/07\/Dritan-Abazovic.jpg","width":999,"height":632},{"@type":"WebPage","@id":"https:\/\/www.visit-ulcinj.com\/blog\/2013\/07\/02\/abazovic-dps-ne-moze-da-ispuni-evropske-uslove\/#webpage","url":"https:\/\/www.visit-ulcinj.com\/blog\/2013\/07\/02\/abazovic-dps-ne-moze-da-ispuni-evropske-uslove\/","name":"Abazovic: DPS ne mo\u017ee da ispuni evropske uslove - Lajme nga Ulqini","isPartOf":{"@id":"https:\/\/www.visit-ulcinj.com\/blog\/#website"},"primaryImageOfPage":{"@id":"https:\/\/www.visit-ulcinj.com\/blog\/2013\/07\/02\/abazovic-dps-ne-moze-da-ispuni-evropske-uslove\/#primaryimage"},"datePublished":"2013-07-02T16:40:35+00:00","dateModified":"2013-07-02T16:40:58+00:00","author":{"@id":"https:\/\/www.visit-ulcinj.com\/blog\/#\/schema\/person\/dcab619c614d3038751c63bc2aadc06d"},"description":"Zahtjevi koje je evropski komesar \u0160tefan File postavio pred Crnom Gorom su krajnje realni i dokaz su da nam Brisel vi\u0161e ne\u0107e gledati kroz prste kada su u","breadcrumb":{"@id":"https:\/\/www.visit-ulcinj.com\/blog\/2013\/07\/02\/abazovic-dps-ne-moze-da-ispuni-evropske-uslove\/#breadcrumb"},"inLanguage":"en-US","potentialAction":[{"@type":"ReadAction","target":["https:\/\/www.visit-ulcinj.com\/blog\/2013\/07\/02\/abazovic-dps-ne-moze-da-ispuni-evropske-uslove\/"]}]},{"@type":"BreadcrumbList","@id":"https:\/\/www.visit-ulcinj.com\/blog\/2013\/07\/02\/abazovic-dps-ne-moze-da-ispuni-evropske-uslove\/#breadcrumb","itemListElement":[{"@type":"ListItem","position":1,"name":"Abazovic: DPS ne mo\u017ee da ispuni evropske uslove"}]},{"@type":"Person","@id":"https:\/\/www.visit-ulcinj.com\/blog\/#\/schema\/person\/dcab619c614d3038751c63bc2aadc06d","name":"ulqini","sameAs":["http:\/\/www.visit-ulcinj.com"],"url":"https:\/\/www.visit-ulcinj.com\/blog\/author\/admin\/"}]}},"jetpack_featured_media_url":"","jetpack_sharing_enabled":true,"jetpack_shortlink":"https:\/\/wp.me\/pe6lTn-iXb","_links":{"self":[{"href":"https:\/\/www.visit-ulcinj.com\/blog\/wp-json\/wp\/v2\/posts\/72861"}],"collection":[{"href":"https:\/\/www.visit-ulcinj.com\/blog\/wp-json\/wp\/v2\/posts"}],"about":[{"href":"https:\/\/www.visit-ulcinj.com\/blog\/wp-json\/wp\/v2\/types\/post"}],"author":[{"embeddable":true,"href":"https:\/\/www.visit-ulcinj.com\/blog\/wp-json\/wp\/v2\/users\/1"}],"replies":[{"embeddable":true,"href":"https:\/\/www.visit-ulcinj.com\/blog\/wp-json\/wp\/v2\/comments?post=72861"}],"version-history":[{"count":2,"href":"https:\/\/www.visit-ulcinj.com\/blog\/wp-json\/wp\/v2\/posts\/72861\/revisions"}],"predecessor-version":[{"id":72864,"href":"https:\/\/www.visit-ulcinj.com\/blog\/wp-json\/wp\/v2\/posts\/72861\/revisions\/72864"}],"wp:attachment":[{"href":"https:\/\/www.visit-ulcinj.com\/blog\/wp-json\/wp\/v2\/media?parent=72861"}],"wp:term":[{"taxonomy":"category","embeddable":true,"href":"https:\/\/www.visit-ulcinj.com\/blog\/wp-json\/wp\/v2\/categories?post=72861"},{"taxonomy":"post_tag","embeddable":true,"href":"https:\/\/www.visit-ulcinj.com\/blog\/wp-json\/wp\/v2\/tags?post=72861"}],"curies":[{"name":"wp","href":"https:\/\/api.w.org\/{rel}","templated":true}]}}