{"id":72865,"date":"2013-07-02T17:58:46","date_gmt":"2013-07-02T16:58:46","guid":{"rendered":"http:\/\/www.visit-ulcinj.com\/blog\/?p=72865"},"modified":"2013-07-03T10:22:18","modified_gmt":"2013-07-03T09:22:18","slug":"emisioni-flladi-ne-otrant-te-ulqinit-nga-kohavision","status":"publish","type":"post","link":"https:\/\/www.visit-ulcinj.com\/blog\/2013\/07\/02\/emisioni-flladi-ne-otrant-te-ulqinit-nga-kohavision\/","title":{"rendered":"Emisioni &#8220;Flladi&#8221; n\u00eb Otrant t\u00eb Ulqinit nga Kohavision"},"content":{"rendered":"<p><a href=\"http:\/\/www.visit-ulcinj.com\/blog\/wp-content\/uploads\/2013\/07\/emisioni-flladi-ne-ulqin-kohavizion.jpg\"><img loading=\"lazy\" class=\"alignleft  wp-image-72866\" alt=\"emisioni flladi ne ulqin-kohavizion\" src=\"http:\/\/www.visit-ulcinj.com\/blog\/wp-content\/uploads\/2013\/07\/emisioni-flladi-ne-ulqin-kohavizion.jpg\" width=\"508\" height=\"360\" \/><\/a>Emisioni do t\u00eb filloj\u00eb q\u00eb t\u00eb transmetohet nga dita e 5 korrikut n\u00eb orarin e \u00e7do t\u00eb premte nga ora 20:05 deri n\u00eb or\u00eb 22:50.<\/p>\n<p>Temat t\u00eb cil\u00ebt do t\u00eb trajtohen do t\u00eb jen\u00eb t\u00eb ndryshme dhe q\u00eb kan\u00eb t\u00eb b\u00ebjn\u00eb me qytetin e Ulqinit: reportazhe, kronika, intervista me artist\u00eb, intelektual\u00eb, k\u00ebng\u00ebtar\u00eb, fotograf\u00eb etj.<\/p>\n<p>Poashtu p\u00ebrmbledhjen ditore t\u00eb gjitha k\u00ebtyre emisioneve do t\u00eb keni mund\u00ebsi t\u00eb shikoni edhe n\u00eb faqet e Kohavision TV p\u00ebr \u00e7do t\u00eb premte.<\/p>\n<p>Flladi \u00ebsht\u00eb emision sezonal n\u00eb Kohavision. P\u00ebr vitin 2013 Flladi nis m\u00eb 5 korrik dhe p\u00ebrfundon n\u00eb fillim t\u00eb shtatorit. \u00c7do t\u00eb premte nga ora <a href=\"http:\/\/www.youtube.com\/watch?v=-AU57y0xA7k#\">20:05<\/a> deri n\u00eb or\u00eb <a href=\"http:\/\/www.youtube.com\/watch?v=-AU57y0xA7k#\">22:50<\/a> p\u00ebr shikuesit e Kohavisionit servohet program flladit\u00ebs p\u00ebr vikendet e nxehta t\u00eb ver\u00ebs nga qyteti i bukur i Ulqinit. N\u00eb strukutur\u00ebn e programit ka rreth 20 rubrika t\u00eb ndryshme. Sivjet ekipi i Flladit ia ka bo &#8220;refresh&#8221; 170 minutave t\u00eb tij me rubrikat &#8220;Hot Spot, Cicero, Shopping n&#8217;det, Koktej, N&#8217;vill\u00eb te Linda, N&#8217;mes dy zjarresh, Koha p\u00ebr minigolf, &#8230; Na ndiqni \u00e7do t\u00eb premte nga ora <a href=\"http:\/\/www.youtube.com\/watch?v=-AU57y0xA7k#\">20:05<\/a> &#8230; ne ju ndjekim! :) Producent: Dardan Selimaj Drejtues te emisionit: Ardiana Shala, Drin Ejupi &amp; Kaltrina Haziri Kamera; Alban Gashi &amp; Besart Ujkani Montazhi: Atdhe Hoda &amp; Florent Zherka Realizimi:Albert Vokshi.<\/p>\n<p><iframe loading=\"lazy\" src=\"\/\/www.youtube.com\/embed\/-AU57y0xA7k\" height=\"360\" width=\"508\" allowfullscreen=\"\" frameborder=\"0\"><\/iframe><\/p>\n","protected":false},"excerpt":{"rendered":"<p>Emisioni do t\u00eb filloj\u00eb q\u00eb t\u00eb transmetohet nga dita e 5 korrikut n\u00eb orarin e \u00e7do t\u00eb premte nga ora 20:05 deri n\u00eb or\u00eb 22:50. Temat t\u00eb cil\u00ebt do t\u00eb trajtohen do t\u00eb jen\u00eb t\u00eb ndryshme dhe q\u00eb kan\u00eb t\u00eb b\u00ebjn\u00eb me qytetin e Ulqinit: reportazhe, kronika, intervista me artist\u00eb, intelektual\u00eb, k\u00ebng\u00ebtar\u00eb, fotograf\u00eb etj. Poashtu [&hellip;]<\/p>\n","protected":false},"author":1,"featured_media":0,"comment_status":"closed","ping_status":"closed","sticky":false,"template":"","format":"standard","meta":{"spay_email":"","jetpack_publicize_message":"","jetpack_is_tweetstorm":false,"jetpack_publicize_feature_enabled":true},"categories":[1,6950],"tags":[],"jetpack_publicize_connections":[],"yoast_head":"<!-- This site is optimized with the Yoast SEO plugin v19.1 - https:\/\/yoast.com\/wordpress\/plugins\/seo\/ -->\n<title>Emisioni &quot;Flladi&quot; n\u00eb Otrant t\u00eb Ulqinit nga Kohavision - Lajme nga Ulqini<\/title>\n<meta name=\"description\" content=\"Emisioni do t\u00eb filloj\u00eb q\u00eb t\u00eb transmetohet nga dita e 5 korrikut n\u00eb orarin e \u00e7do t\u00eb premte nga ora 20:05 deri n\u00eb or\u00eb 22:50. Temat t\u00eb cil\u00ebt do t\u00eb trajtohen\" \/>\n<meta name=\"robots\" content=\"index, follow, max-snippet:-1, max-image-preview:large, max-video-preview:-1\" \/>\n<link rel=\"canonical\" href=\"https:\/\/www.visit-ulcinj.com\/blog\/2013\/07\/02\/emisioni-flladi-ne-otrant-te-ulqinit-nga-kohavision\/\" \/>\n<meta property=\"og:locale\" content=\"en_US\" \/>\n<meta property=\"og:type\" content=\"article\" \/>\n<meta property=\"og:title\" content=\"Emisioni &quot;Flladi&quot; n\u00eb Otrant t\u00eb Ulqinit nga Kohavision - Lajme nga Ulqini\" \/>\n<meta property=\"og:description\" content=\"Emisioni do t\u00eb filloj\u00eb q\u00eb t\u00eb transmetohet nga dita e 5 korrikut n\u00eb orarin e \u00e7do t\u00eb premte nga ora 20:05 deri n\u00eb or\u00eb 22:50. Temat t\u00eb cil\u00ebt do t\u00eb trajtohen\" \/>\n<meta property=\"og:url\" content=\"https:\/\/www.visit-ulcinj.com\/blog\/2013\/07\/02\/emisioni-flladi-ne-otrant-te-ulqinit-nga-kohavision\/\" \/>\n<meta property=\"og:site_name\" content=\"Lajme nga Ulqini\" \/>\n<meta property=\"article:published_time\" content=\"2013-07-02T16:58:46+00:00\" \/>\n<meta property=\"article:modified_time\" content=\"2013-07-03T09:22:18+00:00\" \/>\n<meta property=\"og:image\" content=\"http:\/\/www.visit-ulcinj.com\/blog\/wp-content\/uploads\/2013\/07\/emisioni-flladi-ne-ulqin-kohavizion.jpg\" \/>\n<meta name=\"twitter:label1\" content=\"Written by\" \/>\n\t<meta name=\"twitter:data1\" content=\"ulqini\" \/>\n\t<meta name=\"twitter:label2\" content=\"Est. reading time\" \/>\n\t<meta name=\"twitter:data2\" content=\"1 minute\" \/>\n<script type=\"application\/ld+json\" class=\"yoast-schema-graph\">{\"@context\":\"https:\/\/schema.org\",\"@graph\":[{\"@type\":\"WebSite\",\"@id\":\"https:\/\/www.visit-ulcinj.com\/blog\/#website\",\"url\":\"https:\/\/www.visit-ulcinj.com\/blog\/\",\"name\":\"Lajme nga Ulqini\",\"description\":\"Lajme,Vijesti,Ulqini,Ulqin,Crna Gora,Mali i Zi\",\"potentialAction\":[{\"@type\":\"SearchAction\",\"target\":{\"@type\":\"EntryPoint\",\"urlTemplate\":\"https:\/\/www.visit-ulcinj.com\/blog\/?s={search_term_string}\"},\"query-input\":\"required name=search_term_string\"}],\"inLanguage\":\"en-US\"},{\"@type\":\"ImageObject\",\"inLanguage\":\"en-US\",\"@id\":\"https:\/\/www.visit-ulcinj.com\/blog\/2013\/07\/02\/emisioni-flladi-ne-otrant-te-ulqinit-nga-kohavision\/#primaryimage\",\"url\":\"https:\/\/www.visit-ulcinj.com\/blog\/wp-content\/uploads\/2013\/07\/emisioni-flladi-ne-ulqin-kohavizion.jpg\",\"contentUrl\":\"https:\/\/www.visit-ulcinj.com\/blog\/wp-content\/uploads\/2013\/07\/emisioni-flladi-ne-ulqin-kohavizion.jpg\",\"width\":604,\"height\":384},{\"@type\":\"WebPage\",\"@id\":\"https:\/\/www.visit-ulcinj.com\/blog\/2013\/07\/02\/emisioni-flladi-ne-otrant-te-ulqinit-nga-kohavision\/#webpage\",\"url\":\"https:\/\/www.visit-ulcinj.com\/blog\/2013\/07\/02\/emisioni-flladi-ne-otrant-te-ulqinit-nga-kohavision\/\",\"name\":\"Emisioni \\\"Flladi\\\" n\u00eb Otrant t\u00eb Ulqinit nga Kohavision - Lajme nga Ulqini\",\"isPartOf\":{\"@id\":\"https:\/\/www.visit-ulcinj.com\/blog\/#website\"},\"primaryImageOfPage\":{\"@id\":\"https:\/\/www.visit-ulcinj.com\/blog\/2013\/07\/02\/emisioni-flladi-ne-otrant-te-ulqinit-nga-kohavision\/#primaryimage\"},\"datePublished\":\"2013-07-02T16:58:46+00:00\",\"dateModified\":\"2013-07-03T09:22:18+00:00\",\"author\":{\"@id\":\"https:\/\/www.visit-ulcinj.com\/blog\/#\/schema\/person\/dcab619c614d3038751c63bc2aadc06d\"},\"description\":\"Emisioni do t\u00eb filloj\u00eb q\u00eb t\u00eb transmetohet nga dita e 5 korrikut n\u00eb orarin e \u00e7do t\u00eb premte nga ora 20:05 deri n\u00eb or\u00eb 22:50. Temat t\u00eb cil\u00ebt do t\u00eb trajtohen\",\"breadcrumb\":{\"@id\":\"https:\/\/www.visit-ulcinj.com\/blog\/2013\/07\/02\/emisioni-flladi-ne-otrant-te-ulqinit-nga-kohavision\/#breadcrumb\"},\"inLanguage\":\"en-US\",\"potentialAction\":[{\"@type\":\"ReadAction\",\"target\":[\"https:\/\/www.visit-ulcinj.com\/blog\/2013\/07\/02\/emisioni-flladi-ne-otrant-te-ulqinit-nga-kohavision\/\"]}]},{\"@type\":\"BreadcrumbList\",\"@id\":\"https:\/\/www.visit-ulcinj.com\/blog\/2013\/07\/02\/emisioni-flladi-ne-otrant-te-ulqinit-nga-kohavision\/#breadcrumb\",\"itemListElement\":[{\"@type\":\"ListItem\",\"position\":1,\"name\":\"Emisioni &#8220;Flladi&#8221; n\u00eb Otrant t\u00eb Ulqinit nga Kohavision\"}]},{\"@type\":\"Person\",\"@id\":\"https:\/\/www.visit-ulcinj.com\/blog\/#\/schema\/person\/dcab619c614d3038751c63bc2aadc06d\",\"name\":\"ulqini\",\"sameAs\":[\"http:\/\/www.visit-ulcinj.com\"],\"url\":\"https:\/\/www.visit-ulcinj.com\/blog\/author\/admin\/\"}]}<\/script>\n<!-- \/ Yoast SEO plugin. -->","yoast_head_json":{"title":"Emisioni \"Flladi\" n\u00eb Otrant t\u00eb Ulqinit nga Kohavision - Lajme nga Ulqini","description":"Emisioni do t\u00eb filloj\u00eb q\u00eb t\u00eb transmetohet nga dita e 5 korrikut n\u00eb orarin e \u00e7do t\u00eb premte nga ora 20:05 deri n\u00eb or\u00eb 22:50. Temat t\u00eb cil\u00ebt do t\u00eb trajtohen","robots":{"index":"index","follow":"follow","max-snippet":"max-snippet:-1","max-image-preview":"max-image-preview:large","max-video-preview":"max-video-preview:-1"},"canonical":"https:\/\/www.visit-ulcinj.com\/blog\/2013\/07\/02\/emisioni-flladi-ne-otrant-te-ulqinit-nga-kohavision\/","og_locale":"en_US","og_type":"article","og_title":"Emisioni \"Flladi\" n\u00eb Otrant t\u00eb Ulqinit nga Kohavision - Lajme nga Ulqini","og_description":"Emisioni do t\u00eb filloj\u00eb q\u00eb t\u00eb transmetohet nga dita e 5 korrikut n\u00eb orarin e \u00e7do t\u00eb premte nga ora 20:05 deri n\u00eb or\u00eb 22:50. Temat t\u00eb cil\u00ebt do t\u00eb trajtohen","og_url":"https:\/\/www.visit-ulcinj.com\/blog\/2013\/07\/02\/emisioni-flladi-ne-otrant-te-ulqinit-nga-kohavision\/","og_site_name":"Lajme nga Ulqini","article_published_time":"2013-07-02T16:58:46+00:00","article_modified_time":"2013-07-03T09:22:18+00:00","og_image":[{"url":"http:\/\/www.visit-ulcinj.com\/blog\/wp-content\/uploads\/2013\/07\/emisioni-flladi-ne-ulqin-kohavizion.jpg"}],"twitter_misc":{"Written by":"ulqini","Est. reading time":"1 minute"},"schema":{"@context":"https:\/\/schema.org","@graph":[{"@type":"WebSite","@id":"https:\/\/www.visit-ulcinj.com\/blog\/#website","url":"https:\/\/www.visit-ulcinj.com\/blog\/","name":"Lajme nga Ulqini","description":"Lajme,Vijesti,Ulqini,Ulqin,Crna Gora,Mali i Zi","potentialAction":[{"@type":"SearchAction","target":{"@type":"EntryPoint","urlTemplate":"https:\/\/www.visit-ulcinj.com\/blog\/?s={search_term_string}"},"query-input":"required name=search_term_string"}],"inLanguage":"en-US"},{"@type":"ImageObject","inLanguage":"en-US","@id":"https:\/\/www.visit-ulcinj.com\/blog\/2013\/07\/02\/emisioni-flladi-ne-otrant-te-ulqinit-nga-kohavision\/#primaryimage","url":"https:\/\/www.visit-ulcinj.com\/blog\/wp-content\/uploads\/2013\/07\/emisioni-flladi-ne-ulqin-kohavizion.jpg","contentUrl":"https:\/\/www.visit-ulcinj.com\/blog\/wp-content\/uploads\/2013\/07\/emisioni-flladi-ne-ulqin-kohavizion.jpg","width":604,"height":384},{"@type":"WebPage","@id":"https:\/\/www.visit-ulcinj.com\/blog\/2013\/07\/02\/emisioni-flladi-ne-otrant-te-ulqinit-nga-kohavision\/#webpage","url":"https:\/\/www.visit-ulcinj.com\/blog\/2013\/07\/02\/emisioni-flladi-ne-otrant-te-ulqinit-nga-kohavision\/","name":"Emisioni \"Flladi\" n\u00eb Otrant t\u00eb Ulqinit nga Kohavision - Lajme nga Ulqini","isPartOf":{"@id":"https:\/\/www.visit-ulcinj.com\/blog\/#website"},"primaryImageOfPage":{"@id":"https:\/\/www.visit-ulcinj.com\/blog\/2013\/07\/02\/emisioni-flladi-ne-otrant-te-ulqinit-nga-kohavision\/#primaryimage"},"datePublished":"2013-07-02T16:58:46+00:00","dateModified":"2013-07-03T09:22:18+00:00","author":{"@id":"https:\/\/www.visit-ulcinj.com\/blog\/#\/schema\/person\/dcab619c614d3038751c63bc2aadc06d"},"description":"Emisioni do t\u00eb filloj\u00eb q\u00eb t\u00eb transmetohet nga dita e 5 korrikut n\u00eb orarin e \u00e7do t\u00eb premte nga ora 20:05 deri n\u00eb or\u00eb 22:50. Temat t\u00eb cil\u00ebt do t\u00eb trajtohen","breadcrumb":{"@id":"https:\/\/www.visit-ulcinj.com\/blog\/2013\/07\/02\/emisioni-flladi-ne-otrant-te-ulqinit-nga-kohavision\/#breadcrumb"},"inLanguage":"en-US","potentialAction":[{"@type":"ReadAction","target":["https:\/\/www.visit-ulcinj.com\/blog\/2013\/07\/02\/emisioni-flladi-ne-otrant-te-ulqinit-nga-kohavision\/"]}]},{"@type":"BreadcrumbList","@id":"https:\/\/www.visit-ulcinj.com\/blog\/2013\/07\/02\/emisioni-flladi-ne-otrant-te-ulqinit-nga-kohavision\/#breadcrumb","itemListElement":[{"@type":"ListItem","position":1,"name":"Emisioni &#8220;Flladi&#8221; n\u00eb Otrant t\u00eb Ulqinit nga Kohavision"}]},{"@type":"Person","@id":"https:\/\/www.visit-ulcinj.com\/blog\/#\/schema\/person\/dcab619c614d3038751c63bc2aadc06d","name":"ulqini","sameAs":["http:\/\/www.visit-ulcinj.com"],"url":"https:\/\/www.visit-ulcinj.com\/blog\/author\/admin\/"}]}},"jetpack_featured_media_url":"","jetpack_sharing_enabled":true,"jetpack_shortlink":"https:\/\/wp.me\/pe6lTn-iXf","_links":{"self":[{"href":"https:\/\/www.visit-ulcinj.com\/blog\/wp-json\/wp\/v2\/posts\/72865"}],"collection":[{"href":"https:\/\/www.visit-ulcinj.com\/blog\/wp-json\/wp\/v2\/posts"}],"about":[{"href":"https:\/\/www.visit-ulcinj.com\/blog\/wp-json\/wp\/v2\/types\/post"}],"author":[{"embeddable":true,"href":"https:\/\/www.visit-ulcinj.com\/blog\/wp-json\/wp\/v2\/users\/1"}],"replies":[{"embeddable":true,"href":"https:\/\/www.visit-ulcinj.com\/blog\/wp-json\/wp\/v2\/comments?post=72865"}],"version-history":[{"count":3,"href":"https:\/\/www.visit-ulcinj.com\/blog\/wp-json\/wp\/v2\/posts\/72865\/revisions"}],"predecessor-version":[{"id":72881,"href":"https:\/\/www.visit-ulcinj.com\/blog\/wp-json\/wp\/v2\/posts\/72865\/revisions\/72881"}],"wp:attachment":[{"href":"https:\/\/www.visit-ulcinj.com\/blog\/wp-json\/wp\/v2\/media?parent=72865"}],"wp:term":[{"taxonomy":"category","embeddable":true,"href":"https:\/\/www.visit-ulcinj.com\/blog\/wp-json\/wp\/v2\/categories?post=72865"},{"taxonomy":"post_tag","embeddable":true,"href":"https:\/\/www.visit-ulcinj.com\/blog\/wp-json\/wp\/v2\/tags?post=72865"}],"curies":[{"name":"wp","href":"https:\/\/api.w.org\/{rel}","templated":true}]}}