{"id":72874,"date":"2013-07-03T09:31:46","date_gmt":"2013-07-03T08:31:46","guid":{"rendered":"http:\/\/www.visit-ulcinj.com\/blog\/?p=72874"},"modified":"2013-07-03T09:31:46","modified_gmt":"2013-07-03T08:31:46","slug":"genci-nimanbegu-se-sastao-sa-predstavnicima-marshall-memorial-programa","status":"publish","type":"post","link":"https:\/\/www.visit-ulcinj.com\/blog\/2013\/07\/03\/genci-nimanbegu-se-sastao-sa-predstavnicima-marshall-memorial-programa\/","title":{"rendered":"Genci Nimanbegu se sastao sa predstavnicima Marshall Memorial programa"},"content":{"rendered":"<p><strong><a href=\"http:\/\/www.visit-ulcinj.com\/blog\/wp-content\/uploads\/2013\/07\/Genci-Nimanbegu-predstavnici-Marshall-Memorial-program.jpg\"><img loading=\"lazy\" class=\"alignleft  wp-image-72875\" alt=\"Genci-Nimanbegu-predstavnici-Marshall-Memorial-program\" src=\"http:\/\/www.visit-ulcinj.com\/blog\/wp-content\/uploads\/2013\/07\/Genci-Nimanbegu-predstavnici-Marshall-Memorial-program.jpg\" width=\"508\" height=\"360\" \/><\/a>Poslanik FORCE Genci Nimanbegu sastao se sa predstavnicima Marshall Memorial programa<\/strong><\/p>\n<div>\n<p>Poslanik FORCE, Genci\u00a0 Nimanbegu, primio je danas grupu ameri\u010dkih alumnista Marshall Memorial programa koju \u010dine: \u00a0Donald Brooks,\u00a0 Derek Chen, Sol Flores, Charles Knutson, Anna Sifford i\u00a0 Marlowe Stoudamire. Sastanku je prisustvovala i koordinatorka \u00a0programa, Izvr\u0161na direktorka Centra za gra\u0111ansko obrazovanje, \u00a0Daliborka Uljarevi\u0107.<\/p>\n<\/div>\n<div>\n<p>Marshall Memorial program razmjene postoji preko trideset godina, u okviru The German Marshall Fund-a i omogu\u0107ava novim liderima iz Sjedinjenih Ameri\u010dkih Dr\u017eava \u00a0i Evrope da istra\u017ee dru\u0161tva, institucije i ljude sa druge strane Atlantika. Prije \u0161est godina\u00a0 ovaj program je postao dostupan i zemljama zapadnog Balkana.<br \/>\n<a href=\"http:\/\/www.visit-ulcinj.com\/blog\/wp-content\/uploads\/2013\/07\/Genci-Nimanbegu-predstavnici-Marshall-Memorial-program.1.jpg\"><img loading=\"lazy\" class=\"alignleft  wp-image-72876\" alt=\"Genci-Nimanbegu-predstavnici-Marshall-Memorial-program.1\" src=\"http:\/\/www.visit-ulcinj.com\/blog\/wp-content\/uploads\/2013\/07\/Genci-Nimanbegu-predstavnici-Marshall-Memorial-program.1.jpg\" width=\"508\" height=\"360\" \/><\/a><\/p>\n<p>Imaju\u0107i u vidu zna\u010daj ovog programa \u00a0sa dugoro\u010dne perspective i sastav ameri\u010dke delegacije, te \u00a0ranije susrete predstavnika FORCE , zahvaljuju\u0107i \u010dijim se pozitivnim utiscima Program\u00a0 i nastavio, iniciran je i susret i sa ovom &#8211; \u0161estom \u00a0generacijom polaznika.<\/p>\n<p>Njihova po\u015beta i pitanja upu\u0107ena poslaniku Genci Nimanbegu-u su\u00a0 u najve\u0107em dijelu \u00a0bila koncipirana, tako da bolje upoznaju\u00a0 Crnu Goru, njene \u00a0ljepote\u00a0 i mogu\u0107nosti koje ona pru\u017ea u oblasti prirodnih potencijala, turisti\u010dkih i kulturnih kapaciteta, socijalnog ambijenta, ali i politi\u010dkog \u017eivota.\u00a0 Polaznici su tako\u0111e \u00a0imali odre\u0111ena individualna interesovanja i pitanja vezana za oblasti\u00a0 u kojima rade u Sjedinjenim Ameri\u010dkim Dr\u017eavama.<\/p>\n<p><strong>Skup\u0161tina Crne Gore<\/strong><\/p>\n<\/div>\n","protected":false},"excerpt":{"rendered":"<p>Poslanik FORCE Genci Nimanbegu sastao se sa predstavnicima Marshall Memorial programa Poslanik FORCE, Genci\u00a0 Nimanbegu, primio je danas grupu ameri\u010dkih alumnista Marshall Memorial programa koju \u010dine: \u00a0Donald Brooks,\u00a0 Derek Chen, Sol Flores, Charles Knutson, Anna Sifford i\u00a0 Marlowe Stoudamire. Sastanku je prisustvovala i koordinatorka \u00a0programa, Izvr\u0161na direktorka Centra za gra\u0111ansko obrazovanje, \u00a0Daliborka Uljarevi\u0107. Marshall Memorial [&hellip;]<\/p>\n","protected":false},"author":1,"featured_media":0,"comment_status":"closed","ping_status":"closed","sticky":false,"template":"","format":"standard","meta":{"spay_email":"","jetpack_publicize_message":"","jetpack_is_tweetstorm":false,"jetpack_publicize_feature_enabled":true},"categories":[8337],"tags":[],"jetpack_publicize_connections":[],"yoast_head":"<!-- This site is optimized with the Yoast SEO plugin v19.1 - https:\/\/yoast.com\/wordpress\/plugins\/seo\/ -->\n<title>Genci Nimanbegu se sastao sa predstavnicima Marshall Memorial programa - Lajme nga Ulqini<\/title>\n<meta name=\"description\" content=\"Poslanik FORCE Genci Nimanbegu sastao se sa predstavnicima Marshall Memorial programa Poslanik FORCE, Genci\u00a0 Nimanbegu, primio je danas grupu ameri\u010dkih\" \/>\n<meta name=\"robots\" content=\"index, follow, max-snippet:-1, max-image-preview:large, max-video-preview:-1\" \/>\n<link rel=\"canonical\" href=\"https:\/\/www.visit-ulcinj.com\/blog\/2013\/07\/03\/genci-nimanbegu-se-sastao-sa-predstavnicima-marshall-memorial-programa\/\" \/>\n<meta property=\"og:locale\" content=\"en_US\" \/>\n<meta property=\"og:type\" content=\"article\" \/>\n<meta property=\"og:title\" content=\"Genci Nimanbegu se sastao sa predstavnicima Marshall Memorial programa - Lajme nga Ulqini\" \/>\n<meta property=\"og:description\" content=\"Poslanik FORCE Genci Nimanbegu sastao se sa predstavnicima Marshall Memorial programa Poslanik FORCE, Genci\u00a0 Nimanbegu, primio je danas grupu ameri\u010dkih\" \/>\n<meta property=\"og:url\" content=\"https:\/\/www.visit-ulcinj.com\/blog\/2013\/07\/03\/genci-nimanbegu-se-sastao-sa-predstavnicima-marshall-memorial-programa\/\" \/>\n<meta property=\"og:site_name\" content=\"Lajme nga Ulqini\" \/>\n<meta property=\"article:published_time\" content=\"2013-07-03T08:31:46+00:00\" \/>\n<meta property=\"og:image\" content=\"http:\/\/www.visit-ulcinj.com\/blog\/wp-content\/uploads\/2013\/07\/Genci-Nimanbegu-predstavnici-Marshall-Memorial-program.jpg\" \/>\n<meta name=\"twitter:label1\" content=\"Written by\" \/>\n\t<meta name=\"twitter:data1\" content=\"ulqini\" \/>\n\t<meta name=\"twitter:label2\" content=\"Est. reading time\" \/>\n\t<meta name=\"twitter:data2\" content=\"1 minute\" \/>\n<script type=\"application\/ld+json\" class=\"yoast-schema-graph\">{\"@context\":\"https:\/\/schema.org\",\"@graph\":[{\"@type\":\"WebSite\",\"@id\":\"https:\/\/www.visit-ulcinj.com\/blog\/#website\",\"url\":\"https:\/\/www.visit-ulcinj.com\/blog\/\",\"name\":\"Lajme nga Ulqini\",\"description\":\"Lajme,Vijesti,Ulqini,Ulqin,Crna Gora,Mali i Zi\",\"potentialAction\":[{\"@type\":\"SearchAction\",\"target\":{\"@type\":\"EntryPoint\",\"urlTemplate\":\"https:\/\/www.visit-ulcinj.com\/blog\/?s={search_term_string}\"},\"query-input\":\"required name=search_term_string\"}],\"inLanguage\":\"en-US\"},{\"@type\":\"ImageObject\",\"inLanguage\":\"en-US\",\"@id\":\"https:\/\/www.visit-ulcinj.com\/blog\/2013\/07\/03\/genci-nimanbegu-se-sastao-sa-predstavnicima-marshall-memorial-programa\/#primaryimage\",\"url\":\"https:\/\/www.visit-ulcinj.com\/blog\/wp-content\/uploads\/2013\/07\/Genci-Nimanbegu-predstavnici-Marshall-Memorial-program.jpg\",\"contentUrl\":\"https:\/\/www.visit-ulcinj.com\/blog\/wp-content\/uploads\/2013\/07\/Genci-Nimanbegu-predstavnici-Marshall-Memorial-program.jpg\",\"width\":588,\"height\":390},{\"@type\":\"WebPage\",\"@id\":\"https:\/\/www.visit-ulcinj.com\/blog\/2013\/07\/03\/genci-nimanbegu-se-sastao-sa-predstavnicima-marshall-memorial-programa\/#webpage\",\"url\":\"https:\/\/www.visit-ulcinj.com\/blog\/2013\/07\/03\/genci-nimanbegu-se-sastao-sa-predstavnicima-marshall-memorial-programa\/\",\"name\":\"Genci Nimanbegu se sastao sa predstavnicima Marshall Memorial programa - Lajme nga Ulqini\",\"isPartOf\":{\"@id\":\"https:\/\/www.visit-ulcinj.com\/blog\/#website\"},\"primaryImageOfPage\":{\"@id\":\"https:\/\/www.visit-ulcinj.com\/blog\/2013\/07\/03\/genci-nimanbegu-se-sastao-sa-predstavnicima-marshall-memorial-programa\/#primaryimage\"},\"datePublished\":\"2013-07-03T08:31:46+00:00\",\"dateModified\":\"2013-07-03T08:31:46+00:00\",\"author\":{\"@id\":\"https:\/\/www.visit-ulcinj.com\/blog\/#\/schema\/person\/dcab619c614d3038751c63bc2aadc06d\"},\"description\":\"Poslanik FORCE Genci Nimanbegu sastao se sa predstavnicima Marshall Memorial programa Poslanik FORCE, Genci\u00a0 Nimanbegu, primio je danas grupu ameri\u010dkih\",\"breadcrumb\":{\"@id\":\"https:\/\/www.visit-ulcinj.com\/blog\/2013\/07\/03\/genci-nimanbegu-se-sastao-sa-predstavnicima-marshall-memorial-programa\/#breadcrumb\"},\"inLanguage\":\"en-US\",\"potentialAction\":[{\"@type\":\"ReadAction\",\"target\":[\"https:\/\/www.visit-ulcinj.com\/blog\/2013\/07\/03\/genci-nimanbegu-se-sastao-sa-predstavnicima-marshall-memorial-programa\/\"]}]},{\"@type\":\"BreadcrumbList\",\"@id\":\"https:\/\/www.visit-ulcinj.com\/blog\/2013\/07\/03\/genci-nimanbegu-se-sastao-sa-predstavnicima-marshall-memorial-programa\/#breadcrumb\",\"itemListElement\":[{\"@type\":\"ListItem\",\"position\":1,\"name\":\"Genci Nimanbegu se sastao sa predstavnicima Marshall Memorial programa\"}]},{\"@type\":\"Person\",\"@id\":\"https:\/\/www.visit-ulcinj.com\/blog\/#\/schema\/person\/dcab619c614d3038751c63bc2aadc06d\",\"name\":\"ulqini\",\"sameAs\":[\"http:\/\/www.visit-ulcinj.com\"],\"url\":\"https:\/\/www.visit-ulcinj.com\/blog\/author\/admin\/\"}]}<\/script>\n<!-- \/ Yoast SEO plugin. -->","yoast_head_json":{"title":"Genci Nimanbegu se sastao sa predstavnicima Marshall Memorial programa - Lajme nga Ulqini","description":"Poslanik FORCE Genci Nimanbegu sastao se sa predstavnicima Marshall Memorial programa Poslanik FORCE, Genci\u00a0 Nimanbegu, primio je danas grupu ameri\u010dkih","robots":{"index":"index","follow":"follow","max-snippet":"max-snippet:-1","max-image-preview":"max-image-preview:large","max-video-preview":"max-video-preview:-1"},"canonical":"https:\/\/www.visit-ulcinj.com\/blog\/2013\/07\/03\/genci-nimanbegu-se-sastao-sa-predstavnicima-marshall-memorial-programa\/","og_locale":"en_US","og_type":"article","og_title":"Genci Nimanbegu se sastao sa predstavnicima Marshall Memorial programa - Lajme nga Ulqini","og_description":"Poslanik FORCE Genci Nimanbegu sastao se sa predstavnicima Marshall Memorial programa Poslanik FORCE, Genci\u00a0 Nimanbegu, primio je danas grupu ameri\u010dkih","og_url":"https:\/\/www.visit-ulcinj.com\/blog\/2013\/07\/03\/genci-nimanbegu-se-sastao-sa-predstavnicima-marshall-memorial-programa\/","og_site_name":"Lajme nga Ulqini","article_published_time":"2013-07-03T08:31:46+00:00","og_image":[{"url":"http:\/\/www.visit-ulcinj.com\/blog\/wp-content\/uploads\/2013\/07\/Genci-Nimanbegu-predstavnici-Marshall-Memorial-program.jpg"}],"twitter_misc":{"Written by":"ulqini","Est. reading time":"1 minute"},"schema":{"@context":"https:\/\/schema.org","@graph":[{"@type":"WebSite","@id":"https:\/\/www.visit-ulcinj.com\/blog\/#website","url":"https:\/\/www.visit-ulcinj.com\/blog\/","name":"Lajme nga Ulqini","description":"Lajme,Vijesti,Ulqini,Ulqin,Crna Gora,Mali i Zi","potentialAction":[{"@type":"SearchAction","target":{"@type":"EntryPoint","urlTemplate":"https:\/\/www.visit-ulcinj.com\/blog\/?s={search_term_string}"},"query-input":"required name=search_term_string"}],"inLanguage":"en-US"},{"@type":"ImageObject","inLanguage":"en-US","@id":"https:\/\/www.visit-ulcinj.com\/blog\/2013\/07\/03\/genci-nimanbegu-se-sastao-sa-predstavnicima-marshall-memorial-programa\/#primaryimage","url":"https:\/\/www.visit-ulcinj.com\/blog\/wp-content\/uploads\/2013\/07\/Genci-Nimanbegu-predstavnici-Marshall-Memorial-program.jpg","contentUrl":"https:\/\/www.visit-ulcinj.com\/blog\/wp-content\/uploads\/2013\/07\/Genci-Nimanbegu-predstavnici-Marshall-Memorial-program.jpg","width":588,"height":390},{"@type":"WebPage","@id":"https:\/\/www.visit-ulcinj.com\/blog\/2013\/07\/03\/genci-nimanbegu-se-sastao-sa-predstavnicima-marshall-memorial-programa\/#webpage","url":"https:\/\/www.visit-ulcinj.com\/blog\/2013\/07\/03\/genci-nimanbegu-se-sastao-sa-predstavnicima-marshall-memorial-programa\/","name":"Genci Nimanbegu se sastao sa predstavnicima Marshall Memorial programa - Lajme nga Ulqini","isPartOf":{"@id":"https:\/\/www.visit-ulcinj.com\/blog\/#website"},"primaryImageOfPage":{"@id":"https:\/\/www.visit-ulcinj.com\/blog\/2013\/07\/03\/genci-nimanbegu-se-sastao-sa-predstavnicima-marshall-memorial-programa\/#primaryimage"},"datePublished":"2013-07-03T08:31:46+00:00","dateModified":"2013-07-03T08:31:46+00:00","author":{"@id":"https:\/\/www.visit-ulcinj.com\/blog\/#\/schema\/person\/dcab619c614d3038751c63bc2aadc06d"},"description":"Poslanik FORCE Genci Nimanbegu sastao se sa predstavnicima Marshall Memorial programa Poslanik FORCE, Genci\u00a0 Nimanbegu, primio je danas grupu ameri\u010dkih","breadcrumb":{"@id":"https:\/\/www.visit-ulcinj.com\/blog\/2013\/07\/03\/genci-nimanbegu-se-sastao-sa-predstavnicima-marshall-memorial-programa\/#breadcrumb"},"inLanguage":"en-US","potentialAction":[{"@type":"ReadAction","target":["https:\/\/www.visit-ulcinj.com\/blog\/2013\/07\/03\/genci-nimanbegu-se-sastao-sa-predstavnicima-marshall-memorial-programa\/"]}]},{"@type":"BreadcrumbList","@id":"https:\/\/www.visit-ulcinj.com\/blog\/2013\/07\/03\/genci-nimanbegu-se-sastao-sa-predstavnicima-marshall-memorial-programa\/#breadcrumb","itemListElement":[{"@type":"ListItem","position":1,"name":"Genci Nimanbegu se sastao sa predstavnicima Marshall Memorial programa"}]},{"@type":"Person","@id":"https:\/\/www.visit-ulcinj.com\/blog\/#\/schema\/person\/dcab619c614d3038751c63bc2aadc06d","name":"ulqini","sameAs":["http:\/\/www.visit-ulcinj.com"],"url":"https:\/\/www.visit-ulcinj.com\/blog\/author\/admin\/"}]}},"jetpack_featured_media_url":"","jetpack_sharing_enabled":true,"jetpack_shortlink":"https:\/\/wp.me\/pe6lTn-iXo","_links":{"self":[{"href":"https:\/\/www.visit-ulcinj.com\/blog\/wp-json\/wp\/v2\/posts\/72874"}],"collection":[{"href":"https:\/\/www.visit-ulcinj.com\/blog\/wp-json\/wp\/v2\/posts"}],"about":[{"href":"https:\/\/www.visit-ulcinj.com\/blog\/wp-json\/wp\/v2\/types\/post"}],"author":[{"embeddable":true,"href":"https:\/\/www.visit-ulcinj.com\/blog\/wp-json\/wp\/v2\/users\/1"}],"replies":[{"embeddable":true,"href":"https:\/\/www.visit-ulcinj.com\/blog\/wp-json\/wp\/v2\/comments?post=72874"}],"version-history":[{"count":1,"href":"https:\/\/www.visit-ulcinj.com\/blog\/wp-json\/wp\/v2\/posts\/72874\/revisions"}],"predecessor-version":[{"id":72877,"href":"https:\/\/www.visit-ulcinj.com\/blog\/wp-json\/wp\/v2\/posts\/72874\/revisions\/72877"}],"wp:attachment":[{"href":"https:\/\/www.visit-ulcinj.com\/blog\/wp-json\/wp\/v2\/media?parent=72874"}],"wp:term":[{"taxonomy":"category","embeddable":true,"href":"https:\/\/www.visit-ulcinj.com\/blog\/wp-json\/wp\/v2\/categories?post=72874"},{"taxonomy":"post_tag","embeddable":true,"href":"https:\/\/www.visit-ulcinj.com\/blog\/wp-json\/wp\/v2\/tags?post=72874"}],"curies":[{"name":"wp","href":"https:\/\/api.w.org\/{rel}","templated":true}]}}