{"id":72878,"date":"2013-07-03T10:20:28","date_gmt":"2013-07-03T09:20:28","guid":{"rendered":"http:\/\/www.visit-ulcinj.com\/blog\/?p=72878"},"modified":"2013-07-04T15:11:36","modified_gmt":"2013-07-04T14:11:36","slug":"cungu-takon-nje-grup-qytetaresh-nga-shtoji","status":"publish","type":"post","link":"https:\/\/www.visit-ulcinj.com\/blog\/2013\/07\/03\/cungu-takon-nje-grup-qytetaresh-nga-shtoji\/","title":{"rendered":"Cungu takon nj\u00eb grup qytetar\u00ebsh nga Shtoji"},"content":{"rendered":"<p><strong><a href=\"http:\/\/www.visit-ulcinj.com\/blog\/wp-content\/uploads\/2013\/07\/Cungu-takon-shtojakte-nga-Shtoji.jpg\"><img loading=\"lazy\" class=\"alignleft  wp-image-72879\" alt=\"Cungu takon shtojakte nga Shtoji\" src=\"http:\/\/www.visit-ulcinj.com\/blog\/wp-content\/uploads\/2013\/07\/Cungu-takon-shtojakte-nga-Shtoji.jpg\" width=\"508\" height=\"360\" \/><\/a>Kryetari i komun\u00ebs s\u00eb Ulqinit z.Cungu priti n\u00eb takim nj\u00eb grup qytetar\u00ebsh nga Shtoji<\/strong><\/p>\n<p>Kryetari i komun\u00ebs s\u00eb Ulqinit z.Cungu priti n\u00eb takim nj\u00eb grup qytetar\u00ebsh nga Shtoji. Qellimi i k\u00ebtij takimi ishte p\u00ebr t\u00eb diskutuar lidhur rregullimin e infrastrukures n\u00eb k\u00ebt\u00eb zon\u00eb, pasi q\u00eb \u00ebsht\u00eb edhe nj\u00eb nga zonat m\u00eb t\u00eb frekuentuara nga musafir\u00ebt q\u00eb vizitojn\u00eb qytetin ton\u00eb gjat\u00eb sezonit turistik. Me k\u00ebto qytetar \u00ebsht\u00eb r\u00ebn\u00eb dakord p\u00ebr asfaltimin e disa rrug\u00ebve n\u00eb k\u00ebt\u00eb zon\u00eb, financimi i t\u00eb cilave do t\u00eb b\u00ebhet 50 p\u00ebrqind nga buxheti i komun\u00ebs s\u00eb Ulqinit dhe 50 p\u00ebrqind nga qytetar\u00ebt. Punimet p\u00ebr asfaltimin e k\u00ebtyre rrug\u00ebve do fillojn\u00eb pas p\u00ebrfundimit t\u00eb k\u00ebtij sezoni turistik.<br \/>\nKryetari Cungu i njoftoj qytetar\u00ebt e Shtojit lidhur me disa aktivitete q\u00eb jan\u00eb duke u nd\u00ebrmarr\u00eb nga komuna e Ulqinit n\u00eb lidhje me rregullimin e gjendjes infrastrukurore n\u00eb k\u00ebt\u00eb zon\u00eb ku vlen t\u00eb theksohet nisja e procedur\u00ebs p\u00ebr hartimin e dokumentacioneve urbanistike n\u00eb Shtoj, vazhdimi i rregullimit t\u00eb qendr\u00ebs s\u00eb Shtojit, vendosja e ndri\u00e7imit publik p\u00ebrgjat rrug\u00ebs s\u00eb Shtojit nga qendra e Ferialit deri n\u00eb qend\u00ebr t\u00eb Shtojit nj\u00eb investim ky q\u00eb kap vleren prej 186.706,90euro dhe punimet do t\u00eb fillojn\u00eb m\u00eb 16 shtator\u00eb t\u00eb k\u00ebtij viti. Poashtu i njoftoi ata edhe me vazhdimin e projekti projekti p\u00ebr ndri\u00e7im nga qendra e Shtojit deri n\u00eb Bun\u00eb.<br \/>\nNj\u00eb nga investimet m\u00eb t\u00eb r\u00ebnd\u00ebsishme jo vetem p\u00ebr Shtojin por p\u00ebr t\u00ebr\u00eb qytetin e Ulqinit pritet t\u00eb jet\u00eb nd\u00ebrtimi i rrjetit t\u00eb uj\u00ebsjell\u00ebsit dhe kanalizimeve, projekt ky q\u00eb kap vleren prej 22 milion euro dhe financohet nga Banka Gjermane p\u00ebr Zhvillim. Realizimi i k\u00ebtij projekti do t\u00eb zgjedh problemin e furnizimit me uj\u00eb dhe trajtimit t\u00eb ujrave t\u00eb zeza n\u00eb qytetin ton\u00eb p\u00ebr dekada t\u00eb t\u00ebra.<\/p>\n<p><strong>Op\u0161tina Ulcinj \/ Komuna e Ulqinit<\/strong><br \/>\nTel: +382 30 412 050<br \/>\nFax: +382 30 412 413<br \/>\nAdresa: Bul. Skenderbeu bb, 85360 Ulcinj, MNE<\/p>\n","protected":false},"excerpt":{"rendered":"<p>Kryetari i komun\u00ebs s\u00eb Ulqinit z.Cungu priti n\u00eb takim nj\u00eb grup qytetar\u00ebsh nga Shtoji Kryetari i komun\u00ebs s\u00eb Ulqinit z.Cungu priti n\u00eb takim nj\u00eb grup qytetar\u00ebsh nga Shtoji. Qellimi i k\u00ebtij takimi ishte p\u00ebr t\u00eb diskutuar lidhur rregullimin e infrastrukures n\u00eb k\u00ebt\u00eb zon\u00eb, pasi q\u00eb \u00ebsht\u00eb edhe nj\u00eb nga zonat m\u00eb t\u00eb frekuentuara nga musafir\u00ebt [&hellip;]<\/p>\n","protected":false},"author":1,"featured_media":0,"comment_status":"closed","ping_status":"closed","sticky":false,"template":"","format":"standard","meta":{"spay_email":"","jetpack_publicize_message":"","jetpack_is_tweetstorm":false,"jetpack_publicize_feature_enabled":true},"categories":[1,6950],"tags":[],"jetpack_publicize_connections":[],"yoast_head":"<!-- This site is optimized with the Yoast SEO plugin v19.1 - https:\/\/yoast.com\/wordpress\/plugins\/seo\/ -->\n<title>Cungu takon nj\u00eb grup qytetar\u00ebsh nga Shtoji - Lajme nga Ulqini<\/title>\n<meta name=\"description\" content=\"Kryetari i komun\u00ebs s\u00eb Ulqinit z.Cungu priti n\u00eb takim nj\u00eb grup qytetar\u00ebsh nga Shtoji Kryetari i komun\u00ebs s\u00eb Ulqinit z.Cungu priti n\u00eb takim nj\u00eb grup\" \/>\n<meta name=\"robots\" content=\"index, follow, max-snippet:-1, max-image-preview:large, max-video-preview:-1\" \/>\n<link rel=\"canonical\" href=\"https:\/\/www.visit-ulcinj.com\/blog\/2013\/07\/03\/cungu-takon-nje-grup-qytetaresh-nga-shtoji\/\" \/>\n<meta property=\"og:locale\" content=\"en_US\" \/>\n<meta property=\"og:type\" content=\"article\" \/>\n<meta property=\"og:title\" content=\"Cungu takon nj\u00eb grup qytetar\u00ebsh nga Shtoji - Lajme nga Ulqini\" \/>\n<meta property=\"og:description\" content=\"Kryetari i komun\u00ebs s\u00eb Ulqinit z.Cungu priti n\u00eb takim nj\u00eb grup qytetar\u00ebsh nga Shtoji Kryetari i komun\u00ebs s\u00eb Ulqinit z.Cungu priti n\u00eb takim nj\u00eb grup\" \/>\n<meta property=\"og:url\" content=\"https:\/\/www.visit-ulcinj.com\/blog\/2013\/07\/03\/cungu-takon-nje-grup-qytetaresh-nga-shtoji\/\" \/>\n<meta property=\"og:site_name\" content=\"Lajme nga Ulqini\" \/>\n<meta property=\"article:published_time\" content=\"2013-07-03T09:20:28+00:00\" \/>\n<meta property=\"article:modified_time\" content=\"2013-07-04T14:11:36+00:00\" \/>\n<meta property=\"og:image\" content=\"http:\/\/www.visit-ulcinj.com\/blog\/wp-content\/uploads\/2013\/07\/Cungu-takon-shtojakte-nga-Shtoji.jpg\" \/>\n<meta name=\"twitter:label1\" content=\"Written by\" \/>\n\t<meta name=\"twitter:data1\" content=\"ulqini\" \/>\n\t<meta name=\"twitter:label2\" content=\"Est. reading time\" \/>\n\t<meta name=\"twitter:data2\" content=\"2 minutes\" \/>\n<script type=\"application\/ld+json\" class=\"yoast-schema-graph\">{\"@context\":\"https:\/\/schema.org\",\"@graph\":[{\"@type\":\"WebSite\",\"@id\":\"https:\/\/www.visit-ulcinj.com\/blog\/#website\",\"url\":\"https:\/\/www.visit-ulcinj.com\/blog\/\",\"name\":\"Lajme nga Ulqini\",\"description\":\"Lajme,Vijesti,Ulqini,Ulqin,Crna Gora,Mali i Zi\",\"potentialAction\":[{\"@type\":\"SearchAction\",\"target\":{\"@type\":\"EntryPoint\",\"urlTemplate\":\"https:\/\/www.visit-ulcinj.com\/blog\/?s={search_term_string}\"},\"query-input\":\"required name=search_term_string\"}],\"inLanguage\":\"en-US\"},{\"@type\":\"ImageObject\",\"inLanguage\":\"en-US\",\"@id\":\"https:\/\/www.visit-ulcinj.com\/blog\/2013\/07\/03\/cungu-takon-nje-grup-qytetaresh-nga-shtoji\/#primaryimage\",\"url\":\"https:\/\/www.visit-ulcinj.com\/blog\/wp-content\/uploads\/2013\/07\/Cungu-takon-shtojakte-nga-Shtoji.jpg\",\"contentUrl\":\"https:\/\/www.visit-ulcinj.com\/blog\/wp-content\/uploads\/2013\/07\/Cungu-takon-shtojakte-nga-Shtoji.jpg\",\"width\":640,\"height\":424},{\"@type\":\"WebPage\",\"@id\":\"https:\/\/www.visit-ulcinj.com\/blog\/2013\/07\/03\/cungu-takon-nje-grup-qytetaresh-nga-shtoji\/#webpage\",\"url\":\"https:\/\/www.visit-ulcinj.com\/blog\/2013\/07\/03\/cungu-takon-nje-grup-qytetaresh-nga-shtoji\/\",\"name\":\"Cungu takon nj\u00eb grup qytetar\u00ebsh nga Shtoji - Lajme nga Ulqini\",\"isPartOf\":{\"@id\":\"https:\/\/www.visit-ulcinj.com\/blog\/#website\"},\"primaryImageOfPage\":{\"@id\":\"https:\/\/www.visit-ulcinj.com\/blog\/2013\/07\/03\/cungu-takon-nje-grup-qytetaresh-nga-shtoji\/#primaryimage\"},\"datePublished\":\"2013-07-03T09:20:28+00:00\",\"dateModified\":\"2013-07-04T14:11:36+00:00\",\"author\":{\"@id\":\"https:\/\/www.visit-ulcinj.com\/blog\/#\/schema\/person\/dcab619c614d3038751c63bc2aadc06d\"},\"description\":\"Kryetari i komun\u00ebs s\u00eb Ulqinit z.Cungu priti n\u00eb takim nj\u00eb grup qytetar\u00ebsh nga Shtoji Kryetari i komun\u00ebs s\u00eb Ulqinit z.Cungu priti n\u00eb takim nj\u00eb grup\",\"breadcrumb\":{\"@id\":\"https:\/\/www.visit-ulcinj.com\/blog\/2013\/07\/03\/cungu-takon-nje-grup-qytetaresh-nga-shtoji\/#breadcrumb\"},\"inLanguage\":\"en-US\",\"potentialAction\":[{\"@type\":\"ReadAction\",\"target\":[\"https:\/\/www.visit-ulcinj.com\/blog\/2013\/07\/03\/cungu-takon-nje-grup-qytetaresh-nga-shtoji\/\"]}]},{\"@type\":\"BreadcrumbList\",\"@id\":\"https:\/\/www.visit-ulcinj.com\/blog\/2013\/07\/03\/cungu-takon-nje-grup-qytetaresh-nga-shtoji\/#breadcrumb\",\"itemListElement\":[{\"@type\":\"ListItem\",\"position\":1,\"name\":\"Cungu takon nj\u00eb grup qytetar\u00ebsh nga Shtoji\"}]},{\"@type\":\"Person\",\"@id\":\"https:\/\/www.visit-ulcinj.com\/blog\/#\/schema\/person\/dcab619c614d3038751c63bc2aadc06d\",\"name\":\"ulqini\",\"sameAs\":[\"http:\/\/www.visit-ulcinj.com\"],\"url\":\"https:\/\/www.visit-ulcinj.com\/blog\/author\/admin\/\"}]}<\/script>\n<!-- \/ Yoast SEO plugin. -->","yoast_head_json":{"title":"Cungu takon nj\u00eb grup qytetar\u00ebsh nga Shtoji - Lajme nga Ulqini","description":"Kryetari i komun\u00ebs s\u00eb Ulqinit z.Cungu priti n\u00eb takim nj\u00eb grup qytetar\u00ebsh nga Shtoji Kryetari i komun\u00ebs s\u00eb Ulqinit z.Cungu priti n\u00eb takim nj\u00eb grup","robots":{"index":"index","follow":"follow","max-snippet":"max-snippet:-1","max-image-preview":"max-image-preview:large","max-video-preview":"max-video-preview:-1"},"canonical":"https:\/\/www.visit-ulcinj.com\/blog\/2013\/07\/03\/cungu-takon-nje-grup-qytetaresh-nga-shtoji\/","og_locale":"en_US","og_type":"article","og_title":"Cungu takon nj\u00eb grup qytetar\u00ebsh nga Shtoji - Lajme nga Ulqini","og_description":"Kryetari i komun\u00ebs s\u00eb Ulqinit z.Cungu priti n\u00eb takim nj\u00eb grup qytetar\u00ebsh nga Shtoji Kryetari i komun\u00ebs s\u00eb Ulqinit z.Cungu priti n\u00eb takim nj\u00eb grup","og_url":"https:\/\/www.visit-ulcinj.com\/blog\/2013\/07\/03\/cungu-takon-nje-grup-qytetaresh-nga-shtoji\/","og_site_name":"Lajme nga Ulqini","article_published_time":"2013-07-03T09:20:28+00:00","article_modified_time":"2013-07-04T14:11:36+00:00","og_image":[{"url":"http:\/\/www.visit-ulcinj.com\/blog\/wp-content\/uploads\/2013\/07\/Cungu-takon-shtojakte-nga-Shtoji.jpg"}],"twitter_misc":{"Written by":"ulqini","Est. reading time":"2 minutes"},"schema":{"@context":"https:\/\/schema.org","@graph":[{"@type":"WebSite","@id":"https:\/\/www.visit-ulcinj.com\/blog\/#website","url":"https:\/\/www.visit-ulcinj.com\/blog\/","name":"Lajme nga Ulqini","description":"Lajme,Vijesti,Ulqini,Ulqin,Crna Gora,Mali i Zi","potentialAction":[{"@type":"SearchAction","target":{"@type":"EntryPoint","urlTemplate":"https:\/\/www.visit-ulcinj.com\/blog\/?s={search_term_string}"},"query-input":"required name=search_term_string"}],"inLanguage":"en-US"},{"@type":"ImageObject","inLanguage":"en-US","@id":"https:\/\/www.visit-ulcinj.com\/blog\/2013\/07\/03\/cungu-takon-nje-grup-qytetaresh-nga-shtoji\/#primaryimage","url":"https:\/\/www.visit-ulcinj.com\/blog\/wp-content\/uploads\/2013\/07\/Cungu-takon-shtojakte-nga-Shtoji.jpg","contentUrl":"https:\/\/www.visit-ulcinj.com\/blog\/wp-content\/uploads\/2013\/07\/Cungu-takon-shtojakte-nga-Shtoji.jpg","width":640,"height":424},{"@type":"WebPage","@id":"https:\/\/www.visit-ulcinj.com\/blog\/2013\/07\/03\/cungu-takon-nje-grup-qytetaresh-nga-shtoji\/#webpage","url":"https:\/\/www.visit-ulcinj.com\/blog\/2013\/07\/03\/cungu-takon-nje-grup-qytetaresh-nga-shtoji\/","name":"Cungu takon nj\u00eb grup qytetar\u00ebsh nga Shtoji - Lajme nga Ulqini","isPartOf":{"@id":"https:\/\/www.visit-ulcinj.com\/blog\/#website"},"primaryImageOfPage":{"@id":"https:\/\/www.visit-ulcinj.com\/blog\/2013\/07\/03\/cungu-takon-nje-grup-qytetaresh-nga-shtoji\/#primaryimage"},"datePublished":"2013-07-03T09:20:28+00:00","dateModified":"2013-07-04T14:11:36+00:00","author":{"@id":"https:\/\/www.visit-ulcinj.com\/blog\/#\/schema\/person\/dcab619c614d3038751c63bc2aadc06d"},"description":"Kryetari i komun\u00ebs s\u00eb Ulqinit z.Cungu priti n\u00eb takim nj\u00eb grup qytetar\u00ebsh nga Shtoji Kryetari i komun\u00ebs s\u00eb Ulqinit z.Cungu priti n\u00eb takim nj\u00eb grup","breadcrumb":{"@id":"https:\/\/www.visit-ulcinj.com\/blog\/2013\/07\/03\/cungu-takon-nje-grup-qytetaresh-nga-shtoji\/#breadcrumb"},"inLanguage":"en-US","potentialAction":[{"@type":"ReadAction","target":["https:\/\/www.visit-ulcinj.com\/blog\/2013\/07\/03\/cungu-takon-nje-grup-qytetaresh-nga-shtoji\/"]}]},{"@type":"BreadcrumbList","@id":"https:\/\/www.visit-ulcinj.com\/blog\/2013\/07\/03\/cungu-takon-nje-grup-qytetaresh-nga-shtoji\/#breadcrumb","itemListElement":[{"@type":"ListItem","position":1,"name":"Cungu takon nj\u00eb grup qytetar\u00ebsh nga Shtoji"}]},{"@type":"Person","@id":"https:\/\/www.visit-ulcinj.com\/blog\/#\/schema\/person\/dcab619c614d3038751c63bc2aadc06d","name":"ulqini","sameAs":["http:\/\/www.visit-ulcinj.com"],"url":"https:\/\/www.visit-ulcinj.com\/blog\/author\/admin\/"}]}},"jetpack_featured_media_url":"","jetpack_sharing_enabled":true,"jetpack_shortlink":"https:\/\/wp.me\/pe6lTn-iXs","_links":{"self":[{"href":"https:\/\/www.visit-ulcinj.com\/blog\/wp-json\/wp\/v2\/posts\/72878"}],"collection":[{"href":"https:\/\/www.visit-ulcinj.com\/blog\/wp-json\/wp\/v2\/posts"}],"about":[{"href":"https:\/\/www.visit-ulcinj.com\/blog\/wp-json\/wp\/v2\/types\/post"}],"author":[{"embeddable":true,"href":"https:\/\/www.visit-ulcinj.com\/blog\/wp-json\/wp\/v2\/users\/1"}],"replies":[{"embeddable":true,"href":"https:\/\/www.visit-ulcinj.com\/blog\/wp-json\/wp\/v2\/comments?post=72878"}],"version-history":[{"count":2,"href":"https:\/\/www.visit-ulcinj.com\/blog\/wp-json\/wp\/v2\/posts\/72878\/revisions"}],"predecessor-version":[{"id":72898,"href":"https:\/\/www.visit-ulcinj.com\/blog\/wp-json\/wp\/v2\/posts\/72878\/revisions\/72898"}],"wp:attachment":[{"href":"https:\/\/www.visit-ulcinj.com\/blog\/wp-json\/wp\/v2\/media?parent=72878"}],"wp:term":[{"taxonomy":"category","embeddable":true,"href":"https:\/\/www.visit-ulcinj.com\/blog\/wp-json\/wp\/v2\/categories?post=72878"},{"taxonomy":"post_tag","embeddable":true,"href":"https:\/\/www.visit-ulcinj.com\/blog\/wp-json\/wp\/v2\/tags?post=72878"}],"curies":[{"name":"wp","href":"https:\/\/api.w.org\/{rel}","templated":true}]}}