{"id":72896,"date":"2013-07-04T15:09:01","date_gmt":"2013-07-04T14:09:01","guid":{"rendered":"http:\/\/www.visit-ulcinj.com\/blog\/?p=72896"},"modified":"2013-07-04T15:09:01","modified_gmt":"2013-07-04T14:09:01","slug":"genci-nimanbegu-u-takua-me-perfaqesuesit-e-marshall-memorial-program","status":"publish","type":"post","link":"https:\/\/www.visit-ulcinj.com\/blog\/2013\/07\/04\/genci-nimanbegu-u-takua-me-perfaqesuesit-e-marshall-memorial-program\/","title":{"rendered":"Genci Nimanbegu u takua me p\u00ebrfaqesuesit e Marshall Memorial Program"},"content":{"rendered":"<p><a href=\"http:\/\/www.visit-ulcinj.com\/blog\/wp-content\/uploads\/2013\/07\/Genci-Nimanbegu-predstavnici-Marshall-Memorial-program.1.jpg\"><img loading=\"lazy\" class=\"alignleft  wp-image-72876\" alt=\"Genci-Nimanbegu-predstavnici-Marshall-Memorial-program.1\" src=\"http:\/\/www.visit-ulcinj.com\/blog\/wp-content\/uploads\/2013\/07\/Genci-Nimanbegu-predstavnici-Marshall-Memorial-program.1.jpg\" width=\"508\" height=\"360\" \/><\/a>N\u00eb \u00a0kuad\u00ebr t\u00eb aktiviteteve parlamentare, deputeti I FORCES,Genci Nimanbegu u takua me p\u00ebrfaq\u00ebsuesit amerikan t\u00eb Fondacionit Marshall Memorial Program n\u00eb perberje: Donald Brooks,\u00a0 Derek Chen, Sol Flores, Charles Knutson, Anna Sifford dhe\u00a0 Marlowe Stoudamir. N\u00eb takim ishte prezente edhe Dalliborka Ulareviq, drejtoresha ekzekutive e CGO-s\u00eb.<\/p>\n<p>Marshall Memorial program egziston tash m\u00eb se 30 vite dhe ju mundeson lidereve te rinj nga SHBA-ja dhe Europa q\u00eb t\u00eb b\u00ebjn\u00eb hulumtimin e shoq\u00ebrive, institucioneve dhe personave nga ana tjet\u00ebr e \u00a0Atlantikut.<\/p>\n<p><a href=\"http:\/\/www.visit-ulcinj.com\/blog\/wp-content\/uploads\/2013\/07\/Genci-Nimanbegu-predstavnici-Marshall-Memorial-program.jpg\"><img loading=\"lazy\" class=\"alignleft  wp-image-72875\" alt=\"Genci-Nimanbegu-predstavnici-Marshall-Memorial-program\" src=\"http:\/\/www.visit-ulcinj.com\/blog\/wp-content\/uploads\/2013\/07\/Genci-Nimanbegu-predstavnici-Marshall-Memorial-program.jpg\" width=\"508\" height=\"360\" \/><\/a><\/p>\n<p>Zot\u00ebri Nimanbegu \u00ebsht\u00eb p\u00ebrgjigjur n\u00eb pyetjet e shumta t\u00eb mysafir\u00ebve, t\u00eb cil\u00ebt m\u00eb s\u00eb shumti kan\u00eb treguar interesim p\u00ebr mund\u00ebsit\u00eb dhe potencialet natyrore, turistike dhe kulturore si dhe pyetje lidhur me ambientimin social dhe jet\u00ebn politike n\u00eb vend.<\/p>\n<p>Para gjasht\u00eb vitesh ky program ka filluar t\u00eb realizohet edhe n\u00eb vendet e Ballkanit Per\u00ebndimor, kurse FORCA tash pes\u00eb vite me radh\u00eb \u00ebsht\u00eb nikoqire e k\u00ebtyre takimeve. K\u00ebt\u00eb vit takimi \u00ebsht\u00eb mbajtur n\u00eb Sallonin e kaltert t\u00eb Kuvendit t\u00eb Malit t\u00eb Zi.<\/p>\n<p>Forca press<\/p>\n","protected":false},"excerpt":{"rendered":"<p>N\u00eb \u00a0kuad\u00ebr t\u00eb aktiviteteve parlamentare, deputeti I FORCES,Genci Nimanbegu u takua me p\u00ebrfaq\u00ebsuesit amerikan t\u00eb Fondacionit Marshall Memorial Program n\u00eb perberje: Donald Brooks,\u00a0 Derek Chen, Sol Flores, Charles Knutson, Anna Sifford dhe\u00a0 Marlowe Stoudamir. N\u00eb takim ishte prezente edhe Dalliborka Ulareviq, drejtoresha ekzekutive e CGO-s\u00eb. Marshall Memorial program egziston tash m\u00eb se 30 vite dhe [&hellip;]<\/p>\n","protected":false},"author":1,"featured_media":0,"comment_status":"closed","ping_status":"closed","sticky":false,"template":"","format":"standard","meta":{"spay_email":"","jetpack_publicize_message":"","jetpack_is_tweetstorm":false,"jetpack_publicize_feature_enabled":true},"categories":[6],"tags":[],"jetpack_publicize_connections":[],"yoast_head":"<!-- This site is optimized with the Yoast SEO plugin v19.1 - https:\/\/yoast.com\/wordpress\/plugins\/seo\/ -->\n<title>Genci Nimanbegu u takua me p\u00ebrfaqesuesit e Marshall Memorial Program - Lajme nga Ulqini<\/title>\n<meta name=\"description\" content=\"N\u00eb \u00a0kuad\u00ebr t\u00eb aktiviteteve parlamentare, deputeti I FORCES,Genci Nimanbegu u takua me p\u00ebrfaq\u00ebsuesit amerikan t\u00eb Fondacionit Marshall Memorial Program n\u00eb\" \/>\n<meta name=\"robots\" content=\"index, follow, max-snippet:-1, max-image-preview:large, max-video-preview:-1\" \/>\n<link rel=\"canonical\" href=\"https:\/\/www.visit-ulcinj.com\/blog\/2013\/07\/04\/genci-nimanbegu-u-takua-me-perfaqesuesit-e-marshall-memorial-program\/\" \/>\n<meta property=\"og:locale\" content=\"en_US\" \/>\n<meta property=\"og:type\" content=\"article\" \/>\n<meta property=\"og:title\" content=\"Genci Nimanbegu u takua me p\u00ebrfaqesuesit e Marshall Memorial Program - Lajme nga Ulqini\" \/>\n<meta property=\"og:description\" content=\"N\u00eb \u00a0kuad\u00ebr t\u00eb aktiviteteve parlamentare, deputeti I FORCES,Genci Nimanbegu u takua me p\u00ebrfaq\u00ebsuesit amerikan t\u00eb Fondacionit Marshall Memorial Program n\u00eb\" \/>\n<meta property=\"og:url\" content=\"https:\/\/www.visit-ulcinj.com\/blog\/2013\/07\/04\/genci-nimanbegu-u-takua-me-perfaqesuesit-e-marshall-memorial-program\/\" \/>\n<meta property=\"og:site_name\" content=\"Lajme nga Ulqini\" \/>\n<meta property=\"article:published_time\" content=\"2013-07-04T14:09:01+00:00\" \/>\n<meta property=\"og:image\" content=\"http:\/\/www.visit-ulcinj.com\/blog\/wp-content\/uploads\/2013\/07\/Genci-Nimanbegu-predstavnici-Marshall-Memorial-program.1.jpg\" \/>\n<meta name=\"twitter:label1\" content=\"Written by\" \/>\n\t<meta name=\"twitter:data1\" content=\"ulqini\" \/>\n\t<meta name=\"twitter:label2\" content=\"Est. reading time\" \/>\n\t<meta name=\"twitter:data2\" content=\"1 minute\" \/>\n<script type=\"application\/ld+json\" class=\"yoast-schema-graph\">{\"@context\":\"https:\/\/schema.org\",\"@graph\":[{\"@type\":\"WebSite\",\"@id\":\"https:\/\/www.visit-ulcinj.com\/blog\/#website\",\"url\":\"https:\/\/www.visit-ulcinj.com\/blog\/\",\"name\":\"Lajme nga Ulqini\",\"description\":\"Lajme,Vijesti,Ulqini,Ulqin,Crna Gora,Mali i Zi\",\"potentialAction\":[{\"@type\":\"SearchAction\",\"target\":{\"@type\":\"EntryPoint\",\"urlTemplate\":\"https:\/\/www.visit-ulcinj.com\/blog\/?s={search_term_string}\"},\"query-input\":\"required name=search_term_string\"}],\"inLanguage\":\"en-US\"},{\"@type\":\"ImageObject\",\"inLanguage\":\"en-US\",\"@id\":\"https:\/\/www.visit-ulcinj.com\/blog\/2013\/07\/04\/genci-nimanbegu-u-takua-me-perfaqesuesit-e-marshall-memorial-program\/#primaryimage\",\"url\":\"https:\/\/www.visit-ulcinj.com\/blog\/wp-content\/uploads\/2013\/07\/Genci-Nimanbegu-predstavnici-Marshall-Memorial-program.1.jpg\",\"contentUrl\":\"https:\/\/www.visit-ulcinj.com\/blog\/wp-content\/uploads\/2013\/07\/Genci-Nimanbegu-predstavnici-Marshall-Memorial-program.1.jpg\",\"width\":1024,\"height\":680},{\"@type\":\"WebPage\",\"@id\":\"https:\/\/www.visit-ulcinj.com\/blog\/2013\/07\/04\/genci-nimanbegu-u-takua-me-perfaqesuesit-e-marshall-memorial-program\/#webpage\",\"url\":\"https:\/\/www.visit-ulcinj.com\/blog\/2013\/07\/04\/genci-nimanbegu-u-takua-me-perfaqesuesit-e-marshall-memorial-program\/\",\"name\":\"Genci Nimanbegu u takua me p\u00ebrfaqesuesit e Marshall Memorial Program - Lajme nga Ulqini\",\"isPartOf\":{\"@id\":\"https:\/\/www.visit-ulcinj.com\/blog\/#website\"},\"primaryImageOfPage\":{\"@id\":\"https:\/\/www.visit-ulcinj.com\/blog\/2013\/07\/04\/genci-nimanbegu-u-takua-me-perfaqesuesit-e-marshall-memorial-program\/#primaryimage\"},\"datePublished\":\"2013-07-04T14:09:01+00:00\",\"dateModified\":\"2013-07-04T14:09:01+00:00\",\"author\":{\"@id\":\"https:\/\/www.visit-ulcinj.com\/blog\/#\/schema\/person\/dcab619c614d3038751c63bc2aadc06d\"},\"description\":\"N\u00eb \u00a0kuad\u00ebr t\u00eb aktiviteteve parlamentare, deputeti I FORCES,Genci Nimanbegu u takua me p\u00ebrfaq\u00ebsuesit amerikan t\u00eb Fondacionit Marshall Memorial Program n\u00eb\",\"breadcrumb\":{\"@id\":\"https:\/\/www.visit-ulcinj.com\/blog\/2013\/07\/04\/genci-nimanbegu-u-takua-me-perfaqesuesit-e-marshall-memorial-program\/#breadcrumb\"},\"inLanguage\":\"en-US\",\"potentialAction\":[{\"@type\":\"ReadAction\",\"target\":[\"https:\/\/www.visit-ulcinj.com\/blog\/2013\/07\/04\/genci-nimanbegu-u-takua-me-perfaqesuesit-e-marshall-memorial-program\/\"]}]},{\"@type\":\"BreadcrumbList\",\"@id\":\"https:\/\/www.visit-ulcinj.com\/blog\/2013\/07\/04\/genci-nimanbegu-u-takua-me-perfaqesuesit-e-marshall-memorial-program\/#breadcrumb\",\"itemListElement\":[{\"@type\":\"ListItem\",\"position\":1,\"name\":\"Genci Nimanbegu u takua me p\u00ebrfaqesuesit e Marshall Memorial Program\"}]},{\"@type\":\"Person\",\"@id\":\"https:\/\/www.visit-ulcinj.com\/blog\/#\/schema\/person\/dcab619c614d3038751c63bc2aadc06d\",\"name\":\"ulqini\",\"sameAs\":[\"http:\/\/www.visit-ulcinj.com\"],\"url\":\"https:\/\/www.visit-ulcinj.com\/blog\/author\/admin\/\"}]}<\/script>\n<!-- \/ Yoast SEO plugin. -->","yoast_head_json":{"title":"Genci Nimanbegu u takua me p\u00ebrfaqesuesit e Marshall Memorial Program - Lajme nga Ulqini","description":"N\u00eb \u00a0kuad\u00ebr t\u00eb aktiviteteve parlamentare, deputeti I FORCES,Genci Nimanbegu u takua me p\u00ebrfaq\u00ebsuesit amerikan t\u00eb Fondacionit Marshall Memorial Program n\u00eb","robots":{"index":"index","follow":"follow","max-snippet":"max-snippet:-1","max-image-preview":"max-image-preview:large","max-video-preview":"max-video-preview:-1"},"canonical":"https:\/\/www.visit-ulcinj.com\/blog\/2013\/07\/04\/genci-nimanbegu-u-takua-me-perfaqesuesit-e-marshall-memorial-program\/","og_locale":"en_US","og_type":"article","og_title":"Genci Nimanbegu u takua me p\u00ebrfaqesuesit e Marshall Memorial Program - Lajme nga Ulqini","og_description":"N\u00eb \u00a0kuad\u00ebr t\u00eb aktiviteteve parlamentare, deputeti I FORCES,Genci Nimanbegu u takua me p\u00ebrfaq\u00ebsuesit amerikan t\u00eb Fondacionit Marshall Memorial Program n\u00eb","og_url":"https:\/\/www.visit-ulcinj.com\/blog\/2013\/07\/04\/genci-nimanbegu-u-takua-me-perfaqesuesit-e-marshall-memorial-program\/","og_site_name":"Lajme nga Ulqini","article_published_time":"2013-07-04T14:09:01+00:00","og_image":[{"url":"http:\/\/www.visit-ulcinj.com\/blog\/wp-content\/uploads\/2013\/07\/Genci-Nimanbegu-predstavnici-Marshall-Memorial-program.1.jpg"}],"twitter_misc":{"Written by":"ulqini","Est. reading time":"1 minute"},"schema":{"@context":"https:\/\/schema.org","@graph":[{"@type":"WebSite","@id":"https:\/\/www.visit-ulcinj.com\/blog\/#website","url":"https:\/\/www.visit-ulcinj.com\/blog\/","name":"Lajme nga Ulqini","description":"Lajme,Vijesti,Ulqini,Ulqin,Crna Gora,Mali i Zi","potentialAction":[{"@type":"SearchAction","target":{"@type":"EntryPoint","urlTemplate":"https:\/\/www.visit-ulcinj.com\/blog\/?s={search_term_string}"},"query-input":"required name=search_term_string"}],"inLanguage":"en-US"},{"@type":"ImageObject","inLanguage":"en-US","@id":"https:\/\/www.visit-ulcinj.com\/blog\/2013\/07\/04\/genci-nimanbegu-u-takua-me-perfaqesuesit-e-marshall-memorial-program\/#primaryimage","url":"https:\/\/www.visit-ulcinj.com\/blog\/wp-content\/uploads\/2013\/07\/Genci-Nimanbegu-predstavnici-Marshall-Memorial-program.1.jpg","contentUrl":"https:\/\/www.visit-ulcinj.com\/blog\/wp-content\/uploads\/2013\/07\/Genci-Nimanbegu-predstavnici-Marshall-Memorial-program.1.jpg","width":1024,"height":680},{"@type":"WebPage","@id":"https:\/\/www.visit-ulcinj.com\/blog\/2013\/07\/04\/genci-nimanbegu-u-takua-me-perfaqesuesit-e-marshall-memorial-program\/#webpage","url":"https:\/\/www.visit-ulcinj.com\/blog\/2013\/07\/04\/genci-nimanbegu-u-takua-me-perfaqesuesit-e-marshall-memorial-program\/","name":"Genci Nimanbegu u takua me p\u00ebrfaqesuesit e Marshall Memorial Program - Lajme nga Ulqini","isPartOf":{"@id":"https:\/\/www.visit-ulcinj.com\/blog\/#website"},"primaryImageOfPage":{"@id":"https:\/\/www.visit-ulcinj.com\/blog\/2013\/07\/04\/genci-nimanbegu-u-takua-me-perfaqesuesit-e-marshall-memorial-program\/#primaryimage"},"datePublished":"2013-07-04T14:09:01+00:00","dateModified":"2013-07-04T14:09:01+00:00","author":{"@id":"https:\/\/www.visit-ulcinj.com\/blog\/#\/schema\/person\/dcab619c614d3038751c63bc2aadc06d"},"description":"N\u00eb \u00a0kuad\u00ebr t\u00eb aktiviteteve parlamentare, deputeti I FORCES,Genci Nimanbegu u takua me p\u00ebrfaq\u00ebsuesit amerikan t\u00eb Fondacionit Marshall Memorial Program n\u00eb","breadcrumb":{"@id":"https:\/\/www.visit-ulcinj.com\/blog\/2013\/07\/04\/genci-nimanbegu-u-takua-me-perfaqesuesit-e-marshall-memorial-program\/#breadcrumb"},"inLanguage":"en-US","potentialAction":[{"@type":"ReadAction","target":["https:\/\/www.visit-ulcinj.com\/blog\/2013\/07\/04\/genci-nimanbegu-u-takua-me-perfaqesuesit-e-marshall-memorial-program\/"]}]},{"@type":"BreadcrumbList","@id":"https:\/\/www.visit-ulcinj.com\/blog\/2013\/07\/04\/genci-nimanbegu-u-takua-me-perfaqesuesit-e-marshall-memorial-program\/#breadcrumb","itemListElement":[{"@type":"ListItem","position":1,"name":"Genci Nimanbegu u takua me p\u00ebrfaqesuesit e Marshall Memorial Program"}]},{"@type":"Person","@id":"https:\/\/www.visit-ulcinj.com\/blog\/#\/schema\/person\/dcab619c614d3038751c63bc2aadc06d","name":"ulqini","sameAs":["http:\/\/www.visit-ulcinj.com"],"url":"https:\/\/www.visit-ulcinj.com\/blog\/author\/admin\/"}]}},"jetpack_featured_media_url":"","jetpack_sharing_enabled":true,"jetpack_shortlink":"https:\/\/wp.me\/pe6lTn-iXK","_links":{"self":[{"href":"https:\/\/www.visit-ulcinj.com\/blog\/wp-json\/wp\/v2\/posts\/72896"}],"collection":[{"href":"https:\/\/www.visit-ulcinj.com\/blog\/wp-json\/wp\/v2\/posts"}],"about":[{"href":"https:\/\/www.visit-ulcinj.com\/blog\/wp-json\/wp\/v2\/types\/post"}],"author":[{"embeddable":true,"href":"https:\/\/www.visit-ulcinj.com\/blog\/wp-json\/wp\/v2\/users\/1"}],"replies":[{"embeddable":true,"href":"https:\/\/www.visit-ulcinj.com\/blog\/wp-json\/wp\/v2\/comments?post=72896"}],"version-history":[{"count":1,"href":"https:\/\/www.visit-ulcinj.com\/blog\/wp-json\/wp\/v2\/posts\/72896\/revisions"}],"predecessor-version":[{"id":72897,"href":"https:\/\/www.visit-ulcinj.com\/blog\/wp-json\/wp\/v2\/posts\/72896\/revisions\/72897"}],"wp:attachment":[{"href":"https:\/\/www.visit-ulcinj.com\/blog\/wp-json\/wp\/v2\/media?parent=72896"}],"wp:term":[{"taxonomy":"category","embeddable":true,"href":"https:\/\/www.visit-ulcinj.com\/blog\/wp-json\/wp\/v2\/categories?post=72896"},{"taxonomy":"post_tag","embeddable":true,"href":"https:\/\/www.visit-ulcinj.com\/blog\/wp-json\/wp\/v2\/tags?post=72896"}],"curies":[{"name":"wp","href":"https:\/\/api.w.org\/{rel}","templated":true}]}}