{"id":72899,"date":"2013-07-04T16:59:07","date_gmt":"2013-07-04T15:59:07","guid":{"rendered":"http:\/\/www.visit-ulcinj.com\/blog\/?p=72899"},"modified":"2013-07-04T17:01:49","modified_gmt":"2013-07-04T16:01:49","slug":"nimanbegu-ligjit-mbi-rregullimin-hapsinor-dhe-ndertimin-e-objekteve-video","status":"publish","type":"post","link":"https:\/\/www.visit-ulcinj.com\/blog\/2013\/07\/04\/nimanbegu-ligjit-mbi-rregullimin-hapsinor-dhe-ndertimin-e-objekteve-video\/","title":{"rendered":"Nimanbegu: Ligji mbi rregullimin hapsinor dhe ndertimin e objekteve &#8211; Video"},"content":{"rendered":"<p><strong><a href=\"http:\/\/www.visit-ulcinj.com\/blog\/wp-content\/uploads\/2013\/07\/Genci-Nimanbegu.jpg\"><img loading=\"lazy\" class=\"alignleft  wp-image-72900\" alt=\"Genci-Nimanbegu\" src=\"http:\/\/www.visit-ulcinj.com\/blog\/wp-content\/uploads\/2013\/07\/Genci-Nimanbegu.jpg\" width=\"350\" height=\"400\" \/><\/a>Diskutimi i deputetit te FORCES, Genci Nimanbegut ne Parlament<\/strong><br \/>\nDiskutimii i Deputetit te FORCES Genci Nimanbegut lidhur me Propozimligjin per ndryshimet dhe plotesimet e Ligjit mbi rregullimin hapsinor dhe ndertimin e objekteve.<\/p>\n<p>\u201cMe ndryshimet e propozuara t\u00eb Ligjit p\u00ebr rregullim hap\u00ebsinor dhe nd\u00ebrtim t\u00eb objekteve \u00ebsht\u00eb propozuar lirimi nga pagesa e komunalive i objekteve hipotetike\u201d, tha n\u00eb K\u00ebshillin p\u00ebr turiz\u00ebm dhe planifikim hap\u00ebsinor t\u00eb Kuvendit t\u00eb Malit t\u00eb Zi deputeti i Forc\u00ebs s\u00eb re demokratike Genci Nimanbegu.<\/p>\n<p>Ai, si\u00e7 shkruan \u201cDan\u201d, tha q\u00eb komuna e Ulqinit tashm\u00eb i liroj\u00eb investitor\u00ebt p\u00ebr hotele me 4 dhe 5 yje nga pagesa e 70 p\u00ebrqind t\u00eb komunalive. \u201cKjo n\u00eb rastin e hotelit t\u00eb\u00a0 \u2018Jadran\u2019, i cili nd\u00ebrtohet nga viti 1999, do t\u00eb thot\u00eb q\u00eb investitori duhet t\u00eb paguaj 900 mij\u00eb n\u00eb vend t\u00eb kat\u00ebr milion. Tani do t\u00eb vazhdoj t\u00eb pres k\u00ebt\u00eb ligj dhe mos t\u00eb paguaj asgj\u00eb \u201d, shtoi Nimanbegu.<\/p>\n<p>Sipas fjal\u00ebve t\u00eb deputetit t\u00eb PDS-s\u00eb dhe ish ministrit p\u00ebr rregullim hap\u00ebsinor dhe turiz\u00ebm Predrag Sekuliq, hoteli \u201cJadran\u201d nuk \u00ebsht\u00eb nd\u00ebrtuar p\u00ebr faj t\u00eb organeve shtet\u00ebrore t\u00eb cil\u00ebt nuk lejuan q\u00eb hap\u00ebsira t\u00eb p\u00ebrdoret p\u00ebr q\u00ebllim t\u00eb parapar\u00eb.<\/p>\n<p>Hap\u00ebsira n\u00eb Suk\u00eb (Rastislav) \u00ebsht\u00eb 51 p\u00ebrqind n\u00eb pron\u00ebsi t\u00eb komun\u00ebs s\u00eb Ulqinit.<\/p>\n<p><strong>Ul-Info<\/strong><\/p>\n<p><iframe loading=\"lazy\" src=\"https:\/\/www.facebook.com\/video\/embed?video_id=660460870637481\" width=\"508\" height=\"360\" frameborder=\"0\"><\/iframe><\/p>\n<p><strong>\u010ca\u00adste fan\u00adtom\u00adske in\u00adve\u00adsti\u00adto\u00adre ko\u00admu\u00adna\u00adli\u00adja\u00adma<\/strong><\/p>\n<p>Gen\u00adci Ni\u00adman\u00adbe\u00adgu (For\u00adca) is\u00adta\u00adkao je da se go\u00advo\u00adri o oslo\u00adba\u00ad\u0111a\u00adnju pla\u00ad\u0107a\u00adnja ko\u00admu\u00adna\u00adli\u00adja za hi\u00adpo\u00adte\u00adti\u010d\u00adke objek\u00adte.<br \/>\n\u2013 Da nam je zna\u00adti ko su ti in\u00adve\u00adsti\u00adto\u00adri, mo\u00ad\u017eda bi nam bi\u00adlo lak\u00ad\u0161e, ali ne zna\u00admo \u2013 ka\u00adzao je on is\u00adti\u00ad\u010du\u00ad\u0107i da \u0107e pred\u00adlo\u00ad\u017ei\u00adti Skup\u00ad\u0161ti\u00adni da ne usvo\u00adji taj za\u00adkon. Pod\u00adsje\u00adtio je da je Op\u00ad\u0161ti\u00adna Ul\u00adcinj in\u00adve\u00adsti\u00adto\u00adre ve\u0107 oslo\u00adbo\u00addi\u00adla pla\u00ad\u0107a\u00adnja 70 od\u00adsto ko\u00admu\u00adna\u00adli\u00adja.<br \/>\n\u2013 To zna\u00ad\u010di da je u slu\u00ad\u010da\u00adju fa\u00admo\u00adznog ho\u00adte\u00adla Ja\u00addran, ko\u00adji se ne gra\u00addi od 1999, in\u00adve\u00adsti\u00adtor tre\u00adba\u00adlo da pla\u00adti 900 hi\u00adlja\u00adda umje\u00adsto \u010de\u00adti\u00adri mi\u00adli\u00ado\u00adna. Sa\u00adda \u0107e na\u00adsta\u00advi\u00adti da \u010de\u00adka ovaj za\u00adkon i ne pla\u00adti ni\u00ad\u0161ta \u2013 ka\u00adzao je Ni\u00adman\u00adbe\u00adgu i is\u00adta\u00adkao da se do 2008. ni\u00adje zna\u00adlo ni ko je in\u00adve\u00adsti\u00adtor.<br \/>\nPre\u00adma ri\u00adje\u00ad\u010di\u00adma Se\u00adku\u00adli\u00ad\u0107a ho\u00adtel Ja\u00addran ni\u00adje za\u00advr\u00ad\u0161en kri\u00advi\u00adcom dr\u00ad\u017eav\u00adnih or\u00adga\u00adna, ko\u00adji ni\u00adje\u00adsu do\u00adzvo\u00adli\u00adli da se pro\u00adstor pri\u00adve\u00adde na\u00admje\u00adni.<br \/>\nIn\u00adve\u00adsti\u00adtor \u201eStar of Mon\u00adte\u00adne\u00adgro\u201d je pla\u00adni\u00adrao da gra\u00addi ho\u00adtel sa pet zvje\u00adzdi\u00adca. Na pla\u00adcu, na ko\u00adjem 51 od\u00adsto vla\u00adsni\u00ad\u0161tva ima Op\u00ad\u0161ti\u00adna Ul\u00adcinj, tre\u00adnut\u00adno je u pri\u00advre\u00adme\u00adnim objek\u00adti\u00adma smje\u00ad\u0161te\u00adno 13 po\u00adro\u00addi\u00adca, ko\u00adji\u00adma su obe\u00ad\u0107a\u00adni sta\u00adno\u00advi u stam\u00adbe\u00adnoj zgra\u00addi u Pi\u00adnje\u00ad\u0161u, ko\u00adja ta\u00adko\u00ad\u0111e ni\u00adje po\u00ad\u010de\u00adla da se gra\u00addi.<\/p>\n<p><strong>Izvor: DAN<\/strong><\/p>\n","protected":false},"excerpt":{"rendered":"<p>Diskutimi i deputetit te FORCES, Genci Nimanbegut ne Parlament Diskutimii i Deputetit te FORCES Genci Nimanbegut lidhur me Propozimligjin per ndryshimet dhe plotesimet e Ligjit mbi rregullimin hapsinor dhe ndertimin e objekteve. \u201cMe ndryshimet e propozuara t\u00eb Ligjit p\u00ebr rregullim hap\u00ebsinor dhe nd\u00ebrtim t\u00eb objekteve \u00ebsht\u00eb propozuar lirimi nga pagesa e komunalive i objekteve hipotetike\u201d, [&hellip;]<\/p>\n","protected":false},"author":1,"featured_media":0,"comment_status":"closed","ping_status":"closed","sticky":false,"template":"","format":"standard","meta":{"spay_email":"","jetpack_publicize_message":"","jetpack_is_tweetstorm":false,"jetpack_publicize_feature_enabled":true},"categories":[11],"tags":[],"jetpack_publicize_connections":[],"yoast_head":"<!-- This site is optimized with the Yoast SEO plugin v19.1 - https:\/\/yoast.com\/wordpress\/plugins\/seo\/ -->\n<title>Nimanbegu: Ligji mbi rregullimin hapsinor dhe ndertimin e objekteve - Video - Lajme nga Ulqini<\/title>\n<meta name=\"description\" content=\"Diskutimi i deputetit te FORCES, Genci Nimanbegut ne Parlament Diskutimii i Deputetit te FORCES Genci Nimanbegut lidhur me Propozimligjin per ndryshimet\" \/>\n<meta name=\"robots\" content=\"index, follow, max-snippet:-1, max-image-preview:large, max-video-preview:-1\" \/>\n<link rel=\"canonical\" href=\"https:\/\/www.visit-ulcinj.com\/blog\/2013\/07\/04\/nimanbegu-ligjit-mbi-rregullimin-hapsinor-dhe-ndertimin-e-objekteve-video\/\" \/>\n<meta property=\"og:locale\" content=\"en_US\" \/>\n<meta property=\"og:type\" content=\"article\" \/>\n<meta property=\"og:title\" content=\"Nimanbegu: Ligji mbi rregullimin hapsinor dhe ndertimin e objekteve - Video - Lajme nga Ulqini\" \/>\n<meta property=\"og:description\" content=\"Diskutimi i deputetit te FORCES, Genci Nimanbegut ne Parlament Diskutimii i Deputetit te FORCES Genci Nimanbegut lidhur me Propozimligjin per ndryshimet\" \/>\n<meta property=\"og:url\" content=\"https:\/\/www.visit-ulcinj.com\/blog\/2013\/07\/04\/nimanbegu-ligjit-mbi-rregullimin-hapsinor-dhe-ndertimin-e-objekteve-video\/\" \/>\n<meta property=\"og:site_name\" content=\"Lajme nga Ulqini\" \/>\n<meta property=\"article:published_time\" content=\"2013-07-04T15:59:07+00:00\" \/>\n<meta property=\"article:modified_time\" content=\"2013-07-04T16:01:49+00:00\" \/>\n<meta property=\"og:image\" content=\"http:\/\/www.visit-ulcinj.com\/blog\/wp-content\/uploads\/2013\/07\/Genci-Nimanbegu.jpg\" \/>\n<meta name=\"twitter:label1\" content=\"Written by\" \/>\n\t<meta name=\"twitter:data1\" content=\"ulqini\" \/>\n\t<meta name=\"twitter:label2\" content=\"Est. reading time\" \/>\n\t<meta name=\"twitter:data2\" content=\"3 minutes\" \/>\n<script type=\"application\/ld+json\" class=\"yoast-schema-graph\">{\"@context\":\"https:\/\/schema.org\",\"@graph\":[{\"@type\":\"WebSite\",\"@id\":\"https:\/\/www.visit-ulcinj.com\/blog\/#website\",\"url\":\"https:\/\/www.visit-ulcinj.com\/blog\/\",\"name\":\"Lajme nga Ulqini\",\"description\":\"Lajme,Vijesti,Ulqini,Ulqin,Crna Gora,Mali i Zi\",\"potentialAction\":[{\"@type\":\"SearchAction\",\"target\":{\"@type\":\"EntryPoint\",\"urlTemplate\":\"https:\/\/www.visit-ulcinj.com\/blog\/?s={search_term_string}\"},\"query-input\":\"required name=search_term_string\"}],\"inLanguage\":\"en-US\"},{\"@type\":\"ImageObject\",\"inLanguage\":\"en-US\",\"@id\":\"https:\/\/www.visit-ulcinj.com\/blog\/2013\/07\/04\/nimanbegu-ligjit-mbi-rregullimin-hapsinor-dhe-ndertimin-e-objekteve-video\/#primaryimage\",\"url\":\"https:\/\/www.visit-ulcinj.com\/blog\/wp-content\/uploads\/2013\/07\/Genci-Nimanbegu.jpg\",\"contentUrl\":\"https:\/\/www.visit-ulcinj.com\/blog\/wp-content\/uploads\/2013\/07\/Genci-Nimanbegu.jpg\",\"width\":480,\"height\":631},{\"@type\":\"WebPage\",\"@id\":\"https:\/\/www.visit-ulcinj.com\/blog\/2013\/07\/04\/nimanbegu-ligjit-mbi-rregullimin-hapsinor-dhe-ndertimin-e-objekteve-video\/#webpage\",\"url\":\"https:\/\/www.visit-ulcinj.com\/blog\/2013\/07\/04\/nimanbegu-ligjit-mbi-rregullimin-hapsinor-dhe-ndertimin-e-objekteve-video\/\",\"name\":\"Nimanbegu: Ligji mbi rregullimin hapsinor dhe ndertimin e objekteve - Video - Lajme nga Ulqini\",\"isPartOf\":{\"@id\":\"https:\/\/www.visit-ulcinj.com\/blog\/#website\"},\"primaryImageOfPage\":{\"@id\":\"https:\/\/www.visit-ulcinj.com\/blog\/2013\/07\/04\/nimanbegu-ligjit-mbi-rregullimin-hapsinor-dhe-ndertimin-e-objekteve-video\/#primaryimage\"},\"datePublished\":\"2013-07-04T15:59:07+00:00\",\"dateModified\":\"2013-07-04T16:01:49+00:00\",\"author\":{\"@id\":\"https:\/\/www.visit-ulcinj.com\/blog\/#\/schema\/person\/dcab619c614d3038751c63bc2aadc06d\"},\"description\":\"Diskutimi i deputetit te FORCES, Genci Nimanbegut ne Parlament Diskutimii i Deputetit te FORCES Genci Nimanbegut lidhur me Propozimligjin per ndryshimet\",\"breadcrumb\":{\"@id\":\"https:\/\/www.visit-ulcinj.com\/blog\/2013\/07\/04\/nimanbegu-ligjit-mbi-rregullimin-hapsinor-dhe-ndertimin-e-objekteve-video\/#breadcrumb\"},\"inLanguage\":\"en-US\",\"potentialAction\":[{\"@type\":\"ReadAction\",\"target\":[\"https:\/\/www.visit-ulcinj.com\/blog\/2013\/07\/04\/nimanbegu-ligjit-mbi-rregullimin-hapsinor-dhe-ndertimin-e-objekteve-video\/\"]}]},{\"@type\":\"BreadcrumbList\",\"@id\":\"https:\/\/www.visit-ulcinj.com\/blog\/2013\/07\/04\/nimanbegu-ligjit-mbi-rregullimin-hapsinor-dhe-ndertimin-e-objekteve-video\/#breadcrumb\",\"itemListElement\":[{\"@type\":\"ListItem\",\"position\":1,\"name\":\"Nimanbegu: Ligji mbi rregullimin hapsinor dhe ndertimin e objekteve &#8211; Video\"}]},{\"@type\":\"Person\",\"@id\":\"https:\/\/www.visit-ulcinj.com\/blog\/#\/schema\/person\/dcab619c614d3038751c63bc2aadc06d\",\"name\":\"ulqini\",\"sameAs\":[\"http:\/\/www.visit-ulcinj.com\"],\"url\":\"https:\/\/www.visit-ulcinj.com\/blog\/author\/admin\/\"}]}<\/script>\n<!-- \/ Yoast SEO plugin. -->","yoast_head_json":{"title":"Nimanbegu: Ligji mbi rregullimin hapsinor dhe ndertimin e objekteve - Video - Lajme nga Ulqini","description":"Diskutimi i deputetit te FORCES, Genci Nimanbegut ne Parlament Diskutimii i Deputetit te FORCES Genci Nimanbegut lidhur me Propozimligjin per ndryshimet","robots":{"index":"index","follow":"follow","max-snippet":"max-snippet:-1","max-image-preview":"max-image-preview:large","max-video-preview":"max-video-preview:-1"},"canonical":"https:\/\/www.visit-ulcinj.com\/blog\/2013\/07\/04\/nimanbegu-ligjit-mbi-rregullimin-hapsinor-dhe-ndertimin-e-objekteve-video\/","og_locale":"en_US","og_type":"article","og_title":"Nimanbegu: Ligji mbi rregullimin hapsinor dhe ndertimin e objekteve - Video - Lajme nga Ulqini","og_description":"Diskutimi i deputetit te FORCES, Genci Nimanbegut ne Parlament Diskutimii i Deputetit te FORCES Genci Nimanbegut lidhur me Propozimligjin per ndryshimet","og_url":"https:\/\/www.visit-ulcinj.com\/blog\/2013\/07\/04\/nimanbegu-ligjit-mbi-rregullimin-hapsinor-dhe-ndertimin-e-objekteve-video\/","og_site_name":"Lajme nga Ulqini","article_published_time":"2013-07-04T15:59:07+00:00","article_modified_time":"2013-07-04T16:01:49+00:00","og_image":[{"url":"http:\/\/www.visit-ulcinj.com\/blog\/wp-content\/uploads\/2013\/07\/Genci-Nimanbegu.jpg"}],"twitter_misc":{"Written by":"ulqini","Est. reading time":"3 minutes"},"schema":{"@context":"https:\/\/schema.org","@graph":[{"@type":"WebSite","@id":"https:\/\/www.visit-ulcinj.com\/blog\/#website","url":"https:\/\/www.visit-ulcinj.com\/blog\/","name":"Lajme nga Ulqini","description":"Lajme,Vijesti,Ulqini,Ulqin,Crna Gora,Mali i Zi","potentialAction":[{"@type":"SearchAction","target":{"@type":"EntryPoint","urlTemplate":"https:\/\/www.visit-ulcinj.com\/blog\/?s={search_term_string}"},"query-input":"required name=search_term_string"}],"inLanguage":"en-US"},{"@type":"ImageObject","inLanguage":"en-US","@id":"https:\/\/www.visit-ulcinj.com\/blog\/2013\/07\/04\/nimanbegu-ligjit-mbi-rregullimin-hapsinor-dhe-ndertimin-e-objekteve-video\/#primaryimage","url":"https:\/\/www.visit-ulcinj.com\/blog\/wp-content\/uploads\/2013\/07\/Genci-Nimanbegu.jpg","contentUrl":"https:\/\/www.visit-ulcinj.com\/blog\/wp-content\/uploads\/2013\/07\/Genci-Nimanbegu.jpg","width":480,"height":631},{"@type":"WebPage","@id":"https:\/\/www.visit-ulcinj.com\/blog\/2013\/07\/04\/nimanbegu-ligjit-mbi-rregullimin-hapsinor-dhe-ndertimin-e-objekteve-video\/#webpage","url":"https:\/\/www.visit-ulcinj.com\/blog\/2013\/07\/04\/nimanbegu-ligjit-mbi-rregullimin-hapsinor-dhe-ndertimin-e-objekteve-video\/","name":"Nimanbegu: Ligji mbi rregullimin hapsinor dhe ndertimin e objekteve - Video - Lajme nga Ulqini","isPartOf":{"@id":"https:\/\/www.visit-ulcinj.com\/blog\/#website"},"primaryImageOfPage":{"@id":"https:\/\/www.visit-ulcinj.com\/blog\/2013\/07\/04\/nimanbegu-ligjit-mbi-rregullimin-hapsinor-dhe-ndertimin-e-objekteve-video\/#primaryimage"},"datePublished":"2013-07-04T15:59:07+00:00","dateModified":"2013-07-04T16:01:49+00:00","author":{"@id":"https:\/\/www.visit-ulcinj.com\/blog\/#\/schema\/person\/dcab619c614d3038751c63bc2aadc06d"},"description":"Diskutimi i deputetit te FORCES, Genci Nimanbegut ne Parlament Diskutimii i Deputetit te FORCES Genci Nimanbegut lidhur me Propozimligjin per ndryshimet","breadcrumb":{"@id":"https:\/\/www.visit-ulcinj.com\/blog\/2013\/07\/04\/nimanbegu-ligjit-mbi-rregullimin-hapsinor-dhe-ndertimin-e-objekteve-video\/#breadcrumb"},"inLanguage":"en-US","potentialAction":[{"@type":"ReadAction","target":["https:\/\/www.visit-ulcinj.com\/blog\/2013\/07\/04\/nimanbegu-ligjit-mbi-rregullimin-hapsinor-dhe-ndertimin-e-objekteve-video\/"]}]},{"@type":"BreadcrumbList","@id":"https:\/\/www.visit-ulcinj.com\/blog\/2013\/07\/04\/nimanbegu-ligjit-mbi-rregullimin-hapsinor-dhe-ndertimin-e-objekteve-video\/#breadcrumb","itemListElement":[{"@type":"ListItem","position":1,"name":"Nimanbegu: Ligji mbi rregullimin hapsinor dhe ndertimin e objekteve &#8211; Video"}]},{"@type":"Person","@id":"https:\/\/www.visit-ulcinj.com\/blog\/#\/schema\/person\/dcab619c614d3038751c63bc2aadc06d","name":"ulqini","sameAs":["http:\/\/www.visit-ulcinj.com"],"url":"https:\/\/www.visit-ulcinj.com\/blog\/author\/admin\/"}]}},"jetpack_featured_media_url":"","jetpack_sharing_enabled":true,"jetpack_shortlink":"https:\/\/wp.me\/pe6lTn-iXN","_links":{"self":[{"href":"https:\/\/www.visit-ulcinj.com\/blog\/wp-json\/wp\/v2\/posts\/72899"}],"collection":[{"href":"https:\/\/www.visit-ulcinj.com\/blog\/wp-json\/wp\/v2\/posts"}],"about":[{"href":"https:\/\/www.visit-ulcinj.com\/blog\/wp-json\/wp\/v2\/types\/post"}],"author":[{"embeddable":true,"href":"https:\/\/www.visit-ulcinj.com\/blog\/wp-json\/wp\/v2\/users\/1"}],"replies":[{"embeddable":true,"href":"https:\/\/www.visit-ulcinj.com\/blog\/wp-json\/wp\/v2\/comments?post=72899"}],"version-history":[{"count":4,"href":"https:\/\/www.visit-ulcinj.com\/blog\/wp-json\/wp\/v2\/posts\/72899\/revisions"}],"predecessor-version":[{"id":72904,"href":"https:\/\/www.visit-ulcinj.com\/blog\/wp-json\/wp\/v2\/posts\/72899\/revisions\/72904"}],"wp:attachment":[{"href":"https:\/\/www.visit-ulcinj.com\/blog\/wp-json\/wp\/v2\/media?parent=72899"}],"wp:term":[{"taxonomy":"category","embeddable":true,"href":"https:\/\/www.visit-ulcinj.com\/blog\/wp-json\/wp\/v2\/categories?post=72899"},{"taxonomy":"post_tag","embeddable":true,"href":"https:\/\/www.visit-ulcinj.com\/blog\/wp-json\/wp\/v2\/tags?post=72899"}],"curies":[{"name":"wp","href":"https:\/\/api.w.org\/{rel}","templated":true}]}}