{"id":729,"date":"2008-03-03T07:31:03","date_gmt":"2008-03-03T12:31:03","guid":{"rendered":"http:\/\/www.visit-ulcinj.com\/blog\/2008\/03\/03\/shpallja-e-pavaresise-se-kosoves-dhe-shqiptaret-ne-malin-e-zi\/"},"modified":"2008-03-03T07:31:03","modified_gmt":"2008-03-03T12:31:03","slug":"shpallja-e-pavaresise-se-kosoves-dhe-shqiptaret-ne-malin-e-zi","status":"publish","type":"post","link":"https:\/\/www.visit-ulcinj.com\/blog\/2008\/03\/03\/shpallja-e-pavaresise-se-kosoves-dhe-shqiptaret-ne-malin-e-zi\/","title":{"rendered":"Shpallja e pavar\u00ebsis\u00eb s\u00eb kosov\u00ebs dhe shqiptar\u00ebt n\u00eb Malin e Zi"},"content":{"rendered":"<p><a href=\"http:\/\/www.visit-ulcinj.com\/blog\/wp-content\/uploads\/2008\/03\/nikolle-camaj.jpg\" rel=\"lightbox[pics-1204546370]\" title=\"Nikol\u00eb Camaj\"><img loading=\"lazy\" src=\"http:\/\/www.visit-ulcinj.com\/blog\/wp-content\/uploads\/2008\/03\/nikolle-camaj.thumbnail.jpg\" alt=\"Nikol\u00eb Camaj\" align=\"left\" height=\"150\" width=\"200\" \/><\/a><strong>Pa kremte komb\u00ebtare<\/strong><br \/>\n\u00c7do sukses \u00ebsht\u00eb rezultat i vuajtjeve, tensionimi dhe hapi, k\u00ebshtu, n\u00eb nj\u00eb kuptim \u00ebsht\u00eb shkaku i nj\u00eb suksesi t\u00eb dyt\u00eb q\u00eb ndodhi me rastin e shpalljes s\u00eb Pavar\u00ebsis\u00eb s\u00eb Kosov\u00ebs.<br \/>\nTashm\u00eb t\u00eb m\u00ebsuar me t\u00eb gjitha t\u00eb k\u00ebqijat q\u00eb i ndodh\u00ebn kombit ton\u00eb n\u00ebp\u00ebr histori, disa nga lider\u00ebt politik\u00eb shqiptar\u00eb n\u00eb Mal t\u00eb Zi b\u00ebjn\u00eb p\u00ebrpjekje p\u00ebr t\u00eb bindur mas\u00ebn se &#8220;ka edhe m\u00eb keq&#8221;, gj\u00eb q\u00eb ta p\u00ebrkujton fjal\u00ebn e urt\u00eb,&#8221; Kur shoh t\u00eb pafen\u00eb, lus m\u00ebshir\u00eb p\u00ebr mosbesimtarin!&#8221; Pavar\u00ebsisht nga buron kjo ide, pranimi i nj\u00eb realiteti t\u00eb till\u00eb p\u00ebr mendimin ton\u00eb historik, p\u00ebr zakonet dhe traditat tona si nj\u00eb e v\u00ebrtet\u00eb absolute s`\u00ebsht\u00eb gj\u00eb tjet\u00ebr ve\u00e7se miratimi i nj\u00eb shfisnik\u00ebrimi dhe shp\u00ebrfytyrimi t\u00eb pafund. E gjith\u00eb kjo ndodh\u00eb tek ata q\u00eb krahas shprehive t\u00eb bukura, humbasin lidhjet me nj\u00ebri-tjetrin, vrasin zemrat e t\u00eb tjer\u00ebve e paralizojn\u00eb shpirtin nga mendimi p\u00ebr pozit\u00eb e d\u00ebshira p\u00ebr t`u dukur n\u00eb sken\u00ebn politike. Po qe se p\u00ebr post e pozit\u00eb dhe ndjenja e fam\u00ebs dhe popullaritetit nuk k\u00ebnaqen n\u00eb m\u00ebnyre legale p\u00ebr t`ju l\u00ebn\u00eb hap\u00ebsir\u00eb t\u00eb gjith\u00ebve nj\u00ebsoj q\u00eb t\u00eb k\u00ebnaqen n\u00eb kremte komb\u00ebtare me dinjitet e urt\u00ebsi, at\u00ebher\u00eb veprimet e tyre mund t\u00eb b\u00ebhen shum\u00eb t\u00eb rrezikshme si p\u00ebr ta ashtu edhe p\u00ebr shoq\u00ebrin\u00eb ku jetojn\u00eb. Duke mos dashur t\u00eb komentojm\u00eb deklaratat e tyre lidhur me festen e madhe t\u00eb kombit ton\u00eb p\u00ebr Dit\u00ebn e shpalljes s\u00eb Pavar\u00ebsis\u00eb s\u00eb Kosov\u00ebs, se ne duhet t\u00eb festojm\u00eb n\u00eb ambiente t\u00eb mbyllura, kur t\u00eb tjer\u00ebt protestojn\u00eb kund\u00ebr shpalljes s\u00eb Pavar\u00ebsis\u00eb mu n\u00eb qend\u00ebr t\u00eb Podgoric\u00ebs, duke k\u00ebrkuar gjak shqiptari.<br \/>\nK\u00ebshtu, nj\u00eb ndarje e vog\u00ebl prej karvanit q\u00eb na ndodhi ne n\u00eb dit\u00ebn e Fest\u00ebs s\u00eb madhe komb\u00ebtare mund t\u00eb shkaktoj\u00eb humbjen. \u00c7`e do se lider\u00ebt politik\u00eb shqiptar\u00eb n\u00eb Mal t\u00eb Zi p\u00ebr shkak se vazhojn\u00eb ta shohin veten n\u00eb maj\u00eb t\u00eb piramid\u00ebs, shpesh here as q\u00eb arrijn\u00eb ta dallojn\u00eb se kan\u00eb r\u00ebn\u00eb nga maja e minares n\u00eb fund t\u00eb nj\u00eb grope! Meq\u00eb ata nuk e dhan\u00eb provimin e duhur n\u00eb momentin vendimtar duke vazhduar me kompleksin e fajit t\u00eb rrjedhur natyrsh\u00ebm dhe me kritika ndaj nj\u00ebri-tjetrit, duket si e pamundur t\u00eb shp\u00ebtojn\u00eb nga nj\u00eb perversitet i till\u00eb e t\u00eb kthehen n\u00eb vij\u00ebn e tyre t\u00eb par\u00eb. Ai q\u00eb rr\u00ebshqiti nj\u00eb her\u00eb e rimori veten shpejt n\u00eb saje t\u00eb pohimit t\u00eb fajit dhe pendes\u00ebs, gj\u00eb q\u00eb nuk ndodhi me lider\u00ebt politik\u00eb shqiptar\u00eb n\u00eb Mal t\u00eb Zi, pavar\u00ebsisht nga kush u sugjeruan dhe me k\u00eb u k\u00ebshilluan, t\u00eb tjer\u00ebt ran\u00eb n\u00eb nj\u00eb disfat\u00eb t\u00eb amshuar. Kjo nuk \u00ebsht\u00eb hera e par\u00eb q\u00eb personat me vet\u00ebdije, vullnet dhe vendosm\u00ebri t\u00eb paralizuar ushtrojn\u00eb ndikim t\u00eb madh mbi fuqin\u00eb morale-shpirt\u00ebrore t\u00eb njer\u00ebzve p\u00ebrreth. Madje \u00ebsht\u00eb v\u00ebn\u00eb re shpesh se nj\u00eb l\u00ebkundje e vog\u00ebl nga persona t\u00eb till\u00eb b\u00ebhet p\u00ebr pesimiz\u00ebm dhe kjo nuk vlen p\u00ebr tjet\u00ebr ve\u00e7se p\u00ebr t`u dh\u00ebn\u00eb zem\u00ebr e guxim armiqve t\u00eb kombit, e p\u00ebr t`u nxitur oreksin q\u00eb t\u00eb na hidhen sip\u00ebr!<br \/>\n\u00cbsht\u00eb mjaft e v\u00ebshtir\u00eb q\u00eb \u00e7do individ t\u00eb mund t\u00eb vihet n\u00eb sh\u00ebrbim t\u00eb suksessh\u00ebm, ndaj opinioni p\u00ebr njer\u00ebzit duhet krijuar sipas asaj se kush dha m\u00eb tep\u00ebr t\u00eb mira, kush pretendon se lufton p\u00ebr idealet tona, p\u00ebr mendimet tona t\u00eb shenjta dhe p\u00ebr njer\u00ebzit tan\u00eb. Ata mund t\u00eb p\u00ebrziejn\u00eb n\u00eb pun\u00ebt q\u00eb b\u00ebjn\u00eb k\u00ebrkesat dhe d\u00ebshirat personale e t\u00eb mos dijn\u00eb t\u00eb p\u00ebrthyhen m\u00eb dysh me r\u00ebnkimin e pendes\u00ebs p\u00ebr gabimet q\u00eb b\u00ebjn\u00eb, por nuk \u00ebsht\u00eb e drejt\u00eb q\u00eb n\u00eb drejtim t\u00eb politik\u00ebs t\u00eb mos jen\u00eb me popullin. Me nj\u00eb struktur\u00eb politike mjaft t\u00eb cek\u00ebt, me nj\u00eb jet\u00eb shpirt\u00ebrore mjaft t\u00eb varf\u00ebr, me nj\u00eb p\u00ebrb\u00ebrje kuadri politik t\u00eb paqen\u00eb, shoq\u00ebria jon\u00eb sot ndodhet n\u00eb nj\u00eb gjendje p\u00ebr t\u00eb ardhur keq. Pa asgj\u00ebsuar nj\u00eb mjedis si ky t\u00eb ushqyer prej fanatizmit e intoleranc\u00ebs duhet t\u00eb jet\u00eb mjaft e veshtire t\u00eb mendohet p\u00ebr bashkim dhe unitet.<br \/>\nJa pra, sot, n\u00eb nj\u00eb gjendje t\u00eb till\u00eb ndodhemi fal\u00eb &#8220;shkatht\u00ebsis\u00eb e gjeturis\u00eb&#8221; s\u00eb lider\u00ebve politik\u00eb shqiptar\u00eb n\u00eb Mal t\u00eb Zi, gj\u00eb q\u00eb na b\u00ebn t\u00eb mendohemi: t\u00eb jemi apo t\u00eb mos jemi! Pas gjith\u00eb k\u00ebsaj vorbulle, me nj\u00eb arsye e vet\u00ebdije t\u00eb thell\u00eb do ta themelojm\u00eb bot\u00ebn e projektuar t\u00eb gjith\u00eb s\u00eb bashku si komb e do t`ia arrijm\u00eb paqes e qet\u00ebsis\u00eb me nj\u00eb kuptim e q\u00ebndrim q\u00eb do t`i b\u00ebnte t\u00eb pafrytshme t\u00eb gjitha vuajtjet e mundimet q\u00eb ka kaluar populli yn\u00eb. B\u00ebjn\u00eb gabim ata q\u00eb e kuptojn\u00eb politik\u00ebn vet\u00ebm n\u00eb form\u00ebn e partis\u00eb, propagand\u00ebs, zgjedhjeve dhe luft\u00ebs p\u00ebr pushtet. Politika \u00ebsht\u00eb art i administrimit me perspektiv\u00eb t\u00eb gjer\u00eb dhe ata q\u00eb jan\u00eb t\u00eb aft\u00eb ta njohin k\u00ebt\u00eb shkoll\u00eb do ta zot\u00ebrojn\u00eb edhe t\u00eb nes\u00ebrmen me sukses.<br \/>\nShaban Peraj<\/p>\n<p>www.kohajavore.cg.yu<\/p>\n","protected":false},"excerpt":{"rendered":"<p><img loading=\"lazy\" src=\"http:\/\/www.visit-ulcinj.com\/blog\/wp-content\/uploads\/2008\/03\/nikolle-camaj.thumbnail.jpg\" alt=\"Nikol\u00eb Camaj\" align=\"left\" height=\"140\" width=\"140\" \/><\/p>\n","protected":false},"author":1,"featured_media":0,"comment_status":"open","ping_status":"closed","sticky":false,"template":"","format":"standard","meta":{"spay_email":"","jetpack_publicize_message":"","jetpack_is_tweetstorm":false,"jetpack_publicize_feature_enabled":true},"categories":[12],"tags":[],"jetpack_publicize_connections":[],"yoast_head":"<!-- This site is optimized with the Yoast SEO plugin v19.1 - https:\/\/yoast.com\/wordpress\/plugins\/seo\/ -->\n<title>Shpallja e pavar\u00ebsis\u00eb s\u00eb kosov\u00ebs dhe shqiptar\u00ebt n\u00eb Malin e Zi - Lajme nga Ulqini<\/title>\n<meta name=\"robots\" content=\"index, follow, max-snippet:-1, max-image-preview:large, max-video-preview:-1\" \/>\n<link rel=\"canonical\" href=\"https:\/\/www.visit-ulcinj.com\/blog\/2008\/03\/03\/shpallja-e-pavaresise-se-kosoves-dhe-shqiptaret-ne-malin-e-zi\/\" \/>\n<meta property=\"og:locale\" content=\"en_US\" \/>\n<meta property=\"og:type\" content=\"article\" \/>\n<meta property=\"og:title\" content=\"Shpallja e pavar\u00ebsis\u00eb s\u00eb kosov\u00ebs dhe shqiptar\u00ebt n\u00eb Malin e Zi - Lajme nga Ulqini\" \/>\n<meta property=\"og:url\" content=\"https:\/\/www.visit-ulcinj.com\/blog\/2008\/03\/03\/shpallja-e-pavaresise-se-kosoves-dhe-shqiptaret-ne-malin-e-zi\/\" \/>\n<meta property=\"og:site_name\" content=\"Lajme nga Ulqini\" \/>\n<meta property=\"article:published_time\" content=\"2008-03-03T12:31:03+00:00\" \/>\n<meta property=\"og:image\" content=\"http:\/\/www.visit-ulcinj.com\/blog\/wp-content\/uploads\/2008\/03\/nikolle-camaj.thumbnail.jpg\" \/>\n<meta name=\"twitter:label1\" content=\"Written by\" \/>\n\t<meta name=\"twitter:data1\" content=\"ulqini\" \/>\n\t<meta name=\"twitter:label2\" content=\"Est. reading time\" \/>\n\t<meta name=\"twitter:data2\" content=\"5 minutes\" \/>\n<script type=\"application\/ld+json\" class=\"yoast-schema-graph\">{\"@context\":\"https:\/\/schema.org\",\"@graph\":[{\"@type\":\"WebSite\",\"@id\":\"https:\/\/www.visit-ulcinj.com\/blog\/#website\",\"url\":\"https:\/\/www.visit-ulcinj.com\/blog\/\",\"name\":\"Lajme nga Ulqini\",\"description\":\"Lajme,Vijesti,Ulqini,Ulqin,Crna Gora,Mali i Zi\",\"potentialAction\":[{\"@type\":\"SearchAction\",\"target\":{\"@type\":\"EntryPoint\",\"urlTemplate\":\"https:\/\/www.visit-ulcinj.com\/blog\/?s={search_term_string}\"},\"query-input\":\"required name=search_term_string\"}],\"inLanguage\":\"en-US\"},{\"@type\":\"ImageObject\",\"inLanguage\":\"en-US\",\"@id\":\"https:\/\/www.visit-ulcinj.com\/blog\/2008\/03\/03\/shpallja-e-pavaresise-se-kosoves-dhe-shqiptaret-ne-malin-e-zi\/#primaryimage\",\"url\":\"http:\/\/www.visit-ulcinj.com\/blog\/wp-content\/uploads\/2008\/03\/nikolle-camaj.thumbnail.jpg\",\"contentUrl\":\"http:\/\/www.visit-ulcinj.com\/blog\/wp-content\/uploads\/2008\/03\/nikolle-camaj.thumbnail.jpg\"},{\"@type\":\"WebPage\",\"@id\":\"https:\/\/www.visit-ulcinj.com\/blog\/2008\/03\/03\/shpallja-e-pavaresise-se-kosoves-dhe-shqiptaret-ne-malin-e-zi\/#webpage\",\"url\":\"https:\/\/www.visit-ulcinj.com\/blog\/2008\/03\/03\/shpallja-e-pavaresise-se-kosoves-dhe-shqiptaret-ne-malin-e-zi\/\",\"name\":\"Shpallja e pavar\u00ebsis\u00eb s\u00eb kosov\u00ebs dhe shqiptar\u00ebt n\u00eb Malin e Zi - Lajme nga Ulqini\",\"isPartOf\":{\"@id\":\"https:\/\/www.visit-ulcinj.com\/blog\/#website\"},\"primaryImageOfPage\":{\"@id\":\"https:\/\/www.visit-ulcinj.com\/blog\/2008\/03\/03\/shpallja-e-pavaresise-se-kosoves-dhe-shqiptaret-ne-malin-e-zi\/#primaryimage\"},\"datePublished\":\"2008-03-03T12:31:03+00:00\",\"dateModified\":\"2008-03-03T12:31:03+00:00\",\"author\":{\"@id\":\"https:\/\/www.visit-ulcinj.com\/blog\/#\/schema\/person\/dcab619c614d3038751c63bc2aadc06d\"},\"breadcrumb\":{\"@id\":\"https:\/\/www.visit-ulcinj.com\/blog\/2008\/03\/03\/shpallja-e-pavaresise-se-kosoves-dhe-shqiptaret-ne-malin-e-zi\/#breadcrumb\"},\"inLanguage\":\"en-US\",\"potentialAction\":[{\"@type\":\"ReadAction\",\"target\":[\"https:\/\/www.visit-ulcinj.com\/blog\/2008\/03\/03\/shpallja-e-pavaresise-se-kosoves-dhe-shqiptaret-ne-malin-e-zi\/\"]}]},{\"@type\":\"BreadcrumbList\",\"@id\":\"https:\/\/www.visit-ulcinj.com\/blog\/2008\/03\/03\/shpallja-e-pavaresise-se-kosoves-dhe-shqiptaret-ne-malin-e-zi\/#breadcrumb\",\"itemListElement\":[{\"@type\":\"ListItem\",\"position\":1,\"name\":\"Shpallja e pavar\u00ebsis\u00eb s\u00eb kosov\u00ebs dhe shqiptar\u00ebt n\u00eb Malin e Zi\"}]},{\"@type\":\"Person\",\"@id\":\"https:\/\/www.visit-ulcinj.com\/blog\/#\/schema\/person\/dcab619c614d3038751c63bc2aadc06d\",\"name\":\"ulqini\",\"sameAs\":[\"http:\/\/www.visit-ulcinj.com\"],\"url\":\"https:\/\/www.visit-ulcinj.com\/blog\/author\/admin\/\"}]}<\/script>\n<!-- \/ Yoast SEO plugin. -->","yoast_head_json":{"title":"Shpallja e pavar\u00ebsis\u00eb s\u00eb kosov\u00ebs dhe shqiptar\u00ebt n\u00eb Malin e Zi - Lajme nga Ulqini","robots":{"index":"index","follow":"follow","max-snippet":"max-snippet:-1","max-image-preview":"max-image-preview:large","max-video-preview":"max-video-preview:-1"},"canonical":"https:\/\/www.visit-ulcinj.com\/blog\/2008\/03\/03\/shpallja-e-pavaresise-se-kosoves-dhe-shqiptaret-ne-malin-e-zi\/","og_locale":"en_US","og_type":"article","og_title":"Shpallja e pavar\u00ebsis\u00eb s\u00eb kosov\u00ebs dhe shqiptar\u00ebt n\u00eb Malin e Zi - Lajme nga Ulqini","og_url":"https:\/\/www.visit-ulcinj.com\/blog\/2008\/03\/03\/shpallja-e-pavaresise-se-kosoves-dhe-shqiptaret-ne-malin-e-zi\/","og_site_name":"Lajme nga Ulqini","article_published_time":"2008-03-03T12:31:03+00:00","og_image":[{"url":"http:\/\/www.visit-ulcinj.com\/blog\/wp-content\/uploads\/2008\/03\/nikolle-camaj.thumbnail.jpg"}],"twitter_misc":{"Written by":"ulqini","Est. reading time":"5 minutes"},"schema":{"@context":"https:\/\/schema.org","@graph":[{"@type":"WebSite","@id":"https:\/\/www.visit-ulcinj.com\/blog\/#website","url":"https:\/\/www.visit-ulcinj.com\/blog\/","name":"Lajme nga Ulqini","description":"Lajme,Vijesti,Ulqini,Ulqin,Crna Gora,Mali i Zi","potentialAction":[{"@type":"SearchAction","target":{"@type":"EntryPoint","urlTemplate":"https:\/\/www.visit-ulcinj.com\/blog\/?s={search_term_string}"},"query-input":"required name=search_term_string"}],"inLanguage":"en-US"},{"@type":"ImageObject","inLanguage":"en-US","@id":"https:\/\/www.visit-ulcinj.com\/blog\/2008\/03\/03\/shpallja-e-pavaresise-se-kosoves-dhe-shqiptaret-ne-malin-e-zi\/#primaryimage","url":"http:\/\/www.visit-ulcinj.com\/blog\/wp-content\/uploads\/2008\/03\/nikolle-camaj.thumbnail.jpg","contentUrl":"http:\/\/www.visit-ulcinj.com\/blog\/wp-content\/uploads\/2008\/03\/nikolle-camaj.thumbnail.jpg"},{"@type":"WebPage","@id":"https:\/\/www.visit-ulcinj.com\/blog\/2008\/03\/03\/shpallja-e-pavaresise-se-kosoves-dhe-shqiptaret-ne-malin-e-zi\/#webpage","url":"https:\/\/www.visit-ulcinj.com\/blog\/2008\/03\/03\/shpallja-e-pavaresise-se-kosoves-dhe-shqiptaret-ne-malin-e-zi\/","name":"Shpallja e pavar\u00ebsis\u00eb s\u00eb kosov\u00ebs dhe shqiptar\u00ebt n\u00eb Malin e Zi - Lajme nga Ulqini","isPartOf":{"@id":"https:\/\/www.visit-ulcinj.com\/blog\/#website"},"primaryImageOfPage":{"@id":"https:\/\/www.visit-ulcinj.com\/blog\/2008\/03\/03\/shpallja-e-pavaresise-se-kosoves-dhe-shqiptaret-ne-malin-e-zi\/#primaryimage"},"datePublished":"2008-03-03T12:31:03+00:00","dateModified":"2008-03-03T12:31:03+00:00","author":{"@id":"https:\/\/www.visit-ulcinj.com\/blog\/#\/schema\/person\/dcab619c614d3038751c63bc2aadc06d"},"breadcrumb":{"@id":"https:\/\/www.visit-ulcinj.com\/blog\/2008\/03\/03\/shpallja-e-pavaresise-se-kosoves-dhe-shqiptaret-ne-malin-e-zi\/#breadcrumb"},"inLanguage":"en-US","potentialAction":[{"@type":"ReadAction","target":["https:\/\/www.visit-ulcinj.com\/blog\/2008\/03\/03\/shpallja-e-pavaresise-se-kosoves-dhe-shqiptaret-ne-malin-e-zi\/"]}]},{"@type":"BreadcrumbList","@id":"https:\/\/www.visit-ulcinj.com\/blog\/2008\/03\/03\/shpallja-e-pavaresise-se-kosoves-dhe-shqiptaret-ne-malin-e-zi\/#breadcrumb","itemListElement":[{"@type":"ListItem","position":1,"name":"Shpallja e pavar\u00ebsis\u00eb s\u00eb kosov\u00ebs dhe shqiptar\u00ebt n\u00eb Malin e Zi"}]},{"@type":"Person","@id":"https:\/\/www.visit-ulcinj.com\/blog\/#\/schema\/person\/dcab619c614d3038751c63bc2aadc06d","name":"ulqini","sameAs":["http:\/\/www.visit-ulcinj.com"],"url":"https:\/\/www.visit-ulcinj.com\/blog\/author\/admin\/"}]}},"jetpack_featured_media_url":"","jetpack_sharing_enabled":true,"jetpack_shortlink":"https:\/\/wp.me\/pe6lTn-bL","_links":{"self":[{"href":"https:\/\/www.visit-ulcinj.com\/blog\/wp-json\/wp\/v2\/posts\/729"}],"collection":[{"href":"https:\/\/www.visit-ulcinj.com\/blog\/wp-json\/wp\/v2\/posts"}],"about":[{"href":"https:\/\/www.visit-ulcinj.com\/blog\/wp-json\/wp\/v2\/types\/post"}],"author":[{"embeddable":true,"href":"https:\/\/www.visit-ulcinj.com\/blog\/wp-json\/wp\/v2\/users\/1"}],"replies":[{"embeddable":true,"href":"https:\/\/www.visit-ulcinj.com\/blog\/wp-json\/wp\/v2\/comments?post=729"}],"version-history":[{"count":0,"href":"https:\/\/www.visit-ulcinj.com\/blog\/wp-json\/wp\/v2\/posts\/729\/revisions"}],"wp:attachment":[{"href":"https:\/\/www.visit-ulcinj.com\/blog\/wp-json\/wp\/v2\/media?parent=729"}],"wp:term":[{"taxonomy":"category","embeddable":true,"href":"https:\/\/www.visit-ulcinj.com\/blog\/wp-json\/wp\/v2\/categories?post=729"},{"taxonomy":"post_tag","embeddable":true,"href":"https:\/\/www.visit-ulcinj.com\/blog\/wp-json\/wp\/v2\/tags?post=729"}],"curies":[{"name":"wp","href":"https:\/\/api.w.org\/{rel}","templated":true}]}}