{"id":72910,"date":"2013-07-04T18:14:07","date_gmt":"2013-07-04T17:14:07","guid":{"rendered":"http:\/\/www.visit-ulcinj.com\/blog\/?p=72910"},"modified":"2013-07-06T07:06:30","modified_gmt":"2013-07-06T06:06:30","slug":"dance-fitness-ne-plazhet-e-ulqinit","status":"publish","type":"post","link":"https:\/\/www.visit-ulcinj.com\/blog\/2013\/07\/04\/dance-fitness-ne-plazhet-e-ulqinit\/","title":{"rendered":"Dance Fitness n\u00eb plazhet e Ulqinit"},"content":{"rendered":"<p><a href=\"http:\/\/www.visit-ulcinj.com\/blog\/wp-content\/uploads\/2013\/07\/Argetimi-i-kosovareve-ne-Ulqin.jpg\"><img loading=\"lazy\" class=\"alignleft  wp-image-72911\" alt=\"Argetimi i kosovareve ne Ulqin\" src=\"http:\/\/www.visit-ulcinj.com\/blog\/wp-content\/uploads\/2013\/07\/Argetimi-i-kosovareve-ne-Ulqin.jpg\" width=\"508\" height=\"384\" \/><\/a>D\u00ebshironi t\u00eb keni trupin e \u00ebndrrave tuaja! Sot kjo \u00ebsht\u00eb e mundur t\u00eb arrihet duke ndjekur klasat e k\u00ebrcimit n\u00eb plazhet e Ulqinit, nj\u00eb kombinim perfekt mes st\u00ebrvitjes dhe arg\u00ebtimit dhe larjes n\u00eb det.<\/p>\n<p>Argetimi Kosovar \u00ebsht\u00eb nj\u00eb klas\u00eb k\u00ebrcim &#8211; fitnesi e inspiruar nga ritmet tradicionale, ku p\u00ebrfshihen muzika t\u00eb ndryshme, e kombinuar me l\u00ebvizje k\u00ebrcimi, q\u00eb krijojn\u00eb nj\u00eb sistem fitnesi dinamik, emocionues dhe tep\u00ebr efektiv per popullin shqipetar.<\/p>\n<p>&nbsp;<\/p>\n<p>Arg\u00ebtimi Kosovar \u00ebsht\u00eb prezantuar n\u00eb Ulqin q\u00eb n\u00eb vitet 2000, dhe tashm\u00eb \u00ebsht\u00eb kthyer n\u00eb nj\u00eb sensacion t\u00eb v\u00ebrtet\u00eb t\u00eb argetimit ditor. Tashm\u00eb m\u00eb shum\u00eb se 12000 turist\u00eb frekuentojn\u00eb \u00e7do jav\u00eb plazhet e Ulqinit.<\/p>\n<p><strong>Ejani shijoni edhe juve me ne<\/strong><\/p>\n<p><iframe loading=\"lazy\" src=\"\/\/www.youtube.com\/embed\/zjw7CLCxO9E\" height=\"360\" width=\"508\" allowfullscreen=\"\" frameborder=\"0\"><\/iframe><\/p>\n","protected":false},"excerpt":{"rendered":"<p>D\u00ebshironi t\u00eb keni trupin e \u00ebndrrave tuaja! Sot kjo \u00ebsht\u00eb e mundur t\u00eb arrihet duke ndjekur klasat e k\u00ebrcimit n\u00eb plazhet e Ulqinit, nj\u00eb kombinim perfekt mes st\u00ebrvitjes dhe arg\u00ebtimit dhe larjes n\u00eb det. Argetimi Kosovar \u00ebsht\u00eb nj\u00eb klas\u00eb k\u00ebrcim &#8211; fitnesi e inspiruar nga ritmet tradicionale, ku p\u00ebrfshihen muzika t\u00eb ndryshme, e kombinuar me [&hellip;]<\/p>\n","protected":false},"author":1,"featured_media":0,"comment_status":"closed","ping_status":"closed","sticky":false,"template":"","format":"standard","meta":{"spay_email":"","jetpack_publicize_message":"","jetpack_is_tweetstorm":false,"jetpack_publicize_feature_enabled":true},"categories":[14249,15],"tags":[],"jetpack_publicize_connections":[],"yoast_head":"<!-- This site is optimized with the Yoast SEO plugin v19.1 - https:\/\/yoast.com\/wordpress\/plugins\/seo\/ -->\n<title>Dance Fitness n\u00eb plazhet e Ulqinit - Lajme nga Ulqini<\/title>\n<meta name=\"description\" content=\"D\u00ebshironi t\u00eb keni trupin e \u00ebndrrave tuaja! Sot kjo \u00ebsht\u00eb e mundur t\u00eb arrihet duke ndjekur klasat e k\u00ebrcimit n\u00eb plazhet e Ulqinit, nj\u00eb kombinim perfekt mes\" \/>\n<meta name=\"robots\" content=\"index, follow, max-snippet:-1, max-image-preview:large, max-video-preview:-1\" \/>\n<link rel=\"canonical\" href=\"https:\/\/www.visit-ulcinj.com\/blog\/2013\/07\/04\/dance-fitness-ne-plazhet-e-ulqinit\/\" \/>\n<meta property=\"og:locale\" content=\"en_US\" \/>\n<meta property=\"og:type\" content=\"article\" \/>\n<meta property=\"og:title\" content=\"Dance Fitness n\u00eb plazhet e Ulqinit - Lajme nga Ulqini\" \/>\n<meta property=\"og:description\" content=\"D\u00ebshironi t\u00eb keni trupin e \u00ebndrrave tuaja! Sot kjo \u00ebsht\u00eb e mundur t\u00eb arrihet duke ndjekur klasat e k\u00ebrcimit n\u00eb plazhet e Ulqinit, nj\u00eb kombinim perfekt mes\" \/>\n<meta property=\"og:url\" content=\"https:\/\/www.visit-ulcinj.com\/blog\/2013\/07\/04\/dance-fitness-ne-plazhet-e-ulqinit\/\" \/>\n<meta property=\"og:site_name\" content=\"Lajme nga Ulqini\" \/>\n<meta property=\"article:published_time\" content=\"2013-07-04T17:14:07+00:00\" \/>\n<meta property=\"article:modified_time\" content=\"2013-07-06T06:06:30+00:00\" \/>\n<meta property=\"og:image\" content=\"http:\/\/www.visit-ulcinj.com\/blog\/wp-content\/uploads\/2013\/07\/Argetimi-i-kosovareve-ne-Ulqin.jpg\" \/>\n<meta name=\"twitter:label1\" content=\"Written by\" \/>\n\t<meta name=\"twitter:data1\" content=\"ulqini\" \/>\n\t<meta name=\"twitter:label2\" content=\"Est. reading time\" \/>\n\t<meta name=\"twitter:data2\" content=\"1 minute\" \/>\n<script type=\"application\/ld+json\" class=\"yoast-schema-graph\">{\"@context\":\"https:\/\/schema.org\",\"@graph\":[{\"@type\":\"WebSite\",\"@id\":\"https:\/\/www.visit-ulcinj.com\/blog\/#website\",\"url\":\"https:\/\/www.visit-ulcinj.com\/blog\/\",\"name\":\"Lajme nga Ulqini\",\"description\":\"Lajme,Vijesti,Ulqini,Ulqin,Crna Gora,Mali i Zi\",\"potentialAction\":[{\"@type\":\"SearchAction\",\"target\":{\"@type\":\"EntryPoint\",\"urlTemplate\":\"https:\/\/www.visit-ulcinj.com\/blog\/?s={search_term_string}\"},\"query-input\":\"required name=search_term_string\"}],\"inLanguage\":\"en-US\"},{\"@type\":\"ImageObject\",\"inLanguage\":\"en-US\",\"@id\":\"https:\/\/www.visit-ulcinj.com\/blog\/2013\/07\/04\/dance-fitness-ne-plazhet-e-ulqinit\/#primaryimage\",\"url\":\"http:\/\/www.visit-ulcinj.com\/blog\/wp-content\/uploads\/2013\/07\/Argetimi-i-kosovareve-ne-Ulqin.jpg\",\"contentUrl\":\"http:\/\/www.visit-ulcinj.com\/blog\/wp-content\/uploads\/2013\/07\/Argetimi-i-kosovareve-ne-Ulqin.jpg\"},{\"@type\":\"WebPage\",\"@id\":\"https:\/\/www.visit-ulcinj.com\/blog\/2013\/07\/04\/dance-fitness-ne-plazhet-e-ulqinit\/#webpage\",\"url\":\"https:\/\/www.visit-ulcinj.com\/blog\/2013\/07\/04\/dance-fitness-ne-plazhet-e-ulqinit\/\",\"name\":\"Dance Fitness n\u00eb plazhet e Ulqinit - Lajme nga Ulqini\",\"isPartOf\":{\"@id\":\"https:\/\/www.visit-ulcinj.com\/blog\/#website\"},\"primaryImageOfPage\":{\"@id\":\"https:\/\/www.visit-ulcinj.com\/blog\/2013\/07\/04\/dance-fitness-ne-plazhet-e-ulqinit\/#primaryimage\"},\"datePublished\":\"2013-07-04T17:14:07+00:00\",\"dateModified\":\"2013-07-06T06:06:30+00:00\",\"author\":{\"@id\":\"https:\/\/www.visit-ulcinj.com\/blog\/#\/schema\/person\/dcab619c614d3038751c63bc2aadc06d\"},\"description\":\"D\u00ebshironi t\u00eb keni trupin e \u00ebndrrave tuaja! Sot kjo \u00ebsht\u00eb e mundur t\u00eb arrihet duke ndjekur klasat e k\u00ebrcimit n\u00eb plazhet e Ulqinit, nj\u00eb kombinim perfekt mes\",\"breadcrumb\":{\"@id\":\"https:\/\/www.visit-ulcinj.com\/blog\/2013\/07\/04\/dance-fitness-ne-plazhet-e-ulqinit\/#breadcrumb\"},\"inLanguage\":\"en-US\",\"potentialAction\":[{\"@type\":\"ReadAction\",\"target\":[\"https:\/\/www.visit-ulcinj.com\/blog\/2013\/07\/04\/dance-fitness-ne-plazhet-e-ulqinit\/\"]}]},{\"@type\":\"BreadcrumbList\",\"@id\":\"https:\/\/www.visit-ulcinj.com\/blog\/2013\/07\/04\/dance-fitness-ne-plazhet-e-ulqinit\/#breadcrumb\",\"itemListElement\":[{\"@type\":\"ListItem\",\"position\":1,\"name\":\"Dance Fitness n\u00eb plazhet e Ulqinit\"}]},{\"@type\":\"Person\",\"@id\":\"https:\/\/www.visit-ulcinj.com\/blog\/#\/schema\/person\/dcab619c614d3038751c63bc2aadc06d\",\"name\":\"ulqini\",\"sameAs\":[\"http:\/\/www.visit-ulcinj.com\"],\"url\":\"https:\/\/www.visit-ulcinj.com\/blog\/author\/admin\/\"}]}<\/script>\n<!-- \/ Yoast SEO plugin. -->","yoast_head_json":{"title":"Dance Fitness n\u00eb plazhet e Ulqinit - Lajme nga Ulqini","description":"D\u00ebshironi t\u00eb keni trupin e \u00ebndrrave tuaja! Sot kjo \u00ebsht\u00eb e mundur t\u00eb arrihet duke ndjekur klasat e k\u00ebrcimit n\u00eb plazhet e Ulqinit, nj\u00eb kombinim perfekt mes","robots":{"index":"index","follow":"follow","max-snippet":"max-snippet:-1","max-image-preview":"max-image-preview:large","max-video-preview":"max-video-preview:-1"},"canonical":"https:\/\/www.visit-ulcinj.com\/blog\/2013\/07\/04\/dance-fitness-ne-plazhet-e-ulqinit\/","og_locale":"en_US","og_type":"article","og_title":"Dance Fitness n\u00eb plazhet e Ulqinit - Lajme nga Ulqini","og_description":"D\u00ebshironi t\u00eb keni trupin e \u00ebndrrave tuaja! Sot kjo \u00ebsht\u00eb e mundur t\u00eb arrihet duke ndjekur klasat e k\u00ebrcimit n\u00eb plazhet e Ulqinit, nj\u00eb kombinim perfekt mes","og_url":"https:\/\/www.visit-ulcinj.com\/blog\/2013\/07\/04\/dance-fitness-ne-plazhet-e-ulqinit\/","og_site_name":"Lajme nga Ulqini","article_published_time":"2013-07-04T17:14:07+00:00","article_modified_time":"2013-07-06T06:06:30+00:00","og_image":[{"url":"http:\/\/www.visit-ulcinj.com\/blog\/wp-content\/uploads\/2013\/07\/Argetimi-i-kosovareve-ne-Ulqin.jpg"}],"twitter_misc":{"Written by":"ulqini","Est. reading time":"1 minute"},"schema":{"@context":"https:\/\/schema.org","@graph":[{"@type":"WebSite","@id":"https:\/\/www.visit-ulcinj.com\/blog\/#website","url":"https:\/\/www.visit-ulcinj.com\/blog\/","name":"Lajme nga Ulqini","description":"Lajme,Vijesti,Ulqini,Ulqin,Crna Gora,Mali i Zi","potentialAction":[{"@type":"SearchAction","target":{"@type":"EntryPoint","urlTemplate":"https:\/\/www.visit-ulcinj.com\/blog\/?s={search_term_string}"},"query-input":"required name=search_term_string"}],"inLanguage":"en-US"},{"@type":"ImageObject","inLanguage":"en-US","@id":"https:\/\/www.visit-ulcinj.com\/blog\/2013\/07\/04\/dance-fitness-ne-plazhet-e-ulqinit\/#primaryimage","url":"http:\/\/www.visit-ulcinj.com\/blog\/wp-content\/uploads\/2013\/07\/Argetimi-i-kosovareve-ne-Ulqin.jpg","contentUrl":"http:\/\/www.visit-ulcinj.com\/blog\/wp-content\/uploads\/2013\/07\/Argetimi-i-kosovareve-ne-Ulqin.jpg"},{"@type":"WebPage","@id":"https:\/\/www.visit-ulcinj.com\/blog\/2013\/07\/04\/dance-fitness-ne-plazhet-e-ulqinit\/#webpage","url":"https:\/\/www.visit-ulcinj.com\/blog\/2013\/07\/04\/dance-fitness-ne-plazhet-e-ulqinit\/","name":"Dance Fitness n\u00eb plazhet e Ulqinit - Lajme nga Ulqini","isPartOf":{"@id":"https:\/\/www.visit-ulcinj.com\/blog\/#website"},"primaryImageOfPage":{"@id":"https:\/\/www.visit-ulcinj.com\/blog\/2013\/07\/04\/dance-fitness-ne-plazhet-e-ulqinit\/#primaryimage"},"datePublished":"2013-07-04T17:14:07+00:00","dateModified":"2013-07-06T06:06:30+00:00","author":{"@id":"https:\/\/www.visit-ulcinj.com\/blog\/#\/schema\/person\/dcab619c614d3038751c63bc2aadc06d"},"description":"D\u00ebshironi t\u00eb keni trupin e \u00ebndrrave tuaja! Sot kjo \u00ebsht\u00eb e mundur t\u00eb arrihet duke ndjekur klasat e k\u00ebrcimit n\u00eb plazhet e Ulqinit, nj\u00eb kombinim perfekt mes","breadcrumb":{"@id":"https:\/\/www.visit-ulcinj.com\/blog\/2013\/07\/04\/dance-fitness-ne-plazhet-e-ulqinit\/#breadcrumb"},"inLanguage":"en-US","potentialAction":[{"@type":"ReadAction","target":["https:\/\/www.visit-ulcinj.com\/blog\/2013\/07\/04\/dance-fitness-ne-plazhet-e-ulqinit\/"]}]},{"@type":"BreadcrumbList","@id":"https:\/\/www.visit-ulcinj.com\/blog\/2013\/07\/04\/dance-fitness-ne-plazhet-e-ulqinit\/#breadcrumb","itemListElement":[{"@type":"ListItem","position":1,"name":"Dance Fitness n\u00eb plazhet e Ulqinit"}]},{"@type":"Person","@id":"https:\/\/www.visit-ulcinj.com\/blog\/#\/schema\/person\/dcab619c614d3038751c63bc2aadc06d","name":"ulqini","sameAs":["http:\/\/www.visit-ulcinj.com"],"url":"https:\/\/www.visit-ulcinj.com\/blog\/author\/admin\/"}]}},"jetpack_featured_media_url":"","jetpack_sharing_enabled":true,"jetpack_shortlink":"https:\/\/wp.me\/pe6lTn-iXY","_links":{"self":[{"href":"https:\/\/www.visit-ulcinj.com\/blog\/wp-json\/wp\/v2\/posts\/72910"}],"collection":[{"href":"https:\/\/www.visit-ulcinj.com\/blog\/wp-json\/wp\/v2\/posts"}],"about":[{"href":"https:\/\/www.visit-ulcinj.com\/blog\/wp-json\/wp\/v2\/types\/post"}],"author":[{"embeddable":true,"href":"https:\/\/www.visit-ulcinj.com\/blog\/wp-json\/wp\/v2\/users\/1"}],"replies":[{"embeddable":true,"href":"https:\/\/www.visit-ulcinj.com\/blog\/wp-json\/wp\/v2\/comments?post=72910"}],"version-history":[{"count":6,"href":"https:\/\/www.visit-ulcinj.com\/blog\/wp-json\/wp\/v2\/posts\/72910\/revisions"}],"predecessor-version":[{"id":72964,"href":"https:\/\/www.visit-ulcinj.com\/blog\/wp-json\/wp\/v2\/posts\/72910\/revisions\/72964"}],"wp:attachment":[{"href":"https:\/\/www.visit-ulcinj.com\/blog\/wp-json\/wp\/v2\/media?parent=72910"}],"wp:term":[{"taxonomy":"category","embeddable":true,"href":"https:\/\/www.visit-ulcinj.com\/blog\/wp-json\/wp\/v2\/categories?post=72910"},{"taxonomy":"post_tag","embeddable":true,"href":"https:\/\/www.visit-ulcinj.com\/blog\/wp-json\/wp\/v2\/tags?post=72910"}],"curies":[{"name":"wp","href":"https:\/\/api.w.org\/{rel}","templated":true}]}}