{"id":72917,"date":"2013-07-05T15:08:34","date_gmt":"2013-07-05T14:08:34","guid":{"rendered":"http:\/\/www.visit-ulcinj.com\/blog\/?p=72917"},"modified":"2013-07-05T15:08:34","modified_gmt":"2013-07-05T14:08:34","slug":"blero-ne-kotor-te-mz-me-skena-te-nxehta-me-marian","status":"publish","type":"post","link":"https:\/\/www.visit-ulcinj.com\/blog\/2013\/07\/05\/blero-ne-kotor-te-mz-me-skena-te-nxehta-me-marian\/","title":{"rendered":"Blero n\u00eb Kotor t\u00eb MZ me skena t\u00eb nxehta me Marian"},"content":{"rendered":"<p><a href=\"http:\/\/www.visit-ulcinj.com\/blog\/wp-content\/uploads\/2013\/07\/Mariami.jpg\"><img loading=\"lazy\" class=\"alignleft  wp-image-72918\" alt=\"Mariami\" src=\"http:\/\/www.visit-ulcinj.com\/blog\/wp-content\/uploads\/2013\/07\/Mariami.jpg\" width=\"508\" height=\"360\" \/><\/a>K\u00ebnga e bukur e titulluar \u201cNj\u00eb Moment\u201d nuk ka mundur t\u00eb kompletohej ndryshe nga videoklipi i punuar nga produksioni Asha, i cili \u00ebsht\u00eb xhiruar n\u00eb bukurit\u00eb e bregdetit n\u00eb nj\u00eb atmosfer\u00eb krejt\u00ebsisht verore, ashtu si aludon edhe k\u00ebnga.<br \/>\nBlero, i cili njihet p\u00ebr shum\u00eb hite n\u00eb karrier\u00ebn e tij, shfaqet n\u00eb k\u00ebt\u00eb spot duke thyer shum\u00eb barriera.<br \/>\nSi bashk\u00ebshort dhe baba, ai shfaqet shum\u00eb pran\u00eb bukuroshes tejet seksi, Maria, e cila ekspozon n\u00eb shum\u00eb skena trupin e saj marramend\u00ebs.<br \/>\nK\u00ebnga \u201cNj\u00eb Moment\u201d \u00ebsht\u00eb pjes\u00eb e albumit t\u00eb ri t\u00eb Bleros \u201cFiksimi Im\u201d.<\/p>\n<p>Tung.ch<\/p>\n<p><iframe loading=\"lazy\" width=\"508\" height=\"360\" src=\"\/\/www.youtube.com\/embed\/8Zmm34MebyQ\" frameborder=\"0\" allowfullscreen><\/iframe><\/p>\n","protected":false},"excerpt":{"rendered":"<p>K\u00ebnga e bukur e titulluar \u201cNj\u00eb Moment\u201d nuk ka mundur t\u00eb kompletohej ndryshe nga videoklipi i punuar nga produksioni Asha, i cili \u00ebsht\u00eb xhiruar n\u00eb bukurit\u00eb e bregdetit n\u00eb nj\u00eb atmosfer\u00eb krejt\u00ebsisht verore, ashtu si aludon edhe k\u00ebnga. Blero, i cili njihet p\u00ebr shum\u00eb hite n\u00eb karrier\u00ebn e tij, shfaqet n\u00eb k\u00ebt\u00eb spot duke thyer [&hellip;]<\/p>\n","protected":false},"author":1,"featured_media":0,"comment_status":"closed","ping_status":"closed","sticky":false,"template":"","format":"standard","meta":{"spay_email":"","jetpack_publicize_message":"","jetpack_is_tweetstorm":false,"jetpack_publicize_feature_enabled":true},"categories":[1],"tags":[],"jetpack_publicize_connections":[],"yoast_head":"<!-- This site is optimized with the Yoast SEO plugin v19.1 - https:\/\/yoast.com\/wordpress\/plugins\/seo\/ -->\n<title>Blero n\u00eb Kotor t\u00eb MZ me skena t\u00eb nxehta me Marian - Lajme nga Ulqini<\/title>\n<meta name=\"description\" content=\"K\u00ebnga e bukur e titulluar \u201cNj\u00eb Moment\u201d nuk ka mundur t\u00eb kompletohej ndryshe nga videoklipi i punuar nga produksioni Asha, i cili \u00ebsht\u00eb xhiruar n\u00eb bukurit\u00eb\" \/>\n<meta name=\"robots\" content=\"index, follow, max-snippet:-1, max-image-preview:large, max-video-preview:-1\" \/>\n<link rel=\"canonical\" href=\"https:\/\/www.visit-ulcinj.com\/blog\/2013\/07\/05\/blero-ne-kotor-te-mz-me-skena-te-nxehta-me-marian\/\" \/>\n<meta property=\"og:locale\" content=\"en_US\" \/>\n<meta property=\"og:type\" content=\"article\" \/>\n<meta property=\"og:title\" content=\"Blero n\u00eb Kotor t\u00eb MZ me skena t\u00eb nxehta me Marian - Lajme nga Ulqini\" \/>\n<meta property=\"og:description\" content=\"K\u00ebnga e bukur e titulluar \u201cNj\u00eb Moment\u201d nuk ka mundur t\u00eb kompletohej ndryshe nga videoklipi i punuar nga produksioni Asha, i cili \u00ebsht\u00eb xhiruar n\u00eb bukurit\u00eb\" \/>\n<meta property=\"og:url\" content=\"https:\/\/www.visit-ulcinj.com\/blog\/2013\/07\/05\/blero-ne-kotor-te-mz-me-skena-te-nxehta-me-marian\/\" \/>\n<meta property=\"og:site_name\" content=\"Lajme nga Ulqini\" \/>\n<meta property=\"article:published_time\" content=\"2013-07-05T14:08:34+00:00\" \/>\n<meta property=\"og:image\" content=\"http:\/\/www.visit-ulcinj.com\/blog\/wp-content\/uploads\/2013\/07\/Mariami.jpg\" \/>\n<meta name=\"twitter:label1\" content=\"Written by\" \/>\n\t<meta name=\"twitter:data1\" content=\"ulqini\" \/>\n\t<meta name=\"twitter:label2\" content=\"Est. reading time\" \/>\n\t<meta name=\"twitter:data2\" content=\"1 minute\" \/>\n<script type=\"application\/ld+json\" class=\"yoast-schema-graph\">{\"@context\":\"https:\/\/schema.org\",\"@graph\":[{\"@type\":\"WebSite\",\"@id\":\"https:\/\/www.visit-ulcinj.com\/blog\/#website\",\"url\":\"https:\/\/www.visit-ulcinj.com\/blog\/\",\"name\":\"Lajme nga Ulqini\",\"description\":\"Lajme,Vijesti,Ulqini,Ulqin,Crna Gora,Mali i Zi\",\"potentialAction\":[{\"@type\":\"SearchAction\",\"target\":{\"@type\":\"EntryPoint\",\"urlTemplate\":\"https:\/\/www.visit-ulcinj.com\/blog\/?s={search_term_string}\"},\"query-input\":\"required name=search_term_string\"}],\"inLanguage\":\"en-US\"},{\"@type\":\"ImageObject\",\"inLanguage\":\"en-US\",\"@id\":\"https:\/\/www.visit-ulcinj.com\/blog\/2013\/07\/05\/blero-ne-kotor-te-mz-me-skena-te-nxehta-me-marian\/#primaryimage\",\"url\":\"http:\/\/www.visit-ulcinj.com\/blog\/wp-content\/uploads\/2013\/07\/Mariami.jpg\",\"contentUrl\":\"http:\/\/www.visit-ulcinj.com\/blog\/wp-content\/uploads\/2013\/07\/Mariami.jpg\"},{\"@type\":\"WebPage\",\"@id\":\"https:\/\/www.visit-ulcinj.com\/blog\/2013\/07\/05\/blero-ne-kotor-te-mz-me-skena-te-nxehta-me-marian\/#webpage\",\"url\":\"https:\/\/www.visit-ulcinj.com\/blog\/2013\/07\/05\/blero-ne-kotor-te-mz-me-skena-te-nxehta-me-marian\/\",\"name\":\"Blero n\u00eb Kotor t\u00eb MZ me skena t\u00eb nxehta me Marian - Lajme nga Ulqini\",\"isPartOf\":{\"@id\":\"https:\/\/www.visit-ulcinj.com\/blog\/#website\"},\"primaryImageOfPage\":{\"@id\":\"https:\/\/www.visit-ulcinj.com\/blog\/2013\/07\/05\/blero-ne-kotor-te-mz-me-skena-te-nxehta-me-marian\/#primaryimage\"},\"datePublished\":\"2013-07-05T14:08:34+00:00\",\"dateModified\":\"2013-07-05T14:08:34+00:00\",\"author\":{\"@id\":\"https:\/\/www.visit-ulcinj.com\/blog\/#\/schema\/person\/dcab619c614d3038751c63bc2aadc06d\"},\"description\":\"K\u00ebnga e bukur e titulluar \u201cNj\u00eb Moment\u201d nuk ka mundur t\u00eb kompletohej ndryshe nga videoklipi i punuar nga produksioni Asha, i cili \u00ebsht\u00eb xhiruar n\u00eb bukurit\u00eb\",\"breadcrumb\":{\"@id\":\"https:\/\/www.visit-ulcinj.com\/blog\/2013\/07\/05\/blero-ne-kotor-te-mz-me-skena-te-nxehta-me-marian\/#breadcrumb\"},\"inLanguage\":\"en-US\",\"potentialAction\":[{\"@type\":\"ReadAction\",\"target\":[\"https:\/\/www.visit-ulcinj.com\/blog\/2013\/07\/05\/blero-ne-kotor-te-mz-me-skena-te-nxehta-me-marian\/\"]}]},{\"@type\":\"BreadcrumbList\",\"@id\":\"https:\/\/www.visit-ulcinj.com\/blog\/2013\/07\/05\/blero-ne-kotor-te-mz-me-skena-te-nxehta-me-marian\/#breadcrumb\",\"itemListElement\":[{\"@type\":\"ListItem\",\"position\":1,\"name\":\"Blero n\u00eb Kotor t\u00eb MZ me skena t\u00eb nxehta me Marian\"}]},{\"@type\":\"Person\",\"@id\":\"https:\/\/www.visit-ulcinj.com\/blog\/#\/schema\/person\/dcab619c614d3038751c63bc2aadc06d\",\"name\":\"ulqini\",\"sameAs\":[\"http:\/\/www.visit-ulcinj.com\"],\"url\":\"https:\/\/www.visit-ulcinj.com\/blog\/author\/admin\/\"}]}<\/script>\n<!-- \/ Yoast SEO plugin. -->","yoast_head_json":{"title":"Blero n\u00eb Kotor t\u00eb MZ me skena t\u00eb nxehta me Marian - Lajme nga Ulqini","description":"K\u00ebnga e bukur e titulluar \u201cNj\u00eb Moment\u201d nuk ka mundur t\u00eb kompletohej ndryshe nga videoklipi i punuar nga produksioni Asha, i cili \u00ebsht\u00eb xhiruar n\u00eb bukurit\u00eb","robots":{"index":"index","follow":"follow","max-snippet":"max-snippet:-1","max-image-preview":"max-image-preview:large","max-video-preview":"max-video-preview:-1"},"canonical":"https:\/\/www.visit-ulcinj.com\/blog\/2013\/07\/05\/blero-ne-kotor-te-mz-me-skena-te-nxehta-me-marian\/","og_locale":"en_US","og_type":"article","og_title":"Blero n\u00eb Kotor t\u00eb MZ me skena t\u00eb nxehta me Marian - Lajme nga Ulqini","og_description":"K\u00ebnga e bukur e titulluar \u201cNj\u00eb Moment\u201d nuk ka mundur t\u00eb kompletohej ndryshe nga videoklipi i punuar nga produksioni Asha, i cili \u00ebsht\u00eb xhiruar n\u00eb bukurit\u00eb","og_url":"https:\/\/www.visit-ulcinj.com\/blog\/2013\/07\/05\/blero-ne-kotor-te-mz-me-skena-te-nxehta-me-marian\/","og_site_name":"Lajme nga Ulqini","article_published_time":"2013-07-05T14:08:34+00:00","og_image":[{"url":"http:\/\/www.visit-ulcinj.com\/blog\/wp-content\/uploads\/2013\/07\/Mariami.jpg"}],"twitter_misc":{"Written by":"ulqini","Est. reading time":"1 minute"},"schema":{"@context":"https:\/\/schema.org","@graph":[{"@type":"WebSite","@id":"https:\/\/www.visit-ulcinj.com\/blog\/#website","url":"https:\/\/www.visit-ulcinj.com\/blog\/","name":"Lajme nga Ulqini","description":"Lajme,Vijesti,Ulqini,Ulqin,Crna Gora,Mali i Zi","potentialAction":[{"@type":"SearchAction","target":{"@type":"EntryPoint","urlTemplate":"https:\/\/www.visit-ulcinj.com\/blog\/?s={search_term_string}"},"query-input":"required name=search_term_string"}],"inLanguage":"en-US"},{"@type":"ImageObject","inLanguage":"en-US","@id":"https:\/\/www.visit-ulcinj.com\/blog\/2013\/07\/05\/blero-ne-kotor-te-mz-me-skena-te-nxehta-me-marian\/#primaryimage","url":"http:\/\/www.visit-ulcinj.com\/blog\/wp-content\/uploads\/2013\/07\/Mariami.jpg","contentUrl":"http:\/\/www.visit-ulcinj.com\/blog\/wp-content\/uploads\/2013\/07\/Mariami.jpg"},{"@type":"WebPage","@id":"https:\/\/www.visit-ulcinj.com\/blog\/2013\/07\/05\/blero-ne-kotor-te-mz-me-skena-te-nxehta-me-marian\/#webpage","url":"https:\/\/www.visit-ulcinj.com\/blog\/2013\/07\/05\/blero-ne-kotor-te-mz-me-skena-te-nxehta-me-marian\/","name":"Blero n\u00eb Kotor t\u00eb MZ me skena t\u00eb nxehta me Marian - Lajme nga Ulqini","isPartOf":{"@id":"https:\/\/www.visit-ulcinj.com\/blog\/#website"},"primaryImageOfPage":{"@id":"https:\/\/www.visit-ulcinj.com\/blog\/2013\/07\/05\/blero-ne-kotor-te-mz-me-skena-te-nxehta-me-marian\/#primaryimage"},"datePublished":"2013-07-05T14:08:34+00:00","dateModified":"2013-07-05T14:08:34+00:00","author":{"@id":"https:\/\/www.visit-ulcinj.com\/blog\/#\/schema\/person\/dcab619c614d3038751c63bc2aadc06d"},"description":"K\u00ebnga e bukur e titulluar \u201cNj\u00eb Moment\u201d nuk ka mundur t\u00eb kompletohej ndryshe nga videoklipi i punuar nga produksioni Asha, i cili \u00ebsht\u00eb xhiruar n\u00eb bukurit\u00eb","breadcrumb":{"@id":"https:\/\/www.visit-ulcinj.com\/blog\/2013\/07\/05\/blero-ne-kotor-te-mz-me-skena-te-nxehta-me-marian\/#breadcrumb"},"inLanguage":"en-US","potentialAction":[{"@type":"ReadAction","target":["https:\/\/www.visit-ulcinj.com\/blog\/2013\/07\/05\/blero-ne-kotor-te-mz-me-skena-te-nxehta-me-marian\/"]}]},{"@type":"BreadcrumbList","@id":"https:\/\/www.visit-ulcinj.com\/blog\/2013\/07\/05\/blero-ne-kotor-te-mz-me-skena-te-nxehta-me-marian\/#breadcrumb","itemListElement":[{"@type":"ListItem","position":1,"name":"Blero n\u00eb Kotor t\u00eb MZ me skena t\u00eb nxehta me Marian"}]},{"@type":"Person","@id":"https:\/\/www.visit-ulcinj.com\/blog\/#\/schema\/person\/dcab619c614d3038751c63bc2aadc06d","name":"ulqini","sameAs":["http:\/\/www.visit-ulcinj.com"],"url":"https:\/\/www.visit-ulcinj.com\/blog\/author\/admin\/"}]}},"jetpack_featured_media_url":"","jetpack_sharing_enabled":true,"jetpack_shortlink":"https:\/\/wp.me\/pe6lTn-iY5","_links":{"self":[{"href":"https:\/\/www.visit-ulcinj.com\/blog\/wp-json\/wp\/v2\/posts\/72917"}],"collection":[{"href":"https:\/\/www.visit-ulcinj.com\/blog\/wp-json\/wp\/v2\/posts"}],"about":[{"href":"https:\/\/www.visit-ulcinj.com\/blog\/wp-json\/wp\/v2\/types\/post"}],"author":[{"embeddable":true,"href":"https:\/\/www.visit-ulcinj.com\/blog\/wp-json\/wp\/v2\/users\/1"}],"replies":[{"embeddable":true,"href":"https:\/\/www.visit-ulcinj.com\/blog\/wp-json\/wp\/v2\/comments?post=72917"}],"version-history":[{"count":1,"href":"https:\/\/www.visit-ulcinj.com\/blog\/wp-json\/wp\/v2\/posts\/72917\/revisions"}],"predecessor-version":[{"id":72919,"href":"https:\/\/www.visit-ulcinj.com\/blog\/wp-json\/wp\/v2\/posts\/72917\/revisions\/72919"}],"wp:attachment":[{"href":"https:\/\/www.visit-ulcinj.com\/blog\/wp-json\/wp\/v2\/media?parent=72917"}],"wp:term":[{"taxonomy":"category","embeddable":true,"href":"https:\/\/www.visit-ulcinj.com\/blog\/wp-json\/wp\/v2\/categories?post=72917"},{"taxonomy":"post_tag","embeddable":true,"href":"https:\/\/www.visit-ulcinj.com\/blog\/wp-json\/wp\/v2\/tags?post=72917"}],"curies":[{"name":"wp","href":"https:\/\/api.w.org\/{rel}","templated":true}]}}