{"id":72955,"date":"2013-07-06T06:45:41","date_gmt":"2013-07-06T05:45:41","guid":{"rendered":"http:\/\/www.visit-ulcinj.com\/blog\/?p=72955"},"modified":"2013-07-06T06:54:20","modified_gmt":"2013-07-06T05:54:20","slug":"delegation-aus-montenegro-in-kayl","status":"publish","type":"post","link":"https:\/\/www.visit-ulcinj.com\/blog\/2013\/07\/06\/delegation-aus-montenegro-in-kayl\/","title":{"rendered":"Delegation aus Montenegro in Kayl"},"content":{"rendered":"<p>Vor einem Jahr schloss die Gemeinde Kayl ein Kooperationsabkommen mit der montenegrinischen Stadt Ulcinj ab. Jetzt hielt sich w\u00e4hrend drei Tagen eine Delegation aus Montenegro unter der Leitung von B\u00fcrgermeister Nazif Cungu in Kayl auf, um \u00fcber gemeinsame Projekte zu beraten. Dabei wurde zur\u00fcckbehalten, dass die Schwerpunkte beim Austausch auf den Bereichen Sport und Kultur liegen sollen. Auch im Sozialwesen ist Kayl bereit, Hilfestellung zu geben.<br \/>\n<a href=\"http:\/\/www.visit-ulcinj.com\/blog\/wp-content\/uploads\/2013\/07\/Der-Kayler-Sch\u00f6ffenrat-empfing-die-Delegation-im-Rathaus-1.jpg\"><img loading=\"lazy\" class=\"alignleft  wp-image-72962\" alt=\"Der Kayler Sch\u00f6ffenrat empfing die Delegation im Rathaus-1\" src=\"http:\/\/www.visit-ulcinj.com\/blog\/wp-content\/uploads\/2013\/07\/Der-Kayler-Sch\u00f6ffenrat-empfing-die-Delegation-im-Rathaus-1.jpg\" width=\"508\" height=\"378\" \/><\/a><\/p>\n<p>Der Kayler Sch\u00f6ffenrat empfing die Delegation im Rathaus.<\/p>\n<p>Dass die Kontakte mit Ulcinj hergestellt wurden, kommt nicht von ungef\u00e4hr, denn in Kayl lebt eine relativ gro\u00dfe montenegrinische Gemeinschaft. Montenegro strebt aber auch eine EUMitgliedschaft an. Deshalb sucht das Land Kontakte mit europ\u00e4ischen Gemeinden. Bei ihrem ersten Besuch in Montenegro fiel der Delegation aus Kayl besonders die herrliche Natur auf. Sie stellte aber auch fest, dass es in der Ortschaft eine Reihe von Problemen gibt. Damals wurde beschlossen, der Stadt besonders im Sozialbereich unter die Arme zu greifen.<\/p>\n<div id=\"testArtCol_b\">\n<p>Die Stadt Ulcinj hat knapp \u00fcber 20 000 Einwohner. W\u00e4hrend der Tourismussaison sind in der Ortschaft bis zu 100 000 Menschen. Das hat seinen guten Grund, denn Montenegro ist im Vergleich mit anderen Touristenhochburgen ein relativ g\u00fcnstiges Pflaster. Besonders zahlreich sind die Besucher aus Deutschland. In den Hotels stehen \u00fcber 30 000 Betten zur Verf\u00fcgung. In der Stadt mit dem mediterranen Klima warten auf die Besucher eine unber\u00fchrte Natur und 18,10 Kilometer Sandstr\u00e4nde. In der Ortschaft gibt es auch einen der gr\u00f6\u00dften gesch\u00fctzten Olivenbaumbest\u00e4nde.<\/p>\n<p>Gro\u00dfindustrie gibt es in Ulcinj nicht. Die Haupteinnahmequellen sind der Tourismus, die Landwirtschaft und die Leichtindustrie. Zu den Produkten aus der Region geh\u00f6ren u.a. Oliven, Zitrusfr\u00fcchte und Wein. (rsd)<\/p>\n<p><strong>Guten Morgen, Herr B\u00fcrgermeister<\/strong><\/p>\n<p>Ich \u00fcbermache Ihnen Kopie des Artikels aus der luxemburgischen Zeitung &#8220;tageblatt&#8221; von gestern.<br \/>\nMit vorz\u00fcglichen Gr\u00fcssen,<\/p>\n<p><strong>John Lorent<\/strong><br \/>\n<strong> B\u00fcrgermeister<\/strong><\/p>\n<table cellpadding=\"0\">\n<tbody>\n<tr>\n<td><a href=\"https:\/\/mail.google.com\/mail\/u\/0\/?ui=2&amp;ik=995a46e9ef&amp;view=att&amp;th=13fb128baa2a0cf7&amp;attid=0.1&amp;disp=safe&amp;realattid=d7b3ee732bedf9a3_0.1&amp;zw\" target=\"_blank\"><img alt=\"Document.pdf\" src=\"https:\/\/mail.google.com\/mail\/u\/0\/images\/pdf.gif\" \/><\/a><\/td>\n<td><b>Document.pdf<\/b><br \/>\n341\u00a0Ko<strong>\u00a0\u00a0 <a href=\"https:\/\/docs.google.com\/viewer?a=v&amp;pid=gmail&amp;attid=0.1&amp;thid=13fb128baa2a0cf7&amp;mt=application\/pdf&amp;authuser=0&amp;url=https:\/\/mail.google.com\/mail\/u\/0\/?ui%3D2%26ik%3D995a46e9ef%26view%3Datt%26th%3D13fb128baa2a0cf7%26attid%3D0.1%26disp%3Dsafe%26realattid%3Dd7b3ee732bedf9a3_0.1%26zw&amp;sig=AHIEtbSTelLXgKvFCnErabAmuEUY7vsyJQ\" target=\"_blank\">Afficher<\/a>\u00a0\u00a0 <a href=\"https:\/\/mail.google.com\/mail\/u\/0\/?ui=2&amp;ik=995a46e9ef&amp;view=att&amp;th=13fb128baa2a0cf7&amp;attid=0.1&amp;disp=safe&amp;realattid=d7b3ee732bedf9a3_0.1&amp;zw\">T\u00e9l\u00e9charger<\/a>\u00a0\u00a0<\/strong><\/td>\n<\/tr>\n<\/tbody>\n<\/table>\n<\/div>\n","protected":false},"excerpt":{"rendered":"<p>Vor einem Jahr schloss die Gemeinde Kayl ein Kooperationsabkommen mit der montenegrinischen Stadt Ulcinj ab. Jetzt hielt sich w\u00e4hrend drei Tagen eine Delegation aus Montenegro unter der Leitung von B\u00fcrgermeister Nazif Cungu in Kayl auf, um \u00fcber gemeinsame Projekte zu beraten. Dabei wurde zur\u00fcckbehalten, dass die Schwerpunkte beim Austausch auf den Bereichen Sport und Kultur [&hellip;]<\/p>\n","protected":false},"author":1,"featured_media":0,"comment_status":"closed","ping_status":"closed","sticky":false,"template":"","format":"standard","meta":{"spay_email":"","jetpack_publicize_message":"","jetpack_is_tweetstorm":false,"jetpack_publicize_feature_enabled":true},"categories":[7],"tags":[],"jetpack_publicize_connections":[],"yoast_head":"<!-- This site is optimized with the Yoast SEO plugin v19.1 - https:\/\/yoast.com\/wordpress\/plugins\/seo\/ -->\n<title>Delegation aus Montenegro in Kayl - Lajme nga Ulqini<\/title>\n<meta name=\"description\" content=\"Vor einem Jahr schloss die Gemeinde Kayl ein Kooperationsabkommen mit der montenegrinischen Stadt Ulcinj ab. Jetzt hielt sich w\u00e4hrend drei Tagen eine\" \/>\n<meta name=\"robots\" content=\"index, follow, max-snippet:-1, max-image-preview:large, max-video-preview:-1\" \/>\n<link rel=\"canonical\" href=\"https:\/\/www.visit-ulcinj.com\/blog\/2013\/07\/06\/delegation-aus-montenegro-in-kayl\/\" \/>\n<meta property=\"og:locale\" content=\"en_US\" \/>\n<meta property=\"og:type\" content=\"article\" \/>\n<meta property=\"og:title\" content=\"Delegation aus Montenegro in Kayl - Lajme nga Ulqini\" \/>\n<meta property=\"og:description\" content=\"Vor einem Jahr schloss die Gemeinde Kayl ein Kooperationsabkommen mit der montenegrinischen Stadt Ulcinj ab. Jetzt hielt sich w\u00e4hrend drei Tagen eine\" \/>\n<meta property=\"og:url\" content=\"https:\/\/www.visit-ulcinj.com\/blog\/2013\/07\/06\/delegation-aus-montenegro-in-kayl\/\" \/>\n<meta property=\"og:site_name\" content=\"Lajme nga Ulqini\" \/>\n<meta property=\"article:published_time\" content=\"2013-07-06T05:45:41+00:00\" \/>\n<meta property=\"article:modified_time\" content=\"2013-07-06T05:54:20+00:00\" \/>\n<meta property=\"og:image\" content=\"https:\/\/mail.google.com\/mail\/u\/0\/images\/pdf.gif\" \/>\n<meta name=\"twitter:label1\" content=\"Written by\" \/>\n\t<meta name=\"twitter:data1\" content=\"ulqini\" \/>\n\t<meta name=\"twitter:label2\" content=\"Est. reading time\" \/>\n\t<meta name=\"twitter:data2\" content=\"2 minutes\" \/>\n<script type=\"application\/ld+json\" class=\"yoast-schema-graph\">{\"@context\":\"https:\/\/schema.org\",\"@graph\":[{\"@type\":\"WebSite\",\"@id\":\"https:\/\/www.visit-ulcinj.com\/blog\/#website\",\"url\":\"https:\/\/www.visit-ulcinj.com\/blog\/\",\"name\":\"Lajme nga Ulqini\",\"description\":\"Lajme,Vijesti,Ulqini,Ulqin,Crna Gora,Mali i Zi\",\"potentialAction\":[{\"@type\":\"SearchAction\",\"target\":{\"@type\":\"EntryPoint\",\"urlTemplate\":\"https:\/\/www.visit-ulcinj.com\/blog\/?s={search_term_string}\"},\"query-input\":\"required name=search_term_string\"}],\"inLanguage\":\"en-US\"},{\"@type\":\"ImageObject\",\"inLanguage\":\"en-US\",\"@id\":\"https:\/\/www.visit-ulcinj.com\/blog\/2013\/07\/06\/delegation-aus-montenegro-in-kayl\/#primaryimage\",\"url\":\"https:\/\/mail.google.com\/mail\/u\/0\/images\/pdf.gif\",\"contentUrl\":\"https:\/\/mail.google.com\/mail\/u\/0\/images\/pdf.gif\"},{\"@type\":\"WebPage\",\"@id\":\"https:\/\/www.visit-ulcinj.com\/blog\/2013\/07\/06\/delegation-aus-montenegro-in-kayl\/#webpage\",\"url\":\"https:\/\/www.visit-ulcinj.com\/blog\/2013\/07\/06\/delegation-aus-montenegro-in-kayl\/\",\"name\":\"Delegation aus Montenegro in Kayl - Lajme nga Ulqini\",\"isPartOf\":{\"@id\":\"https:\/\/www.visit-ulcinj.com\/blog\/#website\"},\"primaryImageOfPage\":{\"@id\":\"https:\/\/www.visit-ulcinj.com\/blog\/2013\/07\/06\/delegation-aus-montenegro-in-kayl\/#primaryimage\"},\"datePublished\":\"2013-07-06T05:45:41+00:00\",\"dateModified\":\"2013-07-06T05:54:20+00:00\",\"author\":{\"@id\":\"https:\/\/www.visit-ulcinj.com\/blog\/#\/schema\/person\/dcab619c614d3038751c63bc2aadc06d\"},\"description\":\"Vor einem Jahr schloss die Gemeinde Kayl ein Kooperationsabkommen mit der montenegrinischen Stadt Ulcinj ab. Jetzt hielt sich w\u00e4hrend drei Tagen eine\",\"breadcrumb\":{\"@id\":\"https:\/\/www.visit-ulcinj.com\/blog\/2013\/07\/06\/delegation-aus-montenegro-in-kayl\/#breadcrumb\"},\"inLanguage\":\"en-US\",\"potentialAction\":[{\"@type\":\"ReadAction\",\"target\":[\"https:\/\/www.visit-ulcinj.com\/blog\/2013\/07\/06\/delegation-aus-montenegro-in-kayl\/\"]}]},{\"@type\":\"BreadcrumbList\",\"@id\":\"https:\/\/www.visit-ulcinj.com\/blog\/2013\/07\/06\/delegation-aus-montenegro-in-kayl\/#breadcrumb\",\"itemListElement\":[{\"@type\":\"ListItem\",\"position\":1,\"name\":\"Delegation aus Montenegro in Kayl\"}]},{\"@type\":\"Person\",\"@id\":\"https:\/\/www.visit-ulcinj.com\/blog\/#\/schema\/person\/dcab619c614d3038751c63bc2aadc06d\",\"name\":\"ulqini\",\"sameAs\":[\"http:\/\/www.visit-ulcinj.com\"],\"url\":\"https:\/\/www.visit-ulcinj.com\/blog\/author\/admin\/\"}]}<\/script>\n<!-- \/ Yoast SEO plugin. -->","yoast_head_json":{"title":"Delegation aus Montenegro in Kayl - Lajme nga Ulqini","description":"Vor einem Jahr schloss die Gemeinde Kayl ein Kooperationsabkommen mit der montenegrinischen Stadt Ulcinj ab. Jetzt hielt sich w\u00e4hrend drei Tagen eine","robots":{"index":"index","follow":"follow","max-snippet":"max-snippet:-1","max-image-preview":"max-image-preview:large","max-video-preview":"max-video-preview:-1"},"canonical":"https:\/\/www.visit-ulcinj.com\/blog\/2013\/07\/06\/delegation-aus-montenegro-in-kayl\/","og_locale":"en_US","og_type":"article","og_title":"Delegation aus Montenegro in Kayl - Lajme nga Ulqini","og_description":"Vor einem Jahr schloss die Gemeinde Kayl ein Kooperationsabkommen mit der montenegrinischen Stadt Ulcinj ab. Jetzt hielt sich w\u00e4hrend drei Tagen eine","og_url":"https:\/\/www.visit-ulcinj.com\/blog\/2013\/07\/06\/delegation-aus-montenegro-in-kayl\/","og_site_name":"Lajme nga Ulqini","article_published_time":"2013-07-06T05:45:41+00:00","article_modified_time":"2013-07-06T05:54:20+00:00","og_image":[{"url":"https:\/\/mail.google.com\/mail\/u\/0\/images\/pdf.gif"}],"twitter_misc":{"Written by":"ulqini","Est. reading time":"2 minutes"},"schema":{"@context":"https:\/\/schema.org","@graph":[{"@type":"WebSite","@id":"https:\/\/www.visit-ulcinj.com\/blog\/#website","url":"https:\/\/www.visit-ulcinj.com\/blog\/","name":"Lajme nga Ulqini","description":"Lajme,Vijesti,Ulqini,Ulqin,Crna Gora,Mali i Zi","potentialAction":[{"@type":"SearchAction","target":{"@type":"EntryPoint","urlTemplate":"https:\/\/www.visit-ulcinj.com\/blog\/?s={search_term_string}"},"query-input":"required name=search_term_string"}],"inLanguage":"en-US"},{"@type":"ImageObject","inLanguage":"en-US","@id":"https:\/\/www.visit-ulcinj.com\/blog\/2013\/07\/06\/delegation-aus-montenegro-in-kayl\/#primaryimage","url":"https:\/\/mail.google.com\/mail\/u\/0\/images\/pdf.gif","contentUrl":"https:\/\/mail.google.com\/mail\/u\/0\/images\/pdf.gif"},{"@type":"WebPage","@id":"https:\/\/www.visit-ulcinj.com\/blog\/2013\/07\/06\/delegation-aus-montenegro-in-kayl\/#webpage","url":"https:\/\/www.visit-ulcinj.com\/blog\/2013\/07\/06\/delegation-aus-montenegro-in-kayl\/","name":"Delegation aus Montenegro in Kayl - Lajme nga Ulqini","isPartOf":{"@id":"https:\/\/www.visit-ulcinj.com\/blog\/#website"},"primaryImageOfPage":{"@id":"https:\/\/www.visit-ulcinj.com\/blog\/2013\/07\/06\/delegation-aus-montenegro-in-kayl\/#primaryimage"},"datePublished":"2013-07-06T05:45:41+00:00","dateModified":"2013-07-06T05:54:20+00:00","author":{"@id":"https:\/\/www.visit-ulcinj.com\/blog\/#\/schema\/person\/dcab619c614d3038751c63bc2aadc06d"},"description":"Vor einem Jahr schloss die Gemeinde Kayl ein Kooperationsabkommen mit der montenegrinischen Stadt Ulcinj ab. Jetzt hielt sich w\u00e4hrend drei Tagen eine","breadcrumb":{"@id":"https:\/\/www.visit-ulcinj.com\/blog\/2013\/07\/06\/delegation-aus-montenegro-in-kayl\/#breadcrumb"},"inLanguage":"en-US","potentialAction":[{"@type":"ReadAction","target":["https:\/\/www.visit-ulcinj.com\/blog\/2013\/07\/06\/delegation-aus-montenegro-in-kayl\/"]}]},{"@type":"BreadcrumbList","@id":"https:\/\/www.visit-ulcinj.com\/blog\/2013\/07\/06\/delegation-aus-montenegro-in-kayl\/#breadcrumb","itemListElement":[{"@type":"ListItem","position":1,"name":"Delegation aus Montenegro in Kayl"}]},{"@type":"Person","@id":"https:\/\/www.visit-ulcinj.com\/blog\/#\/schema\/person\/dcab619c614d3038751c63bc2aadc06d","name":"ulqini","sameAs":["http:\/\/www.visit-ulcinj.com"],"url":"https:\/\/www.visit-ulcinj.com\/blog\/author\/admin\/"}]}},"jetpack_featured_media_url":"","jetpack_sharing_enabled":true,"jetpack_shortlink":"https:\/\/wp.me\/pe6lTn-iYH","_links":{"self":[{"href":"https:\/\/www.visit-ulcinj.com\/blog\/wp-json\/wp\/v2\/posts\/72955"}],"collection":[{"href":"https:\/\/www.visit-ulcinj.com\/blog\/wp-json\/wp\/v2\/posts"}],"about":[{"href":"https:\/\/www.visit-ulcinj.com\/blog\/wp-json\/wp\/v2\/types\/post"}],"author":[{"embeddable":true,"href":"https:\/\/www.visit-ulcinj.com\/blog\/wp-json\/wp\/v2\/users\/1"}],"replies":[{"embeddable":true,"href":"https:\/\/www.visit-ulcinj.com\/blog\/wp-json\/wp\/v2\/comments?post=72955"}],"version-history":[{"count":2,"href":"https:\/\/www.visit-ulcinj.com\/blog\/wp-json\/wp\/v2\/posts\/72955\/revisions"}],"predecessor-version":[{"id":72963,"href":"https:\/\/www.visit-ulcinj.com\/blog\/wp-json\/wp\/v2\/posts\/72955\/revisions\/72963"}],"wp:attachment":[{"href":"https:\/\/www.visit-ulcinj.com\/blog\/wp-json\/wp\/v2\/media?parent=72955"}],"wp:term":[{"taxonomy":"category","embeddable":true,"href":"https:\/\/www.visit-ulcinj.com\/blog\/wp-json\/wp\/v2\/categories?post=72955"},{"taxonomy":"post_tag","embeddable":true,"href":"https:\/\/www.visit-ulcinj.com\/blog\/wp-json\/wp\/v2\/tags?post=72955"}],"curies":[{"name":"wp","href":"https:\/\/api.w.org\/{rel}","templated":true}]}}