{"id":72958,"date":"2013-07-06T06:49:13","date_gmt":"2013-07-06T05:49:13","guid":{"rendered":"http:\/\/www.visit-ulcinj.com\/blog\/?p=72958"},"modified":"2013-07-06T06:50:07","modified_gmt":"2013-07-06T05:50:07","slug":"vijesti-vatrogasno-ulcinj","status":"publish","type":"post","link":"https:\/\/www.visit-ulcinj.com\/blog\/2013\/07\/06\/vijesti-vatrogasno-ulcinj\/","title":{"rendered":"Vijesti Vatrogasno Ulcinj"},"content":{"rendered":"<p><a href=\"http:\/\/www.visit-ulcinj.com\/blog\/wp-content\/uploads\/2013\/07\/Vatrogasno-Ulcinj.jpg\"><img loading=\"lazy\" class=\"alignleft  wp-image-72959\" alt=\"Vatrogasno Ulcinj\" src=\"http:\/\/www.visit-ulcinj.com\/blog\/wp-content\/uploads\/2013\/07\/Vatrogasno-Ulcinj.jpg\" width=\"508\" height=\"400\" \/><\/a>U popodnevnim \u010dasovima prilikom spa\u0161avanja dva radnika dr\u017eavljanina Srbije zadobili trovanje i vatrogasci-spasioci koji su zavr\u0161ili u hitnoj slu\u017ebi.<br \/>\nOko 18h dobili poziv od strane mje\u0161tana Kru\u010da da su ostali zaglavljeni u cistijerni dva radnika. Na licu mjesta odmah se uputila ekipa od pet spasioca.<br \/>\nRadnici koji radili izolaciju cistijerne bez za\u0161titne opreme zadobili jako trovanje i bili u bezsvijesnom stanju, ali su davali znakove \u017eivota.<\/p>\n<p>Izvla\u010denje bilo jako ote\u017eano zbog uskog otvora u samu cistijernu i zbog velike koncentracije otrova, posle ukazane prve pomo\u0107i od strane spasioca i medicinskog osoblja hitne slu\u017ebe doma zdravlja Ulcinj radnici transportovani na dalje lje\u010denju u op\u0161tu bolnicu Bar.<br \/>\nPrilikom pru\u017eanja prve pomo\u0107i radnicima u cistijerni lak\u0161e trovanje zadobili i dva vatrogasca spasioca koji su morali da zatra\u017ee pomo\u0107 u hitnoj slu\u017ebi.<\/p>\n<p><a href=\"https:\/\/www.facebook.com\/vatrogasno.ulcinj?hc_location=timeline\" target=\"_blank\"><strong>Vatrogasno Ulcinj Facebook<\/strong><\/a><\/p>\n","protected":false},"excerpt":{"rendered":"<p>U popodnevnim \u010dasovima prilikom spa\u0161avanja dva radnika dr\u017eavljanina Srbije zadobili trovanje i vatrogasci-spasioci koji su zavr\u0161ili u hitnoj slu\u017ebi. Oko 18h dobili poziv od strane mje\u0161tana Kru\u010da da su ostali zaglavljeni u cistijerni dva radnika. Na licu mjesta odmah se uputila ekipa od pet spasioca. Radnici koji radili izolaciju cistijerne bez za\u0161titne opreme zadobili jako [&hellip;]<\/p>\n","protected":false},"author":1,"featured_media":0,"comment_status":"closed","ping_status":"closed","sticky":false,"template":"","format":"standard","meta":{"spay_email":"","jetpack_publicize_message":"","jetpack_is_tweetstorm":false,"jetpack_publicize_feature_enabled":true},"categories":[8337],"tags":[],"jetpack_publicize_connections":[],"yoast_head":"<!-- This site is optimized with the Yoast SEO plugin v19.1 - https:\/\/yoast.com\/wordpress\/plugins\/seo\/ -->\n<title>Vijesti Vatrogasno Ulcinj - Lajme nga Ulqini<\/title>\n<meta name=\"description\" content=\"U popodnevnim \u010dasovima prilikom spa\u0161avanja dva radnika dr\u017eavljanina Srbije zadobili trovanje i vatrogasci-spasioci koji su zavr\u0161ili u hitnoj slu\u017ebi. Oko\" \/>\n<meta name=\"robots\" content=\"index, follow, max-snippet:-1, max-image-preview:large, max-video-preview:-1\" \/>\n<link rel=\"canonical\" href=\"https:\/\/www.visit-ulcinj.com\/blog\/2013\/07\/06\/vijesti-vatrogasno-ulcinj\/\" \/>\n<meta property=\"og:locale\" content=\"en_US\" \/>\n<meta property=\"og:type\" content=\"article\" \/>\n<meta property=\"og:title\" content=\"Vijesti Vatrogasno Ulcinj - Lajme nga Ulqini\" \/>\n<meta property=\"og:description\" content=\"U popodnevnim \u010dasovima prilikom spa\u0161avanja dva radnika dr\u017eavljanina Srbije zadobili trovanje i vatrogasci-spasioci koji su zavr\u0161ili u hitnoj slu\u017ebi. Oko\" \/>\n<meta property=\"og:url\" content=\"https:\/\/www.visit-ulcinj.com\/blog\/2013\/07\/06\/vijesti-vatrogasno-ulcinj\/\" \/>\n<meta property=\"og:site_name\" content=\"Lajme nga Ulqini\" \/>\n<meta property=\"article:published_time\" content=\"2013-07-06T05:49:13+00:00\" \/>\n<meta property=\"article:modified_time\" content=\"2013-07-06T05:50:07+00:00\" \/>\n<meta property=\"og:image\" content=\"http:\/\/www.visit-ulcinj.com\/blog\/wp-content\/uploads\/2013\/07\/Vatrogasno-Ulcinj.jpg\" \/>\n<meta name=\"twitter:label1\" content=\"Written by\" \/>\n\t<meta name=\"twitter:data1\" content=\"ulqini\" \/>\n\t<meta name=\"twitter:label2\" content=\"Est. reading time\" \/>\n\t<meta name=\"twitter:data2\" content=\"1 minute\" \/>\n<script type=\"application\/ld+json\" class=\"yoast-schema-graph\">{\"@context\":\"https:\/\/schema.org\",\"@graph\":[{\"@type\":\"WebSite\",\"@id\":\"https:\/\/www.visit-ulcinj.com\/blog\/#website\",\"url\":\"https:\/\/www.visit-ulcinj.com\/blog\/\",\"name\":\"Lajme nga Ulqini\",\"description\":\"Lajme,Vijesti,Ulqini,Ulqin,Crna Gora,Mali i Zi\",\"potentialAction\":[{\"@type\":\"SearchAction\",\"target\":{\"@type\":\"EntryPoint\",\"urlTemplate\":\"https:\/\/www.visit-ulcinj.com\/blog\/?s={search_term_string}\"},\"query-input\":\"required name=search_term_string\"}],\"inLanguage\":\"en-US\"},{\"@type\":\"ImageObject\",\"inLanguage\":\"en-US\",\"@id\":\"https:\/\/www.visit-ulcinj.com\/blog\/2013\/07\/06\/vijesti-vatrogasno-ulcinj\/#primaryimage\",\"url\":\"https:\/\/www.visit-ulcinj.com\/blog\/wp-content\/uploads\/2013\/07\/Vatrogasno-Ulcinj.jpg\",\"contentUrl\":\"https:\/\/www.visit-ulcinj.com\/blog\/wp-content\/uploads\/2013\/07\/Vatrogasno-Ulcinj.jpg\",\"width\":881,\"height\":881},{\"@type\":\"WebPage\",\"@id\":\"https:\/\/www.visit-ulcinj.com\/blog\/2013\/07\/06\/vijesti-vatrogasno-ulcinj\/#webpage\",\"url\":\"https:\/\/www.visit-ulcinj.com\/blog\/2013\/07\/06\/vijesti-vatrogasno-ulcinj\/\",\"name\":\"Vijesti Vatrogasno Ulcinj - Lajme nga Ulqini\",\"isPartOf\":{\"@id\":\"https:\/\/www.visit-ulcinj.com\/blog\/#website\"},\"primaryImageOfPage\":{\"@id\":\"https:\/\/www.visit-ulcinj.com\/blog\/2013\/07\/06\/vijesti-vatrogasno-ulcinj\/#primaryimage\"},\"datePublished\":\"2013-07-06T05:49:13+00:00\",\"dateModified\":\"2013-07-06T05:50:07+00:00\",\"author\":{\"@id\":\"https:\/\/www.visit-ulcinj.com\/blog\/#\/schema\/person\/dcab619c614d3038751c63bc2aadc06d\"},\"description\":\"U popodnevnim \u010dasovima prilikom spa\u0161avanja dva radnika dr\u017eavljanina Srbije zadobili trovanje i vatrogasci-spasioci koji su zavr\u0161ili u hitnoj slu\u017ebi. Oko\",\"breadcrumb\":{\"@id\":\"https:\/\/www.visit-ulcinj.com\/blog\/2013\/07\/06\/vijesti-vatrogasno-ulcinj\/#breadcrumb\"},\"inLanguage\":\"en-US\",\"potentialAction\":[{\"@type\":\"ReadAction\",\"target\":[\"https:\/\/www.visit-ulcinj.com\/blog\/2013\/07\/06\/vijesti-vatrogasno-ulcinj\/\"]}]},{\"@type\":\"BreadcrumbList\",\"@id\":\"https:\/\/www.visit-ulcinj.com\/blog\/2013\/07\/06\/vijesti-vatrogasno-ulcinj\/#breadcrumb\",\"itemListElement\":[{\"@type\":\"ListItem\",\"position\":1,\"name\":\"Vijesti Vatrogasno Ulcinj\"}]},{\"@type\":\"Person\",\"@id\":\"https:\/\/www.visit-ulcinj.com\/blog\/#\/schema\/person\/dcab619c614d3038751c63bc2aadc06d\",\"name\":\"ulqini\",\"sameAs\":[\"http:\/\/www.visit-ulcinj.com\"],\"url\":\"https:\/\/www.visit-ulcinj.com\/blog\/author\/admin\/\"}]}<\/script>\n<!-- \/ Yoast SEO plugin. -->","yoast_head_json":{"title":"Vijesti Vatrogasno Ulcinj - Lajme nga Ulqini","description":"U popodnevnim \u010dasovima prilikom spa\u0161avanja dva radnika dr\u017eavljanina Srbije zadobili trovanje i vatrogasci-spasioci koji su zavr\u0161ili u hitnoj slu\u017ebi. Oko","robots":{"index":"index","follow":"follow","max-snippet":"max-snippet:-1","max-image-preview":"max-image-preview:large","max-video-preview":"max-video-preview:-1"},"canonical":"https:\/\/www.visit-ulcinj.com\/blog\/2013\/07\/06\/vijesti-vatrogasno-ulcinj\/","og_locale":"en_US","og_type":"article","og_title":"Vijesti Vatrogasno Ulcinj - Lajme nga Ulqini","og_description":"U popodnevnim \u010dasovima prilikom spa\u0161avanja dva radnika dr\u017eavljanina Srbije zadobili trovanje i vatrogasci-spasioci koji su zavr\u0161ili u hitnoj slu\u017ebi. Oko","og_url":"https:\/\/www.visit-ulcinj.com\/blog\/2013\/07\/06\/vijesti-vatrogasno-ulcinj\/","og_site_name":"Lajme nga Ulqini","article_published_time":"2013-07-06T05:49:13+00:00","article_modified_time":"2013-07-06T05:50:07+00:00","og_image":[{"url":"http:\/\/www.visit-ulcinj.com\/blog\/wp-content\/uploads\/2013\/07\/Vatrogasno-Ulcinj.jpg"}],"twitter_misc":{"Written by":"ulqini","Est. reading time":"1 minute"},"schema":{"@context":"https:\/\/schema.org","@graph":[{"@type":"WebSite","@id":"https:\/\/www.visit-ulcinj.com\/blog\/#website","url":"https:\/\/www.visit-ulcinj.com\/blog\/","name":"Lajme nga Ulqini","description":"Lajme,Vijesti,Ulqini,Ulqin,Crna Gora,Mali i Zi","potentialAction":[{"@type":"SearchAction","target":{"@type":"EntryPoint","urlTemplate":"https:\/\/www.visit-ulcinj.com\/blog\/?s={search_term_string}"},"query-input":"required name=search_term_string"}],"inLanguage":"en-US"},{"@type":"ImageObject","inLanguage":"en-US","@id":"https:\/\/www.visit-ulcinj.com\/blog\/2013\/07\/06\/vijesti-vatrogasno-ulcinj\/#primaryimage","url":"https:\/\/www.visit-ulcinj.com\/blog\/wp-content\/uploads\/2013\/07\/Vatrogasno-Ulcinj.jpg","contentUrl":"https:\/\/www.visit-ulcinj.com\/blog\/wp-content\/uploads\/2013\/07\/Vatrogasno-Ulcinj.jpg","width":881,"height":881},{"@type":"WebPage","@id":"https:\/\/www.visit-ulcinj.com\/blog\/2013\/07\/06\/vijesti-vatrogasno-ulcinj\/#webpage","url":"https:\/\/www.visit-ulcinj.com\/blog\/2013\/07\/06\/vijesti-vatrogasno-ulcinj\/","name":"Vijesti Vatrogasno Ulcinj - Lajme nga Ulqini","isPartOf":{"@id":"https:\/\/www.visit-ulcinj.com\/blog\/#website"},"primaryImageOfPage":{"@id":"https:\/\/www.visit-ulcinj.com\/blog\/2013\/07\/06\/vijesti-vatrogasno-ulcinj\/#primaryimage"},"datePublished":"2013-07-06T05:49:13+00:00","dateModified":"2013-07-06T05:50:07+00:00","author":{"@id":"https:\/\/www.visit-ulcinj.com\/blog\/#\/schema\/person\/dcab619c614d3038751c63bc2aadc06d"},"description":"U popodnevnim \u010dasovima prilikom spa\u0161avanja dva radnika dr\u017eavljanina Srbije zadobili trovanje i vatrogasci-spasioci koji su zavr\u0161ili u hitnoj slu\u017ebi. Oko","breadcrumb":{"@id":"https:\/\/www.visit-ulcinj.com\/blog\/2013\/07\/06\/vijesti-vatrogasno-ulcinj\/#breadcrumb"},"inLanguage":"en-US","potentialAction":[{"@type":"ReadAction","target":["https:\/\/www.visit-ulcinj.com\/blog\/2013\/07\/06\/vijesti-vatrogasno-ulcinj\/"]}]},{"@type":"BreadcrumbList","@id":"https:\/\/www.visit-ulcinj.com\/blog\/2013\/07\/06\/vijesti-vatrogasno-ulcinj\/#breadcrumb","itemListElement":[{"@type":"ListItem","position":1,"name":"Vijesti Vatrogasno Ulcinj"}]},{"@type":"Person","@id":"https:\/\/www.visit-ulcinj.com\/blog\/#\/schema\/person\/dcab619c614d3038751c63bc2aadc06d","name":"ulqini","sameAs":["http:\/\/www.visit-ulcinj.com"],"url":"https:\/\/www.visit-ulcinj.com\/blog\/author\/admin\/"}]}},"jetpack_featured_media_url":"","jetpack_sharing_enabled":true,"jetpack_shortlink":"https:\/\/wp.me\/pe6lTn-iYK","_links":{"self":[{"href":"https:\/\/www.visit-ulcinj.com\/blog\/wp-json\/wp\/v2\/posts\/72958"}],"collection":[{"href":"https:\/\/www.visit-ulcinj.com\/blog\/wp-json\/wp\/v2\/posts"}],"about":[{"href":"https:\/\/www.visit-ulcinj.com\/blog\/wp-json\/wp\/v2\/types\/post"}],"author":[{"embeddable":true,"href":"https:\/\/www.visit-ulcinj.com\/blog\/wp-json\/wp\/v2\/users\/1"}],"replies":[{"embeddable":true,"href":"https:\/\/www.visit-ulcinj.com\/blog\/wp-json\/wp\/v2\/comments?post=72958"}],"version-history":[{"count":2,"href":"https:\/\/www.visit-ulcinj.com\/blog\/wp-json\/wp\/v2\/posts\/72958\/revisions"}],"predecessor-version":[{"id":72961,"href":"https:\/\/www.visit-ulcinj.com\/blog\/wp-json\/wp\/v2\/posts\/72958\/revisions\/72961"}],"wp:attachment":[{"href":"https:\/\/www.visit-ulcinj.com\/blog\/wp-json\/wp\/v2\/media?parent=72958"}],"wp:term":[{"taxonomy":"category","embeddable":true,"href":"https:\/\/www.visit-ulcinj.com\/blog\/wp-json\/wp\/v2\/categories?post=72958"},{"taxonomy":"post_tag","embeddable":true,"href":"https:\/\/www.visit-ulcinj.com\/blog\/wp-json\/wp\/v2\/tags?post=72958"}],"curies":[{"name":"wp","href":"https:\/\/api.w.org\/{rel}","templated":true}]}}