{"id":72965,"date":"2013-07-06T07:26:13","date_gmt":"2013-07-06T06:26:13","guid":{"rendered":"http:\/\/www.visit-ulcinj.com\/blog\/?p=72965"},"modified":"2013-07-08T07:24:27","modified_gmt":"2013-07-08T06:24:27","slug":"u-helmuan-gjat-intervenimit-dy-zjarrfikes-te-ulqinit","status":"publish","type":"post","link":"https:\/\/www.visit-ulcinj.com\/blog\/2013\/07\/06\/u-helmuan-gjat-intervenimit-dy-zjarrfikes-te-ulqinit\/","title":{"rendered":"U helmuan gjat intervenimit dy zjarrfik\u00ebs t\u00eb Ulqinit"},"content":{"rendered":"<p><a href=\"http:\/\/www.visit-ulcinj.com\/blog\/wp-content\/uploads\/2013\/07\/Zjarrfik\u00ebsit-e-Ulqinit-ne-intervenim.jpg\"><img loading=\"lazy\" class=\"alignleft  wp-image-72966\" alt=\"Zjarrfik\u00ebsit e Ulqinit ne intervenim\" src=\"http:\/\/www.visit-ulcinj.com\/blog\/wp-content\/uploads\/2013\/07\/Zjarrfik\u00ebsit-e-Ulqinit-ne-intervenim.jpg\" width=\"508\" height=\"360\" \/><\/a>Gjat\u00eb intervenimit t\u00eb Sh\u00ebrbimit t\u00eb Mbrojtjes dhe Shp\u00ebtimit n\u00eb lokalitetin e Kru\u00e7it dje duke shp\u00ebtuar dy puntor\u00eb nga Serbia q\u00eb ishin duke pastruar nj\u00eb cistern\u00eb, u helmuan leht\u00eb dhe dy zjarrfik\u00ebs t\u00eb Ulqinit, t\u00eb cil\u00ebt p\u00ebrfunduan n\u00eb Urgjenc\u00eb.<\/p>\n<p>Me thirrjen e vendasve t\u00eb Kru\u00e7it, Sh\u00ebrbimi i Mbrojtjes dhe Shp\u00ebtimit nga Ulqini menj\u00ebher\u00eb shkuan n\u00eb vendngjarje.<br \/>\nNdihma e par\u00eb u dha dy shtetas\u00ebve Serb nga stafi mjek\u00ebsor t\u00eb Urgjenc\u00ebs t\u00eb Sht\u00ebpis\u00eb s\u00eb sh\u00ebndetit n\u00eb Ulqin ku pastaj jan\u00eb d\u00ebrguar p\u00ebr mjekim t\u00eb m\u00ebtejsh\u00ebm n\u00eb Spitalin e p\u00ebrgjithsh\u00ebm n\u00eb Tivar.<\/p>\n<p><strong>Sh\u00ebrbimi Mbrojtjes dhe Shp\u00ebtimit Ulqin<\/strong><\/p>\n","protected":false},"excerpt":{"rendered":"<p>Gjat\u00eb intervenimit t\u00eb Sh\u00ebrbimit t\u00eb Mbrojtjes dhe Shp\u00ebtimit n\u00eb lokalitetin e Kru\u00e7it dje duke shp\u00ebtuar dy puntor\u00eb nga Serbia q\u00eb ishin duke pastruar nj\u00eb cistern\u00eb, u helmuan leht\u00eb dhe dy zjarrfik\u00ebs t\u00eb Ulqinit, t\u00eb cil\u00ebt p\u00ebrfunduan n\u00eb Urgjenc\u00eb. Me thirrjen e vendasve t\u00eb Kru\u00e7it, Sh\u00ebrbimi i Mbrojtjes dhe Shp\u00ebtimit nga Ulqini menj\u00ebher\u00eb shkuan n\u00eb vendngjarje. [&hellip;]<\/p>\n","protected":false},"author":1,"featured_media":0,"comment_status":"closed","ping_status":"closed","sticky":false,"template":"","format":"standard","meta":{"spay_email":"","jetpack_publicize_message":"","jetpack_is_tweetstorm":false,"jetpack_publicize_feature_enabled":true},"categories":[1,11],"tags":[],"jetpack_publicize_connections":[],"yoast_head":"<!-- This site is optimized with the Yoast SEO plugin v19.1 - https:\/\/yoast.com\/wordpress\/plugins\/seo\/ -->\n<title>U helmuan gjat intervenimit dy zjarrfik\u00ebs t\u00eb Ulqinit - Lajme nga Ulqini<\/title>\n<meta name=\"description\" content=\"Gjat\u00eb intervenimit t\u00eb Sh\u00ebrbimit t\u00eb Mbrojtjes dhe Shp\u00ebtimit n\u00eb lokalitetin e Kru\u00e7it dje duke shp\u00ebtuar dy puntor\u00eb nga Serbia q\u00eb ishin duke pastruar nj\u00eb\" \/>\n<meta name=\"robots\" content=\"index, follow, max-snippet:-1, max-image-preview:large, max-video-preview:-1\" \/>\n<link rel=\"canonical\" href=\"https:\/\/www.visit-ulcinj.com\/blog\/2013\/07\/06\/u-helmuan-gjat-intervenimit-dy-zjarrfikes-te-ulqinit\/\" \/>\n<meta property=\"og:locale\" content=\"en_US\" \/>\n<meta property=\"og:type\" content=\"article\" \/>\n<meta property=\"og:title\" content=\"U helmuan gjat intervenimit dy zjarrfik\u00ebs t\u00eb Ulqinit - Lajme nga Ulqini\" \/>\n<meta property=\"og:description\" content=\"Gjat\u00eb intervenimit t\u00eb Sh\u00ebrbimit t\u00eb Mbrojtjes dhe Shp\u00ebtimit n\u00eb lokalitetin e Kru\u00e7it dje duke shp\u00ebtuar dy puntor\u00eb nga Serbia q\u00eb ishin duke pastruar nj\u00eb\" \/>\n<meta property=\"og:url\" content=\"https:\/\/www.visit-ulcinj.com\/blog\/2013\/07\/06\/u-helmuan-gjat-intervenimit-dy-zjarrfikes-te-ulqinit\/\" \/>\n<meta property=\"og:site_name\" content=\"Lajme nga Ulqini\" \/>\n<meta property=\"article:published_time\" content=\"2013-07-06T06:26:13+00:00\" \/>\n<meta property=\"article:modified_time\" content=\"2013-07-08T06:24:27+00:00\" \/>\n<meta name=\"twitter:label1\" content=\"Written by\" \/>\n\t<meta name=\"twitter:data1\" content=\"ulqini\" \/>\n\t<meta name=\"twitter:label2\" content=\"Est. reading time\" \/>\n\t<meta name=\"twitter:data2\" content=\"1 minute\" \/>\n<script type=\"application\/ld+json\" class=\"yoast-schema-graph\">{\"@context\":\"https:\/\/schema.org\",\"@graph\":[{\"@type\":\"WebSite\",\"@id\":\"https:\/\/www.visit-ulcinj.com\/blog\/#website\",\"url\":\"https:\/\/www.visit-ulcinj.com\/blog\/\",\"name\":\"Lajme nga Ulqini\",\"description\":\"Lajme,Vijesti,Ulqini,Ulqin,Crna Gora,Mali i Zi\",\"potentialAction\":[{\"@type\":\"SearchAction\",\"target\":{\"@type\":\"EntryPoint\",\"urlTemplate\":\"https:\/\/www.visit-ulcinj.com\/blog\/?s={search_term_string}\"},\"query-input\":\"required name=search_term_string\"}],\"inLanguage\":\"en-US\"},{\"@type\":\"WebPage\",\"@id\":\"https:\/\/www.visit-ulcinj.com\/blog\/2013\/07\/06\/u-helmuan-gjat-intervenimit-dy-zjarrfikes-te-ulqinit\/#webpage\",\"url\":\"https:\/\/www.visit-ulcinj.com\/blog\/2013\/07\/06\/u-helmuan-gjat-intervenimit-dy-zjarrfikes-te-ulqinit\/\",\"name\":\"U helmuan gjat intervenimit dy zjarrfik\u00ebs t\u00eb Ulqinit - Lajme nga Ulqini\",\"isPartOf\":{\"@id\":\"https:\/\/www.visit-ulcinj.com\/blog\/#website\"},\"datePublished\":\"2013-07-06T06:26:13+00:00\",\"dateModified\":\"2013-07-08T06:24:27+00:00\",\"author\":{\"@id\":\"https:\/\/www.visit-ulcinj.com\/blog\/#\/schema\/person\/dcab619c614d3038751c63bc2aadc06d\"},\"description\":\"Gjat\u00eb intervenimit t\u00eb Sh\u00ebrbimit t\u00eb Mbrojtjes dhe Shp\u00ebtimit n\u00eb lokalitetin e Kru\u00e7it dje duke shp\u00ebtuar dy puntor\u00eb nga Serbia q\u00eb ishin duke pastruar nj\u00eb\",\"breadcrumb\":{\"@id\":\"https:\/\/www.visit-ulcinj.com\/blog\/2013\/07\/06\/u-helmuan-gjat-intervenimit-dy-zjarrfikes-te-ulqinit\/#breadcrumb\"},\"inLanguage\":\"en-US\",\"potentialAction\":[{\"@type\":\"ReadAction\",\"target\":[\"https:\/\/www.visit-ulcinj.com\/blog\/2013\/07\/06\/u-helmuan-gjat-intervenimit-dy-zjarrfikes-te-ulqinit\/\"]}]},{\"@type\":\"BreadcrumbList\",\"@id\":\"https:\/\/www.visit-ulcinj.com\/blog\/2013\/07\/06\/u-helmuan-gjat-intervenimit-dy-zjarrfikes-te-ulqinit\/#breadcrumb\",\"itemListElement\":[{\"@type\":\"ListItem\",\"position\":1,\"name\":\"U helmuan gjat intervenimit dy zjarrfik\u00ebs t\u00eb Ulqinit\"}]},{\"@type\":\"Person\",\"@id\":\"https:\/\/www.visit-ulcinj.com\/blog\/#\/schema\/person\/dcab619c614d3038751c63bc2aadc06d\",\"name\":\"ulqini\",\"sameAs\":[\"http:\/\/www.visit-ulcinj.com\"],\"url\":\"https:\/\/www.visit-ulcinj.com\/blog\/author\/admin\/\"}]}<\/script>\n<!-- \/ Yoast SEO plugin. -->","yoast_head_json":{"title":"U helmuan gjat intervenimit dy zjarrfik\u00ebs t\u00eb Ulqinit - Lajme nga Ulqini","description":"Gjat\u00eb intervenimit t\u00eb Sh\u00ebrbimit t\u00eb Mbrojtjes dhe Shp\u00ebtimit n\u00eb lokalitetin e Kru\u00e7it dje duke shp\u00ebtuar dy puntor\u00eb nga Serbia q\u00eb ishin duke pastruar nj\u00eb","robots":{"index":"index","follow":"follow","max-snippet":"max-snippet:-1","max-image-preview":"max-image-preview:large","max-video-preview":"max-video-preview:-1"},"canonical":"https:\/\/www.visit-ulcinj.com\/blog\/2013\/07\/06\/u-helmuan-gjat-intervenimit-dy-zjarrfikes-te-ulqinit\/","og_locale":"en_US","og_type":"article","og_title":"U helmuan gjat intervenimit dy zjarrfik\u00ebs t\u00eb Ulqinit - Lajme nga Ulqini","og_description":"Gjat\u00eb intervenimit t\u00eb Sh\u00ebrbimit t\u00eb Mbrojtjes dhe Shp\u00ebtimit n\u00eb lokalitetin e Kru\u00e7it dje duke shp\u00ebtuar dy puntor\u00eb nga Serbia q\u00eb ishin duke pastruar nj\u00eb","og_url":"https:\/\/www.visit-ulcinj.com\/blog\/2013\/07\/06\/u-helmuan-gjat-intervenimit-dy-zjarrfikes-te-ulqinit\/","og_site_name":"Lajme nga Ulqini","article_published_time":"2013-07-06T06:26:13+00:00","article_modified_time":"2013-07-08T06:24:27+00:00","twitter_misc":{"Written by":"ulqini","Est. reading time":"1 minute"},"schema":{"@context":"https:\/\/schema.org","@graph":[{"@type":"WebSite","@id":"https:\/\/www.visit-ulcinj.com\/blog\/#website","url":"https:\/\/www.visit-ulcinj.com\/blog\/","name":"Lajme nga Ulqini","description":"Lajme,Vijesti,Ulqini,Ulqin,Crna Gora,Mali i Zi","potentialAction":[{"@type":"SearchAction","target":{"@type":"EntryPoint","urlTemplate":"https:\/\/www.visit-ulcinj.com\/blog\/?s={search_term_string}"},"query-input":"required name=search_term_string"}],"inLanguage":"en-US"},{"@type":"WebPage","@id":"https:\/\/www.visit-ulcinj.com\/blog\/2013\/07\/06\/u-helmuan-gjat-intervenimit-dy-zjarrfikes-te-ulqinit\/#webpage","url":"https:\/\/www.visit-ulcinj.com\/blog\/2013\/07\/06\/u-helmuan-gjat-intervenimit-dy-zjarrfikes-te-ulqinit\/","name":"U helmuan gjat intervenimit dy zjarrfik\u00ebs t\u00eb Ulqinit - Lajme nga Ulqini","isPartOf":{"@id":"https:\/\/www.visit-ulcinj.com\/blog\/#website"},"datePublished":"2013-07-06T06:26:13+00:00","dateModified":"2013-07-08T06:24:27+00:00","author":{"@id":"https:\/\/www.visit-ulcinj.com\/blog\/#\/schema\/person\/dcab619c614d3038751c63bc2aadc06d"},"description":"Gjat\u00eb intervenimit t\u00eb Sh\u00ebrbimit t\u00eb Mbrojtjes dhe Shp\u00ebtimit n\u00eb lokalitetin e Kru\u00e7it dje duke shp\u00ebtuar dy puntor\u00eb nga Serbia q\u00eb ishin duke pastruar nj\u00eb","breadcrumb":{"@id":"https:\/\/www.visit-ulcinj.com\/blog\/2013\/07\/06\/u-helmuan-gjat-intervenimit-dy-zjarrfikes-te-ulqinit\/#breadcrumb"},"inLanguage":"en-US","potentialAction":[{"@type":"ReadAction","target":["https:\/\/www.visit-ulcinj.com\/blog\/2013\/07\/06\/u-helmuan-gjat-intervenimit-dy-zjarrfikes-te-ulqinit\/"]}]},{"@type":"BreadcrumbList","@id":"https:\/\/www.visit-ulcinj.com\/blog\/2013\/07\/06\/u-helmuan-gjat-intervenimit-dy-zjarrfikes-te-ulqinit\/#breadcrumb","itemListElement":[{"@type":"ListItem","position":1,"name":"U helmuan gjat intervenimit dy zjarrfik\u00ebs t\u00eb Ulqinit"}]},{"@type":"Person","@id":"https:\/\/www.visit-ulcinj.com\/blog\/#\/schema\/person\/dcab619c614d3038751c63bc2aadc06d","name":"ulqini","sameAs":["http:\/\/www.visit-ulcinj.com"],"url":"https:\/\/www.visit-ulcinj.com\/blog\/author\/admin\/"}]}},"jetpack_featured_media_url":"","jetpack_sharing_enabled":true,"jetpack_shortlink":"https:\/\/wp.me\/pe6lTn-iYR","_links":{"self":[{"href":"https:\/\/www.visit-ulcinj.com\/blog\/wp-json\/wp\/v2\/posts\/72965"}],"collection":[{"href":"https:\/\/www.visit-ulcinj.com\/blog\/wp-json\/wp\/v2\/posts"}],"about":[{"href":"https:\/\/www.visit-ulcinj.com\/blog\/wp-json\/wp\/v2\/types\/post"}],"author":[{"embeddable":true,"href":"https:\/\/www.visit-ulcinj.com\/blog\/wp-json\/wp\/v2\/users\/1"}],"replies":[{"embeddable":true,"href":"https:\/\/www.visit-ulcinj.com\/blog\/wp-json\/wp\/v2\/comments?post=72965"}],"version-history":[{"count":6,"href":"https:\/\/www.visit-ulcinj.com\/blog\/wp-json\/wp\/v2\/posts\/72965\/revisions"}],"predecessor-version":[{"id":73046,"href":"https:\/\/www.visit-ulcinj.com\/blog\/wp-json\/wp\/v2\/posts\/72965\/revisions\/73046"}],"wp:attachment":[{"href":"https:\/\/www.visit-ulcinj.com\/blog\/wp-json\/wp\/v2\/media?parent=72965"}],"wp:term":[{"taxonomy":"category","embeddable":true,"href":"https:\/\/www.visit-ulcinj.com\/blog\/wp-json\/wp\/v2\/categories?post=72965"},{"taxonomy":"post_tag","embeddable":true,"href":"https:\/\/www.visit-ulcinj.com\/blog\/wp-json\/wp\/v2\/tags?post=72965"}],"curies":[{"name":"wp","href":"https:\/\/api.w.org\/{rel}","templated":true}]}}