{"id":72985,"date":"2013-07-07T16:47:02","date_gmt":"2013-07-07T15:47:02","guid":{"rendered":"http:\/\/www.visit-ulcinj.com\/blog\/?p=72985"},"modified":"2013-07-07T16:47:02","modified_gmt":"2013-07-07T15:47:02","slug":"snp-ulcinj-u-opstini-ulcinj-uveden-stecaj","status":"publish","type":"post","link":"https:\/\/www.visit-ulcinj.com\/blog\/2013\/07\/07\/snp-ulcinj-u-opstini-ulcinj-uveden-stecaj\/","title":{"rendered":"SNP Ulcinj: U Op\u0161tini Ulcinj uveden ste\u010daj"},"content":{"rendered":"<p><a href=\"http:\/\/www.visit-ulcinj.com\/blog\/wp-content\/uploads\/2013\/07\/Opstina-Ulcinj_Komuna-e-Ulqinit_.jpg\"><img loading=\"lazy\" class=\"alignleft  wp-image-72986\" alt=\"Opstina-Ulcinj_Komuna-e-Ulqinit_\" src=\"http:\/\/www.visit-ulcinj.com\/blog\/wp-content\/uploads\/2013\/07\/Opstina-Ulcinj_Komuna-e-Ulqinit_.jpg\" width=\"508\" height=\"360\" \/><\/a>U Op\u0161tini Ulcinj je uveden ste\u010daj. Predsjednik Op\u0161tine Nazif Cungu je 11. juna ove godine, sa Vladom Crne Gore potpisao Sanacioni plan za ovu Op\u0161tinu, koji podrazumijeva zna\u010dajna otpu\u0161tanja zaposlenih u lokalnoj upravi i njenim javnim preduze\u0107ima.Po nekim informacijama, broj zaposlenih koje treba otpustiti kre\u0107e se iznad 150 ljudi, a Sanacionim planom se predvi\u0111a i zna\u010dajno smanjenje plata onima koji uspiju da sa\u010duvaju svoja radna mjesta. U Op\u0161tini Ulcinj, prosje\u010dna zarada je najmanja na nivou dr\u017eave, pa je izvjesno da i oni koji budu imali sre\u0107e da ostanu na poslu, od svojih zarada ne\u0107e mo\u0107i da sastave kraj s krajem.<\/p>\n<p>Poslije najavljene \u201csje\u010de\u201d radnih mjesta, na koju je Predsjednik Op\u0161tine pristao potpisuju\u0107i Sanacioni plan, do\u0161lo je do eskalacije netrpeljivosti izmedju koalicionih partnera na vlasti. Oni koji su do ju\u010de govorili da je do\u0161lo njihovo vrijeme \u201ccarevanja\u201d po\u010deli su da shvataju, dodu\u0161e sporo, iako ih je SNP, u kontinuitetu dobronamjerno upozoravala, da je \u201ccar go\u201d i da je to posledica njihovog, i ne samo njihovog, neodgovornog, nestru\u010dnog, neozbiljnog i nedoma\u0107inskog rada svih ovih proteklih godina.<\/p>\n<p>OO SNP Ulcinj isti\u010de da se nakon takvog pona\u0161anja lokalne vlasti, do\u0161lo u poziciju da najprosperitetniji grad u Crnoj Gori jedva pre\u017eivljava. Svih ovih godina je samo jedan broj ljudi dobro prolazio, i \u201ckr\u010dmio\u201d ono \u0161to im, po ni\u010demu ne bi pripadalo, u iole pravnim dr\u017eavama. Sada \u0107e te njihove \u201d nesta\u0161luke\u201d, sva je prilika, morati da plate svi gradjani Ulcinja.<\/p>\n<p>Dodu\u0161e, ni gradjani nijesu bez makar dijela svoje odgovornosti, jer su svih ovih godina, iako u nedemokratskim uslovima, ipak oni birali lokalnu vlast. OO SNP Ulcinj podsje\u0107a da je najve\u0107a odgovornost \u0161to su pristajali da u kontinuitetu budu izmanipulisani od jednog te istog profila ljudi. No, odgovornost je jedno, a krivica mnogo vi\u0161e od toga. Sada oni \u010dija je krivica neupitna, i u svakom demokratskom sistemu lako dokaziva, umjesto da se na\u0111u u redu u kojem se utvrdjuje odgovornost, poku\u0161avaju da izbore \u0161to bolju poziciju za mjesto ste\u010dajnog upravnika. I sva je prilika da \u0107e ga birati oni koji su na\u0161u Op\u0161tinu doveli u ste\u010daj, a takvih svakako ima i na dr\u017eavnom i na lokalnom nivou. Jedno im se mora priznati, hrabro nema \u0161to! Ili je kod nekih do punog izra\u017eaja do\u0161ao gusarski gen.<\/p>\n<p>Op\u0161tinski odbor SNP Ulcinj, upozorava da je uglavnom svaki postupak ste\u010daja, na\u017ealost, u prethodnih nekoliko decenija po pravilu zavr\u0161avao likvidacijom (privatizacijom u kojoj povla\u0161\u0107eni pojedinci ostvaruju ogromnu dobit na \u0161tetu onih koji su vi\u0161edecenijskim radom sve to stvarali).<\/p>\n<p>Sada\u0161nji pregovori oko \u201dpodjele plijena\u201d i dogovori na nivou pija\u010dnih pogodbi, neminovno vode u tom pravcu. Zato OO SNP Ulcinj predla\u017ee, da se raspi\u0161u vanredni lokalni izbori i na taj na\u010din omogu\u0107i gradjanima da na neposrednim izborima odlu\u010de ko \u0107e u Ulcinju sprovesti ste\u010daj.<\/p>\n<p>Vjerujemo da \u0107e gradjani o ovom pitanju dobro razmisliti. OO SNP ULcinj smatra da bi vanredni lokalni izbori bili pravi pravi put da Op\u0161tina Ulcinj I njeni gra\u0111ani, izadju iz sveukupno te\u0161ke situacije.<\/p>\n<p>OO SNP upozorava da ako se ovaj problem ne prevazi\u0111e prije, a sigurni smo da gra\u0111ani Ulcinja za to imaju i potencijala i kapaciteta, mo\u017ee se prouzrokovati \u0161tetu \u010dije \u0107e posledice oni osje\u0107ati u narednom periodu.<\/p>\n<p><strong>Izvor: SNP CG<\/strong><\/p>\n","protected":false},"excerpt":{"rendered":"<p>U Op\u0161tini Ulcinj je uveden ste\u010daj. Predsjednik Op\u0161tine Nazif Cungu je 11. juna ove godine, sa Vladom Crne Gore potpisao Sanacioni plan za ovu Op\u0161tinu, koji podrazumijeva zna\u010dajna otpu\u0161tanja zaposlenih u lokalnoj upravi i njenim javnim preduze\u0107ima.Po nekim informacijama, broj zaposlenih koje treba otpustiti kre\u0107e se iznad 150 ljudi, a Sanacionim planom se predvi\u0111a i [&hellip;]<\/p>\n","protected":false},"author":1,"featured_media":0,"comment_status":"closed","ping_status":"closed","sticky":false,"template":"","format":"standard","meta":{"spay_email":"","jetpack_publicize_message":"","jetpack_is_tweetstorm":false,"jetpack_publicize_feature_enabled":true},"categories":[8337],"tags":[],"jetpack_publicize_connections":[],"yoast_head":"<!-- This site is optimized with the Yoast SEO plugin v19.1 - https:\/\/yoast.com\/wordpress\/plugins\/seo\/ -->\n<title>SNP Ulcinj: U Op\u0161tini Ulcinj uveden ste\u010daj - Lajme nga Ulqini<\/title>\n<meta name=\"description\" content=\"U Op\u0161tini Ulcinj je uveden ste\u010daj. Predsjednik Op\u0161tine Nazif Cungu je 11. juna ove godine, sa Vladom Crne Gore potpisao Sanacioni plan za ovu Op\u0161tinu,\" \/>\n<meta name=\"robots\" content=\"index, follow, max-snippet:-1, max-image-preview:large, max-video-preview:-1\" \/>\n<link rel=\"canonical\" href=\"https:\/\/www.visit-ulcinj.com\/blog\/2013\/07\/07\/snp-ulcinj-u-opstini-ulcinj-uveden-stecaj\/\" \/>\n<meta property=\"og:locale\" content=\"en_US\" \/>\n<meta property=\"og:type\" content=\"article\" \/>\n<meta property=\"og:title\" content=\"SNP Ulcinj: U Op\u0161tini Ulcinj uveden ste\u010daj - Lajme nga Ulqini\" \/>\n<meta property=\"og:description\" content=\"U Op\u0161tini Ulcinj je uveden ste\u010daj. Predsjednik Op\u0161tine Nazif Cungu je 11. juna ove godine, sa Vladom Crne Gore potpisao Sanacioni plan za ovu Op\u0161tinu,\" \/>\n<meta property=\"og:url\" content=\"https:\/\/www.visit-ulcinj.com\/blog\/2013\/07\/07\/snp-ulcinj-u-opstini-ulcinj-uveden-stecaj\/\" \/>\n<meta property=\"og:site_name\" content=\"Lajme nga Ulqini\" \/>\n<meta property=\"article:published_time\" content=\"2013-07-07T15:47:02+00:00\" \/>\n<meta property=\"og:image\" content=\"http:\/\/www.visit-ulcinj.com\/blog\/wp-content\/uploads\/2013\/07\/Opstina-Ulcinj_Komuna-e-Ulqinit_.jpg\" \/>\n<meta name=\"twitter:label1\" content=\"Written by\" \/>\n\t<meta name=\"twitter:data1\" content=\"ulqini\" \/>\n\t<meta name=\"twitter:label2\" content=\"Est. reading time\" \/>\n\t<meta name=\"twitter:data2\" content=\"3 minutes\" \/>\n<script type=\"application\/ld+json\" class=\"yoast-schema-graph\">{\"@context\":\"https:\/\/schema.org\",\"@graph\":[{\"@type\":\"WebSite\",\"@id\":\"https:\/\/www.visit-ulcinj.com\/blog\/#website\",\"url\":\"https:\/\/www.visit-ulcinj.com\/blog\/\",\"name\":\"Lajme nga Ulqini\",\"description\":\"Lajme,Vijesti,Ulqini,Ulqin,Crna Gora,Mali i Zi\",\"potentialAction\":[{\"@type\":\"SearchAction\",\"target\":{\"@type\":\"EntryPoint\",\"urlTemplate\":\"https:\/\/www.visit-ulcinj.com\/blog\/?s={search_term_string}\"},\"query-input\":\"required name=search_term_string\"}],\"inLanguage\":\"en-US\"},{\"@type\":\"ImageObject\",\"inLanguage\":\"en-US\",\"@id\":\"https:\/\/www.visit-ulcinj.com\/blog\/2013\/07\/07\/snp-ulcinj-u-opstini-ulcinj-uveden-stecaj\/#primaryimage\",\"url\":\"https:\/\/www.visit-ulcinj.com\/blog\/wp-content\/uploads\/2013\/07\/Opstina-Ulcinj_Komuna-e-Ulqinit_.jpg\",\"contentUrl\":\"https:\/\/www.visit-ulcinj.com\/blog\/wp-content\/uploads\/2013\/07\/Opstina-Ulcinj_Komuna-e-Ulqinit_.jpg\",\"width\":1000,\"height\":750},{\"@type\":\"WebPage\",\"@id\":\"https:\/\/www.visit-ulcinj.com\/blog\/2013\/07\/07\/snp-ulcinj-u-opstini-ulcinj-uveden-stecaj\/#webpage\",\"url\":\"https:\/\/www.visit-ulcinj.com\/blog\/2013\/07\/07\/snp-ulcinj-u-opstini-ulcinj-uveden-stecaj\/\",\"name\":\"SNP Ulcinj: U Op\u0161tini Ulcinj uveden ste\u010daj - Lajme nga Ulqini\",\"isPartOf\":{\"@id\":\"https:\/\/www.visit-ulcinj.com\/blog\/#website\"},\"primaryImageOfPage\":{\"@id\":\"https:\/\/www.visit-ulcinj.com\/blog\/2013\/07\/07\/snp-ulcinj-u-opstini-ulcinj-uveden-stecaj\/#primaryimage\"},\"datePublished\":\"2013-07-07T15:47:02+00:00\",\"dateModified\":\"2013-07-07T15:47:02+00:00\",\"author\":{\"@id\":\"https:\/\/www.visit-ulcinj.com\/blog\/#\/schema\/person\/dcab619c614d3038751c63bc2aadc06d\"},\"description\":\"U Op\u0161tini Ulcinj je uveden ste\u010daj. Predsjednik Op\u0161tine Nazif Cungu je 11. juna ove godine, sa Vladom Crne Gore potpisao Sanacioni plan za ovu Op\u0161tinu,\",\"breadcrumb\":{\"@id\":\"https:\/\/www.visit-ulcinj.com\/blog\/2013\/07\/07\/snp-ulcinj-u-opstini-ulcinj-uveden-stecaj\/#breadcrumb\"},\"inLanguage\":\"en-US\",\"potentialAction\":[{\"@type\":\"ReadAction\",\"target\":[\"https:\/\/www.visit-ulcinj.com\/blog\/2013\/07\/07\/snp-ulcinj-u-opstini-ulcinj-uveden-stecaj\/\"]}]},{\"@type\":\"BreadcrumbList\",\"@id\":\"https:\/\/www.visit-ulcinj.com\/blog\/2013\/07\/07\/snp-ulcinj-u-opstini-ulcinj-uveden-stecaj\/#breadcrumb\",\"itemListElement\":[{\"@type\":\"ListItem\",\"position\":1,\"name\":\"SNP Ulcinj: U Op\u0161tini Ulcinj uveden ste\u010daj\"}]},{\"@type\":\"Person\",\"@id\":\"https:\/\/www.visit-ulcinj.com\/blog\/#\/schema\/person\/dcab619c614d3038751c63bc2aadc06d\",\"name\":\"ulqini\",\"sameAs\":[\"http:\/\/www.visit-ulcinj.com\"],\"url\":\"https:\/\/www.visit-ulcinj.com\/blog\/author\/admin\/\"}]}<\/script>\n<!-- \/ Yoast SEO plugin. -->","yoast_head_json":{"title":"SNP Ulcinj: U Op\u0161tini Ulcinj uveden ste\u010daj - Lajme nga Ulqini","description":"U Op\u0161tini Ulcinj je uveden ste\u010daj. Predsjednik Op\u0161tine Nazif Cungu je 11. juna ove godine, sa Vladom Crne Gore potpisao Sanacioni plan za ovu Op\u0161tinu,","robots":{"index":"index","follow":"follow","max-snippet":"max-snippet:-1","max-image-preview":"max-image-preview:large","max-video-preview":"max-video-preview:-1"},"canonical":"https:\/\/www.visit-ulcinj.com\/blog\/2013\/07\/07\/snp-ulcinj-u-opstini-ulcinj-uveden-stecaj\/","og_locale":"en_US","og_type":"article","og_title":"SNP Ulcinj: U Op\u0161tini Ulcinj uveden ste\u010daj - Lajme nga Ulqini","og_description":"U Op\u0161tini Ulcinj je uveden ste\u010daj. Predsjednik Op\u0161tine Nazif Cungu je 11. juna ove godine, sa Vladom Crne Gore potpisao Sanacioni plan za ovu Op\u0161tinu,","og_url":"https:\/\/www.visit-ulcinj.com\/blog\/2013\/07\/07\/snp-ulcinj-u-opstini-ulcinj-uveden-stecaj\/","og_site_name":"Lajme nga Ulqini","article_published_time":"2013-07-07T15:47:02+00:00","og_image":[{"url":"http:\/\/www.visit-ulcinj.com\/blog\/wp-content\/uploads\/2013\/07\/Opstina-Ulcinj_Komuna-e-Ulqinit_.jpg"}],"twitter_misc":{"Written by":"ulqini","Est. reading time":"3 minutes"},"schema":{"@context":"https:\/\/schema.org","@graph":[{"@type":"WebSite","@id":"https:\/\/www.visit-ulcinj.com\/blog\/#website","url":"https:\/\/www.visit-ulcinj.com\/blog\/","name":"Lajme nga Ulqini","description":"Lajme,Vijesti,Ulqini,Ulqin,Crna Gora,Mali i Zi","potentialAction":[{"@type":"SearchAction","target":{"@type":"EntryPoint","urlTemplate":"https:\/\/www.visit-ulcinj.com\/blog\/?s={search_term_string}"},"query-input":"required name=search_term_string"}],"inLanguage":"en-US"},{"@type":"ImageObject","inLanguage":"en-US","@id":"https:\/\/www.visit-ulcinj.com\/blog\/2013\/07\/07\/snp-ulcinj-u-opstini-ulcinj-uveden-stecaj\/#primaryimage","url":"https:\/\/www.visit-ulcinj.com\/blog\/wp-content\/uploads\/2013\/07\/Opstina-Ulcinj_Komuna-e-Ulqinit_.jpg","contentUrl":"https:\/\/www.visit-ulcinj.com\/blog\/wp-content\/uploads\/2013\/07\/Opstina-Ulcinj_Komuna-e-Ulqinit_.jpg","width":1000,"height":750},{"@type":"WebPage","@id":"https:\/\/www.visit-ulcinj.com\/blog\/2013\/07\/07\/snp-ulcinj-u-opstini-ulcinj-uveden-stecaj\/#webpage","url":"https:\/\/www.visit-ulcinj.com\/blog\/2013\/07\/07\/snp-ulcinj-u-opstini-ulcinj-uveden-stecaj\/","name":"SNP Ulcinj: U Op\u0161tini Ulcinj uveden ste\u010daj - Lajme nga Ulqini","isPartOf":{"@id":"https:\/\/www.visit-ulcinj.com\/blog\/#website"},"primaryImageOfPage":{"@id":"https:\/\/www.visit-ulcinj.com\/blog\/2013\/07\/07\/snp-ulcinj-u-opstini-ulcinj-uveden-stecaj\/#primaryimage"},"datePublished":"2013-07-07T15:47:02+00:00","dateModified":"2013-07-07T15:47:02+00:00","author":{"@id":"https:\/\/www.visit-ulcinj.com\/blog\/#\/schema\/person\/dcab619c614d3038751c63bc2aadc06d"},"description":"U Op\u0161tini Ulcinj je uveden ste\u010daj. Predsjednik Op\u0161tine Nazif Cungu je 11. juna ove godine, sa Vladom Crne Gore potpisao Sanacioni plan za ovu Op\u0161tinu,","breadcrumb":{"@id":"https:\/\/www.visit-ulcinj.com\/blog\/2013\/07\/07\/snp-ulcinj-u-opstini-ulcinj-uveden-stecaj\/#breadcrumb"},"inLanguage":"en-US","potentialAction":[{"@type":"ReadAction","target":["https:\/\/www.visit-ulcinj.com\/blog\/2013\/07\/07\/snp-ulcinj-u-opstini-ulcinj-uveden-stecaj\/"]}]},{"@type":"BreadcrumbList","@id":"https:\/\/www.visit-ulcinj.com\/blog\/2013\/07\/07\/snp-ulcinj-u-opstini-ulcinj-uveden-stecaj\/#breadcrumb","itemListElement":[{"@type":"ListItem","position":1,"name":"SNP Ulcinj: U Op\u0161tini Ulcinj uveden ste\u010daj"}]},{"@type":"Person","@id":"https:\/\/www.visit-ulcinj.com\/blog\/#\/schema\/person\/dcab619c614d3038751c63bc2aadc06d","name":"ulqini","sameAs":["http:\/\/www.visit-ulcinj.com"],"url":"https:\/\/www.visit-ulcinj.com\/blog\/author\/admin\/"}]}},"jetpack_featured_media_url":"","jetpack_sharing_enabled":true,"jetpack_shortlink":"https:\/\/wp.me\/pe6lTn-iZb","_links":{"self":[{"href":"https:\/\/www.visit-ulcinj.com\/blog\/wp-json\/wp\/v2\/posts\/72985"}],"collection":[{"href":"https:\/\/www.visit-ulcinj.com\/blog\/wp-json\/wp\/v2\/posts"}],"about":[{"href":"https:\/\/www.visit-ulcinj.com\/blog\/wp-json\/wp\/v2\/types\/post"}],"author":[{"embeddable":true,"href":"https:\/\/www.visit-ulcinj.com\/blog\/wp-json\/wp\/v2\/users\/1"}],"replies":[{"embeddable":true,"href":"https:\/\/www.visit-ulcinj.com\/blog\/wp-json\/wp\/v2\/comments?post=72985"}],"version-history":[{"count":1,"href":"https:\/\/www.visit-ulcinj.com\/blog\/wp-json\/wp\/v2\/posts\/72985\/revisions"}],"predecessor-version":[{"id":72987,"href":"https:\/\/www.visit-ulcinj.com\/blog\/wp-json\/wp\/v2\/posts\/72985\/revisions\/72987"}],"wp:attachment":[{"href":"https:\/\/www.visit-ulcinj.com\/blog\/wp-json\/wp\/v2\/media?parent=72985"}],"wp:term":[{"taxonomy":"category","embeddable":true,"href":"https:\/\/www.visit-ulcinj.com\/blog\/wp-json\/wp\/v2\/categories?post=72985"},{"taxonomy":"post_tag","embeddable":true,"href":"https:\/\/www.visit-ulcinj.com\/blog\/wp-json\/wp\/v2\/tags?post=72985"}],"curies":[{"name":"wp","href":"https:\/\/api.w.org\/{rel}","templated":true}]}}