{"id":73035,"date":"2013-07-08T07:11:22","date_gmt":"2013-07-08T06:11:22","guid":{"rendered":"http:\/\/www.visit-ulcinj.com\/blog\/?p=73035"},"modified":"2013-07-08T16:37:40","modified_gmt":"2013-07-08T15:37:40","slug":"ramazani-fillon-me-9-korrik-2013","status":"publish","type":"post","link":"https:\/\/www.visit-ulcinj.com\/blog\/2013\/07\/08\/ramazani-fillon-me-9-korrik-2013\/","title":{"rendered":"Ramazani fillon me 9 korrik 2013"},"content":{"rendered":"<p><a href=\"http:\/\/www.visit-ulcinj.com\/blog\/wp-content\/uploads\/2013\/07\/Ramazani-fillon-me-9-korrik-2013-ulqin.jpg\"><img loading=\"lazy\" class=\"alignleft  wp-image-73036\" alt=\"Ramazani fillon me 9 korrik 2013-ulqin\" src=\"http:\/\/www.visit-ulcinj.com\/blog\/wp-content\/uploads\/2013\/07\/Ramazani-fillon-me-9-korrik-2013-ulqin.jpg\" width=\"508\" height=\"360\" \/><\/a>Kryesia e Bashk\u00ebsis\u00eb Islame t\u00eb Ulqinit njofton besimtar\u00ebt dhe gjith\u00eb opinionin e gjer\u00eb se muaji i madh\u00ebruar i Ramazanit fillon dit\u00ebn e marte m\u00eb 9 korrik 2013.<br \/>\nMe rastin e fillimit t\u00eb muajit t\u00eb madh\u00ebruar t\u00eb Ramazanit, Kryesia e\u00a0Bashk\u00ebsis islame te Ulqinit p\u00ebrg\u00ebzon besimtar\u00ebt\u00a0 duke u \u201cd\u00ebshiruar agj\u00ebrim t\u00eb leht\u00eb, shtim t\u00eb ibadetit dhe solidaritet me nevojtar\u00ebt\u201d.<\/p>\n<p>Me fat Muaji i madh\u00ebruar i Ramazanit, agj\u00ebrim t\u00eb leht\u00eb!<\/p>\n<div id=\"attachment_73041\" style=\"width: 518px\" class=\"wp-caption alignleft\"><a href=\"http:\/\/www.visit-ulcinj.com\/blog\/wp-content\/uploads\/2013\/07\/Vaktia-e-Ramazanit.jpg\"><img aria-describedby=\"caption-attachment-73041\" loading=\"lazy\" class=\" wp-image-73041\" alt=\"Vaktia e Ramazanit\" src=\"http:\/\/www.visit-ulcinj.com\/blog\/wp-content\/uploads\/2013\/07\/Vaktia-e-Ramazanit.jpg\" width=\"508\" height=\"610\" \/><\/a><p id=\"caption-attachment-73041\" class=\"wp-caption-text\">Zmadho Fleten<\/p><\/div>\n<p>&nbsp;<\/p>\n<p>&nbsp;<\/p>\n","protected":false},"excerpt":{"rendered":"<p>Kryesia e Bashk\u00ebsis\u00eb Islame t\u00eb Ulqinit njofton besimtar\u00ebt dhe gjith\u00eb opinionin e gjer\u00eb se muaji i madh\u00ebruar i Ramazanit fillon dit\u00ebn e marte m\u00eb 9 korrik 2013. Me rastin e fillimit t\u00eb muajit t\u00eb madh\u00ebruar t\u00eb Ramazanit, Kryesia e\u00a0Bashk\u00ebsis islame te Ulqinit p\u00ebrg\u00ebzon besimtar\u00ebt\u00a0 duke u \u201cd\u00ebshiruar agj\u00ebrim t\u00eb leht\u00eb, shtim t\u00eb ibadetit dhe solidaritet [&hellip;]<\/p>\n","protected":false},"author":1,"featured_media":0,"comment_status":"closed","ping_status":"closed","sticky":false,"template":"","format":"standard","meta":{"spay_email":"","jetpack_publicize_message":"","jetpack_is_tweetstorm":false,"jetpack_publicize_feature_enabled":true},"categories":[1,6950],"tags":[],"jetpack_publicize_connections":[],"yoast_head":"<!-- This site is optimized with the Yoast SEO plugin v19.1 - https:\/\/yoast.com\/wordpress\/plugins\/seo\/ -->\n<title>Ramazani fillon me 9 korrik 2013 - Lajme nga Ulqini<\/title>\n<meta name=\"description\" content=\"Kryesia e Bashk\u00ebsis\u00eb Islame t\u00eb Ulqinit njofton besimtar\u00ebt dhe gjith\u00eb opinionin e gjer\u00eb se muaji i madh\u00ebruar i Ramazanit fillon dit\u00ebn e marte m\u00eb 9 korrik\" \/>\n<meta name=\"robots\" content=\"index, follow, max-snippet:-1, max-image-preview:large, max-video-preview:-1\" \/>\n<link rel=\"canonical\" href=\"https:\/\/www.visit-ulcinj.com\/blog\/2013\/07\/08\/ramazani-fillon-me-9-korrik-2013\/\" \/>\n<meta property=\"og:locale\" content=\"en_US\" \/>\n<meta property=\"og:type\" content=\"article\" \/>\n<meta property=\"og:title\" content=\"Ramazani fillon me 9 korrik 2013 - Lajme nga Ulqini\" \/>\n<meta property=\"og:description\" content=\"Kryesia e Bashk\u00ebsis\u00eb Islame t\u00eb Ulqinit njofton besimtar\u00ebt dhe gjith\u00eb opinionin e gjer\u00eb se muaji i madh\u00ebruar i Ramazanit fillon dit\u00ebn e marte m\u00eb 9 korrik\" \/>\n<meta property=\"og:url\" content=\"https:\/\/www.visit-ulcinj.com\/blog\/2013\/07\/08\/ramazani-fillon-me-9-korrik-2013\/\" \/>\n<meta property=\"og:site_name\" content=\"Lajme nga Ulqini\" \/>\n<meta property=\"article:published_time\" content=\"2013-07-08T06:11:22+00:00\" \/>\n<meta property=\"article:modified_time\" content=\"2013-07-08T15:37:40+00:00\" \/>\n<meta property=\"og:image\" content=\"http:\/\/www.visit-ulcinj.com\/blog\/wp-content\/uploads\/2013\/07\/Ramazani-fillon-me-9-korrik-2013-ulqin.jpg\" \/>\n<meta name=\"twitter:label1\" content=\"Written by\" \/>\n\t<meta name=\"twitter:data1\" content=\"ulqini\" \/>\n<script type=\"application\/ld+json\" class=\"yoast-schema-graph\">{\"@context\":\"https:\/\/schema.org\",\"@graph\":[{\"@type\":\"WebSite\",\"@id\":\"https:\/\/www.visit-ulcinj.com\/blog\/#website\",\"url\":\"https:\/\/www.visit-ulcinj.com\/blog\/\",\"name\":\"Lajme nga Ulqini\",\"description\":\"Lajme,Vijesti,Ulqini,Ulqin,Crna Gora,Mali i Zi\",\"potentialAction\":[{\"@type\":\"SearchAction\",\"target\":{\"@type\":\"EntryPoint\",\"urlTemplate\":\"https:\/\/www.visit-ulcinj.com\/blog\/?s={search_term_string}\"},\"query-input\":\"required name=search_term_string\"}],\"inLanguage\":\"en-US\"},{\"@type\":\"ImageObject\",\"inLanguage\":\"en-US\",\"@id\":\"https:\/\/www.visit-ulcinj.com\/blog\/2013\/07\/08\/ramazani-fillon-me-9-korrik-2013\/#primaryimage\",\"url\":\"https:\/\/www.visit-ulcinj.com\/blog\/wp-content\/uploads\/2013\/07\/Ramazani-fillon-me-9-korrik-2013-ulqin.jpg\",\"contentUrl\":\"https:\/\/www.visit-ulcinj.com\/blog\/wp-content\/uploads\/2013\/07\/Ramazani-fillon-me-9-korrik-2013-ulqin.jpg\",\"width\":720,\"height\":479},{\"@type\":\"WebPage\",\"@id\":\"https:\/\/www.visit-ulcinj.com\/blog\/2013\/07\/08\/ramazani-fillon-me-9-korrik-2013\/#webpage\",\"url\":\"https:\/\/www.visit-ulcinj.com\/blog\/2013\/07\/08\/ramazani-fillon-me-9-korrik-2013\/\",\"name\":\"Ramazani fillon me 9 korrik 2013 - Lajme nga Ulqini\",\"isPartOf\":{\"@id\":\"https:\/\/www.visit-ulcinj.com\/blog\/#website\"},\"primaryImageOfPage\":{\"@id\":\"https:\/\/www.visit-ulcinj.com\/blog\/2013\/07\/08\/ramazani-fillon-me-9-korrik-2013\/#primaryimage\"},\"datePublished\":\"2013-07-08T06:11:22+00:00\",\"dateModified\":\"2013-07-08T15:37:40+00:00\",\"author\":{\"@id\":\"https:\/\/www.visit-ulcinj.com\/blog\/#\/schema\/person\/dcab619c614d3038751c63bc2aadc06d\"},\"description\":\"Kryesia e Bashk\u00ebsis\u00eb Islame t\u00eb Ulqinit njofton besimtar\u00ebt dhe gjith\u00eb opinionin e gjer\u00eb se muaji i madh\u00ebruar i Ramazanit fillon dit\u00ebn e marte m\u00eb 9 korrik\",\"breadcrumb\":{\"@id\":\"https:\/\/www.visit-ulcinj.com\/blog\/2013\/07\/08\/ramazani-fillon-me-9-korrik-2013\/#breadcrumb\"},\"inLanguage\":\"en-US\",\"potentialAction\":[{\"@type\":\"ReadAction\",\"target\":[\"https:\/\/www.visit-ulcinj.com\/blog\/2013\/07\/08\/ramazani-fillon-me-9-korrik-2013\/\"]}]},{\"@type\":\"BreadcrumbList\",\"@id\":\"https:\/\/www.visit-ulcinj.com\/blog\/2013\/07\/08\/ramazani-fillon-me-9-korrik-2013\/#breadcrumb\",\"itemListElement\":[{\"@type\":\"ListItem\",\"position\":1,\"name\":\"Ramazani fillon me 9 korrik 2013\"}]},{\"@type\":\"Person\",\"@id\":\"https:\/\/www.visit-ulcinj.com\/blog\/#\/schema\/person\/dcab619c614d3038751c63bc2aadc06d\",\"name\":\"ulqini\",\"sameAs\":[\"http:\/\/www.visit-ulcinj.com\"],\"url\":\"https:\/\/www.visit-ulcinj.com\/blog\/author\/admin\/\"}]}<\/script>\n<!-- \/ Yoast SEO plugin. -->","yoast_head_json":{"title":"Ramazani fillon me 9 korrik 2013 - Lajme nga Ulqini","description":"Kryesia e Bashk\u00ebsis\u00eb Islame t\u00eb Ulqinit njofton besimtar\u00ebt dhe gjith\u00eb opinionin e gjer\u00eb se muaji i madh\u00ebruar i Ramazanit fillon dit\u00ebn e marte m\u00eb 9 korrik","robots":{"index":"index","follow":"follow","max-snippet":"max-snippet:-1","max-image-preview":"max-image-preview:large","max-video-preview":"max-video-preview:-1"},"canonical":"https:\/\/www.visit-ulcinj.com\/blog\/2013\/07\/08\/ramazani-fillon-me-9-korrik-2013\/","og_locale":"en_US","og_type":"article","og_title":"Ramazani fillon me 9 korrik 2013 - Lajme nga Ulqini","og_description":"Kryesia e Bashk\u00ebsis\u00eb Islame t\u00eb Ulqinit njofton besimtar\u00ebt dhe gjith\u00eb opinionin e gjer\u00eb se muaji i madh\u00ebruar i Ramazanit fillon dit\u00ebn e marte m\u00eb 9 korrik","og_url":"https:\/\/www.visit-ulcinj.com\/blog\/2013\/07\/08\/ramazani-fillon-me-9-korrik-2013\/","og_site_name":"Lajme nga Ulqini","article_published_time":"2013-07-08T06:11:22+00:00","article_modified_time":"2013-07-08T15:37:40+00:00","og_image":[{"url":"http:\/\/www.visit-ulcinj.com\/blog\/wp-content\/uploads\/2013\/07\/Ramazani-fillon-me-9-korrik-2013-ulqin.jpg"}],"twitter_misc":{"Written by":"ulqini"},"schema":{"@context":"https:\/\/schema.org","@graph":[{"@type":"WebSite","@id":"https:\/\/www.visit-ulcinj.com\/blog\/#website","url":"https:\/\/www.visit-ulcinj.com\/blog\/","name":"Lajme nga Ulqini","description":"Lajme,Vijesti,Ulqini,Ulqin,Crna Gora,Mali i Zi","potentialAction":[{"@type":"SearchAction","target":{"@type":"EntryPoint","urlTemplate":"https:\/\/www.visit-ulcinj.com\/blog\/?s={search_term_string}"},"query-input":"required name=search_term_string"}],"inLanguage":"en-US"},{"@type":"ImageObject","inLanguage":"en-US","@id":"https:\/\/www.visit-ulcinj.com\/blog\/2013\/07\/08\/ramazani-fillon-me-9-korrik-2013\/#primaryimage","url":"https:\/\/www.visit-ulcinj.com\/blog\/wp-content\/uploads\/2013\/07\/Ramazani-fillon-me-9-korrik-2013-ulqin.jpg","contentUrl":"https:\/\/www.visit-ulcinj.com\/blog\/wp-content\/uploads\/2013\/07\/Ramazani-fillon-me-9-korrik-2013-ulqin.jpg","width":720,"height":479},{"@type":"WebPage","@id":"https:\/\/www.visit-ulcinj.com\/blog\/2013\/07\/08\/ramazani-fillon-me-9-korrik-2013\/#webpage","url":"https:\/\/www.visit-ulcinj.com\/blog\/2013\/07\/08\/ramazani-fillon-me-9-korrik-2013\/","name":"Ramazani fillon me 9 korrik 2013 - Lajme nga Ulqini","isPartOf":{"@id":"https:\/\/www.visit-ulcinj.com\/blog\/#website"},"primaryImageOfPage":{"@id":"https:\/\/www.visit-ulcinj.com\/blog\/2013\/07\/08\/ramazani-fillon-me-9-korrik-2013\/#primaryimage"},"datePublished":"2013-07-08T06:11:22+00:00","dateModified":"2013-07-08T15:37:40+00:00","author":{"@id":"https:\/\/www.visit-ulcinj.com\/blog\/#\/schema\/person\/dcab619c614d3038751c63bc2aadc06d"},"description":"Kryesia e Bashk\u00ebsis\u00eb Islame t\u00eb Ulqinit njofton besimtar\u00ebt dhe gjith\u00eb opinionin e gjer\u00eb se muaji i madh\u00ebruar i Ramazanit fillon dit\u00ebn e marte m\u00eb 9 korrik","breadcrumb":{"@id":"https:\/\/www.visit-ulcinj.com\/blog\/2013\/07\/08\/ramazani-fillon-me-9-korrik-2013\/#breadcrumb"},"inLanguage":"en-US","potentialAction":[{"@type":"ReadAction","target":["https:\/\/www.visit-ulcinj.com\/blog\/2013\/07\/08\/ramazani-fillon-me-9-korrik-2013\/"]}]},{"@type":"BreadcrumbList","@id":"https:\/\/www.visit-ulcinj.com\/blog\/2013\/07\/08\/ramazani-fillon-me-9-korrik-2013\/#breadcrumb","itemListElement":[{"@type":"ListItem","position":1,"name":"Ramazani fillon me 9 korrik 2013"}]},{"@type":"Person","@id":"https:\/\/www.visit-ulcinj.com\/blog\/#\/schema\/person\/dcab619c614d3038751c63bc2aadc06d","name":"ulqini","sameAs":["http:\/\/www.visit-ulcinj.com"],"url":"https:\/\/www.visit-ulcinj.com\/blog\/author\/admin\/"}]}},"jetpack_featured_media_url":"","jetpack_sharing_enabled":true,"jetpack_shortlink":"https:\/\/wp.me\/pe6lTn-iZZ","_links":{"self":[{"href":"https:\/\/www.visit-ulcinj.com\/blog\/wp-json\/wp\/v2\/posts\/73035"}],"collection":[{"href":"https:\/\/www.visit-ulcinj.com\/blog\/wp-json\/wp\/v2\/posts"}],"about":[{"href":"https:\/\/www.visit-ulcinj.com\/blog\/wp-json\/wp\/v2\/types\/post"}],"author":[{"embeddable":true,"href":"https:\/\/www.visit-ulcinj.com\/blog\/wp-json\/wp\/v2\/users\/1"}],"replies":[{"embeddable":true,"href":"https:\/\/www.visit-ulcinj.com\/blog\/wp-json\/wp\/v2\/comments?post=73035"}],"version-history":[{"count":9,"href":"https:\/\/www.visit-ulcinj.com\/blog\/wp-json\/wp\/v2\/posts\/73035\/revisions"}],"predecessor-version":[{"id":73079,"href":"https:\/\/www.visit-ulcinj.com\/blog\/wp-json\/wp\/v2\/posts\/73035\/revisions\/73079"}],"wp:attachment":[{"href":"https:\/\/www.visit-ulcinj.com\/blog\/wp-json\/wp\/v2\/media?parent=73035"}],"wp:term":[{"taxonomy":"category","embeddable":true,"href":"https:\/\/www.visit-ulcinj.com\/blog\/wp-json\/wp\/v2\/categories?post=73035"},{"taxonomy":"post_tag","embeddable":true,"href":"https:\/\/www.visit-ulcinj.com\/blog\/wp-json\/wp\/v2\/tags?post=73035"}],"curies":[{"name":"wp","href":"https:\/\/api.w.org\/{rel}","templated":true}]}}