{"id":73075,"date":"2013-07-08T15:43:16","date_gmt":"2013-07-08T14:43:16","guid":{"rendered":"http:\/\/www.visit-ulcinj.com\/blog\/?p=73075"},"modified":"2013-07-08T15:43:46","modified_gmt":"2013-07-08T14:43:46","slug":"marubi-project-shkodra-ulqini-konkurs-fotografie","status":"publish","type":"post","link":"https:\/\/www.visit-ulcinj.com\/blog\/2013\/07\/08\/marubi-project-shkodra-ulqini-konkurs-fotografie\/","title":{"rendered":"Marubi project Shkodra Ulqini &#8211; Konkurs fotografie"},"content":{"rendered":"<p><a href=\"http:\/\/www.visit-ulcinj.com\/blog\/wp-content\/uploads\/2013\/07\/Konkurs-fotografie-Ulqin.jpg\"><img loading=\"lazy\" class=\"alignleft  wp-image-73076\" alt=\"Konkurs fotografie - Ulqin\" src=\"http:\/\/www.visit-ulcinj.com\/blog\/wp-content\/uploads\/2013\/07\/Konkurs-fotografie-Ulqin.jpg\" width=\"508\" height=\"380\" \/><\/a>Zyra p\u00ebr bashk\u00ebpunim nd\u00ebrkomb\u00ebtar dhe projeke \u2013 Komuna e Ulqinit, n\u00eb kuad\u00ebr t\u00eb projektit \u201cMarubi\u201d, \u2013 nj\u00eb model bashk\u00ebpunimi per promovimin e turizmit mes Shkodres dhe Ulqinit, finansuar nga Bashkimi Europian, shpall konkurs fotografie me tem\u00ebn:<br \/>\n\u201cThesaret e fshehura t\u00eb Ulqinit\u201d,<br \/>\nKu n\u00eb qend\u00ebr t\u00eb objektivit do t\u00eb jen\u00eb vendet apo caqet e Ulqinit t\u00eb cilat turist\u00ebt q\u00eb vizitojn\u00eb qytetin ton\u00eb nuk i v\u00ebrejn\u00eb n\u00eb shikim t\u00eb par\u00eb pasi q\u00eb arrijn\u00eb n\u00eb Ulqin. Q\u00ebllimi i konkursit t\u00eb fotografis\u00eb \u00ebsht\u00eb t\u00eb promovohen bukurit\u00eb e fshehta t\u00eb Ulqinit dhe q\u00eb n\u00ebp\u00ebrmjet t\u00eb k\u00ebtyre fotografive t\u00eb zgjohet kurreshtja e turist\u00ebve p\u00ebr eksplorimin e k\u00ebtyre thesareve t\u00eb fshehura q\u00eb ky qytet posedon.<br \/>\nVendet q\u00eb preferohen t\u00eb jen\u00eb t\u00eb synuara nga objektivi juaj jan\u00eb: kanjoni i Megjure\u00e7it, malet, sip\u00ebrfaqet rreth kripores s\u00eb Ulqinit, lumi Buna, ishulli i Ad\u00ebs, Shtoji, Plazhi i Madh, Valdanosi, ullishta, burimet e ujit, Shtegvasha, dhe caqe t\u00eb ngjashme. Vler\u00eb t\u00eb posa\u00e7me kan\u00eb zonat n\u00eb af\u00ebrsi t\u00eb brezit kufitar me Shqip\u00ebrin\u00eb.<br \/>\nT\u00eb gjith\u00eb dashamir\u00ebt e k\u00ebsaj lamie \u2013 profesional\u00eb apo amator\u00eb, i ftojm\u00eb q\u00eb t\u00eb dor\u00ebzojn\u00eb fotografit\u00eb q\u00eb posedojn\u00eb dhe t\u00eb cilat i p\u00ebrshtaten k\u00ebsaj teme.<br \/>\nFotografit\u00eb m\u00eb mbres\u00ebl\u00ebn\u00ebse do vendosen tek parku i vog\u00ebl n\u00eb shetitoren e Plazhit t\u00eb Vog\u00ebl, si dhe do p\u00ebrdoren si prapavij\u00eb p\u00ebr pozim brenda Galeris\u00eb s\u00eb Artit n\u00eb Muzeun e Ulqinit ku do ceket edhe emri i fotografit.<\/p>\n<p>Prandaj, ftojm\u00eb t\u00eb gjith\u00eb t\u00eb interesuarit q\u00eb mos t\u00eb hupin k\u00ebt\u00eb shans t\u00eb vetpromovimit, por edhe nj\u00ebkoh\u00ebsisht t\u00eb kontribuojn\u00eb n\u00eb promovimin turistik t\u00eb bukurive natyrore t\u00eb Ulqinit.<br \/>\nKushtet: Personi q\u00eb dor\u00ebzon fotografit\u00eb duhet t\u00eb garantoj\u00eb q\u00eb fotografit\u00eb e dor\u00ebzuara apo t\u00eb d\u00ebrguara n\u00eb e-mail nuk bien ndesh me t\u00eb drejtat e pron\u00ebsis\u00eb apo t\u00eb drejtat autoriale t\u00eb personit t\u00eb tret\u00eb.<br \/>\nKufizimet: \u00c7do konkurent mund t\u00eb dor\u00ebzoj\u00eb deri n\u00eb 10 fotografi.<br \/>\nUdh\u00ebzimet p\u00ebr aplikim:<br \/>\n&#8211; Fotografit\u00eb me t\u00eb cilat konkuroni, mund ti d\u00ebrgoni n\u00eb e-mail: qemal.hidrio@ul-gov.me , ku n\u00eb fush\u00ebn \u201csubject\u201d duhet ta shkruani tekstin: P\u00cbR KONKURS: Thesaret e fshehura t\u00eb Ulqinit, kopjoni tekstin m\u00eb posht\u00eb me titull \u201cAplikim p\u00ebr konkurs\u201d dhe vendosni n\u00eb e-mail t\u00eb plot\u00ebsuar me informatat e duhura.<br \/>\n&#8211; Gjithashtu fotografit\u00eb mund ti dor\u00ebzoni personalisht n\u00eb Zyr\u00ebn p\u00ebr bashk\u00ebpunim nd\u00ebrkomb\u00ebtar dhe projekte n\u00eb form\u00eb digjitale.<br \/>\n&#8211; Afati i fundit p\u00ebr dor\u00ebzimin e fotografive p\u00ebr konkurs \u00ebsht\u00eb 05.08.2013<\/p>\n<p>Aplikim p\u00ebr konkurs<\/p>\n<p>Data:<br \/>\n(t\u00eb ceket data e dor\u00ebzimit apo d\u00ebrgimit t\u00eb fotografive)<\/p>\n<p>Konkurenti:<br \/>\n(t\u00eb ceket emri dhe mbiemri i konkuruesit)<\/p>\n<p>E-mail adresa:<br \/>\n(t\u00eb ceket e-mail adresa e konkuruesit)<\/p>\n<p>Numri celular apo fiks p\u00ebr kontakt:<br \/>\n(t\u00eb ceket kontakt telefoni i konkuruesit)<\/p>\n<p>Po lajm\u00ebrohem n\u00eb konkursin fotografik me tem\u00ebn \u201cThesaret e fshehura t\u00eb Ulqinit\u201d ku si konkurues dor\u00ebzoj: fotografi (t\u00eb ceket numri i fotografive)<br \/>\nDrejtuar: Komuna e Ulqinit<br \/>\nZyra p\u00ebr bashk\u00ebpunim nd\u00ebrkomb\u00ebtar dhe projekte<br \/>\nProjekti \u201cMarubi\u201d<br \/>\n&#8211; Si konkurues garantoj se fotografit\u00eb e dor\u00ebzuara jan\u00eb prona ime dhe se nuk bijn\u00eb ndesh me t\u00eb drejtat e pron\u00ebsis\u00eb apo t\u00eb drejtat autoriale t\u00eb personit t\u00eb tret\u00eb.<\/p>\n<p>&nbsp;<\/p>\n<p>Qemal Hidrio<\/p>\n<p>Researcher \u2013 Marubi Project<\/p>\n<p>Office for International Cooperation and Projects<\/p>\n<p>Municipality of Ulcinj\/Ulqin<\/p>\n<p>Montenegro<\/p>\n<p>Phone:\u00a0 <a href=\"tel:%2B382%20%280%2930%20401%20804\" target=\"_blank\">+382 (0)30 401 804<\/a><\/p>\n<p>Mobile: <a href=\"tel:%2B382%20%280%2967%2031%2039%2083\" target=\"_blank\">+382 (0)67 31 39 83<\/a><\/p>\n<p>Fax:\u00a0\u00a0\u00a0\u00a0\u00a0\u00a0 <a href=\"tel:%2B382%20%280%2930%20401%20805\" target=\"_blank\">+382 (0)30 401 805<\/a><\/p>\n<p>Mail:\u00a0\u00a0\u00a0\u00a0\u00a0 <a href=\"mailto:qemal.hidrio@ul-gov.me\" target=\"_blank\">qemal.hidrio@ul-gov.me<\/a><\/p>\n","protected":false},"excerpt":{"rendered":"<p>Zyra p\u00ebr bashk\u00ebpunim nd\u00ebrkomb\u00ebtar dhe projeke \u2013 Komuna e Ulqinit, n\u00eb kuad\u00ebr t\u00eb projektit \u201cMarubi\u201d, \u2013 nj\u00eb model bashk\u00ebpunimi per promovimin e turizmit mes Shkodres dhe Ulqinit, finansuar nga Bashkimi Europian, shpall konkurs fotografie me tem\u00ebn: \u201cThesaret e fshehura t\u00eb Ulqinit\u201d, Ku n\u00eb qend\u00ebr t\u00eb objektivit do t\u00eb jen\u00eb vendet apo caqet e Ulqinit t\u00eb [&hellip;]<\/p>\n","protected":false},"author":1,"featured_media":0,"comment_status":"closed","ping_status":"closed","sticky":false,"template":"","format":"standard","meta":{"spay_email":"","jetpack_publicize_message":"","jetpack_is_tweetstorm":false,"jetpack_publicize_feature_enabled":true},"categories":[14249],"tags":[],"jetpack_publicize_connections":[],"yoast_head":"<!-- This site is optimized with the Yoast SEO plugin v19.1 - https:\/\/yoast.com\/wordpress\/plugins\/seo\/ -->\n<title>Marubi project Shkodra Ulqini - Konkurs fotografie - Lajme nga Ulqini<\/title>\n<meta name=\"description\" content=\"Zyra p\u00ebr bashk\u00ebpunim nd\u00ebrkomb\u00ebtar dhe projeke \u2013 Komuna e Ulqinit, n\u00eb kuad\u00ebr t\u00eb projektit \u201cMarubi\u201d, \u2013 nj\u00eb model bashk\u00ebpunimi per promovimin e turizmit mes\" \/>\n<meta name=\"robots\" content=\"index, follow, max-snippet:-1, max-image-preview:large, max-video-preview:-1\" \/>\n<link rel=\"canonical\" href=\"https:\/\/www.visit-ulcinj.com\/blog\/2013\/07\/08\/marubi-project-shkodra-ulqini-konkurs-fotografie\/\" \/>\n<meta property=\"og:locale\" content=\"en_US\" \/>\n<meta property=\"og:type\" content=\"article\" \/>\n<meta property=\"og:title\" content=\"Marubi project Shkodra Ulqini - Konkurs fotografie - Lajme nga Ulqini\" \/>\n<meta property=\"og:description\" content=\"Zyra p\u00ebr bashk\u00ebpunim nd\u00ebrkomb\u00ebtar dhe projeke \u2013 Komuna e Ulqinit, n\u00eb kuad\u00ebr t\u00eb projektit \u201cMarubi\u201d, \u2013 nj\u00eb model bashk\u00ebpunimi per promovimin e turizmit mes\" \/>\n<meta property=\"og:url\" content=\"https:\/\/www.visit-ulcinj.com\/blog\/2013\/07\/08\/marubi-project-shkodra-ulqini-konkurs-fotografie\/\" \/>\n<meta property=\"og:site_name\" content=\"Lajme nga Ulqini\" \/>\n<meta property=\"article:published_time\" content=\"2013-07-08T14:43:16+00:00\" \/>\n<meta property=\"article:modified_time\" content=\"2013-07-08T14:43:46+00:00\" \/>\n<meta property=\"og:image\" content=\"http:\/\/www.visit-ulcinj.com\/blog\/wp-content\/uploads\/2013\/07\/Konkurs-fotografie-Ulqin.jpg\" \/>\n<meta name=\"twitter:label1\" content=\"Written by\" \/>\n\t<meta name=\"twitter:data1\" content=\"ulqini\" \/>\n\t<meta name=\"twitter:label2\" content=\"Est. reading time\" \/>\n\t<meta name=\"twitter:data2\" content=\"3 minutes\" \/>\n<script type=\"application\/ld+json\" class=\"yoast-schema-graph\">{\"@context\":\"https:\/\/schema.org\",\"@graph\":[{\"@type\":\"WebSite\",\"@id\":\"https:\/\/www.visit-ulcinj.com\/blog\/#website\",\"url\":\"https:\/\/www.visit-ulcinj.com\/blog\/\",\"name\":\"Lajme nga Ulqini\",\"description\":\"Lajme,Vijesti,Ulqini,Ulqin,Crna Gora,Mali i Zi\",\"potentialAction\":[{\"@type\":\"SearchAction\",\"target\":{\"@type\":\"EntryPoint\",\"urlTemplate\":\"https:\/\/www.visit-ulcinj.com\/blog\/?s={search_term_string}\"},\"query-input\":\"required name=search_term_string\"}],\"inLanguage\":\"en-US\"},{\"@type\":\"ImageObject\",\"inLanguage\":\"en-US\",\"@id\":\"https:\/\/www.visit-ulcinj.com\/blog\/2013\/07\/08\/marubi-project-shkodra-ulqini-konkurs-fotografie\/#primaryimage\",\"url\":\"https:\/\/www.visit-ulcinj.com\/blog\/wp-content\/uploads\/2013\/07\/Konkurs-fotografie-Ulqin.jpg\",\"contentUrl\":\"https:\/\/www.visit-ulcinj.com\/blog\/wp-content\/uploads\/2013\/07\/Konkurs-fotografie-Ulqin.jpg\",\"width\":720,\"height\":561},{\"@type\":\"WebPage\",\"@id\":\"https:\/\/www.visit-ulcinj.com\/blog\/2013\/07\/08\/marubi-project-shkodra-ulqini-konkurs-fotografie\/#webpage\",\"url\":\"https:\/\/www.visit-ulcinj.com\/blog\/2013\/07\/08\/marubi-project-shkodra-ulqini-konkurs-fotografie\/\",\"name\":\"Marubi project Shkodra Ulqini - Konkurs fotografie - Lajme nga Ulqini\",\"isPartOf\":{\"@id\":\"https:\/\/www.visit-ulcinj.com\/blog\/#website\"},\"primaryImageOfPage\":{\"@id\":\"https:\/\/www.visit-ulcinj.com\/blog\/2013\/07\/08\/marubi-project-shkodra-ulqini-konkurs-fotografie\/#primaryimage\"},\"datePublished\":\"2013-07-08T14:43:16+00:00\",\"dateModified\":\"2013-07-08T14:43:46+00:00\",\"author\":{\"@id\":\"https:\/\/www.visit-ulcinj.com\/blog\/#\/schema\/person\/dcab619c614d3038751c63bc2aadc06d\"},\"description\":\"Zyra p\u00ebr bashk\u00ebpunim nd\u00ebrkomb\u00ebtar dhe projeke \u2013 Komuna e Ulqinit, n\u00eb kuad\u00ebr t\u00eb projektit \u201cMarubi\u201d, \u2013 nj\u00eb model bashk\u00ebpunimi per promovimin e turizmit mes\",\"breadcrumb\":{\"@id\":\"https:\/\/www.visit-ulcinj.com\/blog\/2013\/07\/08\/marubi-project-shkodra-ulqini-konkurs-fotografie\/#breadcrumb\"},\"inLanguage\":\"en-US\",\"potentialAction\":[{\"@type\":\"ReadAction\",\"target\":[\"https:\/\/www.visit-ulcinj.com\/blog\/2013\/07\/08\/marubi-project-shkodra-ulqini-konkurs-fotografie\/\"]}]},{\"@type\":\"BreadcrumbList\",\"@id\":\"https:\/\/www.visit-ulcinj.com\/blog\/2013\/07\/08\/marubi-project-shkodra-ulqini-konkurs-fotografie\/#breadcrumb\",\"itemListElement\":[{\"@type\":\"ListItem\",\"position\":1,\"name\":\"Marubi project Shkodra Ulqini &#8211; Konkurs fotografie\"}]},{\"@type\":\"Person\",\"@id\":\"https:\/\/www.visit-ulcinj.com\/blog\/#\/schema\/person\/dcab619c614d3038751c63bc2aadc06d\",\"name\":\"ulqini\",\"sameAs\":[\"http:\/\/www.visit-ulcinj.com\"],\"url\":\"https:\/\/www.visit-ulcinj.com\/blog\/author\/admin\/\"}]}<\/script>\n<!-- \/ Yoast SEO plugin. -->","yoast_head_json":{"title":"Marubi project Shkodra Ulqini - Konkurs fotografie - Lajme nga Ulqini","description":"Zyra p\u00ebr bashk\u00ebpunim nd\u00ebrkomb\u00ebtar dhe projeke \u2013 Komuna e Ulqinit, n\u00eb kuad\u00ebr t\u00eb projektit \u201cMarubi\u201d, \u2013 nj\u00eb model bashk\u00ebpunimi per promovimin e turizmit mes","robots":{"index":"index","follow":"follow","max-snippet":"max-snippet:-1","max-image-preview":"max-image-preview:large","max-video-preview":"max-video-preview:-1"},"canonical":"https:\/\/www.visit-ulcinj.com\/blog\/2013\/07\/08\/marubi-project-shkodra-ulqini-konkurs-fotografie\/","og_locale":"en_US","og_type":"article","og_title":"Marubi project Shkodra Ulqini - Konkurs fotografie - Lajme nga Ulqini","og_description":"Zyra p\u00ebr bashk\u00ebpunim nd\u00ebrkomb\u00ebtar dhe projeke \u2013 Komuna e Ulqinit, n\u00eb kuad\u00ebr t\u00eb projektit \u201cMarubi\u201d, \u2013 nj\u00eb model bashk\u00ebpunimi per promovimin e turizmit mes","og_url":"https:\/\/www.visit-ulcinj.com\/blog\/2013\/07\/08\/marubi-project-shkodra-ulqini-konkurs-fotografie\/","og_site_name":"Lajme nga Ulqini","article_published_time":"2013-07-08T14:43:16+00:00","article_modified_time":"2013-07-08T14:43:46+00:00","og_image":[{"url":"http:\/\/www.visit-ulcinj.com\/blog\/wp-content\/uploads\/2013\/07\/Konkurs-fotografie-Ulqin.jpg"}],"twitter_misc":{"Written by":"ulqini","Est. reading time":"3 minutes"},"schema":{"@context":"https:\/\/schema.org","@graph":[{"@type":"WebSite","@id":"https:\/\/www.visit-ulcinj.com\/blog\/#website","url":"https:\/\/www.visit-ulcinj.com\/blog\/","name":"Lajme nga Ulqini","description":"Lajme,Vijesti,Ulqini,Ulqin,Crna Gora,Mali i Zi","potentialAction":[{"@type":"SearchAction","target":{"@type":"EntryPoint","urlTemplate":"https:\/\/www.visit-ulcinj.com\/blog\/?s={search_term_string}"},"query-input":"required name=search_term_string"}],"inLanguage":"en-US"},{"@type":"ImageObject","inLanguage":"en-US","@id":"https:\/\/www.visit-ulcinj.com\/blog\/2013\/07\/08\/marubi-project-shkodra-ulqini-konkurs-fotografie\/#primaryimage","url":"https:\/\/www.visit-ulcinj.com\/blog\/wp-content\/uploads\/2013\/07\/Konkurs-fotografie-Ulqin.jpg","contentUrl":"https:\/\/www.visit-ulcinj.com\/blog\/wp-content\/uploads\/2013\/07\/Konkurs-fotografie-Ulqin.jpg","width":720,"height":561},{"@type":"WebPage","@id":"https:\/\/www.visit-ulcinj.com\/blog\/2013\/07\/08\/marubi-project-shkodra-ulqini-konkurs-fotografie\/#webpage","url":"https:\/\/www.visit-ulcinj.com\/blog\/2013\/07\/08\/marubi-project-shkodra-ulqini-konkurs-fotografie\/","name":"Marubi project Shkodra Ulqini - Konkurs fotografie - Lajme nga Ulqini","isPartOf":{"@id":"https:\/\/www.visit-ulcinj.com\/blog\/#website"},"primaryImageOfPage":{"@id":"https:\/\/www.visit-ulcinj.com\/blog\/2013\/07\/08\/marubi-project-shkodra-ulqini-konkurs-fotografie\/#primaryimage"},"datePublished":"2013-07-08T14:43:16+00:00","dateModified":"2013-07-08T14:43:46+00:00","author":{"@id":"https:\/\/www.visit-ulcinj.com\/blog\/#\/schema\/person\/dcab619c614d3038751c63bc2aadc06d"},"description":"Zyra p\u00ebr bashk\u00ebpunim nd\u00ebrkomb\u00ebtar dhe projeke \u2013 Komuna e Ulqinit, n\u00eb kuad\u00ebr t\u00eb projektit \u201cMarubi\u201d, \u2013 nj\u00eb model bashk\u00ebpunimi per promovimin e turizmit mes","breadcrumb":{"@id":"https:\/\/www.visit-ulcinj.com\/blog\/2013\/07\/08\/marubi-project-shkodra-ulqini-konkurs-fotografie\/#breadcrumb"},"inLanguage":"en-US","potentialAction":[{"@type":"ReadAction","target":["https:\/\/www.visit-ulcinj.com\/blog\/2013\/07\/08\/marubi-project-shkodra-ulqini-konkurs-fotografie\/"]}]},{"@type":"BreadcrumbList","@id":"https:\/\/www.visit-ulcinj.com\/blog\/2013\/07\/08\/marubi-project-shkodra-ulqini-konkurs-fotografie\/#breadcrumb","itemListElement":[{"@type":"ListItem","position":1,"name":"Marubi project Shkodra Ulqini &#8211; Konkurs fotografie"}]},{"@type":"Person","@id":"https:\/\/www.visit-ulcinj.com\/blog\/#\/schema\/person\/dcab619c614d3038751c63bc2aadc06d","name":"ulqini","sameAs":["http:\/\/www.visit-ulcinj.com"],"url":"https:\/\/www.visit-ulcinj.com\/blog\/author\/admin\/"}]}},"jetpack_featured_media_url":"","jetpack_sharing_enabled":true,"jetpack_shortlink":"https:\/\/wp.me\/pe6lTn-j0D","_links":{"self":[{"href":"https:\/\/www.visit-ulcinj.com\/blog\/wp-json\/wp\/v2\/posts\/73075"}],"collection":[{"href":"https:\/\/www.visit-ulcinj.com\/blog\/wp-json\/wp\/v2\/posts"}],"about":[{"href":"https:\/\/www.visit-ulcinj.com\/blog\/wp-json\/wp\/v2\/types\/post"}],"author":[{"embeddable":true,"href":"https:\/\/www.visit-ulcinj.com\/blog\/wp-json\/wp\/v2\/users\/1"}],"replies":[{"embeddable":true,"href":"https:\/\/www.visit-ulcinj.com\/blog\/wp-json\/wp\/v2\/comments?post=73075"}],"version-history":[{"count":2,"href":"https:\/\/www.visit-ulcinj.com\/blog\/wp-json\/wp\/v2\/posts\/73075\/revisions"}],"predecessor-version":[{"id":73078,"href":"https:\/\/www.visit-ulcinj.com\/blog\/wp-json\/wp\/v2\/posts\/73075\/revisions\/73078"}],"wp:attachment":[{"href":"https:\/\/www.visit-ulcinj.com\/blog\/wp-json\/wp\/v2\/media?parent=73075"}],"wp:term":[{"taxonomy":"category","embeddable":true,"href":"https:\/\/www.visit-ulcinj.com\/blog\/wp-json\/wp\/v2\/categories?post=73075"},{"taxonomy":"post_tag","embeddable":true,"href":"https:\/\/www.visit-ulcinj.com\/blog\/wp-json\/wp\/v2\/tags?post=73075"}],"curies":[{"name":"wp","href":"https:\/\/api.w.org\/{rel}","templated":true}]}}